{"id":51668,"date":"2021-04-09T13:51:19","date_gmt":"2021-04-09T18:51:19","guid":{"rendered":"https:\/\/pagina10.com\/web\/?p=51668"},"modified":"2021-04-09T13:51:19","modified_gmt":"2021-04-09T18:51:19","slug":"esta-no-es-una-reforma-tributaria-viceministro-de-hacienda","status":"publish","type":"post","link":"https:\/\/pagina10.com\/web\/esta-no-es-una-reforma-tributaria-viceministro-de-hacienda\/","title":{"rendered":"&#8220;Esta no es una reforma tributaria&#8221;: Viceministro de Hacienda."},"content":{"rendered":"<p style=\"text-align: justify;\">El viceministro de Hacienda, Juan Alberto Londo\u00f1o, en el Foro Pro Bogot\u00e1 hizo \u00e9nfasis en el Proyecto de Solidaridad Sostenible. En el evento que se desarroll\u00f3 de manera virtual, Londo\u00f1o expuso los motivos de la reforma tributaria y del por qu\u00e9 el gobierno encuentra necesario este ajuste fiscal.<\/p>\n<p style=\"text-align: justify;\">El viceministro inici\u00f3 su intervenci\u00f3n enfatizando que el proyecto que hoy est\u00e1 en el centro del debate p\u00fablico nacional, no debe catalogarse como reforma tributaria y se\u00f1al\u00f3 \u201cque una reforma tributaria es poner impuestos para financiar gastos futuros y el gasto el gobierno ya lo hizo\u201d.<\/p>\n<p style=\"text-align: justify;\">Explic\u00f3 que la durante la pandemia el gobierno nacional tuvo que hacer un gasto excepcional, \u201cse pas\u00f3 de un presupuesto de inversi\u00f3n de 41 billones de pesos a un presupuesto de inversi\u00f3n de casi 58 billones de pesos porque est\u00e1bamos pensando en una reactivaci\u00f3n econ\u00f3mica\u201d, a causa de la necesidad que hab\u00eda de duplicar los programas sociales que ya exist\u00edan. A\u00f1adi\u00f3 que los recursos destinados a los programas sociales representan cerca de 11 billones de pesos anuales.<\/p>\n<p style=\"text-align: justify;\">Aclar\u00f3 que la situaci\u00f3n de vulnerabilidad en la que cayeron muchos colombianos no se va a solucionar cuando se termine el Covid- 19 sino que hace necesario seguir apoyando y asistiendo a estos hogares colombianos, para lo cual, el Estado debe tomar la decisi\u00f3n de seguir siendo solidario y seguir apoyando a las personas que m\u00e1s lo necesitan. \u201cSi no hacemos esta reforma social sostenible, lo que estamos dici\u00e9ndoles es a partir de junio los tres millones y medio e hogares que reciben Ingreso Solidario no lo van\u00a0 a recibir\u201d dijo en viceministro.<\/p>\n<p style=\"text-align: justify;\">Agreg\u00f3 que el haber tenido que atender la pandemia representa adem\u00e1s la existencia de un hueco fiscal de 100 billones de pesos, deuda que para ser saldada requiere de otros ingresos que est\u00e1n calculados entre 9 y 10 billones de pesos anuales.<\/p>\n<p style=\"text-align: justify;\">En este punto el viceministro se\u00f1al\u00f3: \u201cnosotros llegamos a las empresas a trav\u00e9s del PAEF, llegamos a la personas a trav\u00e9s del Ingreso Solidario, llegamos a las empresas a trav\u00e9s de los subsidios en tasa para los cr\u00e9ditos de los sectores m\u00e1s afectados, llegamos con la vacunaci\u00f3n, llegamos con la ampliaci\u00f3n de la capacidad de todo nuestro sistema hospitalario que hoy lo vemos ha respondido y si miramos y nos comparamos con el resto de Americe Latina y con muchos pa\u00edses del mundo nuestro sistema de salud ha respondido de la forma m\u00e1s eficiente y no hemos tenido un colapso en nuestro sistema de salud\u201d.<\/p>\n<p style=\"text-align: justify;\">Finalmente enfatiz\u00f3 en que el pa\u00eds no puede permitirse pagar un inter\u00e9s anual de 5 billones de pesos, si no se empieza a amortizar la deuda, y que tampoco se puede asfixiar a las empresas, \u201cno podemos asfixiar a todo este sector productivo que va ser el que nos da los ingresos futuros en el mediano y en el largo plazo para financiar todos nuestros programas sociales\u201d aclar\u00f3.<\/p>\n","protected":false},"excerpt":{"rendered":"<p>El viceministro de Hacienda, Juan Alberto Londo\u00f1o, en el Foro Pro Bogot\u00e1 hizo \u00e9nfasis en el Proyecto de Solidaridad Sostenible. En el evento que se desarroll\u00f3 de manera virtual, Londo\u00f1o expuso los motivos de la reforma tributaria y del por qu\u00e9 el gobierno encuentra necesario este ajuste fiscal. El viceministro inici\u00f3 su intervenci\u00f3n enfatizando que [&hellip;]<\/p>\n","protected":false},"author":1,"featured_media":51669,"comment_status":"open","ping_status":"open","sticky":false,"template":"","format":"standard","meta":{"footnotes":""},"categories":[13],"tags":[],"class_list":["post-51668","post","type-post","status-publish","format-standard","has-post-thumbnail","hentry","category-economia"],"yoast_head":"<!-- This site is optimized with the Yoast SEO plugin v27.1.1 - https:\/\/yoast.com\/product\/yoast-seo-wordpress\/ -->\n<title>&quot;Esta no es una reforma tributaria&quot;: Viceministro de Hacienda. | P\u00e1gina10<\/title>\n<meta name=\"robots\" content=\"index, follow, max-snippet:-1, max-image-preview:large, max-video-preview:-1\" \/>\n<link rel=\"canonical\" href=\"https:\/\/pagina10.com\/web\/esta-no-es-una-reforma-tributaria-viceministro-de-hacienda\/\" \/>\n<meta property=\"og:locale\" content=\"es_ES\" \/>\n<meta property=\"og:type\" content=\"article\" \/>\n<meta property=\"og:title\" content=\"&quot;Esta no es una reforma tributaria&quot;: Viceministro de Hacienda. | P\u00e1gina10\" \/>\n<meta property=\"og:description\" content=\"El viceministro de Hacienda, Juan Alberto Londo\u00f1o, en el Foro Pro Bogot\u00e1 hizo \u00e9nfasis en el Proyecto de Solidaridad Sostenible. En el evento que se desarroll\u00f3 de manera virtual, Londo\u00f1o expuso los motivos de la reforma tributaria y del por qu\u00e9 el gobierno encuentra necesario este ajuste fiscal. El viceministro inici\u00f3 su intervenci\u00f3n enfatizando que [&hellip;]\" \/>\n<meta property=\"og:url\" content=\"https:\/\/pagina10.com\/web\/esta-no-es-una-reforma-tributaria-viceministro-de-hacienda\/\" \/>\n<meta property=\"og:site_name\" content=\"P\u00e1gina10\" \/>\n<meta property=\"article:publisher\" content=\"https:\/\/www.facebook.com\/pag10com\" \/>\n<meta property=\"article:published_time\" content=\"2021-04-09T18:51:19+00:00\" \/>\n<meta property=\"og:image\" content=\"https:\/\/pagina10.com\/web\/wp-content\/uploads\/2021\/04\/Juan-Alberto-Londono.jpg\" \/>\n\t<meta property=\"og:image:width\" content=\"1280\" \/>\n\t<meta property=\"og:image:height\" content=\"720\" \/>\n\t<meta property=\"og:image:type\" content=\"image\/jpeg\" \/>\n<meta name=\"author\" content=\"P\u00e1gina 10\" \/>\n<meta name=\"twitter:card\" content=\"summary_large_image\" \/>\n<meta name=\"twitter:creator\" content=\"@Pag10com\" \/>\n<meta name=\"twitter:site\" content=\"@Pag10com\" \/>\n<meta name=\"twitter:label1\" content=\"Escrito por\" \/>\n\t<meta name=\"twitter:data1\" content=\"P\u00e1gina 10\" \/>\n\t<meta name=\"twitter:label2\" content=\"Tiempo de lectura\" \/>\n\t<meta name=\"twitter:data2\" content=\"3 minutos\" \/>\n<script type=\"application\/ld+json\" class=\"yoast-schema-graph\">{\"@context\":\"https:\/\/schema.org\",\"@graph\":[{\"@type\":\"Article\",\"@id\":\"https:\/\/pagina10.com\/web\/esta-no-es-una-reforma-tributaria-viceministro-de-hacienda\/#article\",\"isPartOf\":{\"@id\":\"https:\/\/pagina10.com\/web\/esta-no-es-una-reforma-tributaria-viceministro-de-hacienda\/\"},\"author\":{\"name\":\"P\u00e1gina 10\",\"@id\":\"https:\/\/pagina10.com\/web\/#\/schema\/person\/2efc4a090d25b667d3bc796798a3a81b\"},\"headline\":\"&#8220;Esta no es una reforma tributaria&#8221;: Viceministro de Hacienda.\",\"datePublished\":\"2021-04-09T18:51:19+00:00\",\"mainEntityOfPage\":{\"@id\":\"https:\/\/pagina10.com\/web\/esta-no-es-una-reforma-tributaria-viceministro-de-hacienda\/\"},\"wordCount\":511,\"commentCount\":0,\"publisher\":{\"@id\":\"https:\/\/pagina10.com\/web\/#organization\"},\"image\":{\"@id\":\"https:\/\/pagina10.com\/web\/esta-no-es-una-reforma-tributaria-viceministro-de-hacienda\/#primaryimage\"},\"thumbnailUrl\":\"https:\/\/pagina10.com\/web\/wp-content\/uploads\/2021\/04\/Juan-Alberto-Londono.jpg\",\"articleSection\":[\"Econom\u00eda\"],\"inLanguage\":\"es\",\"potentialAction\":[{\"@type\":\"CommentAction\",\"name\":\"Comment\",\"target\":[\"https:\/\/pagina10.com\/web\/esta-no-es-una-reforma-tributaria-viceministro-de-hacienda\/#respond\"]}]},{\"@type\":\"WebPage\",\"@id\":\"https:\/\/pagina10.com\/web\/esta-no-es-una-reforma-tributaria-viceministro-de-hacienda\/\",\"url\":\"https:\/\/pagina10.com\/web\/esta-no-es-una-reforma-tributaria-viceministro-de-hacienda\/\",\"name\":\"\\\"Esta no es una reforma tributaria\\\": Viceministro de Hacienda. | P\u00e1gina10\",\"isPartOf\":{\"@id\":\"https:\/\/pagina10.com\/web\/#website\"},\"primaryImageOfPage\":{\"@id\":\"https:\/\/pagina10.com\/web\/esta-no-es-una-reforma-tributaria-viceministro-de-hacienda\/#primaryimage\"},\"image\":{\"@id\":\"https:\/\/pagina10.com\/web\/esta-no-es-una-reforma-tributaria-viceministro-de-hacienda\/#primaryimage\"},\"thumbnailUrl\":\"https:\/\/pagina10.com\/web\/wp-content\/uploads\/2021\/04\/Juan-Alberto-Londono.jpg\",\"datePublished\":\"2021-04-09T18:51:19+00:00\",\"breadcrumb\":{\"@id\":\"https:\/\/pagina10.com\/web\/esta-no-es-una-reforma-tributaria-viceministro-de-hacienda\/#breadcrumb\"},\"inLanguage\":\"es\",\"potentialAction\":[{\"@type\":\"ReadAction\",\"target\":[\"https:\/\/pagina10.com\/web\/esta-no-es-una-reforma-tributaria-viceministro-de-hacienda\/\"]}]},{\"@type\":\"ImageObject\",\"inLanguage\":\"es\",\"@id\":\"https:\/\/pagina10.com\/web\/esta-no-es-una-reforma-tributaria-viceministro-de-hacienda\/#primaryimage\",\"url\":\"https:\/\/pagina10.com\/web\/wp-content\/uploads\/2021\/04\/Juan-Alberto-Londono.jpg\",\"contentUrl\":\"https:\/\/pagina10.com\/web\/wp-content\/uploads\/2021\/04\/Juan-Alberto-Londono.jpg\",\"width\":1280,\"height\":720},{\"@type\":\"BreadcrumbList\",\"@id\":\"https:\/\/pagina10.com\/web\/esta-no-es-una-reforma-tributaria-viceministro-de-hacienda\/#breadcrumb\",\"itemListElement\":[{\"@type\":\"ListItem\",\"position\":1,\"name\":\"Portada\",\"item\":\"https:\/\/pagina10.com\/web\/\"},{\"@type\":\"ListItem\",\"position\":2,\"name\":\"&#8220;Esta no es una reforma tributaria&#8221;: Viceministro de Hacienda.\"}]},{\"@type\":\"WebSite\",\"@id\":\"https:\/\/pagina10.com\/web\/#website\",\"url\":\"https:\/\/pagina10.com\/web\/\",\"name\":\"P\u00e1gina10\",\"description\":\"Peri\u00f3dico Regional\",\"publisher\":{\"@id\":\"https:\/\/pagina10.com\/web\/#organization\"},\"alternateName\":\"P\u00e1gina10 Peri\u00f3dico Regional\",\"potentialAction\":[{\"@type\":\"SearchAction\",\"target\":{\"@type\":\"EntryPoint\",\"urlTemplate\":\"https:\/\/pagina10.com\/web\/?s={search_term_string}\"},\"query-input\":{\"@type\":\"PropertyValueSpecification\",\"valueRequired\":true,\"valueName\":\"search_term_string\"}}],\"inLanguage\":\"es\"},{\"@type\":\"Organization\",\"@id\":\"https:\/\/pagina10.com\/web\/#organization\",\"name\":\"P\u00e1gina10\",\"alternateName\":\"P\u00e1gina10 Peri\u00f3dico Regional\",\"url\":\"https:\/\/pagina10.com\/web\/\",\"logo\":{\"@type\":\"ImageObject\",\"inLanguage\":\"es\",\"@id\":\"https:\/\/pagina10.com\/web\/#\/schema\/logo\/image\/\",\"url\":\"https:\/\/pagina10.com\/web\/wp-content\/uploads\/2024\/01\/40-pagina-10-periodico-regional-pasto.jpg\",\"contentUrl\":\"https:\/\/pagina10.com\/web\/wp-content\/uploads\/2024\/01\/40-pagina-10-periodico-regional-pasto.jpg\",\"width\":1280,\"height\":720,\"caption\":\"P\u00e1gina10\"},\"image\":{\"@id\":\"https:\/\/pagina10.com\/web\/#\/schema\/logo\/image\/\"},\"sameAs\":[\"https:\/\/www.facebook.com\/pag10com\",\"https:\/\/x.com\/Pag10com\",\"https:\/\/www.instagram.com\/pagina10col\/\",\"https:\/\/youtube.com\/channel\/pag10\",\"https:\/\/www.tiktok.com\/@p10col\"]},{\"@type\":\"Person\",\"@id\":\"https:\/\/pagina10.com\/web\/#\/schema\/person\/2efc4a090d25b667d3bc796798a3a81b\",\"name\":\"P\u00e1gina 10\",\"description\":\"P\u00e1gina 10 es un peri\u00f3dico regional que nace en Colombia, en el departamento de Nari\u00f1o, con un enfoque global, fundamentado en cuatro pilares esenciales: la libertad, el pluralismo, la inclusi\u00f3n y la independencia. P\u00e1gina 10 hace referencia a Nari\u00f1o como el d\u00e9cimo departamento creado en Colombia, despu\u00e9s de un proceso pol\u00edtico liderado por actores y actrices regionales con el fin de obtener la independencia y autonom\u00eda de nuestros territorios. Con la creaci\u00f3n de P\u00e1gina 10 se pretende abrir un escenario para el dialogo, la reflexi\u00f3n y el debate que se extienda a otras geograf\u00edas de Am\u00e9rica Latina y del planeta, en una apuesta por transformar colectivamente los desaf\u00edos de un mundo contempor\u00e1neo, m\u00e1s all\u00e1 de las fronteras impuestas.\",\"url\":\"https:\/\/pagina10.com\/web\/author\/pdiezadmin\/\"}]}<\/script>\n<!-- \/ Yoast SEO plugin. -->","yoast_head_json":{"title":"\"Esta no es una reforma tributaria\": Viceministro de Hacienda. | P\u00e1gina10","robots":{"index":"index","follow":"follow","max-snippet":"max-snippet:-1","max-image-preview":"max-image-preview:large","max-video-preview":"max-video-preview:-1"},"canonical":"https:\/\/pagina10.com\/web\/esta-no-es-una-reforma-tributaria-viceministro-de-hacienda\/","og_locale":"es_ES","og_type":"article","og_title":"\"Esta no es una reforma tributaria\": Viceministro de Hacienda. | P\u00e1gina10","og_description":"El viceministro de Hacienda, Juan Alberto Londo\u00f1o, en el Foro Pro Bogot\u00e1 hizo \u00e9nfasis en el Proyecto de Solidaridad Sostenible. En el evento que se desarroll\u00f3 de manera virtual, Londo\u00f1o expuso los motivos de la reforma tributaria y del por qu\u00e9 el gobierno encuentra necesario este ajuste fiscal. El viceministro inici\u00f3 su intervenci\u00f3n enfatizando que [&hellip;]","og_url":"https:\/\/pagina10.com\/web\/esta-no-es-una-reforma-tributaria-viceministro-de-hacienda\/","og_site_name":"P\u00e1gina10","article_publisher":"https:\/\/www.facebook.com\/pag10com","article_published_time":"2021-04-09T18:51:19+00:00","og_image":[{"width":1280,"height":720,"url":"https:\/\/pagina10.com\/web\/wp-content\/uploads\/2021\/04\/Juan-Alberto-Londono.jpg","type":"image\/jpeg"}],"author":"P\u00e1gina 10","twitter_card":"summary_large_image","twitter_creator":"@Pag10com","twitter_site":"@Pag10com","twitter_misc":{"Escrito por":"P\u00e1gina 10","Tiempo de lectura":"3 minutos"},"schema":{"@context":"https:\/\/schema.org","@graph":[{"@type":"Article","@id":"https:\/\/pagina10.com\/web\/esta-no-es-una-reforma-tributaria-viceministro-de-hacienda\/#article","isPartOf":{"@id":"https:\/\/pagina10.com\/web\/esta-no-es-una-reforma-tributaria-viceministro-de-hacienda\/"},"author":{"name":"P\u00e1gina 10","@id":"https:\/\/pagina10.com\/web\/#\/schema\/person\/2efc4a090d25b667d3bc796798a3a81b"},"headline":"&#8220;Esta no es una reforma tributaria&#8221;: Viceministro de Hacienda.","datePublished":"2021-04-09T18:51:19+00:00","mainEntityOfPage":{"@id":"https:\/\/pagina10.com\/web\/esta-no-es-una-reforma-tributaria-viceministro-de-hacienda\/"},"wordCount":511,"commentCount":0,"publisher":{"@id":"https:\/\/pagina10.com\/web\/#organization"},"image":{"@id":"https:\/\/pagina10.com\/web\/esta-no-es-una-reforma-tributaria-viceministro-de-hacienda\/#primaryimage"},"thumbnailUrl":"https:\/\/pagina10.com\/web\/wp-content\/uploads\/2021\/04\/Juan-Alberto-Londono.jpg","articleSection":["Econom\u00eda"],"inLanguage":"es","potentialAction":[{"@type":"CommentAction","name":"Comment","target":["https:\/\/pagina10.com\/web\/esta-no-es-una-reforma-tributaria-viceministro-de-hacienda\/#respond"]}]},{"@type":"WebPage","@id":"https:\/\/pagina10.com\/web\/esta-no-es-una-reforma-tributaria-viceministro-de-hacienda\/","url":"https:\/\/pagina10.com\/web\/esta-no-es-una-reforma-tributaria-viceministro-de-hacienda\/","name":"\"Esta no es una reforma tributaria\": Viceministro de Hacienda. | P\u00e1gina10","isPartOf":{"@id":"https:\/\/pagina10.com\/web\/#website"},"primaryImageOfPage":{"@id":"https:\/\/pagina10.com\/web\/esta-no-es-una-reforma-tributaria-viceministro-de-hacienda\/#primaryimage"},"image":{"@id":"https:\/\/pagina10.com\/web\/esta-no-es-una-reforma-tributaria-viceministro-de-hacienda\/#primaryimage"},"thumbnailUrl":"https:\/\/pagina10.com\/web\/wp-content\/uploads\/2021\/04\/Juan-Alberto-Londono.jpg","datePublished":"2021-04-09T18:51:19+00:00","breadcrumb":{"@id":"https:\/\/pagina10.com\/web\/esta-no-es-una-reforma-tributaria-viceministro-de-hacienda\/#breadcrumb"},"inLanguage":"es","potentialAction":[{"@type":"ReadAction","target":["https:\/\/pagina10.com\/web\/esta-no-es-una-reforma-tributaria-viceministro-de-hacienda\/"]}]},{"@type":"ImageObject","inLanguage":"es","@id":"https:\/\/pagina10.com\/web\/esta-no-es-una-reforma-tributaria-viceministro-de-hacienda\/#primaryimage","url":"https:\/\/pagina10.com\/web\/wp-content\/uploads\/2021\/04\/Juan-Alberto-Londono.jpg","contentUrl":"https:\/\/pagina10.com\/web\/wp-content\/uploads\/2021\/04\/Juan-Alberto-Londono.jpg","width":1280,"height":720},{"@type":"BreadcrumbList","@id":"https:\/\/pagina10.com\/web\/esta-no-es-una-reforma-tributaria-viceministro-de-hacienda\/#breadcrumb","itemListElement":[{"@type":"ListItem","position":1,"name":"Portada","item":"https:\/\/pagina10.com\/web\/"},{"@type":"ListItem","position":2,"name":"&#8220;Esta no es una reforma tributaria&#8221;: Viceministro de Hacienda."}]},{"@type":"WebSite","@id":"https:\/\/pagina10.com\/web\/#website","url":"https:\/\/pagina10.com\/web\/","name":"P\u00e1gina10","description":"Peri\u00f3dico Regional","publisher":{"@id":"https:\/\/pagina10.com\/web\/#organization"},"alternateName":"P\u00e1gina10 Peri\u00f3dico Regional","potentialAction":[{"@type":"SearchAction","target":{"@type":"EntryPoint","urlTemplate":"https:\/\/pagina10.com\/web\/?s={search_term_string}"},"query-input":{"@type":"PropertyValueSpecification","valueRequired":true,"valueName":"search_term_string"}}],"inLanguage":"es"},{"@type":"Organization","@id":"https:\/\/pagina10.com\/web\/#organization","name":"P\u00e1gina10","alternateName":"P\u00e1gina10 Peri\u00f3dico Regional","url":"https:\/\/pagina10.com\/web\/","logo":{"@type":"ImageObject","inLanguage":"es","@id":"https:\/\/pagina10.com\/web\/#\/schema\/logo\/image\/","url":"https:\/\/pagina10.com\/web\/wp-content\/uploads\/2024\/01\/40-pagina-10-periodico-regional-pasto.jpg","contentUrl":"https:\/\/pagina10.com\/web\/wp-content\/uploads\/2024\/01\/40-pagina-10-periodico-regional-pasto.jpg","width":1280,"height":720,"caption":"P\u00e1gina10"},"image":{"@id":"https:\/\/pagina10.com\/web\/#\/schema\/logo\/image\/"},"sameAs":["https:\/\/www.facebook.com\/pag10com","https:\/\/x.com\/Pag10com","https:\/\/www.instagram.com\/pagina10col\/","https:\/\/youtube.com\/channel\/pag10","https:\/\/www.tiktok.com\/@p10col"]},{"@type":"Person","@id":"https:\/\/pagina10.com\/web\/#\/schema\/person\/2efc4a090d25b667d3bc796798a3a81b","name":"P\u00e1gina 10","description":"P\u00e1gina 10 es un peri\u00f3dico regional que nace en Colombia, en el departamento de Nari\u00f1o, con un enfoque global, fundamentado en cuatro pilares esenciales: la libertad, el pluralismo, la inclusi\u00f3n y la independencia. P\u00e1gina 10 hace referencia a Nari\u00f1o como el d\u00e9cimo departamento creado en Colombia, despu\u00e9s de un proceso pol\u00edtico liderado por actores y actrices regionales con el fin de obtener la independencia y autonom\u00eda de nuestros territorios. Con la creaci\u00f3n de P\u00e1gina 10 se pretende abrir un escenario para el dialogo, la reflexi\u00f3n y el debate que se extienda a otras geograf\u00edas de Am\u00e9rica Latina y del planeta, en una apuesta por transformar colectivamente los desaf\u00edos de un mundo contempor\u00e1neo, m\u00e1s all\u00e1 de las fronteras impuestas.","url":"https:\/\/pagina10.com\/web\/author\/pdiezadmin\/"}]}},"_links":{"self":[{"href":"https:\/\/pagina10.com\/web\/wp-json\/wp\/v2\/posts\/51668","targetHints":{"allow":["GET"]}}],"collection":[{"href":"https:\/\/pagina10.com\/web\/wp-json\/wp\/v2\/posts"}],"about":[{"href":"https:\/\/pagina10.com\/web\/wp-json\/wp\/v2\/types\/post"}],"author":[{"embeddable":true,"href":"https:\/\/pagina10.com\/web\/wp-json\/wp\/v2\/users\/1"}],"replies":[{"embeddable":true,"href":"https:\/\/pagina10.com\/web\/wp-json\/wp\/v2\/comments?post=51668"}],"version-history":[{"count":1,"href":"https:\/\/pagina10.com\/web\/wp-json\/wp\/v2\/posts\/51668\/revisions"}],"predecessor-version":[{"id":51670,"href":"https:\/\/pagina10.com\/web\/wp-json\/wp\/v2\/posts\/51668\/revisions\/51670"}],"wp:featuredmedia":[{"embeddable":true,"href":"https:\/\/pagina10.com\/web\/wp-json\/wp\/v2\/media\/51669"}],"wp:attachment":[{"href":"https:\/\/pagina10.com\/web\/wp-json\/wp\/v2\/media?parent=51668"}],"wp:term":[{"taxonomy":"category","embeddable":true,"href":"https:\/\/pagina10.com\/web\/wp-json\/wp\/v2\/categories?post=51668"},{"taxonomy":"post_tag","embeddable":true,"href":"https:\/\/pagina10.com\/web\/wp-json\/wp\/v2\/tags?post=51668"}],"curies":[{"name":"wp","href":"https:\/\/api.w.org\/{rel}","templated":true}]}}