{"id":51682,"date":"2021-04-10T16:50:20","date_gmt":"2021-04-10T21:50:20","guid":{"rendered":"https:\/\/pagina10.com\/web\/?p=51682"},"modified":"2021-04-10T16:50:20","modified_gmt":"2021-04-10T21:50:20","slug":"fue-asesinado-el-lider-indigena-rafael-domico-en-dabeiba-antioquia","status":"publish","type":"post","link":"https:\/\/pagina10.com\/web\/fue-asesinado-el-lider-indigena-rafael-domico-en-dabeiba-antioquia\/","title":{"rendered":"Fue asesinado el l\u00edder ind\u00edgena, Rafael Domic\u00f3, en Dabeiba, Antioquia."},"content":{"rendered":"<p style=\"text-align: justify;\">El pasado 06 de abril fue asesinado el l\u00edder ind\u00edgena\u00a0del pueblo Embera Ey\u00e1bida, Rafael Domic\u00f3 Carupia. Seg\u00fan denunci\u00f3 la Organizaci\u00f3n Ind\u00edgena de Antioquia OIA, el l\u00edder ind\u00edgena de 63 a\u00f1os de edad, fue asesinado por hombres armados que le propinaron varios impactos con arma de fuego, el asesinato ocurrido alrededor de las cuatro de la ma\u00f1ana en la comunidad ind\u00edgena Amparrad\u00f3 Popalito del municipio de Dabeiba, mientras se encontraba en su casa en compa\u00f1\u00eda de su esposa e hijos.<\/p>\n<p style=\"text-align: justify;\">De acuerdo a la informaci\u00f3n suministrada por la OIA, la v\u00edctima se dedicaba al Jaibanismo y a la promoci\u00f3n musical tradicional del Pueblo Embera, por lo que era conocido como \u2018Cultura\u2019.<\/p>\n<p style=\"text-align: justify;\">El Consejo Mayor de la OIA logr\u00f3 establecer que Rafael Domic\u00f3 hab\u00eda recibido amenazas de muerte, pero a\u00fan no se hab\u00eda actuado con contundencia para determinar el origen y garantizar su seguridad.<\/p>\n<p style=\"text-align: justify;\">La organizaci\u00f3n ind\u00edgena por los hechos ocurridos hizo un llamado urgente a las Naciones Unidas, a la Defensor\u00eda del Pueblo, al Alto Comisionado para la Paz, al Gobierno Nacional y a las instituciones nacionales e internacionales defensoras de derechos humanos para que brinden un especial acompa\u00f1amiento a las comunidades de esta zona del departamento, \u201cdonde se ha venido registrando sistem\u00e1ticamente el recrudecimiento del conflicto armado tras la firma de los acuerdos de paz entre el Gobierno Nacional y las Farc\u201d subrayo la entidad.<\/p>\n","protected":false},"excerpt":{"rendered":"<p>El pasado 06 de abril fue asesinado el l\u00edder ind\u00edgena\u00a0del pueblo Embera Ey\u00e1bida, Rafael Domic\u00f3 Carupia. Seg\u00fan denunci\u00f3 la Organizaci\u00f3n Ind\u00edgena de Antioquia OIA, el l\u00edder ind\u00edgena de 63 a\u00f1os de edad, fue asesinado por hombres armados que le propinaron varios impactos con arma de fuego, el asesinato ocurrido alrededor de las cuatro de la [&hellip;]<\/p>\n","protected":false},"author":1,"featured_media":51683,"comment_status":"open","ping_status":"open","sticky":false,"template":"","format":"standard","meta":{"footnotes":""},"categories":[94],"tags":[],"class_list":["post-51682","post","type-post","status-publish","format-standard","has-post-thumbnail","hentry","category-nacional-global-2"],"yoast_head":"<!-- This site is optimized with the Yoast SEO plugin v27.1.1 - https:\/\/yoast.com\/product\/yoast-seo-wordpress\/ -->\n<title>Fue asesinado el l\u00edder ind\u00edgena, Rafael Domic\u00f3, en Dabeiba, Antioquia. | P\u00e1gina10<\/title>\n<meta name=\"robots\" content=\"index, follow, max-snippet:-1, max-image-preview:large, max-video-preview:-1\" \/>\n<link rel=\"canonical\" href=\"https:\/\/pagina10.com\/web\/fue-asesinado-el-lider-indigena-rafael-domico-en-dabeiba-antioquia\/\" \/>\n<meta property=\"og:locale\" content=\"es_ES\" \/>\n<meta property=\"og:type\" content=\"article\" \/>\n<meta property=\"og:title\" content=\"Fue asesinado el l\u00edder ind\u00edgena, Rafael Domic\u00f3, en Dabeiba, Antioquia. | P\u00e1gina10\" \/>\n<meta property=\"og:description\" content=\"El pasado 06 de abril fue asesinado el l\u00edder ind\u00edgena\u00a0del pueblo Embera Ey\u00e1bida, Rafael Domic\u00f3 Carupia. Seg\u00fan denunci\u00f3 la Organizaci\u00f3n Ind\u00edgena de Antioquia OIA, el l\u00edder ind\u00edgena de 63 a\u00f1os de edad, fue asesinado por hombres armados que le propinaron varios impactos con arma de fuego, el asesinato ocurrido alrededor de las cuatro de la [&hellip;]\" \/>\n<meta property=\"og:url\" content=\"https:\/\/pagina10.com\/web\/fue-asesinado-el-lider-indigena-rafael-domico-en-dabeiba-antioquia\/\" \/>\n<meta property=\"og:site_name\" content=\"P\u00e1gina10\" \/>\n<meta property=\"article:publisher\" content=\"https:\/\/www.facebook.com\/pag10com\" \/>\n<meta property=\"article:published_time\" content=\"2021-04-10T21:50:20+00:00\" \/>\n<meta property=\"og:image\" content=\"https:\/\/pagina10.com\/web\/wp-content\/uploads\/2021\/04\/Eyi7R0lWQAkCnZr.jpg\" \/>\n\t<meta property=\"og:image:width\" content=\"727\" \/>\n\t<meta property=\"og:image:height\" content=\"775\" \/>\n\t<meta property=\"og:image:type\" content=\"image\/jpeg\" \/>\n<meta name=\"author\" content=\"P\u00e1gina 10\" \/>\n<meta name=\"twitter:card\" content=\"summary_large_image\" \/>\n<meta name=\"twitter:creator\" content=\"@Pag10com\" \/>\n<meta name=\"twitter:site\" content=\"@Pag10com\" \/>\n<meta name=\"twitter:label1\" content=\"Escrito por\" \/>\n\t<meta name=\"twitter:data1\" content=\"P\u00e1gina 10\" \/>\n\t<meta name=\"twitter:label2\" content=\"Tiempo de lectura\" \/>\n\t<meta name=\"twitter:data2\" content=\"1 minuto\" \/>\n<script type=\"application\/ld+json\" class=\"yoast-schema-graph\">{\"@context\":\"https:\/\/schema.org\",\"@graph\":[{\"@type\":\"Article\",\"@id\":\"https:\/\/pagina10.com\/web\/fue-asesinado-el-lider-indigena-rafael-domico-en-dabeiba-antioquia\/#article\",\"isPartOf\":{\"@id\":\"https:\/\/pagina10.com\/web\/fue-asesinado-el-lider-indigena-rafael-domico-en-dabeiba-antioquia\/\"},\"author\":{\"name\":\"P\u00e1gina 10\",\"@id\":\"https:\/\/pagina10.com\/web\/#\/schema\/person\/2efc4a090d25b667d3bc796798a3a81b\"},\"headline\":\"Fue asesinado el l\u00edder ind\u00edgena, Rafael Domic\u00f3, en Dabeiba, Antioquia.\",\"datePublished\":\"2021-04-10T21:50:20+00:00\",\"mainEntityOfPage\":{\"@id\":\"https:\/\/pagina10.com\/web\/fue-asesinado-el-lider-indigena-rafael-domico-en-dabeiba-antioquia\/\"},\"wordCount\":259,\"commentCount\":0,\"publisher\":{\"@id\":\"https:\/\/pagina10.com\/web\/#organization\"},\"image\":{\"@id\":\"https:\/\/pagina10.com\/web\/fue-asesinado-el-lider-indigena-rafael-domico-en-dabeiba-antioquia\/#primaryimage\"},\"thumbnailUrl\":\"https:\/\/pagina10.com\/web\/wp-content\/uploads\/2021\/04\/Eyi7R0lWQAkCnZr.jpg\",\"articleSection\":[\"Nacional\"],\"inLanguage\":\"es\",\"potentialAction\":[{\"@type\":\"CommentAction\",\"name\":\"Comment\",\"target\":[\"https:\/\/pagina10.com\/web\/fue-asesinado-el-lider-indigena-rafael-domico-en-dabeiba-antioquia\/#respond\"]}]},{\"@type\":\"WebPage\",\"@id\":\"https:\/\/pagina10.com\/web\/fue-asesinado-el-lider-indigena-rafael-domico-en-dabeiba-antioquia\/\",\"url\":\"https:\/\/pagina10.com\/web\/fue-asesinado-el-lider-indigena-rafael-domico-en-dabeiba-antioquia\/\",\"name\":\"Fue asesinado el l\u00edder ind\u00edgena, Rafael Domic\u00f3, en Dabeiba, Antioquia. | P\u00e1gina10\",\"isPartOf\":{\"@id\":\"https:\/\/pagina10.com\/web\/#website\"},\"primaryImageOfPage\":{\"@id\":\"https:\/\/pagina10.com\/web\/fue-asesinado-el-lider-indigena-rafael-domico-en-dabeiba-antioquia\/#primaryimage\"},\"image\":{\"@id\":\"https:\/\/pagina10.com\/web\/fue-asesinado-el-lider-indigena-rafael-domico-en-dabeiba-antioquia\/#primaryimage\"},\"thumbnailUrl\":\"https:\/\/pagina10.com\/web\/wp-content\/uploads\/2021\/04\/Eyi7R0lWQAkCnZr.jpg\",\"datePublished\":\"2021-04-10T21:50:20+00:00\",\"breadcrumb\":{\"@id\":\"https:\/\/pagina10.com\/web\/fue-asesinado-el-lider-indigena-rafael-domico-en-dabeiba-antioquia\/#breadcrumb\"},\"inLanguage\":\"es\",\"potentialAction\":[{\"@type\":\"ReadAction\",\"target\":[\"https:\/\/pagina10.com\/web\/fue-asesinado-el-lider-indigena-rafael-domico-en-dabeiba-antioquia\/\"]}]},{\"@type\":\"ImageObject\",\"inLanguage\":\"es\",\"@id\":\"https:\/\/pagina10.com\/web\/fue-asesinado-el-lider-indigena-rafael-domico-en-dabeiba-antioquia\/#primaryimage\",\"url\":\"https:\/\/pagina10.com\/web\/wp-content\/uploads\/2021\/04\/Eyi7R0lWQAkCnZr.jpg\",\"contentUrl\":\"https:\/\/pagina10.com\/web\/wp-content\/uploads\/2021\/04\/Eyi7R0lWQAkCnZr.jpg\",\"width\":727,\"height\":775},{\"@type\":\"BreadcrumbList\",\"@id\":\"https:\/\/pagina10.com\/web\/fue-asesinado-el-lider-indigena-rafael-domico-en-dabeiba-antioquia\/#breadcrumb\",\"itemListElement\":[{\"@type\":\"ListItem\",\"position\":1,\"name\":\"Portada\",\"item\":\"https:\/\/pagina10.com\/web\/\"},{\"@type\":\"ListItem\",\"position\":2,\"name\":\"Fue asesinado el l\u00edder ind\u00edgena, Rafael Domic\u00f3, en Dabeiba, Antioquia.\"}]},{\"@type\":\"WebSite\",\"@id\":\"https:\/\/pagina10.com\/web\/#website\",\"url\":\"https:\/\/pagina10.com\/web\/\",\"name\":\"P\u00e1gina10\",\"description\":\"Peri\u00f3dico Regional\",\"publisher\":{\"@id\":\"https:\/\/pagina10.com\/web\/#organization\"},\"alternateName\":\"P\u00e1gina10 Peri\u00f3dico Regional\",\"potentialAction\":[{\"@type\":\"SearchAction\",\"target\":{\"@type\":\"EntryPoint\",\"urlTemplate\":\"https:\/\/pagina10.com\/web\/?s={search_term_string}\"},\"query-input\":{\"@type\":\"PropertyValueSpecification\",\"valueRequired\":true,\"valueName\":\"search_term_string\"}}],\"inLanguage\":\"es\"},{\"@type\":\"Organization\",\"@id\":\"https:\/\/pagina10.com\/web\/#organization\",\"name\":\"P\u00e1gina10\",\"alternateName\":\"P\u00e1gina10 Peri\u00f3dico Regional\",\"url\":\"https:\/\/pagina10.com\/web\/\",\"logo\":{\"@type\":\"ImageObject\",\"inLanguage\":\"es\",\"@id\":\"https:\/\/pagina10.com\/web\/#\/schema\/logo\/image\/\",\"url\":\"https:\/\/pagina10.com\/web\/wp-content\/uploads\/2024\/01\/40-pagina-10-periodico-regional-pasto.jpg\",\"contentUrl\":\"https:\/\/pagina10.com\/web\/wp-content\/uploads\/2024\/01\/40-pagina-10-periodico-regional-pasto.jpg\",\"width\":1280,\"height\":720,\"caption\":\"P\u00e1gina10\"},\"image\":{\"@id\":\"https:\/\/pagina10.com\/web\/#\/schema\/logo\/image\/\"},\"sameAs\":[\"https:\/\/www.facebook.com\/pag10com\",\"https:\/\/x.com\/Pag10com\",\"https:\/\/www.instagram.com\/pagina10col\/\",\"https:\/\/youtube.com\/channel\/pag10\",\"https:\/\/www.tiktok.com\/@p10col\"]},{\"@type\":\"Person\",\"@id\":\"https:\/\/pagina10.com\/web\/#\/schema\/person\/2efc4a090d25b667d3bc796798a3a81b\",\"name\":\"P\u00e1gina 10\",\"description\":\"P\u00e1gina 10 es un peri\u00f3dico regional que nace en Colombia, en el departamento de Nari\u00f1o, con un enfoque global, fundamentado en cuatro pilares esenciales: la libertad, el pluralismo, la inclusi\u00f3n y la independencia. P\u00e1gina 10 hace referencia a Nari\u00f1o como el d\u00e9cimo departamento creado en Colombia, despu\u00e9s de un proceso pol\u00edtico liderado por actores y actrices regionales con el fin de obtener la independencia y autonom\u00eda de nuestros territorios. Con la creaci\u00f3n de P\u00e1gina 10 se pretende abrir un escenario para el dialogo, la reflexi\u00f3n y el debate que se extienda a otras geograf\u00edas de Am\u00e9rica Latina y del planeta, en una apuesta por transformar colectivamente los desaf\u00edos de un mundo contempor\u00e1neo, m\u00e1s all\u00e1 de las fronteras impuestas.\",\"url\":\"https:\/\/pagina10.com\/web\/author\/pdiezadmin\/\"}]}<\/script>\n<!-- \/ Yoast SEO plugin. -->","yoast_head_json":{"title":"Fue asesinado el l\u00edder ind\u00edgena, Rafael Domic\u00f3, en Dabeiba, Antioquia. | P\u00e1gina10","robots":{"index":"index","follow":"follow","max-snippet":"max-snippet:-1","max-image-preview":"max-image-preview:large","max-video-preview":"max-video-preview:-1"},"canonical":"https:\/\/pagina10.com\/web\/fue-asesinado-el-lider-indigena-rafael-domico-en-dabeiba-antioquia\/","og_locale":"es_ES","og_type":"article","og_title":"Fue asesinado el l\u00edder ind\u00edgena, Rafael Domic\u00f3, en Dabeiba, Antioquia. | P\u00e1gina10","og_description":"El pasado 06 de abril fue asesinado el l\u00edder ind\u00edgena\u00a0del pueblo Embera Ey\u00e1bida, Rafael Domic\u00f3 Carupia. Seg\u00fan denunci\u00f3 la Organizaci\u00f3n Ind\u00edgena de Antioquia OIA, el l\u00edder ind\u00edgena de 63 a\u00f1os de edad, fue asesinado por hombres armados que le propinaron varios impactos con arma de fuego, el asesinato ocurrido alrededor de las cuatro de la [&hellip;]","og_url":"https:\/\/pagina10.com\/web\/fue-asesinado-el-lider-indigena-rafael-domico-en-dabeiba-antioquia\/","og_site_name":"P\u00e1gina10","article_publisher":"https:\/\/www.facebook.com\/pag10com","article_published_time":"2021-04-10T21:50:20+00:00","og_image":[{"width":727,"height":775,"url":"https:\/\/pagina10.com\/web\/wp-content\/uploads\/2021\/04\/Eyi7R0lWQAkCnZr.jpg","type":"image\/jpeg"}],"author":"P\u00e1gina 10","twitter_card":"summary_large_image","twitter_creator":"@Pag10com","twitter_site":"@Pag10com","twitter_misc":{"Escrito por":"P\u00e1gina 10","Tiempo de lectura":"1 minuto"},"schema":{"@context":"https:\/\/schema.org","@graph":[{"@type":"Article","@id":"https:\/\/pagina10.com\/web\/fue-asesinado-el-lider-indigena-rafael-domico-en-dabeiba-antioquia\/#article","isPartOf":{"@id":"https:\/\/pagina10.com\/web\/fue-asesinado-el-lider-indigena-rafael-domico-en-dabeiba-antioquia\/"},"author":{"name":"P\u00e1gina 10","@id":"https:\/\/pagina10.com\/web\/#\/schema\/person\/2efc4a090d25b667d3bc796798a3a81b"},"headline":"Fue asesinado el l\u00edder ind\u00edgena, Rafael Domic\u00f3, en Dabeiba, Antioquia.","datePublished":"2021-04-10T21:50:20+00:00","mainEntityOfPage":{"@id":"https:\/\/pagina10.com\/web\/fue-asesinado-el-lider-indigena-rafael-domico-en-dabeiba-antioquia\/"},"wordCount":259,"commentCount":0,"publisher":{"@id":"https:\/\/pagina10.com\/web\/#organization"},"image":{"@id":"https:\/\/pagina10.com\/web\/fue-asesinado-el-lider-indigena-rafael-domico-en-dabeiba-antioquia\/#primaryimage"},"thumbnailUrl":"https:\/\/pagina10.com\/web\/wp-content\/uploads\/2021\/04\/Eyi7R0lWQAkCnZr.jpg","articleSection":["Nacional"],"inLanguage":"es","potentialAction":[{"@type":"CommentAction","name":"Comment","target":["https:\/\/pagina10.com\/web\/fue-asesinado-el-lider-indigena-rafael-domico-en-dabeiba-antioquia\/#respond"]}]},{"@type":"WebPage","@id":"https:\/\/pagina10.com\/web\/fue-asesinado-el-lider-indigena-rafael-domico-en-dabeiba-antioquia\/","url":"https:\/\/pagina10.com\/web\/fue-asesinado-el-lider-indigena-rafael-domico-en-dabeiba-antioquia\/","name":"Fue asesinado el l\u00edder ind\u00edgena, Rafael Domic\u00f3, en Dabeiba, Antioquia. | P\u00e1gina10","isPartOf":{"@id":"https:\/\/pagina10.com\/web\/#website"},"primaryImageOfPage":{"@id":"https:\/\/pagina10.com\/web\/fue-asesinado-el-lider-indigena-rafael-domico-en-dabeiba-antioquia\/#primaryimage"},"image":{"@id":"https:\/\/pagina10.com\/web\/fue-asesinado-el-lider-indigena-rafael-domico-en-dabeiba-antioquia\/#primaryimage"},"thumbnailUrl":"https:\/\/pagina10.com\/web\/wp-content\/uploads\/2021\/04\/Eyi7R0lWQAkCnZr.jpg","datePublished":"2021-04-10T21:50:20+00:00","breadcrumb":{"@id":"https:\/\/pagina10.com\/web\/fue-asesinado-el-lider-indigena-rafael-domico-en-dabeiba-antioquia\/#breadcrumb"},"inLanguage":"es","potentialAction":[{"@type":"ReadAction","target":["https:\/\/pagina10.com\/web\/fue-asesinado-el-lider-indigena-rafael-domico-en-dabeiba-antioquia\/"]}]},{"@type":"ImageObject","inLanguage":"es","@id":"https:\/\/pagina10.com\/web\/fue-asesinado-el-lider-indigena-rafael-domico-en-dabeiba-antioquia\/#primaryimage","url":"https:\/\/pagina10.com\/web\/wp-content\/uploads\/2021\/04\/Eyi7R0lWQAkCnZr.jpg","contentUrl":"https:\/\/pagina10.com\/web\/wp-content\/uploads\/2021\/04\/Eyi7R0lWQAkCnZr.jpg","width":727,"height":775},{"@type":"BreadcrumbList","@id":"https:\/\/pagina10.com\/web\/fue-asesinado-el-lider-indigena-rafael-domico-en-dabeiba-antioquia\/#breadcrumb","itemListElement":[{"@type":"ListItem","position":1,"name":"Portada","item":"https:\/\/pagina10.com\/web\/"},{"@type":"ListItem","position":2,"name":"Fue asesinado el l\u00edder ind\u00edgena, Rafael Domic\u00f3, en Dabeiba, Antioquia."}]},{"@type":"WebSite","@id":"https:\/\/pagina10.com\/web\/#website","url":"https:\/\/pagina10.com\/web\/","name":"P\u00e1gina10","description":"Peri\u00f3dico Regional","publisher":{"@id":"https:\/\/pagina10.com\/web\/#organization"},"alternateName":"P\u00e1gina10 Peri\u00f3dico Regional","potentialAction":[{"@type":"SearchAction","target":{"@type":"EntryPoint","urlTemplate":"https:\/\/pagina10.com\/web\/?s={search_term_string}"},"query-input":{"@type":"PropertyValueSpecification","valueRequired":true,"valueName":"search_term_string"}}],"inLanguage":"es"},{"@type":"Organization","@id":"https:\/\/pagina10.com\/web\/#organization","name":"P\u00e1gina10","alternateName":"P\u00e1gina10 Peri\u00f3dico Regional","url":"https:\/\/pagina10.com\/web\/","logo":{"@type":"ImageObject","inLanguage":"es","@id":"https:\/\/pagina10.com\/web\/#\/schema\/logo\/image\/","url":"https:\/\/pagina10.com\/web\/wp-content\/uploads\/2024\/01\/40-pagina-10-periodico-regional-pasto.jpg","contentUrl":"https:\/\/pagina10.com\/web\/wp-content\/uploads\/2024\/01\/40-pagina-10-periodico-regional-pasto.jpg","width":1280,"height":720,"caption":"P\u00e1gina10"},"image":{"@id":"https:\/\/pagina10.com\/web\/#\/schema\/logo\/image\/"},"sameAs":["https:\/\/www.facebook.com\/pag10com","https:\/\/x.com\/Pag10com","https:\/\/www.instagram.com\/pagina10col\/","https:\/\/youtube.com\/channel\/pag10","https:\/\/www.tiktok.com\/@p10col"]},{"@type":"Person","@id":"https:\/\/pagina10.com\/web\/#\/schema\/person\/2efc4a090d25b667d3bc796798a3a81b","name":"P\u00e1gina 10","description":"P\u00e1gina 10 es un peri\u00f3dico regional que nace en Colombia, en el departamento de Nari\u00f1o, con un enfoque global, fundamentado en cuatro pilares esenciales: la libertad, el pluralismo, la inclusi\u00f3n y la independencia. P\u00e1gina 10 hace referencia a Nari\u00f1o como el d\u00e9cimo departamento creado en Colombia, despu\u00e9s de un proceso pol\u00edtico liderado por actores y actrices regionales con el fin de obtener la independencia y autonom\u00eda de nuestros territorios. Con la creaci\u00f3n de P\u00e1gina 10 se pretende abrir un escenario para el dialogo, la reflexi\u00f3n y el debate que se extienda a otras geograf\u00edas de Am\u00e9rica Latina y del planeta, en una apuesta por transformar colectivamente los desaf\u00edos de un mundo contempor\u00e1neo, m\u00e1s all\u00e1 de las fronteras impuestas.","url":"https:\/\/pagina10.com\/web\/author\/pdiezadmin\/"}]}},"_links":{"self":[{"href":"https:\/\/pagina10.com\/web\/wp-json\/wp\/v2\/posts\/51682","targetHints":{"allow":["GET"]}}],"collection":[{"href":"https:\/\/pagina10.com\/web\/wp-json\/wp\/v2\/posts"}],"about":[{"href":"https:\/\/pagina10.com\/web\/wp-json\/wp\/v2\/types\/post"}],"author":[{"embeddable":true,"href":"https:\/\/pagina10.com\/web\/wp-json\/wp\/v2\/users\/1"}],"replies":[{"embeddable":true,"href":"https:\/\/pagina10.com\/web\/wp-json\/wp\/v2\/comments?post=51682"}],"version-history":[{"count":1,"href":"https:\/\/pagina10.com\/web\/wp-json\/wp\/v2\/posts\/51682\/revisions"}],"predecessor-version":[{"id":51684,"href":"https:\/\/pagina10.com\/web\/wp-json\/wp\/v2\/posts\/51682\/revisions\/51684"}],"wp:featuredmedia":[{"embeddable":true,"href":"https:\/\/pagina10.com\/web\/wp-json\/wp\/v2\/media\/51683"}],"wp:attachment":[{"href":"https:\/\/pagina10.com\/web\/wp-json\/wp\/v2\/media?parent=51682"}],"wp:term":[{"taxonomy":"category","embeddable":true,"href":"https:\/\/pagina10.com\/web\/wp-json\/wp\/v2\/categories?post=51682"},{"taxonomy":"post_tag","embeddable":true,"href":"https:\/\/pagina10.com\/web\/wp-json\/wp\/v2\/tags?post=51682"}],"curies":[{"name":"wp","href":"https:\/\/api.w.org\/{rel}","templated":true}]}}