{"id":51693,"date":"2021-04-11T08:50:12","date_gmt":"2021-04-11T13:50:12","guid":{"rendered":"https:\/\/pagina10.com\/web\/?p=51693"},"modified":"2021-04-11T10:26:57","modified_gmt":"2021-04-11T15:26:57","slug":"narino-tiene-el-mejor-cafe-de-colombia","status":"publish","type":"post","link":"https:\/\/pagina10.com\/web\/narino-tiene-el-mejor-cafe-de-colombia\/","title":{"rendered":"Nari\u00f1o tiene el mejor caf\u00e9 de Colombia."},"content":{"rendered":"<p style=\"text-align: justify;\">El reconocido empresario y caficultor, Pablo Andr\u00e9s Guerrero, \u00a0gan\u00f3 el primer lugar de la quinta edici\u00f3n de Taza de Excelencia, con un caf\u00e9 de variedad Gesha de proceso lavado cultivado en el municipio de Tangua.<\/p>\n<p style=\"text-align: justify;\">Siendo esta la segunda vez que el nari\u00f1ense participa en el concurso, su lote de caf\u00e9 obtuvo un puntaje de 90.61, catalog\u00e1ndolo como caf\u00e9 presidencial.<\/p>\n<p style=\"text-align: justify;\">Este reconocimiento le ha permitido a Pablo Andr\u00e9s participar tambi\u00e9n en la subasta internacional que tendr\u00e1 lugar el pr\u00f3ximo 20 de mayo, en donde participaran 23 productores nacionales de caf\u00e9.<\/p>\n<p>&nbsp;<\/p>\n<p>&nbsp;<\/p>\n","protected":false},"excerpt":{"rendered":"<p>El reconocido empresario y caficultor, Pablo Andr\u00e9s Guerrero, \u00a0gan\u00f3 el primer lugar de la quinta edici\u00f3n de Taza de Excelencia, con un caf\u00e9 de variedad Gesha de proceso lavado cultivado en el municipio de Tangua. Siendo esta la segunda vez que el nari\u00f1ense participa en el concurso, su lote de caf\u00e9 obtuvo un puntaje de [&hellip;]<\/p>\n","protected":false},"author":1,"featured_media":51694,"comment_status":"open","ping_status":"open","sticky":false,"template":"","format":"standard","meta":{"footnotes":""},"categories":[53],"tags":[],"class_list":["post-51693","post","type-post","status-publish","format-standard","has-post-thumbnail","hentry","category-regiones"],"yoast_head":"<!-- This site is optimized with the Yoast SEO plugin v27.1.1 - https:\/\/yoast.com\/product\/yoast-seo-wordpress\/ -->\n<title>Nari\u00f1o tiene el mejor caf\u00e9 de Colombia. | P\u00e1gina10<\/title>\n<meta name=\"robots\" content=\"index, follow, max-snippet:-1, max-image-preview:large, max-video-preview:-1\" \/>\n<link rel=\"canonical\" href=\"https:\/\/pagina10.com\/web\/narino-tiene-el-mejor-cafe-de-colombia\/\" \/>\n<meta property=\"og:locale\" content=\"es_ES\" \/>\n<meta property=\"og:type\" content=\"article\" \/>\n<meta property=\"og:title\" content=\"Nari\u00f1o tiene el mejor caf\u00e9 de Colombia. | P\u00e1gina10\" \/>\n<meta property=\"og:description\" content=\"El reconocido empresario y caficultor, Pablo Andr\u00e9s Guerrero, gan\u00f3 el primer lugar de la quinta edici\u00f3n de Taza de Excelencia, con un caf\u00e9 de variedad Gesha de proceso lavado cultivado en el municipio de Tangua. Siendo esta la segunda vez que el nari\u00f1ense participa en el concurso, su lote de caf\u00e9 obtuvo un puntaje de [&hellip;]\" \/>\n<meta property=\"og:url\" content=\"https:\/\/pagina10.com\/web\/narino-tiene-el-mejor-cafe-de-colombia\/\" \/>\n<meta property=\"og:site_name\" content=\"P\u00e1gina10\" \/>\n<meta property=\"article:publisher\" content=\"https:\/\/www.facebook.com\/pag10com\" \/>\n<meta property=\"article:published_time\" content=\"2021-04-11T13:50:12+00:00\" \/>\n<meta property=\"article:modified_time\" content=\"2021-04-11T15:26:57+00:00\" \/>\n<meta property=\"og:image\" content=\"https:\/\/pagina10.com\/web\/wp-content\/uploads\/2021\/04\/170022333_3859979140736088_1179525001556951867_n.jpg\" \/>\n\t<meta property=\"og:image:width\" content=\"1280\" \/>\n\t<meta property=\"og:image:height\" content=\"879\" \/>\n\t<meta property=\"og:image:type\" content=\"image\/jpeg\" \/>\n<meta name=\"author\" content=\"P\u00e1gina 10\" \/>\n<meta name=\"twitter:card\" content=\"summary_large_image\" \/>\n<meta name=\"twitter:creator\" content=\"@Pag10com\" \/>\n<meta name=\"twitter:site\" content=\"@Pag10com\" \/>\n<meta name=\"twitter:label1\" content=\"Escrito por\" \/>\n\t<meta name=\"twitter:data1\" content=\"P\u00e1gina 10\" \/>\n<script type=\"application\/ld+json\" class=\"yoast-schema-graph\">{\"@context\":\"https:\/\/schema.org\",\"@graph\":[{\"@type\":\"Article\",\"@id\":\"https:\/\/pagina10.com\/web\/narino-tiene-el-mejor-cafe-de-colombia\/#article\",\"isPartOf\":{\"@id\":\"https:\/\/pagina10.com\/web\/narino-tiene-el-mejor-cafe-de-colombia\/\"},\"author\":{\"name\":\"P\u00e1gina 10\",\"@id\":\"https:\/\/pagina10.com\/web\/#\/schema\/person\/2efc4a090d25b667d3bc796798a3a81b\"},\"headline\":\"Nari\u00f1o tiene el mejor caf\u00e9 de Colombia.\",\"datePublished\":\"2021-04-11T13:50:12+00:00\",\"dateModified\":\"2021-04-11T15:26:57+00:00\",\"mainEntityOfPage\":{\"@id\":\"https:\/\/pagina10.com\/web\/narino-tiene-el-mejor-cafe-de-colombia\/\"},\"wordCount\":104,\"commentCount\":0,\"publisher\":{\"@id\":\"https:\/\/pagina10.com\/web\/#organization\"},\"image\":{\"@id\":\"https:\/\/pagina10.com\/web\/narino-tiene-el-mejor-cafe-de-colombia\/#primaryimage\"},\"thumbnailUrl\":\"https:\/\/pagina10.com\/web\/wp-content\/uploads\/2021\/04\/170022333_3859979140736088_1179525001556951867_n.jpg\",\"articleSection\":[\"Regiones\"],\"inLanguage\":\"es\",\"potentialAction\":[{\"@type\":\"CommentAction\",\"name\":\"Comment\",\"target\":[\"https:\/\/pagina10.com\/web\/narino-tiene-el-mejor-cafe-de-colombia\/#respond\"]}]},{\"@type\":\"WebPage\",\"@id\":\"https:\/\/pagina10.com\/web\/narino-tiene-el-mejor-cafe-de-colombia\/\",\"url\":\"https:\/\/pagina10.com\/web\/narino-tiene-el-mejor-cafe-de-colombia\/\",\"name\":\"Nari\u00f1o tiene el mejor caf\u00e9 de Colombia. | P\u00e1gina10\",\"isPartOf\":{\"@id\":\"https:\/\/pagina10.com\/web\/#website\"},\"primaryImageOfPage\":{\"@id\":\"https:\/\/pagina10.com\/web\/narino-tiene-el-mejor-cafe-de-colombia\/#primaryimage\"},\"image\":{\"@id\":\"https:\/\/pagina10.com\/web\/narino-tiene-el-mejor-cafe-de-colombia\/#primaryimage\"},\"thumbnailUrl\":\"https:\/\/pagina10.com\/web\/wp-content\/uploads\/2021\/04\/170022333_3859979140736088_1179525001556951867_n.jpg\",\"datePublished\":\"2021-04-11T13:50:12+00:00\",\"dateModified\":\"2021-04-11T15:26:57+00:00\",\"breadcrumb\":{\"@id\":\"https:\/\/pagina10.com\/web\/narino-tiene-el-mejor-cafe-de-colombia\/#breadcrumb\"},\"inLanguage\":\"es\",\"potentialAction\":[{\"@type\":\"ReadAction\",\"target\":[\"https:\/\/pagina10.com\/web\/narino-tiene-el-mejor-cafe-de-colombia\/\"]}]},{\"@type\":\"ImageObject\",\"inLanguage\":\"es\",\"@id\":\"https:\/\/pagina10.com\/web\/narino-tiene-el-mejor-cafe-de-colombia\/#primaryimage\",\"url\":\"https:\/\/pagina10.com\/web\/wp-content\/uploads\/2021\/04\/170022333_3859979140736088_1179525001556951867_n.jpg\",\"contentUrl\":\"https:\/\/pagina10.com\/web\/wp-content\/uploads\/2021\/04\/170022333_3859979140736088_1179525001556951867_n.jpg\",\"width\":1280,\"height\":879},{\"@type\":\"BreadcrumbList\",\"@id\":\"https:\/\/pagina10.com\/web\/narino-tiene-el-mejor-cafe-de-colombia\/#breadcrumb\",\"itemListElement\":[{\"@type\":\"ListItem\",\"position\":1,\"name\":\"Portada\",\"item\":\"https:\/\/pagina10.com\/web\/\"},{\"@type\":\"ListItem\",\"position\":2,\"name\":\"Nari\u00f1o tiene el mejor caf\u00e9 de Colombia.\"}]},{\"@type\":\"WebSite\",\"@id\":\"https:\/\/pagina10.com\/web\/#website\",\"url\":\"https:\/\/pagina10.com\/web\/\",\"name\":\"P\u00e1gina10\",\"description\":\"Peri\u00f3dico Regional\",\"publisher\":{\"@id\":\"https:\/\/pagina10.com\/web\/#organization\"},\"alternateName\":\"P\u00e1gina10 Peri\u00f3dico Regional\",\"potentialAction\":[{\"@type\":\"SearchAction\",\"target\":{\"@type\":\"EntryPoint\",\"urlTemplate\":\"https:\/\/pagina10.com\/web\/?s={search_term_string}\"},\"query-input\":{\"@type\":\"PropertyValueSpecification\",\"valueRequired\":true,\"valueName\":\"search_term_string\"}}],\"inLanguage\":\"es\"},{\"@type\":\"Organization\",\"@id\":\"https:\/\/pagina10.com\/web\/#organization\",\"name\":\"P\u00e1gina10\",\"alternateName\":\"P\u00e1gina10 Peri\u00f3dico Regional\",\"url\":\"https:\/\/pagina10.com\/web\/\",\"logo\":{\"@type\":\"ImageObject\",\"inLanguage\":\"es\",\"@id\":\"https:\/\/pagina10.com\/web\/#\/schema\/logo\/image\/\",\"url\":\"https:\/\/pagina10.com\/web\/wp-content\/uploads\/2024\/01\/40-pagina-10-periodico-regional-pasto.jpg\",\"contentUrl\":\"https:\/\/pagina10.com\/web\/wp-content\/uploads\/2024\/01\/40-pagina-10-periodico-regional-pasto.jpg\",\"width\":1280,\"height\":720,\"caption\":\"P\u00e1gina10\"},\"image\":{\"@id\":\"https:\/\/pagina10.com\/web\/#\/schema\/logo\/image\/\"},\"sameAs\":[\"https:\/\/www.facebook.com\/pag10com\",\"https:\/\/x.com\/Pag10com\",\"https:\/\/www.instagram.com\/pagina10col\/\",\"https:\/\/youtube.com\/channel\/pag10\",\"https:\/\/www.tiktok.com\/@p10col\"]},{\"@type\":\"Person\",\"@id\":\"https:\/\/pagina10.com\/web\/#\/schema\/person\/2efc4a090d25b667d3bc796798a3a81b\",\"name\":\"P\u00e1gina 10\",\"description\":\"P\u00e1gina 10 es un peri\u00f3dico regional que nace en Colombia, en el departamento de Nari\u00f1o, con un enfoque global, fundamentado en cuatro pilares esenciales: la libertad, el pluralismo, la inclusi\u00f3n y la independencia. P\u00e1gina 10 hace referencia a Nari\u00f1o como el d\u00e9cimo departamento creado en Colombia, despu\u00e9s de un proceso pol\u00edtico liderado por actores y actrices regionales con el fin de obtener la independencia y autonom\u00eda de nuestros territorios. Con la creaci\u00f3n de P\u00e1gina 10 se pretende abrir un escenario para el dialogo, la reflexi\u00f3n y el debate que se extienda a otras geograf\u00edas de Am\u00e9rica Latina y del planeta, en una apuesta por transformar colectivamente los desaf\u00edos de un mundo contempor\u00e1neo, m\u00e1s all\u00e1 de las fronteras impuestas.\",\"url\":\"https:\/\/pagina10.com\/web\/author\/pdiezadmin\/\"}]}<\/script>\n<!-- \/ Yoast SEO plugin. -->","yoast_head_json":{"title":"Nari\u00f1o tiene el mejor caf\u00e9 de Colombia. | P\u00e1gina10","robots":{"index":"index","follow":"follow","max-snippet":"max-snippet:-1","max-image-preview":"max-image-preview:large","max-video-preview":"max-video-preview:-1"},"canonical":"https:\/\/pagina10.com\/web\/narino-tiene-el-mejor-cafe-de-colombia\/","og_locale":"es_ES","og_type":"article","og_title":"Nari\u00f1o tiene el mejor caf\u00e9 de Colombia. | P\u00e1gina10","og_description":"El reconocido empresario y caficultor, Pablo Andr\u00e9s Guerrero, gan\u00f3 el primer lugar de la quinta edici\u00f3n de Taza de Excelencia, con un caf\u00e9 de variedad Gesha de proceso lavado cultivado en el municipio de Tangua. Siendo esta la segunda vez que el nari\u00f1ense participa en el concurso, su lote de caf\u00e9 obtuvo un puntaje de [&hellip;]","og_url":"https:\/\/pagina10.com\/web\/narino-tiene-el-mejor-cafe-de-colombia\/","og_site_name":"P\u00e1gina10","article_publisher":"https:\/\/www.facebook.com\/pag10com","article_published_time":"2021-04-11T13:50:12+00:00","article_modified_time":"2021-04-11T15:26:57+00:00","og_image":[{"width":1280,"height":879,"url":"https:\/\/pagina10.com\/web\/wp-content\/uploads\/2021\/04\/170022333_3859979140736088_1179525001556951867_n.jpg","type":"image\/jpeg"}],"author":"P\u00e1gina 10","twitter_card":"summary_large_image","twitter_creator":"@Pag10com","twitter_site":"@Pag10com","twitter_misc":{"Escrito por":"P\u00e1gina 10"},"schema":{"@context":"https:\/\/schema.org","@graph":[{"@type":"Article","@id":"https:\/\/pagina10.com\/web\/narino-tiene-el-mejor-cafe-de-colombia\/#article","isPartOf":{"@id":"https:\/\/pagina10.com\/web\/narino-tiene-el-mejor-cafe-de-colombia\/"},"author":{"name":"P\u00e1gina 10","@id":"https:\/\/pagina10.com\/web\/#\/schema\/person\/2efc4a090d25b667d3bc796798a3a81b"},"headline":"Nari\u00f1o tiene el mejor caf\u00e9 de Colombia.","datePublished":"2021-04-11T13:50:12+00:00","dateModified":"2021-04-11T15:26:57+00:00","mainEntityOfPage":{"@id":"https:\/\/pagina10.com\/web\/narino-tiene-el-mejor-cafe-de-colombia\/"},"wordCount":104,"commentCount":0,"publisher":{"@id":"https:\/\/pagina10.com\/web\/#organization"},"image":{"@id":"https:\/\/pagina10.com\/web\/narino-tiene-el-mejor-cafe-de-colombia\/#primaryimage"},"thumbnailUrl":"https:\/\/pagina10.com\/web\/wp-content\/uploads\/2021\/04\/170022333_3859979140736088_1179525001556951867_n.jpg","articleSection":["Regiones"],"inLanguage":"es","potentialAction":[{"@type":"CommentAction","name":"Comment","target":["https:\/\/pagina10.com\/web\/narino-tiene-el-mejor-cafe-de-colombia\/#respond"]}]},{"@type":"WebPage","@id":"https:\/\/pagina10.com\/web\/narino-tiene-el-mejor-cafe-de-colombia\/","url":"https:\/\/pagina10.com\/web\/narino-tiene-el-mejor-cafe-de-colombia\/","name":"Nari\u00f1o tiene el mejor caf\u00e9 de Colombia. | P\u00e1gina10","isPartOf":{"@id":"https:\/\/pagina10.com\/web\/#website"},"primaryImageOfPage":{"@id":"https:\/\/pagina10.com\/web\/narino-tiene-el-mejor-cafe-de-colombia\/#primaryimage"},"image":{"@id":"https:\/\/pagina10.com\/web\/narino-tiene-el-mejor-cafe-de-colombia\/#primaryimage"},"thumbnailUrl":"https:\/\/pagina10.com\/web\/wp-content\/uploads\/2021\/04\/170022333_3859979140736088_1179525001556951867_n.jpg","datePublished":"2021-04-11T13:50:12+00:00","dateModified":"2021-04-11T15:26:57+00:00","breadcrumb":{"@id":"https:\/\/pagina10.com\/web\/narino-tiene-el-mejor-cafe-de-colombia\/#breadcrumb"},"inLanguage":"es","potentialAction":[{"@type":"ReadAction","target":["https:\/\/pagina10.com\/web\/narino-tiene-el-mejor-cafe-de-colombia\/"]}]},{"@type":"ImageObject","inLanguage":"es","@id":"https:\/\/pagina10.com\/web\/narino-tiene-el-mejor-cafe-de-colombia\/#primaryimage","url":"https:\/\/pagina10.com\/web\/wp-content\/uploads\/2021\/04\/170022333_3859979140736088_1179525001556951867_n.jpg","contentUrl":"https:\/\/pagina10.com\/web\/wp-content\/uploads\/2021\/04\/170022333_3859979140736088_1179525001556951867_n.jpg","width":1280,"height":879},{"@type":"BreadcrumbList","@id":"https:\/\/pagina10.com\/web\/narino-tiene-el-mejor-cafe-de-colombia\/#breadcrumb","itemListElement":[{"@type":"ListItem","position":1,"name":"Portada","item":"https:\/\/pagina10.com\/web\/"},{"@type":"ListItem","position":2,"name":"Nari\u00f1o tiene el mejor caf\u00e9 de Colombia."}]},{"@type":"WebSite","@id":"https:\/\/pagina10.com\/web\/#website","url":"https:\/\/pagina10.com\/web\/","name":"P\u00e1gina10","description":"Peri\u00f3dico Regional","publisher":{"@id":"https:\/\/pagina10.com\/web\/#organization"},"alternateName":"P\u00e1gina10 Peri\u00f3dico Regional","potentialAction":[{"@type":"SearchAction","target":{"@type":"EntryPoint","urlTemplate":"https:\/\/pagina10.com\/web\/?s={search_term_string}"},"query-input":{"@type":"PropertyValueSpecification","valueRequired":true,"valueName":"search_term_string"}}],"inLanguage":"es"},{"@type":"Organization","@id":"https:\/\/pagina10.com\/web\/#organization","name":"P\u00e1gina10","alternateName":"P\u00e1gina10 Peri\u00f3dico Regional","url":"https:\/\/pagina10.com\/web\/","logo":{"@type":"ImageObject","inLanguage":"es","@id":"https:\/\/pagina10.com\/web\/#\/schema\/logo\/image\/","url":"https:\/\/pagina10.com\/web\/wp-content\/uploads\/2024\/01\/40-pagina-10-periodico-regional-pasto.jpg","contentUrl":"https:\/\/pagina10.com\/web\/wp-content\/uploads\/2024\/01\/40-pagina-10-periodico-regional-pasto.jpg","width":1280,"height":720,"caption":"P\u00e1gina10"},"image":{"@id":"https:\/\/pagina10.com\/web\/#\/schema\/logo\/image\/"},"sameAs":["https:\/\/www.facebook.com\/pag10com","https:\/\/x.com\/Pag10com","https:\/\/www.instagram.com\/pagina10col\/","https:\/\/youtube.com\/channel\/pag10","https:\/\/www.tiktok.com\/@p10col"]},{"@type":"Person","@id":"https:\/\/pagina10.com\/web\/#\/schema\/person\/2efc4a090d25b667d3bc796798a3a81b","name":"P\u00e1gina 10","description":"P\u00e1gina 10 es un peri\u00f3dico regional que nace en Colombia, en el departamento de Nari\u00f1o, con un enfoque global, fundamentado en cuatro pilares esenciales: la libertad, el pluralismo, la inclusi\u00f3n y la independencia. P\u00e1gina 10 hace referencia a Nari\u00f1o como el d\u00e9cimo departamento creado en Colombia, despu\u00e9s de un proceso pol\u00edtico liderado por actores y actrices regionales con el fin de obtener la independencia y autonom\u00eda de nuestros territorios. Con la creaci\u00f3n de P\u00e1gina 10 se pretende abrir un escenario para el dialogo, la reflexi\u00f3n y el debate que se extienda a otras geograf\u00edas de Am\u00e9rica Latina y del planeta, en una apuesta por transformar colectivamente los desaf\u00edos de un mundo contempor\u00e1neo, m\u00e1s all\u00e1 de las fronteras impuestas.","url":"https:\/\/pagina10.com\/web\/author\/pdiezadmin\/"}]}},"_links":{"self":[{"href":"https:\/\/pagina10.com\/web\/wp-json\/wp\/v2\/posts\/51693","targetHints":{"allow":["GET"]}}],"collection":[{"href":"https:\/\/pagina10.com\/web\/wp-json\/wp\/v2\/posts"}],"about":[{"href":"https:\/\/pagina10.com\/web\/wp-json\/wp\/v2\/types\/post"}],"author":[{"embeddable":true,"href":"https:\/\/pagina10.com\/web\/wp-json\/wp\/v2\/users\/1"}],"replies":[{"embeddable":true,"href":"https:\/\/pagina10.com\/web\/wp-json\/wp\/v2\/comments?post=51693"}],"version-history":[{"count":6,"href":"https:\/\/pagina10.com\/web\/wp-json\/wp\/v2\/posts\/51693\/revisions"}],"predecessor-version":[{"id":51708,"href":"https:\/\/pagina10.com\/web\/wp-json\/wp\/v2\/posts\/51693\/revisions\/51708"}],"wp:featuredmedia":[{"embeddable":true,"href":"https:\/\/pagina10.com\/web\/wp-json\/wp\/v2\/media\/51694"}],"wp:attachment":[{"href":"https:\/\/pagina10.com\/web\/wp-json\/wp\/v2\/media?parent=51693"}],"wp:term":[{"taxonomy":"category","embeddable":true,"href":"https:\/\/pagina10.com\/web\/wp-json\/wp\/v2\/categories?post=51693"},{"taxonomy":"post_tag","embeddable":true,"href":"https:\/\/pagina10.com\/web\/wp-json\/wp\/v2\/tags?post=51693"}],"curies":[{"name":"wp","href":"https:\/\/api.w.org\/{rel}","templated":true}]}}