{"id":51714,"date":"2021-04-12T10:56:28","date_gmt":"2021-04-12T15:56:28","guid":{"rendered":"https:\/\/pagina10.com\/web\/?p=51714"},"modified":"2021-04-12T11:05:51","modified_gmt":"2021-04-12T16:05:51","slug":"violencia-en-narino-se-ha-incrementado-en-un-400-con-respecto-a-igual-periodo-del-ano-pasado","status":"publish","type":"post","link":"https:\/\/pagina10.com\/web\/violencia-en-narino-se-ha-incrementado-en-un-400-con-respecto-a-igual-periodo-del-ano-pasado\/","title":{"rendered":"Violencia en Nari\u00f1o se ha incrementado en un 400% con respecto a igual periodo del a\u00f1o pasado."},"content":{"rendered":"<p style=\"text-align: justify;\">Los nuevos hechos de violencia ocurridos el pasado s\u00e1bado en Samaniego consternan al pa\u00eds. Seg\u00fan la informaci\u00f3n entregada por el comandante de la Polic\u00eda del departamento, coronel Nelson Parrado, la noche del s\u00e1bado se registraron dos doble asesinatos; uno de ellos en la zona urbana y el otro en la zona rural del municipio.<\/p>\n<p style=\"text-align: justify;\">El primero de estos dobles asesinatos se present\u00f3 en el casco urbano, donde dos hombres fueron sorprendidos por sicarios cuando se encontraban departiendo dentro de un establecimiento comercial. Los dos hombres recibieron varios impactos de bala que acabaron con sus vidas. Por su parte, el segundo doble homicidio se registr\u00f3 a las afueras del municipio, donde fueron asesinados dos hombres de nacionalidad venezolana.<\/p>\n<p style=\"text-align: justify;\">Las autoridades se encuentran adelantando investigaciones para establecer la identidad de la victimas y la posible relaci\u00f3n de los hechos.<\/p>\n<p style=\"text-align: justify;\">De acuerdo a los datos entregados por Fundaci\u00f3n Desarrollo y Paz, Fundepaz, \u201ccon la masacre ocurrida en las \u00faltimas horas en el municipio de Samaniego, en Nari\u00f1o ya van 5 de ellas, lo que significa un aumento del 400% con respecto a igual periodo del a\u00f1o pasado. En esas 5 masacres han perdido la vida 21 personas&#8221;.<\/p>\n<p style=\"text-align: justify;\">El Instituto de estudios para el desarrollo y la paz, indic\u00f3 que esta es la masacre n\u00famero 27 que se comete en Colombia en lo que va del 2021, con 99 v\u00edctimas.<\/p>\n","protected":false},"excerpt":{"rendered":"<p>Los nuevos hechos de violencia ocurridos el pasado s\u00e1bado en Samaniego consternan al pa\u00eds. Seg\u00fan la informaci\u00f3n entregada por el comandante de la Polic\u00eda del departamento, coronel Nelson Parrado, la noche del s\u00e1bado se registraron dos doble asesinatos; uno de ellos en la zona urbana y el otro en la zona rural del municipio. El [&hellip;]<\/p>\n","protected":false},"author":1,"featured_media":51715,"comment_status":"open","ping_status":"open","sticky":false,"template":"","format":"standard","meta":{"footnotes":""},"categories":[53],"tags":[],"class_list":["post-51714","post","type-post","status-publish","format-standard","has-post-thumbnail","hentry","category-regiones"],"yoast_head":"<!-- This site is optimized with the Yoast SEO plugin v27.1.1 - https:\/\/yoast.com\/product\/yoast-seo-wordpress\/ -->\n<title>Violencia en Nari\u00f1o se ha incrementado en un 400% con respecto a igual periodo del a\u00f1o pasado. | P\u00e1gina10<\/title>\n<meta name=\"robots\" content=\"index, follow, max-snippet:-1, max-image-preview:large, max-video-preview:-1\" \/>\n<link rel=\"canonical\" href=\"https:\/\/pagina10.com\/web\/violencia-en-narino-se-ha-incrementado-en-un-400-con-respecto-a-igual-periodo-del-ano-pasado\/\" \/>\n<meta property=\"og:locale\" content=\"es_ES\" \/>\n<meta property=\"og:type\" content=\"article\" \/>\n<meta property=\"og:title\" content=\"Violencia en Nari\u00f1o se ha incrementado en un 400% con respecto a igual periodo del a\u00f1o pasado. | P\u00e1gina10\" \/>\n<meta property=\"og:description\" content=\"Los nuevos hechos de violencia ocurridos el pasado s\u00e1bado en Samaniego consternan al pa\u00eds. Seg\u00fan la informaci\u00f3n entregada por el comandante de la Polic\u00eda del departamento, coronel Nelson Parrado, la noche del s\u00e1bado se registraron dos doble asesinatos; uno de ellos en la zona urbana y el otro en la zona rural del municipio. El [&hellip;]\" \/>\n<meta property=\"og:url\" content=\"https:\/\/pagina10.com\/web\/violencia-en-narino-se-ha-incrementado-en-un-400-con-respecto-a-igual-periodo-del-ano-pasado\/\" \/>\n<meta property=\"og:site_name\" content=\"P\u00e1gina10\" \/>\n<meta property=\"article:publisher\" content=\"https:\/\/www.facebook.com\/pag10com\" \/>\n<meta property=\"article:published_time\" content=\"2021-04-12T15:56:28+00:00\" \/>\n<meta property=\"article:modified_time\" content=\"2021-04-12T16:05:51+00:00\" \/>\n<meta property=\"og:image\" content=\"https:\/\/pagina10.com\/web\/wp-content\/uploads\/2021\/04\/colombia.jpg\" \/>\n\t<meta property=\"og:image:width\" content=\"1280\" \/>\n\t<meta property=\"og:image:height\" content=\"720\" \/>\n\t<meta property=\"og:image:type\" content=\"image\/jpeg\" \/>\n<meta name=\"author\" content=\"P\u00e1gina 10\" \/>\n<meta name=\"twitter:card\" content=\"summary_large_image\" \/>\n<meta name=\"twitter:creator\" content=\"@Pag10com\" \/>\n<meta name=\"twitter:site\" content=\"@Pag10com\" \/>\n<meta name=\"twitter:label1\" content=\"Escrito por\" \/>\n\t<meta name=\"twitter:data1\" content=\"P\u00e1gina 10\" \/>\n\t<meta name=\"twitter:label2\" content=\"Tiempo de lectura\" \/>\n\t<meta name=\"twitter:data2\" content=\"1 minuto\" \/>\n<script type=\"application\/ld+json\" class=\"yoast-schema-graph\">{\"@context\":\"https:\/\/schema.org\",\"@graph\":[{\"@type\":\"Article\",\"@id\":\"https:\/\/pagina10.com\/web\/violencia-en-narino-se-ha-incrementado-en-un-400-con-respecto-a-igual-periodo-del-ano-pasado\/#article\",\"isPartOf\":{\"@id\":\"https:\/\/pagina10.com\/web\/violencia-en-narino-se-ha-incrementado-en-un-400-con-respecto-a-igual-periodo-del-ano-pasado\/\"},\"author\":{\"name\":\"P\u00e1gina 10\",\"@id\":\"https:\/\/pagina10.com\/web\/#\/schema\/person\/2efc4a090d25b667d3bc796798a3a81b\"},\"headline\":\"Violencia en Nari\u00f1o se ha incrementado en un 400% con respecto a igual periodo del a\u00f1o pasado.\",\"datePublished\":\"2021-04-12T15:56:28+00:00\",\"dateModified\":\"2021-04-12T16:05:51+00:00\",\"mainEntityOfPage\":{\"@id\":\"https:\/\/pagina10.com\/web\/violencia-en-narino-se-ha-incrementado-en-un-400-con-respecto-a-igual-periodo-del-ano-pasado\/\"},\"wordCount\":249,\"commentCount\":0,\"publisher\":{\"@id\":\"https:\/\/pagina10.com\/web\/#organization\"},\"image\":{\"@id\":\"https:\/\/pagina10.com\/web\/violencia-en-narino-se-ha-incrementado-en-un-400-con-respecto-a-igual-periodo-del-ano-pasado\/#primaryimage\"},\"thumbnailUrl\":\"https:\/\/pagina10.com\/web\/wp-content\/uploads\/2021\/04\/colombia.jpg\",\"articleSection\":[\"Regiones\"],\"inLanguage\":\"es\",\"potentialAction\":[{\"@type\":\"CommentAction\",\"name\":\"Comment\",\"target\":[\"https:\/\/pagina10.com\/web\/violencia-en-narino-se-ha-incrementado-en-un-400-con-respecto-a-igual-periodo-del-ano-pasado\/#respond\"]}]},{\"@type\":\"WebPage\",\"@id\":\"https:\/\/pagina10.com\/web\/violencia-en-narino-se-ha-incrementado-en-un-400-con-respecto-a-igual-periodo-del-ano-pasado\/\",\"url\":\"https:\/\/pagina10.com\/web\/violencia-en-narino-se-ha-incrementado-en-un-400-con-respecto-a-igual-periodo-del-ano-pasado\/\",\"name\":\"Violencia en Nari\u00f1o se ha incrementado en un 400% con respecto a igual periodo del a\u00f1o pasado. | P\u00e1gina10\",\"isPartOf\":{\"@id\":\"https:\/\/pagina10.com\/web\/#website\"},\"primaryImageOfPage\":{\"@id\":\"https:\/\/pagina10.com\/web\/violencia-en-narino-se-ha-incrementado-en-un-400-con-respecto-a-igual-periodo-del-ano-pasado\/#primaryimage\"},\"image\":{\"@id\":\"https:\/\/pagina10.com\/web\/violencia-en-narino-se-ha-incrementado-en-un-400-con-respecto-a-igual-periodo-del-ano-pasado\/#primaryimage\"},\"thumbnailUrl\":\"https:\/\/pagina10.com\/web\/wp-content\/uploads\/2021\/04\/colombia.jpg\",\"datePublished\":\"2021-04-12T15:56:28+00:00\",\"dateModified\":\"2021-04-12T16:05:51+00:00\",\"breadcrumb\":{\"@id\":\"https:\/\/pagina10.com\/web\/violencia-en-narino-se-ha-incrementado-en-un-400-con-respecto-a-igual-periodo-del-ano-pasado\/#breadcrumb\"},\"inLanguage\":\"es\",\"potentialAction\":[{\"@type\":\"ReadAction\",\"target\":[\"https:\/\/pagina10.com\/web\/violencia-en-narino-se-ha-incrementado-en-un-400-con-respecto-a-igual-periodo-del-ano-pasado\/\"]}]},{\"@type\":\"ImageObject\",\"inLanguage\":\"es\",\"@id\":\"https:\/\/pagina10.com\/web\/violencia-en-narino-se-ha-incrementado-en-un-400-con-respecto-a-igual-periodo-del-ano-pasado\/#primaryimage\",\"url\":\"https:\/\/pagina10.com\/web\/wp-content\/uploads\/2021\/04\/colombia.jpg\",\"contentUrl\":\"https:\/\/pagina10.com\/web\/wp-content\/uploads\/2021\/04\/colombia.jpg\",\"width\":1280,\"height\":720},{\"@type\":\"BreadcrumbList\",\"@id\":\"https:\/\/pagina10.com\/web\/violencia-en-narino-se-ha-incrementado-en-un-400-con-respecto-a-igual-periodo-del-ano-pasado\/#breadcrumb\",\"itemListElement\":[{\"@type\":\"ListItem\",\"position\":1,\"name\":\"Portada\",\"item\":\"https:\/\/pagina10.com\/web\/\"},{\"@type\":\"ListItem\",\"position\":2,\"name\":\"Violencia en Nari\u00f1o se ha incrementado en un 400% con respecto a igual periodo del a\u00f1o pasado.\"}]},{\"@type\":\"WebSite\",\"@id\":\"https:\/\/pagina10.com\/web\/#website\",\"url\":\"https:\/\/pagina10.com\/web\/\",\"name\":\"P\u00e1gina10\",\"description\":\"Peri\u00f3dico Regional\",\"publisher\":{\"@id\":\"https:\/\/pagina10.com\/web\/#organization\"},\"alternateName\":\"P\u00e1gina10 Peri\u00f3dico Regional\",\"potentialAction\":[{\"@type\":\"SearchAction\",\"target\":{\"@type\":\"EntryPoint\",\"urlTemplate\":\"https:\/\/pagina10.com\/web\/?s={search_term_string}\"},\"query-input\":{\"@type\":\"PropertyValueSpecification\",\"valueRequired\":true,\"valueName\":\"search_term_string\"}}],\"inLanguage\":\"es\"},{\"@type\":\"Organization\",\"@id\":\"https:\/\/pagina10.com\/web\/#organization\",\"name\":\"P\u00e1gina10\",\"alternateName\":\"P\u00e1gina10 Peri\u00f3dico Regional\",\"url\":\"https:\/\/pagina10.com\/web\/\",\"logo\":{\"@type\":\"ImageObject\",\"inLanguage\":\"es\",\"@id\":\"https:\/\/pagina10.com\/web\/#\/schema\/logo\/image\/\",\"url\":\"https:\/\/pagina10.com\/web\/wp-content\/uploads\/2024\/01\/40-pagina-10-periodico-regional-pasto.jpg\",\"contentUrl\":\"https:\/\/pagina10.com\/web\/wp-content\/uploads\/2024\/01\/40-pagina-10-periodico-regional-pasto.jpg\",\"width\":1280,\"height\":720,\"caption\":\"P\u00e1gina10\"},\"image\":{\"@id\":\"https:\/\/pagina10.com\/web\/#\/schema\/logo\/image\/\"},\"sameAs\":[\"https:\/\/www.facebook.com\/pag10com\",\"https:\/\/x.com\/Pag10com\",\"https:\/\/www.instagram.com\/pagina10col\/\",\"https:\/\/youtube.com\/channel\/pag10\",\"https:\/\/www.tiktok.com\/@p10col\"]},{\"@type\":\"Person\",\"@id\":\"https:\/\/pagina10.com\/web\/#\/schema\/person\/2efc4a090d25b667d3bc796798a3a81b\",\"name\":\"P\u00e1gina 10\",\"description\":\"P\u00e1gina 10 es un peri\u00f3dico regional que nace en Colombia, en el departamento de Nari\u00f1o, con un enfoque global, fundamentado en cuatro pilares esenciales: la libertad, el pluralismo, la inclusi\u00f3n y la independencia. P\u00e1gina 10 hace referencia a Nari\u00f1o como el d\u00e9cimo departamento creado en Colombia, despu\u00e9s de un proceso pol\u00edtico liderado por actores y actrices regionales con el fin de obtener la independencia y autonom\u00eda de nuestros territorios. Con la creaci\u00f3n de P\u00e1gina 10 se pretende abrir un escenario para el dialogo, la reflexi\u00f3n y el debate que se extienda a otras geograf\u00edas de Am\u00e9rica Latina y del planeta, en una apuesta por transformar colectivamente los desaf\u00edos de un mundo contempor\u00e1neo, m\u00e1s all\u00e1 de las fronteras impuestas.\",\"url\":\"https:\/\/pagina10.com\/web\/author\/pdiezadmin\/\"}]}<\/script>\n<!-- \/ Yoast SEO plugin. -->","yoast_head_json":{"title":"Violencia en Nari\u00f1o se ha incrementado en un 400% con respecto a igual periodo del a\u00f1o pasado. | P\u00e1gina10","robots":{"index":"index","follow":"follow","max-snippet":"max-snippet:-1","max-image-preview":"max-image-preview:large","max-video-preview":"max-video-preview:-1"},"canonical":"https:\/\/pagina10.com\/web\/violencia-en-narino-se-ha-incrementado-en-un-400-con-respecto-a-igual-periodo-del-ano-pasado\/","og_locale":"es_ES","og_type":"article","og_title":"Violencia en Nari\u00f1o se ha incrementado en un 400% con respecto a igual periodo del a\u00f1o pasado. | P\u00e1gina10","og_description":"Los nuevos hechos de violencia ocurridos el pasado s\u00e1bado en Samaniego consternan al pa\u00eds. Seg\u00fan la informaci\u00f3n entregada por el comandante de la Polic\u00eda del departamento, coronel Nelson Parrado, la noche del s\u00e1bado se registraron dos doble asesinatos; uno de ellos en la zona urbana y el otro en la zona rural del municipio. El [&hellip;]","og_url":"https:\/\/pagina10.com\/web\/violencia-en-narino-se-ha-incrementado-en-un-400-con-respecto-a-igual-periodo-del-ano-pasado\/","og_site_name":"P\u00e1gina10","article_publisher":"https:\/\/www.facebook.com\/pag10com","article_published_time":"2021-04-12T15:56:28+00:00","article_modified_time":"2021-04-12T16:05:51+00:00","og_image":[{"width":1280,"height":720,"url":"https:\/\/pagina10.com\/web\/wp-content\/uploads\/2021\/04\/colombia.jpg","type":"image\/jpeg"}],"author":"P\u00e1gina 10","twitter_card":"summary_large_image","twitter_creator":"@Pag10com","twitter_site":"@Pag10com","twitter_misc":{"Escrito por":"P\u00e1gina 10","Tiempo de lectura":"1 minuto"},"schema":{"@context":"https:\/\/schema.org","@graph":[{"@type":"Article","@id":"https:\/\/pagina10.com\/web\/violencia-en-narino-se-ha-incrementado-en-un-400-con-respecto-a-igual-periodo-del-ano-pasado\/#article","isPartOf":{"@id":"https:\/\/pagina10.com\/web\/violencia-en-narino-se-ha-incrementado-en-un-400-con-respecto-a-igual-periodo-del-ano-pasado\/"},"author":{"name":"P\u00e1gina 10","@id":"https:\/\/pagina10.com\/web\/#\/schema\/person\/2efc4a090d25b667d3bc796798a3a81b"},"headline":"Violencia en Nari\u00f1o se ha incrementado en un 400% con respecto a igual periodo del a\u00f1o pasado.","datePublished":"2021-04-12T15:56:28+00:00","dateModified":"2021-04-12T16:05:51+00:00","mainEntityOfPage":{"@id":"https:\/\/pagina10.com\/web\/violencia-en-narino-se-ha-incrementado-en-un-400-con-respecto-a-igual-periodo-del-ano-pasado\/"},"wordCount":249,"commentCount":0,"publisher":{"@id":"https:\/\/pagina10.com\/web\/#organization"},"image":{"@id":"https:\/\/pagina10.com\/web\/violencia-en-narino-se-ha-incrementado-en-un-400-con-respecto-a-igual-periodo-del-ano-pasado\/#primaryimage"},"thumbnailUrl":"https:\/\/pagina10.com\/web\/wp-content\/uploads\/2021\/04\/colombia.jpg","articleSection":["Regiones"],"inLanguage":"es","potentialAction":[{"@type":"CommentAction","name":"Comment","target":["https:\/\/pagina10.com\/web\/violencia-en-narino-se-ha-incrementado-en-un-400-con-respecto-a-igual-periodo-del-ano-pasado\/#respond"]}]},{"@type":"WebPage","@id":"https:\/\/pagina10.com\/web\/violencia-en-narino-se-ha-incrementado-en-un-400-con-respecto-a-igual-periodo-del-ano-pasado\/","url":"https:\/\/pagina10.com\/web\/violencia-en-narino-se-ha-incrementado-en-un-400-con-respecto-a-igual-periodo-del-ano-pasado\/","name":"Violencia en Nari\u00f1o se ha incrementado en un 400% con respecto a igual periodo del a\u00f1o pasado. | P\u00e1gina10","isPartOf":{"@id":"https:\/\/pagina10.com\/web\/#website"},"primaryImageOfPage":{"@id":"https:\/\/pagina10.com\/web\/violencia-en-narino-se-ha-incrementado-en-un-400-con-respecto-a-igual-periodo-del-ano-pasado\/#primaryimage"},"image":{"@id":"https:\/\/pagina10.com\/web\/violencia-en-narino-se-ha-incrementado-en-un-400-con-respecto-a-igual-periodo-del-ano-pasado\/#primaryimage"},"thumbnailUrl":"https:\/\/pagina10.com\/web\/wp-content\/uploads\/2021\/04\/colombia.jpg","datePublished":"2021-04-12T15:56:28+00:00","dateModified":"2021-04-12T16:05:51+00:00","breadcrumb":{"@id":"https:\/\/pagina10.com\/web\/violencia-en-narino-se-ha-incrementado-en-un-400-con-respecto-a-igual-periodo-del-ano-pasado\/#breadcrumb"},"inLanguage":"es","potentialAction":[{"@type":"ReadAction","target":["https:\/\/pagina10.com\/web\/violencia-en-narino-se-ha-incrementado-en-un-400-con-respecto-a-igual-periodo-del-ano-pasado\/"]}]},{"@type":"ImageObject","inLanguage":"es","@id":"https:\/\/pagina10.com\/web\/violencia-en-narino-se-ha-incrementado-en-un-400-con-respecto-a-igual-periodo-del-ano-pasado\/#primaryimage","url":"https:\/\/pagina10.com\/web\/wp-content\/uploads\/2021\/04\/colombia.jpg","contentUrl":"https:\/\/pagina10.com\/web\/wp-content\/uploads\/2021\/04\/colombia.jpg","width":1280,"height":720},{"@type":"BreadcrumbList","@id":"https:\/\/pagina10.com\/web\/violencia-en-narino-se-ha-incrementado-en-un-400-con-respecto-a-igual-periodo-del-ano-pasado\/#breadcrumb","itemListElement":[{"@type":"ListItem","position":1,"name":"Portada","item":"https:\/\/pagina10.com\/web\/"},{"@type":"ListItem","position":2,"name":"Violencia en Nari\u00f1o se ha incrementado en un 400% con respecto a igual periodo del a\u00f1o pasado."}]},{"@type":"WebSite","@id":"https:\/\/pagina10.com\/web\/#website","url":"https:\/\/pagina10.com\/web\/","name":"P\u00e1gina10","description":"Peri\u00f3dico Regional","publisher":{"@id":"https:\/\/pagina10.com\/web\/#organization"},"alternateName":"P\u00e1gina10 Peri\u00f3dico Regional","potentialAction":[{"@type":"SearchAction","target":{"@type":"EntryPoint","urlTemplate":"https:\/\/pagina10.com\/web\/?s={search_term_string}"},"query-input":{"@type":"PropertyValueSpecification","valueRequired":true,"valueName":"search_term_string"}}],"inLanguage":"es"},{"@type":"Organization","@id":"https:\/\/pagina10.com\/web\/#organization","name":"P\u00e1gina10","alternateName":"P\u00e1gina10 Peri\u00f3dico Regional","url":"https:\/\/pagina10.com\/web\/","logo":{"@type":"ImageObject","inLanguage":"es","@id":"https:\/\/pagina10.com\/web\/#\/schema\/logo\/image\/","url":"https:\/\/pagina10.com\/web\/wp-content\/uploads\/2024\/01\/40-pagina-10-periodico-regional-pasto.jpg","contentUrl":"https:\/\/pagina10.com\/web\/wp-content\/uploads\/2024\/01\/40-pagina-10-periodico-regional-pasto.jpg","width":1280,"height":720,"caption":"P\u00e1gina10"},"image":{"@id":"https:\/\/pagina10.com\/web\/#\/schema\/logo\/image\/"},"sameAs":["https:\/\/www.facebook.com\/pag10com","https:\/\/x.com\/Pag10com","https:\/\/www.instagram.com\/pagina10col\/","https:\/\/youtube.com\/channel\/pag10","https:\/\/www.tiktok.com\/@p10col"]},{"@type":"Person","@id":"https:\/\/pagina10.com\/web\/#\/schema\/person\/2efc4a090d25b667d3bc796798a3a81b","name":"P\u00e1gina 10","description":"P\u00e1gina 10 es un peri\u00f3dico regional que nace en Colombia, en el departamento de Nari\u00f1o, con un enfoque global, fundamentado en cuatro pilares esenciales: la libertad, el pluralismo, la inclusi\u00f3n y la independencia. P\u00e1gina 10 hace referencia a Nari\u00f1o como el d\u00e9cimo departamento creado en Colombia, despu\u00e9s de un proceso pol\u00edtico liderado por actores y actrices regionales con el fin de obtener la independencia y autonom\u00eda de nuestros territorios. Con la creaci\u00f3n de P\u00e1gina 10 se pretende abrir un escenario para el dialogo, la reflexi\u00f3n y el debate que se extienda a otras geograf\u00edas de Am\u00e9rica Latina y del planeta, en una apuesta por transformar colectivamente los desaf\u00edos de un mundo contempor\u00e1neo, m\u00e1s all\u00e1 de las fronteras impuestas.","url":"https:\/\/pagina10.com\/web\/author\/pdiezadmin\/"}]}},"_links":{"self":[{"href":"https:\/\/pagina10.com\/web\/wp-json\/wp\/v2\/posts\/51714","targetHints":{"allow":["GET"]}}],"collection":[{"href":"https:\/\/pagina10.com\/web\/wp-json\/wp\/v2\/posts"}],"about":[{"href":"https:\/\/pagina10.com\/web\/wp-json\/wp\/v2\/types\/post"}],"author":[{"embeddable":true,"href":"https:\/\/pagina10.com\/web\/wp-json\/wp\/v2\/users\/1"}],"replies":[{"embeddable":true,"href":"https:\/\/pagina10.com\/web\/wp-json\/wp\/v2\/comments?post=51714"}],"version-history":[{"count":2,"href":"https:\/\/pagina10.com\/web\/wp-json\/wp\/v2\/posts\/51714\/revisions"}],"predecessor-version":[{"id":51721,"href":"https:\/\/pagina10.com\/web\/wp-json\/wp\/v2\/posts\/51714\/revisions\/51721"}],"wp:featuredmedia":[{"embeddable":true,"href":"https:\/\/pagina10.com\/web\/wp-json\/wp\/v2\/media\/51715"}],"wp:attachment":[{"href":"https:\/\/pagina10.com\/web\/wp-json\/wp\/v2\/media?parent=51714"}],"wp:term":[{"taxonomy":"category","embeddable":true,"href":"https:\/\/pagina10.com\/web\/wp-json\/wp\/v2\/categories?post=51714"},{"taxonomy":"post_tag","embeddable":true,"href":"https:\/\/pagina10.com\/web\/wp-json\/wp\/v2\/tags?post=51714"}],"curies":[{"name":"wp","href":"https:\/\/api.w.org\/{rel}","templated":true}]}}