{"id":51754,"date":"2021-04-14T10:48:33","date_gmt":"2021-04-14T15:48:33","guid":{"rendered":"https:\/\/pagina10.com\/web\/?p=51754"},"modified":"2021-04-14T10:48:33","modified_gmt":"2021-04-14T15:48:33","slug":"en-colombia-se-va-a-desarrollar-una-aspersion-por-precision-que-proteja-el-medio-ambiente-y-la-salud-diego-molano","status":"publish","type":"post","link":"https:\/\/pagina10.com\/web\/en-colombia-se-va-a-desarrollar-una-aspersion-por-precision-que-proteja-el-medio-ambiente-y-la-salud-diego-molano\/","title":{"rendered":"&#8220;En Colombia se va a desarrollar una aspersi\u00f3n por precisi\u00f3n que proteja el medio ambiente y la salud&#8221;: Diego Molano."},"content":{"rendered":"<p style=\"text-align: justify;\">El Ministro de Defensa, Diego Molano, calific\u00f3 el decreto recientemente expedido por el Gobierno Nacional, que crea el marco normativo que da paso libre a aspersi\u00f3n a\u00e9rea sobre los cultivos de uso il\u00edcito, como un paso m\u00e1s para combatir los cultivos il\u00edcitos.<br \/>\nDe acuerdo a Molano, este nuevo esfuerzo del gobierno nacional, establece que el operador de ese programa de aspersi\u00f3n a\u00e9rea ser\u00e1 la Polic\u00eda Nacional con base en el plan de manejo ambiental estipulado en el pa\u00eds y solo se aplicar\u00e1 en aquellas zonas donde hay cultivos extensivos e industriales y particularmente donde hay presencia de grupos al margen de la ley que ponen en riesgo la vida de los soldados y polic\u00edas en los otros programas de erradicaci\u00f3n. Se\u00f1al\u00f3 que Colombia tiene que tener absoluta tranquilidad porque se va a desarrollar una aspersi\u00f3n por precisi\u00f3n que garantice la licencia ambiental, que proteja el medio ambiente, que proteja la salud, que est\u00e9 completamente regulado pero particularmente que proteja a los campesinos. Enfatiz\u00f3 en que \u201cEl problema del medio ambiente en Colombia es la siembra de coca. Por cada hect\u00e1rea sembrada, dos son taladas y contaminadas\u201d.<br \/>\nEl Ministro ha sido reiterativo en que el enemigo de Colombia son los cultivos il\u00edcitos y que con el desarrollo de la aspersi\u00f3n con precisi\u00f3n solo se afectar\u00e1 a los narcoparamilitares que financian su guerra con drogas. \u201cLa aspersi\u00f3n a\u00e9rea con precisi\u00f3n es contra los delincuentes que se lucran del negocio criminal de la coca y que someten a nuestros campesinos a una nueva esclavitud. Sin tegua contra estos bandidos\u201d public\u00f3 Molano en su cuenta de Twitter.<br \/>\nSe\u00f1al\u00f3 finalmente que \u201cla aspersi\u00f3n con precisi\u00f3n y las dem\u00e1s formas de erradicaci\u00f3n, evitan no solo las muertes de miles de j\u00f3venes que se envenenan en las calles, sino la de los h\u00e9roes que sin tegua persiguen esos bandidos que amenazan a Colombia\u201d.<\/p>\n","protected":false},"excerpt":{"rendered":"<p>El Ministro de Defensa, Diego Molano, calific\u00f3 el decreto recientemente expedido por el Gobierno Nacional, que crea el marco normativo que da paso libre a aspersi\u00f3n a\u00e9rea sobre los cultivos de uso il\u00edcito, como un paso m\u00e1s para combatir los cultivos il\u00edcitos. De acuerdo a Molano, este nuevo esfuerzo del gobierno nacional, establece que el [&hellip;]<\/p>\n","protected":false},"author":1,"featured_media":51756,"comment_status":"open","ping_status":"open","sticky":false,"template":"","format":"standard","meta":{"footnotes":""},"categories":[94],"tags":[],"class_list":["post-51754","post","type-post","status-publish","format-standard","has-post-thumbnail","hentry","category-nacional-global-2"],"yoast_head":"<!-- This site is optimized with the Yoast SEO plugin v27.1.1 - https:\/\/yoast.com\/product\/yoast-seo-wordpress\/ -->\n<title>&quot;En Colombia se va a desarrollar una aspersi\u00f3n por precisi\u00f3n que proteja el medio ambiente y la salud&quot;: Diego Molano. | P\u00e1gina10<\/title>\n<meta name=\"robots\" content=\"index, follow, max-snippet:-1, max-image-preview:large, max-video-preview:-1\" \/>\n<link rel=\"canonical\" href=\"https:\/\/pagina10.com\/web\/en-colombia-se-va-a-desarrollar-una-aspersion-por-precision-que-proteja-el-medio-ambiente-y-la-salud-diego-molano\/\" \/>\n<meta property=\"og:locale\" content=\"es_ES\" \/>\n<meta property=\"og:type\" content=\"article\" \/>\n<meta property=\"og:title\" content=\"&quot;En Colombia se va a desarrollar una aspersi\u00f3n por precisi\u00f3n que proteja el medio ambiente y la salud&quot;: Diego Molano. | P\u00e1gina10\" \/>\n<meta property=\"og:description\" content=\"El Ministro de Defensa, Diego Molano, calific\u00f3 el decreto recientemente expedido por el Gobierno Nacional, que crea el marco normativo que da paso libre a aspersi\u00f3n a\u00e9rea sobre los cultivos de uso il\u00edcito, como un paso m\u00e1s para combatir los cultivos il\u00edcitos. De acuerdo a Molano, este nuevo esfuerzo del gobierno nacional, establece que el [&hellip;]\" \/>\n<meta property=\"og:url\" content=\"https:\/\/pagina10.com\/web\/en-colombia-se-va-a-desarrollar-una-aspersion-por-precision-que-proteja-el-medio-ambiente-y-la-salud-diego-molano\/\" \/>\n<meta property=\"og:site_name\" content=\"P\u00e1gina10\" \/>\n<meta property=\"article:publisher\" content=\"https:\/\/www.facebook.com\/pag10com\" \/>\n<meta property=\"article:published_time\" content=\"2021-04-14T15:48:33+00:00\" \/>\n<meta property=\"og:image\" content=\"https:\/\/pagina10.com\/web\/wp-content\/uploads\/2021\/04\/diego-molano.jpg\" \/>\n\t<meta property=\"og:image:width\" content=\"1440\" \/>\n\t<meta property=\"og:image:height\" content=\"980\" \/>\n\t<meta property=\"og:image:type\" content=\"image\/jpeg\" \/>\n<meta name=\"author\" content=\"P\u00e1gina 10\" \/>\n<meta name=\"twitter:card\" content=\"summary_large_image\" \/>\n<meta name=\"twitter:creator\" content=\"@Pag10com\" \/>\n<meta name=\"twitter:site\" content=\"@Pag10com\" \/>\n<meta name=\"twitter:label1\" content=\"Escrito por\" \/>\n\t<meta name=\"twitter:data1\" content=\"P\u00e1gina 10\" \/>\n\t<meta name=\"twitter:label2\" content=\"Tiempo de lectura\" \/>\n\t<meta name=\"twitter:data2\" content=\"2 minutos\" \/>\n<script type=\"application\/ld+json\" class=\"yoast-schema-graph\">{\"@context\":\"https:\/\/schema.org\",\"@graph\":[{\"@type\":\"Article\",\"@id\":\"https:\/\/pagina10.com\/web\/en-colombia-se-va-a-desarrollar-una-aspersion-por-precision-que-proteja-el-medio-ambiente-y-la-salud-diego-molano\/#article\",\"isPartOf\":{\"@id\":\"https:\/\/pagina10.com\/web\/en-colombia-se-va-a-desarrollar-una-aspersion-por-precision-que-proteja-el-medio-ambiente-y-la-salud-diego-molano\/\"},\"author\":{\"name\":\"P\u00e1gina 10\",\"@id\":\"https:\/\/pagina10.com\/web\/#\/schema\/person\/2efc4a090d25b667d3bc796798a3a81b\"},\"headline\":\"&#8220;En Colombia se va a desarrollar una aspersi\u00f3n por precisi\u00f3n que proteja el medio ambiente y la salud&#8221;: Diego Molano.\",\"datePublished\":\"2021-04-14T15:48:33+00:00\",\"mainEntityOfPage\":{\"@id\":\"https:\/\/pagina10.com\/web\/en-colombia-se-va-a-desarrollar-una-aspersion-por-precision-que-proteja-el-medio-ambiente-y-la-salud-diego-molano\/\"},\"wordCount\":356,\"commentCount\":0,\"publisher\":{\"@id\":\"https:\/\/pagina10.com\/web\/#organization\"},\"image\":{\"@id\":\"https:\/\/pagina10.com\/web\/en-colombia-se-va-a-desarrollar-una-aspersion-por-precision-que-proteja-el-medio-ambiente-y-la-salud-diego-molano\/#primaryimage\"},\"thumbnailUrl\":\"https:\/\/pagina10.com\/web\/wp-content\/uploads\/2021\/04\/diego-molano.jpg\",\"articleSection\":[\"Nacional\"],\"inLanguage\":\"es\",\"potentialAction\":[{\"@type\":\"CommentAction\",\"name\":\"Comment\",\"target\":[\"https:\/\/pagina10.com\/web\/en-colombia-se-va-a-desarrollar-una-aspersion-por-precision-que-proteja-el-medio-ambiente-y-la-salud-diego-molano\/#respond\"]}]},{\"@type\":\"WebPage\",\"@id\":\"https:\/\/pagina10.com\/web\/en-colombia-se-va-a-desarrollar-una-aspersion-por-precision-que-proteja-el-medio-ambiente-y-la-salud-diego-molano\/\",\"url\":\"https:\/\/pagina10.com\/web\/en-colombia-se-va-a-desarrollar-una-aspersion-por-precision-que-proteja-el-medio-ambiente-y-la-salud-diego-molano\/\",\"name\":\"\\\"En Colombia se va a desarrollar una aspersi\u00f3n por precisi\u00f3n que proteja el medio ambiente y la salud\\\": Diego Molano. | P\u00e1gina10\",\"isPartOf\":{\"@id\":\"https:\/\/pagina10.com\/web\/#website\"},\"primaryImageOfPage\":{\"@id\":\"https:\/\/pagina10.com\/web\/en-colombia-se-va-a-desarrollar-una-aspersion-por-precision-que-proteja-el-medio-ambiente-y-la-salud-diego-molano\/#primaryimage\"},\"image\":{\"@id\":\"https:\/\/pagina10.com\/web\/en-colombia-se-va-a-desarrollar-una-aspersion-por-precision-que-proteja-el-medio-ambiente-y-la-salud-diego-molano\/#primaryimage\"},\"thumbnailUrl\":\"https:\/\/pagina10.com\/web\/wp-content\/uploads\/2021\/04\/diego-molano.jpg\",\"datePublished\":\"2021-04-14T15:48:33+00:00\",\"breadcrumb\":{\"@id\":\"https:\/\/pagina10.com\/web\/en-colombia-se-va-a-desarrollar-una-aspersion-por-precision-que-proteja-el-medio-ambiente-y-la-salud-diego-molano\/#breadcrumb\"},\"inLanguage\":\"es\",\"potentialAction\":[{\"@type\":\"ReadAction\",\"target\":[\"https:\/\/pagina10.com\/web\/en-colombia-se-va-a-desarrollar-una-aspersion-por-precision-que-proteja-el-medio-ambiente-y-la-salud-diego-molano\/\"]}]},{\"@type\":\"ImageObject\",\"inLanguage\":\"es\",\"@id\":\"https:\/\/pagina10.com\/web\/en-colombia-se-va-a-desarrollar-una-aspersion-por-precision-que-proteja-el-medio-ambiente-y-la-salud-diego-molano\/#primaryimage\",\"url\":\"https:\/\/pagina10.com\/web\/wp-content\/uploads\/2021\/04\/diego-molano.jpg\",\"contentUrl\":\"https:\/\/pagina10.com\/web\/wp-content\/uploads\/2021\/04\/diego-molano.jpg\",\"width\":1440,\"height\":980},{\"@type\":\"BreadcrumbList\",\"@id\":\"https:\/\/pagina10.com\/web\/en-colombia-se-va-a-desarrollar-una-aspersion-por-precision-que-proteja-el-medio-ambiente-y-la-salud-diego-molano\/#breadcrumb\",\"itemListElement\":[{\"@type\":\"ListItem\",\"position\":1,\"name\":\"Portada\",\"item\":\"https:\/\/pagina10.com\/web\/\"},{\"@type\":\"ListItem\",\"position\":2,\"name\":\"&#8220;En Colombia se va a desarrollar una aspersi\u00f3n por precisi\u00f3n que proteja el medio ambiente y la salud&#8221;: Diego Molano.\"}]},{\"@type\":\"WebSite\",\"@id\":\"https:\/\/pagina10.com\/web\/#website\",\"url\":\"https:\/\/pagina10.com\/web\/\",\"name\":\"P\u00e1gina10\",\"description\":\"Peri\u00f3dico Regional\",\"publisher\":{\"@id\":\"https:\/\/pagina10.com\/web\/#organization\"},\"alternateName\":\"P\u00e1gina10 Peri\u00f3dico Regional\",\"potentialAction\":[{\"@type\":\"SearchAction\",\"target\":{\"@type\":\"EntryPoint\",\"urlTemplate\":\"https:\/\/pagina10.com\/web\/?s={search_term_string}\"},\"query-input\":{\"@type\":\"PropertyValueSpecification\",\"valueRequired\":true,\"valueName\":\"search_term_string\"}}],\"inLanguage\":\"es\"},{\"@type\":\"Organization\",\"@id\":\"https:\/\/pagina10.com\/web\/#organization\",\"name\":\"P\u00e1gina10\",\"alternateName\":\"P\u00e1gina10 Peri\u00f3dico Regional\",\"url\":\"https:\/\/pagina10.com\/web\/\",\"logo\":{\"@type\":\"ImageObject\",\"inLanguage\":\"es\",\"@id\":\"https:\/\/pagina10.com\/web\/#\/schema\/logo\/image\/\",\"url\":\"https:\/\/pagina10.com\/web\/wp-content\/uploads\/2024\/01\/40-pagina-10-periodico-regional-pasto.jpg\",\"contentUrl\":\"https:\/\/pagina10.com\/web\/wp-content\/uploads\/2024\/01\/40-pagina-10-periodico-regional-pasto.jpg\",\"width\":1280,\"height\":720,\"caption\":\"P\u00e1gina10\"},\"image\":{\"@id\":\"https:\/\/pagina10.com\/web\/#\/schema\/logo\/image\/\"},\"sameAs\":[\"https:\/\/www.facebook.com\/pag10com\",\"https:\/\/x.com\/Pag10com\",\"https:\/\/www.instagram.com\/pagina10col\/\",\"https:\/\/youtube.com\/channel\/pag10\",\"https:\/\/www.tiktok.com\/@p10col\"]},{\"@type\":\"Person\",\"@id\":\"https:\/\/pagina10.com\/web\/#\/schema\/person\/2efc4a090d25b667d3bc796798a3a81b\",\"name\":\"P\u00e1gina 10\",\"description\":\"P\u00e1gina 10 es un peri\u00f3dico regional que nace en Colombia, en el departamento de Nari\u00f1o, con un enfoque global, fundamentado en cuatro pilares esenciales: la libertad, el pluralismo, la inclusi\u00f3n y la independencia. P\u00e1gina 10 hace referencia a Nari\u00f1o como el d\u00e9cimo departamento creado en Colombia, despu\u00e9s de un proceso pol\u00edtico liderado por actores y actrices regionales con el fin de obtener la independencia y autonom\u00eda de nuestros territorios. Con la creaci\u00f3n de P\u00e1gina 10 se pretende abrir un escenario para el dialogo, la reflexi\u00f3n y el debate que se extienda a otras geograf\u00edas de Am\u00e9rica Latina y del planeta, en una apuesta por transformar colectivamente los desaf\u00edos de un mundo contempor\u00e1neo, m\u00e1s all\u00e1 de las fronteras impuestas.\",\"url\":\"https:\/\/pagina10.com\/web\/author\/pdiezadmin\/\"}]}<\/script>\n<!-- \/ Yoast SEO plugin. -->","yoast_head_json":{"title":"\"En Colombia se va a desarrollar una aspersi\u00f3n por precisi\u00f3n que proteja el medio ambiente y la salud\": Diego Molano. | P\u00e1gina10","robots":{"index":"index","follow":"follow","max-snippet":"max-snippet:-1","max-image-preview":"max-image-preview:large","max-video-preview":"max-video-preview:-1"},"canonical":"https:\/\/pagina10.com\/web\/en-colombia-se-va-a-desarrollar-una-aspersion-por-precision-que-proteja-el-medio-ambiente-y-la-salud-diego-molano\/","og_locale":"es_ES","og_type":"article","og_title":"\"En Colombia se va a desarrollar una aspersi\u00f3n por precisi\u00f3n que proteja el medio ambiente y la salud\": Diego Molano. | P\u00e1gina10","og_description":"El Ministro de Defensa, Diego Molano, calific\u00f3 el decreto recientemente expedido por el Gobierno Nacional, que crea el marco normativo que da paso libre a aspersi\u00f3n a\u00e9rea sobre los cultivos de uso il\u00edcito, como un paso m\u00e1s para combatir los cultivos il\u00edcitos. De acuerdo a Molano, este nuevo esfuerzo del gobierno nacional, establece que el [&hellip;]","og_url":"https:\/\/pagina10.com\/web\/en-colombia-se-va-a-desarrollar-una-aspersion-por-precision-que-proteja-el-medio-ambiente-y-la-salud-diego-molano\/","og_site_name":"P\u00e1gina10","article_publisher":"https:\/\/www.facebook.com\/pag10com","article_published_time":"2021-04-14T15:48:33+00:00","og_image":[{"width":1440,"height":980,"url":"https:\/\/pagina10.com\/web\/wp-content\/uploads\/2021\/04\/diego-molano.jpg","type":"image\/jpeg"}],"author":"P\u00e1gina 10","twitter_card":"summary_large_image","twitter_creator":"@Pag10com","twitter_site":"@Pag10com","twitter_misc":{"Escrito por":"P\u00e1gina 10","Tiempo de lectura":"2 minutos"},"schema":{"@context":"https:\/\/schema.org","@graph":[{"@type":"Article","@id":"https:\/\/pagina10.com\/web\/en-colombia-se-va-a-desarrollar-una-aspersion-por-precision-que-proteja-el-medio-ambiente-y-la-salud-diego-molano\/#article","isPartOf":{"@id":"https:\/\/pagina10.com\/web\/en-colombia-se-va-a-desarrollar-una-aspersion-por-precision-que-proteja-el-medio-ambiente-y-la-salud-diego-molano\/"},"author":{"name":"P\u00e1gina 10","@id":"https:\/\/pagina10.com\/web\/#\/schema\/person\/2efc4a090d25b667d3bc796798a3a81b"},"headline":"&#8220;En Colombia se va a desarrollar una aspersi\u00f3n por precisi\u00f3n que proteja el medio ambiente y la salud&#8221;: Diego Molano.","datePublished":"2021-04-14T15:48:33+00:00","mainEntityOfPage":{"@id":"https:\/\/pagina10.com\/web\/en-colombia-se-va-a-desarrollar-una-aspersion-por-precision-que-proteja-el-medio-ambiente-y-la-salud-diego-molano\/"},"wordCount":356,"commentCount":0,"publisher":{"@id":"https:\/\/pagina10.com\/web\/#organization"},"image":{"@id":"https:\/\/pagina10.com\/web\/en-colombia-se-va-a-desarrollar-una-aspersion-por-precision-que-proteja-el-medio-ambiente-y-la-salud-diego-molano\/#primaryimage"},"thumbnailUrl":"https:\/\/pagina10.com\/web\/wp-content\/uploads\/2021\/04\/diego-molano.jpg","articleSection":["Nacional"],"inLanguage":"es","potentialAction":[{"@type":"CommentAction","name":"Comment","target":["https:\/\/pagina10.com\/web\/en-colombia-se-va-a-desarrollar-una-aspersion-por-precision-que-proteja-el-medio-ambiente-y-la-salud-diego-molano\/#respond"]}]},{"@type":"WebPage","@id":"https:\/\/pagina10.com\/web\/en-colombia-se-va-a-desarrollar-una-aspersion-por-precision-que-proteja-el-medio-ambiente-y-la-salud-diego-molano\/","url":"https:\/\/pagina10.com\/web\/en-colombia-se-va-a-desarrollar-una-aspersion-por-precision-que-proteja-el-medio-ambiente-y-la-salud-diego-molano\/","name":"\"En Colombia se va a desarrollar una aspersi\u00f3n por precisi\u00f3n que proteja el medio ambiente y la salud\": Diego Molano. | P\u00e1gina10","isPartOf":{"@id":"https:\/\/pagina10.com\/web\/#website"},"primaryImageOfPage":{"@id":"https:\/\/pagina10.com\/web\/en-colombia-se-va-a-desarrollar-una-aspersion-por-precision-que-proteja-el-medio-ambiente-y-la-salud-diego-molano\/#primaryimage"},"image":{"@id":"https:\/\/pagina10.com\/web\/en-colombia-se-va-a-desarrollar-una-aspersion-por-precision-que-proteja-el-medio-ambiente-y-la-salud-diego-molano\/#primaryimage"},"thumbnailUrl":"https:\/\/pagina10.com\/web\/wp-content\/uploads\/2021\/04\/diego-molano.jpg","datePublished":"2021-04-14T15:48:33+00:00","breadcrumb":{"@id":"https:\/\/pagina10.com\/web\/en-colombia-se-va-a-desarrollar-una-aspersion-por-precision-que-proteja-el-medio-ambiente-y-la-salud-diego-molano\/#breadcrumb"},"inLanguage":"es","potentialAction":[{"@type":"ReadAction","target":["https:\/\/pagina10.com\/web\/en-colombia-se-va-a-desarrollar-una-aspersion-por-precision-que-proteja-el-medio-ambiente-y-la-salud-diego-molano\/"]}]},{"@type":"ImageObject","inLanguage":"es","@id":"https:\/\/pagina10.com\/web\/en-colombia-se-va-a-desarrollar-una-aspersion-por-precision-que-proteja-el-medio-ambiente-y-la-salud-diego-molano\/#primaryimage","url":"https:\/\/pagina10.com\/web\/wp-content\/uploads\/2021\/04\/diego-molano.jpg","contentUrl":"https:\/\/pagina10.com\/web\/wp-content\/uploads\/2021\/04\/diego-molano.jpg","width":1440,"height":980},{"@type":"BreadcrumbList","@id":"https:\/\/pagina10.com\/web\/en-colombia-se-va-a-desarrollar-una-aspersion-por-precision-que-proteja-el-medio-ambiente-y-la-salud-diego-molano\/#breadcrumb","itemListElement":[{"@type":"ListItem","position":1,"name":"Portada","item":"https:\/\/pagina10.com\/web\/"},{"@type":"ListItem","position":2,"name":"&#8220;En Colombia se va a desarrollar una aspersi\u00f3n por precisi\u00f3n que proteja el medio ambiente y la salud&#8221;: Diego Molano."}]},{"@type":"WebSite","@id":"https:\/\/pagina10.com\/web\/#website","url":"https:\/\/pagina10.com\/web\/","name":"P\u00e1gina10","description":"Peri\u00f3dico Regional","publisher":{"@id":"https:\/\/pagina10.com\/web\/#organization"},"alternateName":"P\u00e1gina10 Peri\u00f3dico Regional","potentialAction":[{"@type":"SearchAction","target":{"@type":"EntryPoint","urlTemplate":"https:\/\/pagina10.com\/web\/?s={search_term_string}"},"query-input":{"@type":"PropertyValueSpecification","valueRequired":true,"valueName":"search_term_string"}}],"inLanguage":"es"},{"@type":"Organization","@id":"https:\/\/pagina10.com\/web\/#organization","name":"P\u00e1gina10","alternateName":"P\u00e1gina10 Peri\u00f3dico Regional","url":"https:\/\/pagina10.com\/web\/","logo":{"@type":"ImageObject","inLanguage":"es","@id":"https:\/\/pagina10.com\/web\/#\/schema\/logo\/image\/","url":"https:\/\/pagina10.com\/web\/wp-content\/uploads\/2024\/01\/40-pagina-10-periodico-regional-pasto.jpg","contentUrl":"https:\/\/pagina10.com\/web\/wp-content\/uploads\/2024\/01\/40-pagina-10-periodico-regional-pasto.jpg","width":1280,"height":720,"caption":"P\u00e1gina10"},"image":{"@id":"https:\/\/pagina10.com\/web\/#\/schema\/logo\/image\/"},"sameAs":["https:\/\/www.facebook.com\/pag10com","https:\/\/x.com\/Pag10com","https:\/\/www.instagram.com\/pagina10col\/","https:\/\/youtube.com\/channel\/pag10","https:\/\/www.tiktok.com\/@p10col"]},{"@type":"Person","@id":"https:\/\/pagina10.com\/web\/#\/schema\/person\/2efc4a090d25b667d3bc796798a3a81b","name":"P\u00e1gina 10","description":"P\u00e1gina 10 es un peri\u00f3dico regional que nace en Colombia, en el departamento de Nari\u00f1o, con un enfoque global, fundamentado en cuatro pilares esenciales: la libertad, el pluralismo, la inclusi\u00f3n y la independencia. P\u00e1gina 10 hace referencia a Nari\u00f1o como el d\u00e9cimo departamento creado en Colombia, despu\u00e9s de un proceso pol\u00edtico liderado por actores y actrices regionales con el fin de obtener la independencia y autonom\u00eda de nuestros territorios. Con la creaci\u00f3n de P\u00e1gina 10 se pretende abrir un escenario para el dialogo, la reflexi\u00f3n y el debate que se extienda a otras geograf\u00edas de Am\u00e9rica Latina y del planeta, en una apuesta por transformar colectivamente los desaf\u00edos de un mundo contempor\u00e1neo, m\u00e1s all\u00e1 de las fronteras impuestas.","url":"https:\/\/pagina10.com\/web\/author\/pdiezadmin\/"}]}},"_links":{"self":[{"href":"https:\/\/pagina10.com\/web\/wp-json\/wp\/v2\/posts\/51754","targetHints":{"allow":["GET"]}}],"collection":[{"href":"https:\/\/pagina10.com\/web\/wp-json\/wp\/v2\/posts"}],"about":[{"href":"https:\/\/pagina10.com\/web\/wp-json\/wp\/v2\/types\/post"}],"author":[{"embeddable":true,"href":"https:\/\/pagina10.com\/web\/wp-json\/wp\/v2\/users\/1"}],"replies":[{"embeddable":true,"href":"https:\/\/pagina10.com\/web\/wp-json\/wp\/v2\/comments?post=51754"}],"version-history":[{"count":1,"href":"https:\/\/pagina10.com\/web\/wp-json\/wp\/v2\/posts\/51754\/revisions"}],"predecessor-version":[{"id":51757,"href":"https:\/\/pagina10.com\/web\/wp-json\/wp\/v2\/posts\/51754\/revisions\/51757"}],"wp:featuredmedia":[{"embeddable":true,"href":"https:\/\/pagina10.com\/web\/wp-json\/wp\/v2\/media\/51756"}],"wp:attachment":[{"href":"https:\/\/pagina10.com\/web\/wp-json\/wp\/v2\/media?parent=51754"}],"wp:term":[{"taxonomy":"category","embeddable":true,"href":"https:\/\/pagina10.com\/web\/wp-json\/wp\/v2\/categories?post=51754"},{"taxonomy":"post_tag","embeddable":true,"href":"https:\/\/pagina10.com\/web\/wp-json\/wp\/v2\/tags?post=51754"}],"curies":[{"name":"wp","href":"https:\/\/api.w.org\/{rel}","templated":true}]}}