{"id":51782,"date":"2021-04-15T09:42:08","date_gmt":"2021-04-15T14:42:08","guid":{"rendered":"https:\/\/pagina10.com\/web\/?p=51782"},"modified":"2021-04-15T09:42:08","modified_gmt":"2021-04-15T14:42:08","slug":"organizaciones-y-movimientos-sociales-declaran-un-posible-paro-departamental-por-el-alza-en-las-tarifas-del-peaje-el-placer","status":"publish","type":"post","link":"https:\/\/pagina10.com\/web\/organizaciones-y-movimientos-sociales-declaran-un-posible-paro-departamental-por-el-alza-en-las-tarifas-del-peaje-el-placer\/","title":{"rendered":"Organizaciones y movimientos sociales declaran un posible paro departamental por el alza en las tarifas del peaje El Placer."},"content":{"rendered":"<p style=\"text-align: justify;\">Desde el pasado 10 de abril, una nueva tarifa empez\u00f3 a funcionar en el peaje de El Placer en cada una de las categor\u00edas vehiculares. Este incremento en los costos ha sido motivo de rechazo en todo el departamento por parte de diferentes sectores que han visto de manera m\u00e1s directa afectada su econom\u00eda. Los funcionarios de las C\u00e1maras de Comercio de Pasto e Ipiales suman su voz de protesta a la de cuentos de nari\u00f1enses que han rechazado el incremento excesivo en los costos.<\/p>\n<p style=\"text-align: justify;\">\nLa presidenta ejecutiva de la C\u00e1mara de Comercio de Ipiales, Yeimy Termal, afirm\u00f3 que el alza de los peajes afecta de forma negativa al sector productivo de la regi\u00f3n, por lo cual le solicito al Gobierno Nacional aceptar el di\u00e1logo con la comunidad que ha rechazado el incremento. En entrevista con Radio Ipiales de Caracol, manifest\u00f3 que el camino es adelantar un dialogo con las instancias competentes para as\u00ed evitar que la situaci\u00f3n se agudice con un posible paro departamental.<\/p>\n<p style=\"text-align: justify;\">\nEn el mismo sentido, el presidente ejecutivo de la C\u00e1mara de Comercio de Pasto, Damir Bravo, dijo al medio de comunicaci\u00f3n Caracol Pasto, que el incremento en las tarifas va en disonancia con la crisis generalizada que se vive en el departamento y en el pa\u00eds. Por lo anterior se\u00f1al\u00f3 que tal decisi\u00f3n deber\u00eda ser revisada.<\/p>\n<p style=\"text-align: justify;\">\nDe acuerdo a lo informado por un medio regional, el movimiento pol\u00edtico de Autoridades Ind\u00edgenas de Colombia AICO junto con la Asociaci\u00f3n Colombiana de Camioneros ACC y otros movimientos sociales, han invitado al Gobierno Nacional a una mesa de concertaci\u00f3n para el pr\u00f3ximo 21 de abril, de no darse la reuni\u00f3n, se ha definido declarar a la 1:00am del 27 de abril, como la hora cero de un paro departamental.<\/p>\n","protected":false},"excerpt":{"rendered":"<p>Desde el pasado 10 de abril, una nueva tarifa empez\u00f3 a funcionar en el peaje de El Placer en cada una de las categor\u00edas vehiculares. Este incremento en los costos ha sido motivo de rechazo en todo el departamento por parte de diferentes sectores que han visto de manera m\u00e1s directa afectada su econom\u00eda. Los [&hellip;]<\/p>\n","protected":false},"author":1,"featured_media":51783,"comment_status":"open","ping_status":"open","sticky":false,"template":"","format":"standard","meta":{"footnotes":""},"categories":[53],"tags":[],"class_list":["post-51782","post","type-post","status-publish","format-standard","has-post-thumbnail","hentry","category-regiones"],"yoast_head":"<!-- This site is optimized with the Yoast SEO plugin v27.1.1 - https:\/\/yoast.com\/product\/yoast-seo-wordpress\/ -->\n<title>Organizaciones y movimientos sociales declaran un posible paro departamental por el alza en las tarifas del peaje El Placer. | P\u00e1gina10<\/title>\n<meta name=\"robots\" content=\"index, follow, max-snippet:-1, max-image-preview:large, max-video-preview:-1\" \/>\n<link rel=\"canonical\" href=\"https:\/\/pagina10.com\/web\/organizaciones-y-movimientos-sociales-declaran-un-posible-paro-departamental-por-el-alza-en-las-tarifas-del-peaje-el-placer\/\" \/>\n<meta property=\"og:locale\" content=\"es_ES\" \/>\n<meta property=\"og:type\" content=\"article\" \/>\n<meta property=\"og:title\" content=\"Organizaciones y movimientos sociales declaran un posible paro departamental por el alza en las tarifas del peaje El Placer. | P\u00e1gina10\" \/>\n<meta property=\"og:description\" content=\"Desde el pasado 10 de abril, una nueva tarifa empez\u00f3 a funcionar en el peaje de El Placer en cada una de las categor\u00edas vehiculares. Este incremento en los costos ha sido motivo de rechazo en todo el departamento por parte de diferentes sectores que han visto de manera m\u00e1s directa afectada su econom\u00eda. Los [&hellip;]\" \/>\n<meta property=\"og:url\" content=\"https:\/\/pagina10.com\/web\/organizaciones-y-movimientos-sociales-declaran-un-posible-paro-departamental-por-el-alza-en-las-tarifas-del-peaje-el-placer\/\" \/>\n<meta property=\"og:site_name\" content=\"P\u00e1gina10\" \/>\n<meta property=\"article:publisher\" content=\"https:\/\/www.facebook.com\/pag10com\" \/>\n<meta property=\"article:published_time\" content=\"2021-04-15T14:42:08+00:00\" \/>\n<meta property=\"og:image\" content=\"https:\/\/pagina10.com\/web\/wp-content\/uploads\/2021\/04\/Peajes-1.jpeg\" \/>\n\t<meta property=\"og:image:width\" content=\"770\" \/>\n\t<meta property=\"og:image:height\" content=\"390\" \/>\n\t<meta property=\"og:image:type\" content=\"image\/jpeg\" \/>\n<meta name=\"author\" content=\"P\u00e1gina 10\" \/>\n<meta name=\"twitter:card\" content=\"summary_large_image\" \/>\n<meta name=\"twitter:creator\" content=\"@Pag10com\" \/>\n<meta name=\"twitter:site\" content=\"@Pag10com\" \/>\n<meta name=\"twitter:label1\" content=\"Escrito por\" \/>\n\t<meta name=\"twitter:data1\" content=\"P\u00e1gina 10\" \/>\n\t<meta name=\"twitter:label2\" content=\"Tiempo de lectura\" \/>\n\t<meta name=\"twitter:data2\" content=\"2 minutos\" \/>\n<script type=\"application\/ld+json\" class=\"yoast-schema-graph\">{\"@context\":\"https:\/\/schema.org\",\"@graph\":[{\"@type\":\"Article\",\"@id\":\"https:\/\/pagina10.com\/web\/organizaciones-y-movimientos-sociales-declaran-un-posible-paro-departamental-por-el-alza-en-las-tarifas-del-peaje-el-placer\/#article\",\"isPartOf\":{\"@id\":\"https:\/\/pagina10.com\/web\/organizaciones-y-movimientos-sociales-declaran-un-posible-paro-departamental-por-el-alza-en-las-tarifas-del-peaje-el-placer\/\"},\"author\":{\"name\":\"P\u00e1gina 10\",\"@id\":\"https:\/\/pagina10.com\/web\/#\/schema\/person\/2efc4a090d25b667d3bc796798a3a81b\"},\"headline\":\"Organizaciones y movimientos sociales declaran un posible paro departamental por el alza en las tarifas del peaje El Placer.\",\"datePublished\":\"2021-04-15T14:42:08+00:00\",\"mainEntityOfPage\":{\"@id\":\"https:\/\/pagina10.com\/web\/organizaciones-y-movimientos-sociales-declaran-un-posible-paro-departamental-por-el-alza-en-las-tarifas-del-peaje-el-placer\/\"},\"wordCount\":328,\"commentCount\":0,\"publisher\":{\"@id\":\"https:\/\/pagina10.com\/web\/#organization\"},\"image\":{\"@id\":\"https:\/\/pagina10.com\/web\/organizaciones-y-movimientos-sociales-declaran-un-posible-paro-departamental-por-el-alza-en-las-tarifas-del-peaje-el-placer\/#primaryimage\"},\"thumbnailUrl\":\"https:\/\/pagina10.com\/web\/wp-content\/uploads\/2021\/04\/Peajes-1.jpeg\",\"articleSection\":[\"Regiones\"],\"inLanguage\":\"es\",\"potentialAction\":[{\"@type\":\"CommentAction\",\"name\":\"Comment\",\"target\":[\"https:\/\/pagina10.com\/web\/organizaciones-y-movimientos-sociales-declaran-un-posible-paro-departamental-por-el-alza-en-las-tarifas-del-peaje-el-placer\/#respond\"]}]},{\"@type\":\"WebPage\",\"@id\":\"https:\/\/pagina10.com\/web\/organizaciones-y-movimientos-sociales-declaran-un-posible-paro-departamental-por-el-alza-en-las-tarifas-del-peaje-el-placer\/\",\"url\":\"https:\/\/pagina10.com\/web\/organizaciones-y-movimientos-sociales-declaran-un-posible-paro-departamental-por-el-alza-en-las-tarifas-del-peaje-el-placer\/\",\"name\":\"Organizaciones y movimientos sociales declaran un posible paro departamental por el alza en las tarifas del peaje El Placer. | P\u00e1gina10\",\"isPartOf\":{\"@id\":\"https:\/\/pagina10.com\/web\/#website\"},\"primaryImageOfPage\":{\"@id\":\"https:\/\/pagina10.com\/web\/organizaciones-y-movimientos-sociales-declaran-un-posible-paro-departamental-por-el-alza-en-las-tarifas-del-peaje-el-placer\/#primaryimage\"},\"image\":{\"@id\":\"https:\/\/pagina10.com\/web\/organizaciones-y-movimientos-sociales-declaran-un-posible-paro-departamental-por-el-alza-en-las-tarifas-del-peaje-el-placer\/#primaryimage\"},\"thumbnailUrl\":\"https:\/\/pagina10.com\/web\/wp-content\/uploads\/2021\/04\/Peajes-1.jpeg\",\"datePublished\":\"2021-04-15T14:42:08+00:00\",\"breadcrumb\":{\"@id\":\"https:\/\/pagina10.com\/web\/organizaciones-y-movimientos-sociales-declaran-un-posible-paro-departamental-por-el-alza-en-las-tarifas-del-peaje-el-placer\/#breadcrumb\"},\"inLanguage\":\"es\",\"potentialAction\":[{\"@type\":\"ReadAction\",\"target\":[\"https:\/\/pagina10.com\/web\/organizaciones-y-movimientos-sociales-declaran-un-posible-paro-departamental-por-el-alza-en-las-tarifas-del-peaje-el-placer\/\"]}]},{\"@type\":\"ImageObject\",\"inLanguage\":\"es\",\"@id\":\"https:\/\/pagina10.com\/web\/organizaciones-y-movimientos-sociales-declaran-un-posible-paro-departamental-por-el-alza-en-las-tarifas-del-peaje-el-placer\/#primaryimage\",\"url\":\"https:\/\/pagina10.com\/web\/wp-content\/uploads\/2021\/04\/Peajes-1.jpeg\",\"contentUrl\":\"https:\/\/pagina10.com\/web\/wp-content\/uploads\/2021\/04\/Peajes-1.jpeg\",\"width\":770,\"height\":390},{\"@type\":\"BreadcrumbList\",\"@id\":\"https:\/\/pagina10.com\/web\/organizaciones-y-movimientos-sociales-declaran-un-posible-paro-departamental-por-el-alza-en-las-tarifas-del-peaje-el-placer\/#breadcrumb\",\"itemListElement\":[{\"@type\":\"ListItem\",\"position\":1,\"name\":\"Portada\",\"item\":\"https:\/\/pagina10.com\/web\/\"},{\"@type\":\"ListItem\",\"position\":2,\"name\":\"Organizaciones y movimientos sociales declaran un posible paro departamental por el alza en las tarifas del peaje El Placer.\"}]},{\"@type\":\"WebSite\",\"@id\":\"https:\/\/pagina10.com\/web\/#website\",\"url\":\"https:\/\/pagina10.com\/web\/\",\"name\":\"P\u00e1gina10\",\"description\":\"Peri\u00f3dico Regional\",\"publisher\":{\"@id\":\"https:\/\/pagina10.com\/web\/#organization\"},\"alternateName\":\"P\u00e1gina10 Peri\u00f3dico Regional\",\"potentialAction\":[{\"@type\":\"SearchAction\",\"target\":{\"@type\":\"EntryPoint\",\"urlTemplate\":\"https:\/\/pagina10.com\/web\/?s={search_term_string}\"},\"query-input\":{\"@type\":\"PropertyValueSpecification\",\"valueRequired\":true,\"valueName\":\"search_term_string\"}}],\"inLanguage\":\"es\"},{\"@type\":\"Organization\",\"@id\":\"https:\/\/pagina10.com\/web\/#organization\",\"name\":\"P\u00e1gina10\",\"alternateName\":\"P\u00e1gina10 Peri\u00f3dico Regional\",\"url\":\"https:\/\/pagina10.com\/web\/\",\"logo\":{\"@type\":\"ImageObject\",\"inLanguage\":\"es\",\"@id\":\"https:\/\/pagina10.com\/web\/#\/schema\/logo\/image\/\",\"url\":\"https:\/\/pagina10.com\/web\/wp-content\/uploads\/2024\/01\/40-pagina-10-periodico-regional-pasto.jpg\",\"contentUrl\":\"https:\/\/pagina10.com\/web\/wp-content\/uploads\/2024\/01\/40-pagina-10-periodico-regional-pasto.jpg\",\"width\":1280,\"height\":720,\"caption\":\"P\u00e1gina10\"},\"image\":{\"@id\":\"https:\/\/pagina10.com\/web\/#\/schema\/logo\/image\/\"},\"sameAs\":[\"https:\/\/www.facebook.com\/pag10com\",\"https:\/\/x.com\/Pag10com\",\"https:\/\/www.instagram.com\/pagina10col\/\",\"https:\/\/youtube.com\/channel\/pag10\",\"https:\/\/www.tiktok.com\/@p10col\"]},{\"@type\":\"Person\",\"@id\":\"https:\/\/pagina10.com\/web\/#\/schema\/person\/2efc4a090d25b667d3bc796798a3a81b\",\"name\":\"P\u00e1gina 10\",\"description\":\"P\u00e1gina 10 es un peri\u00f3dico regional que nace en Colombia, en el departamento de Nari\u00f1o, con un enfoque global, fundamentado en cuatro pilares esenciales: la libertad, el pluralismo, la inclusi\u00f3n y la independencia. P\u00e1gina 10 hace referencia a Nari\u00f1o como el d\u00e9cimo departamento creado en Colombia, despu\u00e9s de un proceso pol\u00edtico liderado por actores y actrices regionales con el fin de obtener la independencia y autonom\u00eda de nuestros territorios. Con la creaci\u00f3n de P\u00e1gina 10 se pretende abrir un escenario para el dialogo, la reflexi\u00f3n y el debate que se extienda a otras geograf\u00edas de Am\u00e9rica Latina y del planeta, en una apuesta por transformar colectivamente los desaf\u00edos de un mundo contempor\u00e1neo, m\u00e1s all\u00e1 de las fronteras impuestas.\",\"url\":\"https:\/\/pagina10.com\/web\/author\/pdiezadmin\/\"}]}<\/script>\n<!-- \/ Yoast SEO plugin. -->","yoast_head_json":{"title":"Organizaciones y movimientos sociales declaran un posible paro departamental por el alza en las tarifas del peaje El Placer. | P\u00e1gina10","robots":{"index":"index","follow":"follow","max-snippet":"max-snippet:-1","max-image-preview":"max-image-preview:large","max-video-preview":"max-video-preview:-1"},"canonical":"https:\/\/pagina10.com\/web\/organizaciones-y-movimientos-sociales-declaran-un-posible-paro-departamental-por-el-alza-en-las-tarifas-del-peaje-el-placer\/","og_locale":"es_ES","og_type":"article","og_title":"Organizaciones y movimientos sociales declaran un posible paro departamental por el alza en las tarifas del peaje El Placer. | P\u00e1gina10","og_description":"Desde el pasado 10 de abril, una nueva tarifa empez\u00f3 a funcionar en el peaje de El Placer en cada una de las categor\u00edas vehiculares. Este incremento en los costos ha sido motivo de rechazo en todo el departamento por parte de diferentes sectores que han visto de manera m\u00e1s directa afectada su econom\u00eda. Los [&hellip;]","og_url":"https:\/\/pagina10.com\/web\/organizaciones-y-movimientos-sociales-declaran-un-posible-paro-departamental-por-el-alza-en-las-tarifas-del-peaje-el-placer\/","og_site_name":"P\u00e1gina10","article_publisher":"https:\/\/www.facebook.com\/pag10com","article_published_time":"2021-04-15T14:42:08+00:00","og_image":[{"width":770,"height":390,"url":"https:\/\/pagina10.com\/web\/wp-content\/uploads\/2021\/04\/Peajes-1.jpeg","type":"image\/jpeg"}],"author":"P\u00e1gina 10","twitter_card":"summary_large_image","twitter_creator":"@Pag10com","twitter_site":"@Pag10com","twitter_misc":{"Escrito por":"P\u00e1gina 10","Tiempo de lectura":"2 minutos"},"schema":{"@context":"https:\/\/schema.org","@graph":[{"@type":"Article","@id":"https:\/\/pagina10.com\/web\/organizaciones-y-movimientos-sociales-declaran-un-posible-paro-departamental-por-el-alza-en-las-tarifas-del-peaje-el-placer\/#article","isPartOf":{"@id":"https:\/\/pagina10.com\/web\/organizaciones-y-movimientos-sociales-declaran-un-posible-paro-departamental-por-el-alza-en-las-tarifas-del-peaje-el-placer\/"},"author":{"name":"P\u00e1gina 10","@id":"https:\/\/pagina10.com\/web\/#\/schema\/person\/2efc4a090d25b667d3bc796798a3a81b"},"headline":"Organizaciones y movimientos sociales declaran un posible paro departamental por el alza en las tarifas del peaje El Placer.","datePublished":"2021-04-15T14:42:08+00:00","mainEntityOfPage":{"@id":"https:\/\/pagina10.com\/web\/organizaciones-y-movimientos-sociales-declaran-un-posible-paro-departamental-por-el-alza-en-las-tarifas-del-peaje-el-placer\/"},"wordCount":328,"commentCount":0,"publisher":{"@id":"https:\/\/pagina10.com\/web\/#organization"},"image":{"@id":"https:\/\/pagina10.com\/web\/organizaciones-y-movimientos-sociales-declaran-un-posible-paro-departamental-por-el-alza-en-las-tarifas-del-peaje-el-placer\/#primaryimage"},"thumbnailUrl":"https:\/\/pagina10.com\/web\/wp-content\/uploads\/2021\/04\/Peajes-1.jpeg","articleSection":["Regiones"],"inLanguage":"es","potentialAction":[{"@type":"CommentAction","name":"Comment","target":["https:\/\/pagina10.com\/web\/organizaciones-y-movimientos-sociales-declaran-un-posible-paro-departamental-por-el-alza-en-las-tarifas-del-peaje-el-placer\/#respond"]}]},{"@type":"WebPage","@id":"https:\/\/pagina10.com\/web\/organizaciones-y-movimientos-sociales-declaran-un-posible-paro-departamental-por-el-alza-en-las-tarifas-del-peaje-el-placer\/","url":"https:\/\/pagina10.com\/web\/organizaciones-y-movimientos-sociales-declaran-un-posible-paro-departamental-por-el-alza-en-las-tarifas-del-peaje-el-placer\/","name":"Organizaciones y movimientos sociales declaran un posible paro departamental por el alza en las tarifas del peaje El Placer. | P\u00e1gina10","isPartOf":{"@id":"https:\/\/pagina10.com\/web\/#website"},"primaryImageOfPage":{"@id":"https:\/\/pagina10.com\/web\/organizaciones-y-movimientos-sociales-declaran-un-posible-paro-departamental-por-el-alza-en-las-tarifas-del-peaje-el-placer\/#primaryimage"},"image":{"@id":"https:\/\/pagina10.com\/web\/organizaciones-y-movimientos-sociales-declaran-un-posible-paro-departamental-por-el-alza-en-las-tarifas-del-peaje-el-placer\/#primaryimage"},"thumbnailUrl":"https:\/\/pagina10.com\/web\/wp-content\/uploads\/2021\/04\/Peajes-1.jpeg","datePublished":"2021-04-15T14:42:08+00:00","breadcrumb":{"@id":"https:\/\/pagina10.com\/web\/organizaciones-y-movimientos-sociales-declaran-un-posible-paro-departamental-por-el-alza-en-las-tarifas-del-peaje-el-placer\/#breadcrumb"},"inLanguage":"es","potentialAction":[{"@type":"ReadAction","target":["https:\/\/pagina10.com\/web\/organizaciones-y-movimientos-sociales-declaran-un-posible-paro-departamental-por-el-alza-en-las-tarifas-del-peaje-el-placer\/"]}]},{"@type":"ImageObject","inLanguage":"es","@id":"https:\/\/pagina10.com\/web\/organizaciones-y-movimientos-sociales-declaran-un-posible-paro-departamental-por-el-alza-en-las-tarifas-del-peaje-el-placer\/#primaryimage","url":"https:\/\/pagina10.com\/web\/wp-content\/uploads\/2021\/04\/Peajes-1.jpeg","contentUrl":"https:\/\/pagina10.com\/web\/wp-content\/uploads\/2021\/04\/Peajes-1.jpeg","width":770,"height":390},{"@type":"BreadcrumbList","@id":"https:\/\/pagina10.com\/web\/organizaciones-y-movimientos-sociales-declaran-un-posible-paro-departamental-por-el-alza-en-las-tarifas-del-peaje-el-placer\/#breadcrumb","itemListElement":[{"@type":"ListItem","position":1,"name":"Portada","item":"https:\/\/pagina10.com\/web\/"},{"@type":"ListItem","position":2,"name":"Organizaciones y movimientos sociales declaran un posible paro departamental por el alza en las tarifas del peaje El Placer."}]},{"@type":"WebSite","@id":"https:\/\/pagina10.com\/web\/#website","url":"https:\/\/pagina10.com\/web\/","name":"P\u00e1gina10","description":"Peri\u00f3dico Regional","publisher":{"@id":"https:\/\/pagina10.com\/web\/#organization"},"alternateName":"P\u00e1gina10 Peri\u00f3dico Regional","potentialAction":[{"@type":"SearchAction","target":{"@type":"EntryPoint","urlTemplate":"https:\/\/pagina10.com\/web\/?s={search_term_string}"},"query-input":{"@type":"PropertyValueSpecification","valueRequired":true,"valueName":"search_term_string"}}],"inLanguage":"es"},{"@type":"Organization","@id":"https:\/\/pagina10.com\/web\/#organization","name":"P\u00e1gina10","alternateName":"P\u00e1gina10 Peri\u00f3dico Regional","url":"https:\/\/pagina10.com\/web\/","logo":{"@type":"ImageObject","inLanguage":"es","@id":"https:\/\/pagina10.com\/web\/#\/schema\/logo\/image\/","url":"https:\/\/pagina10.com\/web\/wp-content\/uploads\/2024\/01\/40-pagina-10-periodico-regional-pasto.jpg","contentUrl":"https:\/\/pagina10.com\/web\/wp-content\/uploads\/2024\/01\/40-pagina-10-periodico-regional-pasto.jpg","width":1280,"height":720,"caption":"P\u00e1gina10"},"image":{"@id":"https:\/\/pagina10.com\/web\/#\/schema\/logo\/image\/"},"sameAs":["https:\/\/www.facebook.com\/pag10com","https:\/\/x.com\/Pag10com","https:\/\/www.instagram.com\/pagina10col\/","https:\/\/youtube.com\/channel\/pag10","https:\/\/www.tiktok.com\/@p10col"]},{"@type":"Person","@id":"https:\/\/pagina10.com\/web\/#\/schema\/person\/2efc4a090d25b667d3bc796798a3a81b","name":"P\u00e1gina 10","description":"P\u00e1gina 10 es un peri\u00f3dico regional que nace en Colombia, en el departamento de Nari\u00f1o, con un enfoque global, fundamentado en cuatro pilares esenciales: la libertad, el pluralismo, la inclusi\u00f3n y la independencia. P\u00e1gina 10 hace referencia a Nari\u00f1o como el d\u00e9cimo departamento creado en Colombia, despu\u00e9s de un proceso pol\u00edtico liderado por actores y actrices regionales con el fin de obtener la independencia y autonom\u00eda de nuestros territorios. Con la creaci\u00f3n de P\u00e1gina 10 se pretende abrir un escenario para el dialogo, la reflexi\u00f3n y el debate que se extienda a otras geograf\u00edas de Am\u00e9rica Latina y del planeta, en una apuesta por transformar colectivamente los desaf\u00edos de un mundo contempor\u00e1neo, m\u00e1s all\u00e1 de las fronteras impuestas.","url":"https:\/\/pagina10.com\/web\/author\/pdiezadmin\/"}]}},"_links":{"self":[{"href":"https:\/\/pagina10.com\/web\/wp-json\/wp\/v2\/posts\/51782","targetHints":{"allow":["GET"]}}],"collection":[{"href":"https:\/\/pagina10.com\/web\/wp-json\/wp\/v2\/posts"}],"about":[{"href":"https:\/\/pagina10.com\/web\/wp-json\/wp\/v2\/types\/post"}],"author":[{"embeddable":true,"href":"https:\/\/pagina10.com\/web\/wp-json\/wp\/v2\/users\/1"}],"replies":[{"embeddable":true,"href":"https:\/\/pagina10.com\/web\/wp-json\/wp\/v2\/comments?post=51782"}],"version-history":[{"count":1,"href":"https:\/\/pagina10.com\/web\/wp-json\/wp\/v2\/posts\/51782\/revisions"}],"predecessor-version":[{"id":51784,"href":"https:\/\/pagina10.com\/web\/wp-json\/wp\/v2\/posts\/51782\/revisions\/51784"}],"wp:featuredmedia":[{"embeddable":true,"href":"https:\/\/pagina10.com\/web\/wp-json\/wp\/v2\/media\/51783"}],"wp:attachment":[{"href":"https:\/\/pagina10.com\/web\/wp-json\/wp\/v2\/media?parent=51782"}],"wp:term":[{"taxonomy":"category","embeddable":true,"href":"https:\/\/pagina10.com\/web\/wp-json\/wp\/v2\/categories?post=51782"},{"taxonomy":"post_tag","embeddable":true,"href":"https:\/\/pagina10.com\/web\/wp-json\/wp\/v2\/tags?post=51782"}],"curies":[{"name":"wp","href":"https:\/\/api.w.org\/{rel}","templated":true}]}}