{"id":51814,"date":"2021-04-16T16:34:02","date_gmt":"2021-04-16T21:34:02","guid":{"rendered":"https:\/\/pagina10.com\/web\/?p=51814"},"modified":"2021-04-16T16:34:02","modified_gmt":"2021-04-16T21:34:02","slug":"el-ingeniero-narinense-javier-coral-es-el-personaje-10","status":"publish","type":"post","link":"https:\/\/pagina10.com\/web\/el-ingeniero-narinense-javier-coral-es-el-personaje-10\/","title":{"rendered":"El Ingeniero nari\u00f1ense, Javier Coral, es El Personaje 10."},"content":{"rendered":"<p style=\"text-align: justify;\">Javier Coral es Ingeniero de profesi\u00f3n, empresario nari\u00f1ense, asesor para el sector publico y privado a lo largo del territorio nacional con una experiencia de 13 a\u00f1os, Bombero voluntario con grado de oficial y\u00a0 experto en la aplicaci\u00f3n de sistemas integrales de planificaci\u00f3n de riesgos para los servicios p\u00fablicos esenciales. Su formaci\u00f3n ha sido realizada en la Universidad de Nari\u00f1o, Ces de Medell\u00edn y Externado de Colombia y actualmente ostenta el grado de maestr\u00eda y en el exterior su formaci\u00f3n especializada se dio \u00a0USA (Texas) para tareas del alto riesgo, \u00a0Risk management en Espa\u00f1a y formaci\u00f3n de Riesgo qu\u00edmico \u2013 Biol\u00f3gico &#8211; radiol\u00f3gico en la Haya Holanda.<\/p>\n<p style=\"text-align: justify;\">Actualmente desarrolla sistemas de habilitaci\u00f3n, vigilancia y control de operaciones que se articulan con la planificaci\u00f3n de ciudades bajo factores de movilidad, riesgos ambientales, planificaci\u00f3n territorial, riesgos estrat\u00e9gicos, riesgos operacionales, \u00a0y transformaci\u00f3n de territorios frente aspectos de seguridad generando sinergias a las agendas determinadas en los ODS.<\/p>\n<p style=\"text-align: justify;\">He sido destacado a nivel pa\u00eds y en Latinoam\u00e9rica por una formaci\u00f3n continua en entrenamiento a profesionales que generan respuestas a desastres naturales y tecnol\u00f3gicos, as\u00ed como en el planteamiento de proyectos encaminados a enlazar la anal\u00edtica de datos, inteligencia artificial y la resiliencia humana, para optimizar tiempos, automatizar alertas tempranas y crear interoperabilidad entre sus actores que permitan hacer una oportuna respuesta con el fin de salvar vidas, proteger bienes y ambiente.<\/p>\n<p style=\"text-align: justify;\">A nivel empresarial ha participado en escenarios acad\u00e9micos de ense\u00f1anza con los gremios privados como conferencista, y ha tenido la oportunidad de aportar cambios en el pa\u00eds en materia de planificaci\u00f3n de riesgos, as\u00ed como facilitar la creaci\u00f3n de empleos directos e indirectos a t\u00e9cnicos y profesionales del \u00e1rea.<\/p>\n<p style=\"text-align: justify;\">Su motivaci\u00f3n esta enfocada a mitigar las inequidades y las afectaciones de las poblaciones, a trav\u00e9s del cuidado de los recursos y el uso efectivo de la comunicaci\u00f3n como herramienta din\u00e1mica y humanizadora, adoptando el criterio de riesgos y el an\u00e1lisis de datos como eje central para la toma de decisiones en la administraci\u00f3n de pol\u00edticas p\u00fablicas.<\/p>\n","protected":false},"excerpt":{"rendered":"<p>Javier Coral es Ingeniero de profesi\u00f3n, empresario nari\u00f1ense, asesor para el sector publico y privado a lo largo del territorio nacional con una experiencia de 13 a\u00f1os, Bombero voluntario con grado de oficial y\u00a0 experto en la aplicaci\u00f3n de sistemas integrales de planificaci\u00f3n de riesgos para los servicios p\u00fablicos esenciales. Su formaci\u00f3n ha sido realizada [&hellip;]<\/p>\n","protected":false},"author":1,"featured_media":51815,"comment_status":"open","ping_status":"open","sticky":false,"template":"","format":"standard","meta":{"footnotes":""},"categories":[53,1528],"tags":[],"class_list":["post-51814","post","type-post","status-publish","format-standard","has-post-thumbnail","hentry","category-regiones","category-titulares"],"yoast_head":"<!-- This site is optimized with the Yoast SEO plugin v27.1.1 - https:\/\/yoast.com\/product\/yoast-seo-wordpress\/ -->\n<title>El Ingeniero nari\u00f1ense, Javier Coral, es El Personaje 10. | P\u00e1gina10<\/title>\n<meta name=\"robots\" content=\"index, follow, max-snippet:-1, max-image-preview:large, max-video-preview:-1\" \/>\n<link rel=\"canonical\" href=\"https:\/\/pagina10.com\/web\/el-ingeniero-narinense-javier-coral-es-el-personaje-10\/\" \/>\n<meta property=\"og:locale\" content=\"es_ES\" \/>\n<meta property=\"og:type\" content=\"article\" \/>\n<meta property=\"og:title\" content=\"El Ingeniero nari\u00f1ense, Javier Coral, es El Personaje 10. | P\u00e1gina10\" \/>\n<meta property=\"og:description\" content=\"Javier Coral es Ingeniero de profesi\u00f3n, empresario nari\u00f1ense, asesor para el sector publico y privado a lo largo del territorio nacional con una experiencia de 13 a\u00f1os, Bombero voluntario con grado de oficial y experto en la aplicaci\u00f3n de sistemas integrales de planificaci\u00f3n de riesgos para los servicios p\u00fablicos esenciales. Su formaci\u00f3n ha sido realizada [&hellip;]\" \/>\n<meta property=\"og:url\" content=\"https:\/\/pagina10.com\/web\/el-ingeniero-narinense-javier-coral-es-el-personaje-10\/\" \/>\n<meta property=\"og:site_name\" content=\"P\u00e1gina10\" \/>\n<meta property=\"article:publisher\" content=\"https:\/\/www.facebook.com\/pag10com\" \/>\n<meta property=\"article:published_time\" content=\"2021-04-16T21:34:02+00:00\" \/>\n<meta property=\"og:image\" content=\"https:\/\/pagina10.com\/web\/wp-content\/uploads\/2021\/04\/javier-coral-2-scaled.jpg\" \/>\n\t<meta property=\"og:image:width\" content=\"2560\" \/>\n\t<meta property=\"og:image:height\" content=\"1679\" \/>\n\t<meta property=\"og:image:type\" content=\"image\/jpeg\" \/>\n<meta name=\"author\" content=\"P\u00e1gina 10\" \/>\n<meta name=\"twitter:card\" content=\"summary_large_image\" \/>\n<meta name=\"twitter:creator\" content=\"@Pag10com\" \/>\n<meta name=\"twitter:site\" content=\"@Pag10com\" \/>\n<meta name=\"twitter:label1\" content=\"Escrito por\" \/>\n\t<meta name=\"twitter:data1\" content=\"P\u00e1gina 10\" \/>\n\t<meta name=\"twitter:label2\" content=\"Tiempo de lectura\" \/>\n\t<meta name=\"twitter:data2\" content=\"2 minutos\" \/>\n<script type=\"application\/ld+json\" class=\"yoast-schema-graph\">{\"@context\":\"https:\/\/schema.org\",\"@graph\":[{\"@type\":\"Article\",\"@id\":\"https:\/\/pagina10.com\/web\/el-ingeniero-narinense-javier-coral-es-el-personaje-10\/#article\",\"isPartOf\":{\"@id\":\"https:\/\/pagina10.com\/web\/el-ingeniero-narinense-javier-coral-es-el-personaje-10\/\"},\"author\":{\"name\":\"P\u00e1gina 10\",\"@id\":\"https:\/\/pagina10.com\/web\/#\/schema\/person\/2efc4a090d25b667d3bc796798a3a81b\"},\"headline\":\"El Ingeniero nari\u00f1ense, Javier Coral, es El Personaje 10.\",\"datePublished\":\"2021-04-16T21:34:02+00:00\",\"mainEntityOfPage\":{\"@id\":\"https:\/\/pagina10.com\/web\/el-ingeniero-narinense-javier-coral-es-el-personaje-10\/\"},\"wordCount\":380,\"commentCount\":0,\"publisher\":{\"@id\":\"https:\/\/pagina10.com\/web\/#organization\"},\"image\":{\"@id\":\"https:\/\/pagina10.com\/web\/el-ingeniero-narinense-javier-coral-es-el-personaje-10\/#primaryimage\"},\"thumbnailUrl\":\"https:\/\/pagina10.com\/web\/wp-content\/uploads\/2021\/04\/javier-coral-2-scaled.jpg\",\"articleSection\":[\"Regiones\",\"Titulares\"],\"inLanguage\":\"es\",\"potentialAction\":[{\"@type\":\"CommentAction\",\"name\":\"Comment\",\"target\":[\"https:\/\/pagina10.com\/web\/el-ingeniero-narinense-javier-coral-es-el-personaje-10\/#respond\"]}]},{\"@type\":\"WebPage\",\"@id\":\"https:\/\/pagina10.com\/web\/el-ingeniero-narinense-javier-coral-es-el-personaje-10\/\",\"url\":\"https:\/\/pagina10.com\/web\/el-ingeniero-narinense-javier-coral-es-el-personaje-10\/\",\"name\":\"El Ingeniero nari\u00f1ense, Javier Coral, es El Personaje 10. | P\u00e1gina10\",\"isPartOf\":{\"@id\":\"https:\/\/pagina10.com\/web\/#website\"},\"primaryImageOfPage\":{\"@id\":\"https:\/\/pagina10.com\/web\/el-ingeniero-narinense-javier-coral-es-el-personaje-10\/#primaryimage\"},\"image\":{\"@id\":\"https:\/\/pagina10.com\/web\/el-ingeniero-narinense-javier-coral-es-el-personaje-10\/#primaryimage\"},\"thumbnailUrl\":\"https:\/\/pagina10.com\/web\/wp-content\/uploads\/2021\/04\/javier-coral-2-scaled.jpg\",\"datePublished\":\"2021-04-16T21:34:02+00:00\",\"breadcrumb\":{\"@id\":\"https:\/\/pagina10.com\/web\/el-ingeniero-narinense-javier-coral-es-el-personaje-10\/#breadcrumb\"},\"inLanguage\":\"es\",\"potentialAction\":[{\"@type\":\"ReadAction\",\"target\":[\"https:\/\/pagina10.com\/web\/el-ingeniero-narinense-javier-coral-es-el-personaje-10\/\"]}]},{\"@type\":\"ImageObject\",\"inLanguage\":\"es\",\"@id\":\"https:\/\/pagina10.com\/web\/el-ingeniero-narinense-javier-coral-es-el-personaje-10\/#primaryimage\",\"url\":\"https:\/\/pagina10.com\/web\/wp-content\/uploads\/2021\/04\/javier-coral-2-scaled.jpg\",\"contentUrl\":\"https:\/\/pagina10.com\/web\/wp-content\/uploads\/2021\/04\/javier-coral-2-scaled.jpg\",\"width\":2560,\"height\":1679},{\"@type\":\"BreadcrumbList\",\"@id\":\"https:\/\/pagina10.com\/web\/el-ingeniero-narinense-javier-coral-es-el-personaje-10\/#breadcrumb\",\"itemListElement\":[{\"@type\":\"ListItem\",\"position\":1,\"name\":\"Portada\",\"item\":\"https:\/\/pagina10.com\/web\/\"},{\"@type\":\"ListItem\",\"position\":2,\"name\":\"El Ingeniero nari\u00f1ense, Javier Coral, es El Personaje 10.\"}]},{\"@type\":\"WebSite\",\"@id\":\"https:\/\/pagina10.com\/web\/#website\",\"url\":\"https:\/\/pagina10.com\/web\/\",\"name\":\"P\u00e1gina10\",\"description\":\"Peri\u00f3dico Regional\",\"publisher\":{\"@id\":\"https:\/\/pagina10.com\/web\/#organization\"},\"alternateName\":\"P\u00e1gina10 Peri\u00f3dico Regional\",\"potentialAction\":[{\"@type\":\"SearchAction\",\"target\":{\"@type\":\"EntryPoint\",\"urlTemplate\":\"https:\/\/pagina10.com\/web\/?s={search_term_string}\"},\"query-input\":{\"@type\":\"PropertyValueSpecification\",\"valueRequired\":true,\"valueName\":\"search_term_string\"}}],\"inLanguage\":\"es\"},{\"@type\":\"Organization\",\"@id\":\"https:\/\/pagina10.com\/web\/#organization\",\"name\":\"P\u00e1gina10\",\"alternateName\":\"P\u00e1gina10 Peri\u00f3dico Regional\",\"url\":\"https:\/\/pagina10.com\/web\/\",\"logo\":{\"@type\":\"ImageObject\",\"inLanguage\":\"es\",\"@id\":\"https:\/\/pagina10.com\/web\/#\/schema\/logo\/image\/\",\"url\":\"https:\/\/pagina10.com\/web\/wp-content\/uploads\/2024\/01\/40-pagina-10-periodico-regional-pasto.jpg\",\"contentUrl\":\"https:\/\/pagina10.com\/web\/wp-content\/uploads\/2024\/01\/40-pagina-10-periodico-regional-pasto.jpg\",\"width\":1280,\"height\":720,\"caption\":\"P\u00e1gina10\"},\"image\":{\"@id\":\"https:\/\/pagina10.com\/web\/#\/schema\/logo\/image\/\"},\"sameAs\":[\"https:\/\/www.facebook.com\/pag10com\",\"https:\/\/x.com\/Pag10com\",\"https:\/\/www.instagram.com\/pagina10col\/\",\"https:\/\/youtube.com\/channel\/pag10\",\"https:\/\/www.tiktok.com\/@p10col\"]},{\"@type\":\"Person\",\"@id\":\"https:\/\/pagina10.com\/web\/#\/schema\/person\/2efc4a090d25b667d3bc796798a3a81b\",\"name\":\"P\u00e1gina 10\",\"description\":\"P\u00e1gina 10 es un peri\u00f3dico regional que nace en Colombia, en el departamento de Nari\u00f1o, con un enfoque global, fundamentado en cuatro pilares esenciales: la libertad, el pluralismo, la inclusi\u00f3n y la independencia. P\u00e1gina 10 hace referencia a Nari\u00f1o como el d\u00e9cimo departamento creado en Colombia, despu\u00e9s de un proceso pol\u00edtico liderado por actores y actrices regionales con el fin de obtener la independencia y autonom\u00eda de nuestros territorios. Con la creaci\u00f3n de P\u00e1gina 10 se pretende abrir un escenario para el dialogo, la reflexi\u00f3n y el debate que se extienda a otras geograf\u00edas de Am\u00e9rica Latina y del planeta, en una apuesta por transformar colectivamente los desaf\u00edos de un mundo contempor\u00e1neo, m\u00e1s all\u00e1 de las fronteras impuestas.\",\"url\":\"https:\/\/pagina10.com\/web\/author\/pdiezadmin\/\"}]}<\/script>\n<!-- \/ Yoast SEO plugin. -->","yoast_head_json":{"title":"El Ingeniero nari\u00f1ense, Javier Coral, es El Personaje 10. | P\u00e1gina10","robots":{"index":"index","follow":"follow","max-snippet":"max-snippet:-1","max-image-preview":"max-image-preview:large","max-video-preview":"max-video-preview:-1"},"canonical":"https:\/\/pagina10.com\/web\/el-ingeniero-narinense-javier-coral-es-el-personaje-10\/","og_locale":"es_ES","og_type":"article","og_title":"El Ingeniero nari\u00f1ense, Javier Coral, es El Personaje 10. | P\u00e1gina10","og_description":"Javier Coral es Ingeniero de profesi\u00f3n, empresario nari\u00f1ense, asesor para el sector publico y privado a lo largo del territorio nacional con una experiencia de 13 a\u00f1os, Bombero voluntario con grado de oficial y experto en la aplicaci\u00f3n de sistemas integrales de planificaci\u00f3n de riesgos para los servicios p\u00fablicos esenciales. Su formaci\u00f3n ha sido realizada [&hellip;]","og_url":"https:\/\/pagina10.com\/web\/el-ingeniero-narinense-javier-coral-es-el-personaje-10\/","og_site_name":"P\u00e1gina10","article_publisher":"https:\/\/www.facebook.com\/pag10com","article_published_time":"2021-04-16T21:34:02+00:00","og_image":[{"width":2560,"height":1679,"url":"https:\/\/pagina10.com\/web\/wp-content\/uploads\/2021\/04\/javier-coral-2-scaled.jpg","type":"image\/jpeg"}],"author":"P\u00e1gina 10","twitter_card":"summary_large_image","twitter_creator":"@Pag10com","twitter_site":"@Pag10com","twitter_misc":{"Escrito por":"P\u00e1gina 10","Tiempo de lectura":"2 minutos"},"schema":{"@context":"https:\/\/schema.org","@graph":[{"@type":"Article","@id":"https:\/\/pagina10.com\/web\/el-ingeniero-narinense-javier-coral-es-el-personaje-10\/#article","isPartOf":{"@id":"https:\/\/pagina10.com\/web\/el-ingeniero-narinense-javier-coral-es-el-personaje-10\/"},"author":{"name":"P\u00e1gina 10","@id":"https:\/\/pagina10.com\/web\/#\/schema\/person\/2efc4a090d25b667d3bc796798a3a81b"},"headline":"El Ingeniero nari\u00f1ense, Javier Coral, es El Personaje 10.","datePublished":"2021-04-16T21:34:02+00:00","mainEntityOfPage":{"@id":"https:\/\/pagina10.com\/web\/el-ingeniero-narinense-javier-coral-es-el-personaje-10\/"},"wordCount":380,"commentCount":0,"publisher":{"@id":"https:\/\/pagina10.com\/web\/#organization"},"image":{"@id":"https:\/\/pagina10.com\/web\/el-ingeniero-narinense-javier-coral-es-el-personaje-10\/#primaryimage"},"thumbnailUrl":"https:\/\/pagina10.com\/web\/wp-content\/uploads\/2021\/04\/javier-coral-2-scaled.jpg","articleSection":["Regiones","Titulares"],"inLanguage":"es","potentialAction":[{"@type":"CommentAction","name":"Comment","target":["https:\/\/pagina10.com\/web\/el-ingeniero-narinense-javier-coral-es-el-personaje-10\/#respond"]}]},{"@type":"WebPage","@id":"https:\/\/pagina10.com\/web\/el-ingeniero-narinense-javier-coral-es-el-personaje-10\/","url":"https:\/\/pagina10.com\/web\/el-ingeniero-narinense-javier-coral-es-el-personaje-10\/","name":"El Ingeniero nari\u00f1ense, Javier Coral, es El Personaje 10. | P\u00e1gina10","isPartOf":{"@id":"https:\/\/pagina10.com\/web\/#website"},"primaryImageOfPage":{"@id":"https:\/\/pagina10.com\/web\/el-ingeniero-narinense-javier-coral-es-el-personaje-10\/#primaryimage"},"image":{"@id":"https:\/\/pagina10.com\/web\/el-ingeniero-narinense-javier-coral-es-el-personaje-10\/#primaryimage"},"thumbnailUrl":"https:\/\/pagina10.com\/web\/wp-content\/uploads\/2021\/04\/javier-coral-2-scaled.jpg","datePublished":"2021-04-16T21:34:02+00:00","breadcrumb":{"@id":"https:\/\/pagina10.com\/web\/el-ingeniero-narinense-javier-coral-es-el-personaje-10\/#breadcrumb"},"inLanguage":"es","potentialAction":[{"@type":"ReadAction","target":["https:\/\/pagina10.com\/web\/el-ingeniero-narinense-javier-coral-es-el-personaje-10\/"]}]},{"@type":"ImageObject","inLanguage":"es","@id":"https:\/\/pagina10.com\/web\/el-ingeniero-narinense-javier-coral-es-el-personaje-10\/#primaryimage","url":"https:\/\/pagina10.com\/web\/wp-content\/uploads\/2021\/04\/javier-coral-2-scaled.jpg","contentUrl":"https:\/\/pagina10.com\/web\/wp-content\/uploads\/2021\/04\/javier-coral-2-scaled.jpg","width":2560,"height":1679},{"@type":"BreadcrumbList","@id":"https:\/\/pagina10.com\/web\/el-ingeniero-narinense-javier-coral-es-el-personaje-10\/#breadcrumb","itemListElement":[{"@type":"ListItem","position":1,"name":"Portada","item":"https:\/\/pagina10.com\/web\/"},{"@type":"ListItem","position":2,"name":"El Ingeniero nari\u00f1ense, Javier Coral, es El Personaje 10."}]},{"@type":"WebSite","@id":"https:\/\/pagina10.com\/web\/#website","url":"https:\/\/pagina10.com\/web\/","name":"P\u00e1gina10","description":"Peri\u00f3dico Regional","publisher":{"@id":"https:\/\/pagina10.com\/web\/#organization"},"alternateName":"P\u00e1gina10 Peri\u00f3dico Regional","potentialAction":[{"@type":"SearchAction","target":{"@type":"EntryPoint","urlTemplate":"https:\/\/pagina10.com\/web\/?s={search_term_string}"},"query-input":{"@type":"PropertyValueSpecification","valueRequired":true,"valueName":"search_term_string"}}],"inLanguage":"es"},{"@type":"Organization","@id":"https:\/\/pagina10.com\/web\/#organization","name":"P\u00e1gina10","alternateName":"P\u00e1gina10 Peri\u00f3dico Regional","url":"https:\/\/pagina10.com\/web\/","logo":{"@type":"ImageObject","inLanguage":"es","@id":"https:\/\/pagina10.com\/web\/#\/schema\/logo\/image\/","url":"https:\/\/pagina10.com\/web\/wp-content\/uploads\/2024\/01\/40-pagina-10-periodico-regional-pasto.jpg","contentUrl":"https:\/\/pagina10.com\/web\/wp-content\/uploads\/2024\/01\/40-pagina-10-periodico-regional-pasto.jpg","width":1280,"height":720,"caption":"P\u00e1gina10"},"image":{"@id":"https:\/\/pagina10.com\/web\/#\/schema\/logo\/image\/"},"sameAs":["https:\/\/www.facebook.com\/pag10com","https:\/\/x.com\/Pag10com","https:\/\/www.instagram.com\/pagina10col\/","https:\/\/youtube.com\/channel\/pag10","https:\/\/www.tiktok.com\/@p10col"]},{"@type":"Person","@id":"https:\/\/pagina10.com\/web\/#\/schema\/person\/2efc4a090d25b667d3bc796798a3a81b","name":"P\u00e1gina 10","description":"P\u00e1gina 10 es un peri\u00f3dico regional que nace en Colombia, en el departamento de Nari\u00f1o, con un enfoque global, fundamentado en cuatro pilares esenciales: la libertad, el pluralismo, la inclusi\u00f3n y la independencia. P\u00e1gina 10 hace referencia a Nari\u00f1o como el d\u00e9cimo departamento creado en Colombia, despu\u00e9s de un proceso pol\u00edtico liderado por actores y actrices regionales con el fin de obtener la independencia y autonom\u00eda de nuestros territorios. Con la creaci\u00f3n de P\u00e1gina 10 se pretende abrir un escenario para el dialogo, la reflexi\u00f3n y el debate que se extienda a otras geograf\u00edas de Am\u00e9rica Latina y del planeta, en una apuesta por transformar colectivamente los desaf\u00edos de un mundo contempor\u00e1neo, m\u00e1s all\u00e1 de las fronteras impuestas.","url":"https:\/\/pagina10.com\/web\/author\/pdiezadmin\/"}]}},"_links":{"self":[{"href":"https:\/\/pagina10.com\/web\/wp-json\/wp\/v2\/posts\/51814","targetHints":{"allow":["GET"]}}],"collection":[{"href":"https:\/\/pagina10.com\/web\/wp-json\/wp\/v2\/posts"}],"about":[{"href":"https:\/\/pagina10.com\/web\/wp-json\/wp\/v2\/types\/post"}],"author":[{"embeddable":true,"href":"https:\/\/pagina10.com\/web\/wp-json\/wp\/v2\/users\/1"}],"replies":[{"embeddable":true,"href":"https:\/\/pagina10.com\/web\/wp-json\/wp\/v2\/comments?post=51814"}],"version-history":[{"count":1,"href":"https:\/\/pagina10.com\/web\/wp-json\/wp\/v2\/posts\/51814\/revisions"}],"predecessor-version":[{"id":51816,"href":"https:\/\/pagina10.com\/web\/wp-json\/wp\/v2\/posts\/51814\/revisions\/51816"}],"wp:featuredmedia":[{"embeddable":true,"href":"https:\/\/pagina10.com\/web\/wp-json\/wp\/v2\/media\/51815"}],"wp:attachment":[{"href":"https:\/\/pagina10.com\/web\/wp-json\/wp\/v2\/media?parent=51814"}],"wp:term":[{"taxonomy":"category","embeddable":true,"href":"https:\/\/pagina10.com\/web\/wp-json\/wp\/v2\/categories?post=51814"},{"taxonomy":"post_tag","embeddable":true,"href":"https:\/\/pagina10.com\/web\/wp-json\/wp\/v2\/tags?post=51814"}],"curies":[{"name":"wp","href":"https:\/\/api.w.org\/{rel}","templated":true}]}}