{"id":51817,"date":"2021-04-16T16:48:12","date_gmt":"2021-04-16T21:48:12","guid":{"rendered":"https:\/\/pagina10.com\/web\/?p=51817"},"modified":"2021-04-16T16:48:12","modified_gmt":"2021-04-16T21:48:12","slug":"tendremos-que-trabajar-para-que-hayan-conservadores-jovenes-que-asuman-la-responsabilidad-de-este-dia-miriam-paredes","status":"publish","type":"post","link":"https:\/\/pagina10.com\/web\/tendremos-que-trabajar-para-que-hayan-conservadores-jovenes-que-asuman-la-responsabilidad-de-este-dia-miriam-paredes\/","title":{"rendered":"&#8220;Tendremos que trabajar para que hayan conservadores j\u00f3venes que asuman la responsabilidad de este d\u00eda&#8221;: Miriam Paredes."},"content":{"rendered":"<p style=\"text-align: justify;\">Hoy la senadora del Partido Conservador, Miriam Paredes, en entrevista con Radio Ipiales habl\u00f3 de las reacciones generadas dentro del partido por la muerte del Senador Eduardo Enr\u00edquez Maya. En la entrevista manifest\u00f3 su solidaridad por la muerte del senador, a sus familiares y a todos los seguidores que lo acompa\u00f1aron en las diferentes luchas pol\u00edticas que el Senador libr\u00f3 durante tantos a\u00f1os.<\/p>\n<p style=\"text-align: justify;\">Manifest\u00f3 que lo sucedido el pasado mi\u00e9rcoles fue \u201crealmente una sorpresa y una tristeza enorme creo que para todos los conservadores porque Eduardo fue un dirigente muy destacado en el departamento de Nari\u00f1o\u201d. \u201cSi bien es cierto militamos en orillas diferentes del Partido Conservador, siempre mantuvimos el respeto, la consideraci\u00f3n y eso no significaba que no trabaj\u00e1ramos en pro del departamento de Nari\u00f1o de manera conjunta\u201d afirm\u00f3 la Senadora nari\u00f1ense.<\/p>\n<p style=\"text-align: justify;\">Por otra parte, fue enf\u00e1tica en afirmar que con la muerte del senador, quedan muchos retos para la familia Enr\u00edquez Caicedo y que la dirigencia del Partido Conservador debe asumir una inmensa responsabilidad para seguir manteniendo los espacios de participaci\u00f3n que durante todos estos a\u00f1os se han mantenido. \u201cHacia el futuro tendremos que trabajar para que se mantengan esos espacios y para que haya conservadores j\u00f3venes que puedan asumir la responsabilidad de este momento y de este d\u00eda\u201d expres\u00f3 Miriam Paredes.<\/p>\n<p style=\"text-align: justify;\">En este sentido, se\u00f1al\u00f3 que la disminuci\u00f3n en la representaci\u00f3n pol\u00edtica del Partido Conservador en el municipio de Ipiales no se ha dado por la rivalidad pol\u00edtica al interior del partido sino por la poca confianza de aquellos que pueden tener una posibilidad dentro del concejo y no se arriesgan. \u201cEs preferible estar dentro de una lista fuerte donde hay un reconocimiento de unos liderazgos que en una lista que apenas se va a conformar\u201d dijo.<\/p>\n<p style=\"text-align: justify;\">Puntualiz\u00f3 tambi\u00e9n en que estos hechos tr\u00e1gicos generan unidad y que la dirigencia conservadora tendr\u00e1 \u00a0que reunirse con Eduardo Enr\u00edquez Caicedo, hijo del Senador, para mantener los grupos de apoyo que Eduardo Enr\u00edquez Maya ten\u00eda y para lograr unificar acciones en pro de la presencia pol\u00edtica \u00a0del partido en este pr\u00f3ximo debate electoral. \u201cAqu\u00ed no puede haber rivalidades, no pueden haber acciones personalistas sino que tenemos que pensar en la responsabilidad futura frente al partido\u201d agreg\u00f3 la senadora.<\/p>\n<p style=\"text-align: justify;\">Agreg\u00f3 finalmente que Soledad Tamayo ser\u00e1 quien entre a ocupar la curul de Eduardo Enr\u00edquez Maya en el Senado de la Rep\u00fablica.<\/p>\n","protected":false},"excerpt":{"rendered":"<p>Hoy la senadora del Partido Conservador, Miriam Paredes, en entrevista con Radio Ipiales habl\u00f3 de las reacciones generadas dentro del partido por la muerte del Senador Eduardo Enr\u00edquez Maya. En la entrevista manifest\u00f3 su solidaridad por la muerte del senador, a sus familiares y a todos los seguidores que lo acompa\u00f1aron en las diferentes luchas [&hellip;]<\/p>\n","protected":false},"author":1,"featured_media":51818,"comment_status":"open","ping_status":"open","sticky":false,"template":"","format":"standard","meta":{"footnotes":""},"categories":[53],"tags":[],"class_list":["post-51817","post","type-post","status-publish","format-standard","has-post-thumbnail","hentry","category-regiones"],"yoast_head":"<!-- This site is optimized with the Yoast SEO plugin v27.1.1 - https:\/\/yoast.com\/product\/yoast-seo-wordpress\/ -->\n<title>&quot;Tendremos que trabajar para que hayan conservadores j\u00f3venes que asuman la responsabilidad de este d\u00eda&quot;: Miriam Paredes. | P\u00e1gina10<\/title>\n<meta name=\"robots\" content=\"index, follow, max-snippet:-1, max-image-preview:large, max-video-preview:-1\" \/>\n<link rel=\"canonical\" href=\"https:\/\/pagina10.com\/web\/tendremos-que-trabajar-para-que-hayan-conservadores-jovenes-que-asuman-la-responsabilidad-de-este-dia-miriam-paredes\/\" \/>\n<meta property=\"og:locale\" content=\"es_ES\" \/>\n<meta property=\"og:type\" content=\"article\" \/>\n<meta property=\"og:title\" content=\"&quot;Tendremos que trabajar para que hayan conservadores j\u00f3venes que asuman la responsabilidad de este d\u00eda&quot;: Miriam Paredes. | P\u00e1gina10\" \/>\n<meta property=\"og:description\" content=\"Hoy la senadora del Partido Conservador, Miriam Paredes, en entrevista con Radio Ipiales habl\u00f3 de las reacciones generadas dentro del partido por la muerte del Senador Eduardo Enr\u00edquez Maya. En la entrevista manifest\u00f3 su solidaridad por la muerte del senador, a sus familiares y a todos los seguidores que lo acompa\u00f1aron en las diferentes luchas [&hellip;]\" \/>\n<meta property=\"og:url\" content=\"https:\/\/pagina10.com\/web\/tendremos-que-trabajar-para-que-hayan-conservadores-jovenes-que-asuman-la-responsabilidad-de-este-dia-miriam-paredes\/\" \/>\n<meta property=\"og:site_name\" content=\"P\u00e1gina10\" \/>\n<meta property=\"article:publisher\" content=\"https:\/\/www.facebook.com\/pag10com\" \/>\n<meta property=\"article:published_time\" content=\"2021-04-16T21:48:12+00:00\" \/>\n<meta property=\"og:image\" content=\"https:\/\/pagina10.com\/web\/wp-content\/uploads\/2021\/04\/KIK0ChnI.jpg\" \/>\n\t<meta property=\"og:image:width\" content=\"400\" \/>\n\t<meta property=\"og:image:height\" content=\"400\" \/>\n\t<meta property=\"og:image:type\" content=\"image\/jpeg\" \/>\n<meta name=\"author\" content=\"P\u00e1gina 10\" \/>\n<meta name=\"twitter:card\" content=\"summary_large_image\" \/>\n<meta name=\"twitter:creator\" content=\"@Pag10com\" \/>\n<meta name=\"twitter:site\" content=\"@Pag10com\" \/>\n<meta name=\"twitter:label1\" content=\"Escrito por\" \/>\n\t<meta name=\"twitter:data1\" content=\"P\u00e1gina 10\" \/>\n\t<meta name=\"twitter:label2\" content=\"Tiempo de lectura\" \/>\n\t<meta name=\"twitter:data2\" content=\"2 minutos\" \/>\n<script type=\"application\/ld+json\" class=\"yoast-schema-graph\">{\"@context\":\"https:\/\/schema.org\",\"@graph\":[{\"@type\":\"Article\",\"@id\":\"https:\/\/pagina10.com\/web\/tendremos-que-trabajar-para-que-hayan-conservadores-jovenes-que-asuman-la-responsabilidad-de-este-dia-miriam-paredes\/#article\",\"isPartOf\":{\"@id\":\"https:\/\/pagina10.com\/web\/tendremos-que-trabajar-para-que-hayan-conservadores-jovenes-que-asuman-la-responsabilidad-de-este-dia-miriam-paredes\/\"},\"author\":{\"name\":\"P\u00e1gina 10\",\"@id\":\"https:\/\/pagina10.com\/web\/#\/schema\/person\/2efc4a090d25b667d3bc796798a3a81b\"},\"headline\":\"&#8220;Tendremos que trabajar para que hayan conservadores j\u00f3venes que asuman la responsabilidad de este d\u00eda&#8221;: Miriam Paredes.\",\"datePublished\":\"2021-04-16T21:48:12+00:00\",\"mainEntityOfPage\":{\"@id\":\"https:\/\/pagina10.com\/web\/tendremos-que-trabajar-para-que-hayan-conservadores-jovenes-que-asuman-la-responsabilidad-de-este-dia-miriam-paredes\/\"},\"wordCount\":439,\"commentCount\":0,\"publisher\":{\"@id\":\"https:\/\/pagina10.com\/web\/#organization\"},\"image\":{\"@id\":\"https:\/\/pagina10.com\/web\/tendremos-que-trabajar-para-que-hayan-conservadores-jovenes-que-asuman-la-responsabilidad-de-este-dia-miriam-paredes\/#primaryimage\"},\"thumbnailUrl\":\"https:\/\/pagina10.com\/web\/wp-content\/uploads\/2021\/04\/KIK0ChnI.jpg\",\"articleSection\":[\"Regiones\"],\"inLanguage\":\"es\",\"potentialAction\":[{\"@type\":\"CommentAction\",\"name\":\"Comment\",\"target\":[\"https:\/\/pagina10.com\/web\/tendremos-que-trabajar-para-que-hayan-conservadores-jovenes-que-asuman-la-responsabilidad-de-este-dia-miriam-paredes\/#respond\"]}]},{\"@type\":\"WebPage\",\"@id\":\"https:\/\/pagina10.com\/web\/tendremos-que-trabajar-para-que-hayan-conservadores-jovenes-que-asuman-la-responsabilidad-de-este-dia-miriam-paredes\/\",\"url\":\"https:\/\/pagina10.com\/web\/tendremos-que-trabajar-para-que-hayan-conservadores-jovenes-que-asuman-la-responsabilidad-de-este-dia-miriam-paredes\/\",\"name\":\"\\\"Tendremos que trabajar para que hayan conservadores j\u00f3venes que asuman la responsabilidad de este d\u00eda\\\": Miriam Paredes. | P\u00e1gina10\",\"isPartOf\":{\"@id\":\"https:\/\/pagina10.com\/web\/#website\"},\"primaryImageOfPage\":{\"@id\":\"https:\/\/pagina10.com\/web\/tendremos-que-trabajar-para-que-hayan-conservadores-jovenes-que-asuman-la-responsabilidad-de-este-dia-miriam-paredes\/#primaryimage\"},\"image\":{\"@id\":\"https:\/\/pagina10.com\/web\/tendremos-que-trabajar-para-que-hayan-conservadores-jovenes-que-asuman-la-responsabilidad-de-este-dia-miriam-paredes\/#primaryimage\"},\"thumbnailUrl\":\"https:\/\/pagina10.com\/web\/wp-content\/uploads\/2021\/04\/KIK0ChnI.jpg\",\"datePublished\":\"2021-04-16T21:48:12+00:00\",\"breadcrumb\":{\"@id\":\"https:\/\/pagina10.com\/web\/tendremos-que-trabajar-para-que-hayan-conservadores-jovenes-que-asuman-la-responsabilidad-de-este-dia-miriam-paredes\/#breadcrumb\"},\"inLanguage\":\"es\",\"potentialAction\":[{\"@type\":\"ReadAction\",\"target\":[\"https:\/\/pagina10.com\/web\/tendremos-que-trabajar-para-que-hayan-conservadores-jovenes-que-asuman-la-responsabilidad-de-este-dia-miriam-paredes\/\"]}]},{\"@type\":\"ImageObject\",\"inLanguage\":\"es\",\"@id\":\"https:\/\/pagina10.com\/web\/tendremos-que-trabajar-para-que-hayan-conservadores-jovenes-que-asuman-la-responsabilidad-de-este-dia-miriam-paredes\/#primaryimage\",\"url\":\"https:\/\/pagina10.com\/web\/wp-content\/uploads\/2021\/04\/KIK0ChnI.jpg\",\"contentUrl\":\"https:\/\/pagina10.com\/web\/wp-content\/uploads\/2021\/04\/KIK0ChnI.jpg\",\"width\":400,\"height\":400},{\"@type\":\"BreadcrumbList\",\"@id\":\"https:\/\/pagina10.com\/web\/tendremos-que-trabajar-para-que-hayan-conservadores-jovenes-que-asuman-la-responsabilidad-de-este-dia-miriam-paredes\/#breadcrumb\",\"itemListElement\":[{\"@type\":\"ListItem\",\"position\":1,\"name\":\"Portada\",\"item\":\"https:\/\/pagina10.com\/web\/\"},{\"@type\":\"ListItem\",\"position\":2,\"name\":\"&#8220;Tendremos que trabajar para que hayan conservadores j\u00f3venes que asuman la responsabilidad de este d\u00eda&#8221;: Miriam Paredes.\"}]},{\"@type\":\"WebSite\",\"@id\":\"https:\/\/pagina10.com\/web\/#website\",\"url\":\"https:\/\/pagina10.com\/web\/\",\"name\":\"P\u00e1gina10\",\"description\":\"Peri\u00f3dico Regional\",\"publisher\":{\"@id\":\"https:\/\/pagina10.com\/web\/#organization\"},\"alternateName\":\"P\u00e1gina10 Peri\u00f3dico Regional\",\"potentialAction\":[{\"@type\":\"SearchAction\",\"target\":{\"@type\":\"EntryPoint\",\"urlTemplate\":\"https:\/\/pagina10.com\/web\/?s={search_term_string}\"},\"query-input\":{\"@type\":\"PropertyValueSpecification\",\"valueRequired\":true,\"valueName\":\"search_term_string\"}}],\"inLanguage\":\"es\"},{\"@type\":\"Organization\",\"@id\":\"https:\/\/pagina10.com\/web\/#organization\",\"name\":\"P\u00e1gina10\",\"alternateName\":\"P\u00e1gina10 Peri\u00f3dico Regional\",\"url\":\"https:\/\/pagina10.com\/web\/\",\"logo\":{\"@type\":\"ImageObject\",\"inLanguage\":\"es\",\"@id\":\"https:\/\/pagina10.com\/web\/#\/schema\/logo\/image\/\",\"url\":\"https:\/\/pagina10.com\/web\/wp-content\/uploads\/2024\/01\/40-pagina-10-periodico-regional-pasto.jpg\",\"contentUrl\":\"https:\/\/pagina10.com\/web\/wp-content\/uploads\/2024\/01\/40-pagina-10-periodico-regional-pasto.jpg\",\"width\":1280,\"height\":720,\"caption\":\"P\u00e1gina10\"},\"image\":{\"@id\":\"https:\/\/pagina10.com\/web\/#\/schema\/logo\/image\/\"},\"sameAs\":[\"https:\/\/www.facebook.com\/pag10com\",\"https:\/\/x.com\/Pag10com\",\"https:\/\/www.instagram.com\/pagina10col\/\",\"https:\/\/youtube.com\/channel\/pag10\",\"https:\/\/www.tiktok.com\/@p10col\"]},{\"@type\":\"Person\",\"@id\":\"https:\/\/pagina10.com\/web\/#\/schema\/person\/2efc4a090d25b667d3bc796798a3a81b\",\"name\":\"P\u00e1gina 10\",\"description\":\"P\u00e1gina 10 es un peri\u00f3dico regional que nace en Colombia, en el departamento de Nari\u00f1o, con un enfoque global, fundamentado en cuatro pilares esenciales: la libertad, el pluralismo, la inclusi\u00f3n y la independencia. P\u00e1gina 10 hace referencia a Nari\u00f1o como el d\u00e9cimo departamento creado en Colombia, despu\u00e9s de un proceso pol\u00edtico liderado por actores y actrices regionales con el fin de obtener la independencia y autonom\u00eda de nuestros territorios. Con la creaci\u00f3n de P\u00e1gina 10 se pretende abrir un escenario para el dialogo, la reflexi\u00f3n y el debate que se extienda a otras geograf\u00edas de Am\u00e9rica Latina y del planeta, en una apuesta por transformar colectivamente los desaf\u00edos de un mundo contempor\u00e1neo, m\u00e1s all\u00e1 de las fronteras impuestas.\",\"url\":\"https:\/\/pagina10.com\/web\/author\/pdiezadmin\/\"}]}<\/script>\n<!-- \/ Yoast SEO plugin. -->","yoast_head_json":{"title":"\"Tendremos que trabajar para que hayan conservadores j\u00f3venes que asuman la responsabilidad de este d\u00eda\": Miriam Paredes. | P\u00e1gina10","robots":{"index":"index","follow":"follow","max-snippet":"max-snippet:-1","max-image-preview":"max-image-preview:large","max-video-preview":"max-video-preview:-1"},"canonical":"https:\/\/pagina10.com\/web\/tendremos-que-trabajar-para-que-hayan-conservadores-jovenes-que-asuman-la-responsabilidad-de-este-dia-miriam-paredes\/","og_locale":"es_ES","og_type":"article","og_title":"\"Tendremos que trabajar para que hayan conservadores j\u00f3venes que asuman la responsabilidad de este d\u00eda\": Miriam Paredes. | P\u00e1gina10","og_description":"Hoy la senadora del Partido Conservador, Miriam Paredes, en entrevista con Radio Ipiales habl\u00f3 de las reacciones generadas dentro del partido por la muerte del Senador Eduardo Enr\u00edquez Maya. En la entrevista manifest\u00f3 su solidaridad por la muerte del senador, a sus familiares y a todos los seguidores que lo acompa\u00f1aron en las diferentes luchas [&hellip;]","og_url":"https:\/\/pagina10.com\/web\/tendremos-que-trabajar-para-que-hayan-conservadores-jovenes-que-asuman-la-responsabilidad-de-este-dia-miriam-paredes\/","og_site_name":"P\u00e1gina10","article_publisher":"https:\/\/www.facebook.com\/pag10com","article_published_time":"2021-04-16T21:48:12+00:00","og_image":[{"width":400,"height":400,"url":"https:\/\/pagina10.com\/web\/wp-content\/uploads\/2021\/04\/KIK0ChnI.jpg","type":"image\/jpeg"}],"author":"P\u00e1gina 10","twitter_card":"summary_large_image","twitter_creator":"@Pag10com","twitter_site":"@Pag10com","twitter_misc":{"Escrito por":"P\u00e1gina 10","Tiempo de lectura":"2 minutos"},"schema":{"@context":"https:\/\/schema.org","@graph":[{"@type":"Article","@id":"https:\/\/pagina10.com\/web\/tendremos-que-trabajar-para-que-hayan-conservadores-jovenes-que-asuman-la-responsabilidad-de-este-dia-miriam-paredes\/#article","isPartOf":{"@id":"https:\/\/pagina10.com\/web\/tendremos-que-trabajar-para-que-hayan-conservadores-jovenes-que-asuman-la-responsabilidad-de-este-dia-miriam-paredes\/"},"author":{"name":"P\u00e1gina 10","@id":"https:\/\/pagina10.com\/web\/#\/schema\/person\/2efc4a090d25b667d3bc796798a3a81b"},"headline":"&#8220;Tendremos que trabajar para que hayan conservadores j\u00f3venes que asuman la responsabilidad de este d\u00eda&#8221;: Miriam Paredes.","datePublished":"2021-04-16T21:48:12+00:00","mainEntityOfPage":{"@id":"https:\/\/pagina10.com\/web\/tendremos-que-trabajar-para-que-hayan-conservadores-jovenes-que-asuman-la-responsabilidad-de-este-dia-miriam-paredes\/"},"wordCount":439,"commentCount":0,"publisher":{"@id":"https:\/\/pagina10.com\/web\/#organization"},"image":{"@id":"https:\/\/pagina10.com\/web\/tendremos-que-trabajar-para-que-hayan-conservadores-jovenes-que-asuman-la-responsabilidad-de-este-dia-miriam-paredes\/#primaryimage"},"thumbnailUrl":"https:\/\/pagina10.com\/web\/wp-content\/uploads\/2021\/04\/KIK0ChnI.jpg","articleSection":["Regiones"],"inLanguage":"es","potentialAction":[{"@type":"CommentAction","name":"Comment","target":["https:\/\/pagina10.com\/web\/tendremos-que-trabajar-para-que-hayan-conservadores-jovenes-que-asuman-la-responsabilidad-de-este-dia-miriam-paredes\/#respond"]}]},{"@type":"WebPage","@id":"https:\/\/pagina10.com\/web\/tendremos-que-trabajar-para-que-hayan-conservadores-jovenes-que-asuman-la-responsabilidad-de-este-dia-miriam-paredes\/","url":"https:\/\/pagina10.com\/web\/tendremos-que-trabajar-para-que-hayan-conservadores-jovenes-que-asuman-la-responsabilidad-de-este-dia-miriam-paredes\/","name":"\"Tendremos que trabajar para que hayan conservadores j\u00f3venes que asuman la responsabilidad de este d\u00eda\": Miriam Paredes. | P\u00e1gina10","isPartOf":{"@id":"https:\/\/pagina10.com\/web\/#website"},"primaryImageOfPage":{"@id":"https:\/\/pagina10.com\/web\/tendremos-que-trabajar-para-que-hayan-conservadores-jovenes-que-asuman-la-responsabilidad-de-este-dia-miriam-paredes\/#primaryimage"},"image":{"@id":"https:\/\/pagina10.com\/web\/tendremos-que-trabajar-para-que-hayan-conservadores-jovenes-que-asuman-la-responsabilidad-de-este-dia-miriam-paredes\/#primaryimage"},"thumbnailUrl":"https:\/\/pagina10.com\/web\/wp-content\/uploads\/2021\/04\/KIK0ChnI.jpg","datePublished":"2021-04-16T21:48:12+00:00","breadcrumb":{"@id":"https:\/\/pagina10.com\/web\/tendremos-que-trabajar-para-que-hayan-conservadores-jovenes-que-asuman-la-responsabilidad-de-este-dia-miriam-paredes\/#breadcrumb"},"inLanguage":"es","potentialAction":[{"@type":"ReadAction","target":["https:\/\/pagina10.com\/web\/tendremos-que-trabajar-para-que-hayan-conservadores-jovenes-que-asuman-la-responsabilidad-de-este-dia-miriam-paredes\/"]}]},{"@type":"ImageObject","inLanguage":"es","@id":"https:\/\/pagina10.com\/web\/tendremos-que-trabajar-para-que-hayan-conservadores-jovenes-que-asuman-la-responsabilidad-de-este-dia-miriam-paredes\/#primaryimage","url":"https:\/\/pagina10.com\/web\/wp-content\/uploads\/2021\/04\/KIK0ChnI.jpg","contentUrl":"https:\/\/pagina10.com\/web\/wp-content\/uploads\/2021\/04\/KIK0ChnI.jpg","width":400,"height":400},{"@type":"BreadcrumbList","@id":"https:\/\/pagina10.com\/web\/tendremos-que-trabajar-para-que-hayan-conservadores-jovenes-que-asuman-la-responsabilidad-de-este-dia-miriam-paredes\/#breadcrumb","itemListElement":[{"@type":"ListItem","position":1,"name":"Portada","item":"https:\/\/pagina10.com\/web\/"},{"@type":"ListItem","position":2,"name":"&#8220;Tendremos que trabajar para que hayan conservadores j\u00f3venes que asuman la responsabilidad de este d\u00eda&#8221;: Miriam Paredes."}]},{"@type":"WebSite","@id":"https:\/\/pagina10.com\/web\/#website","url":"https:\/\/pagina10.com\/web\/","name":"P\u00e1gina10","description":"Peri\u00f3dico Regional","publisher":{"@id":"https:\/\/pagina10.com\/web\/#organization"},"alternateName":"P\u00e1gina10 Peri\u00f3dico Regional","potentialAction":[{"@type":"SearchAction","target":{"@type":"EntryPoint","urlTemplate":"https:\/\/pagina10.com\/web\/?s={search_term_string}"},"query-input":{"@type":"PropertyValueSpecification","valueRequired":true,"valueName":"search_term_string"}}],"inLanguage":"es"},{"@type":"Organization","@id":"https:\/\/pagina10.com\/web\/#organization","name":"P\u00e1gina10","alternateName":"P\u00e1gina10 Peri\u00f3dico Regional","url":"https:\/\/pagina10.com\/web\/","logo":{"@type":"ImageObject","inLanguage":"es","@id":"https:\/\/pagina10.com\/web\/#\/schema\/logo\/image\/","url":"https:\/\/pagina10.com\/web\/wp-content\/uploads\/2024\/01\/40-pagina-10-periodico-regional-pasto.jpg","contentUrl":"https:\/\/pagina10.com\/web\/wp-content\/uploads\/2024\/01\/40-pagina-10-periodico-regional-pasto.jpg","width":1280,"height":720,"caption":"P\u00e1gina10"},"image":{"@id":"https:\/\/pagina10.com\/web\/#\/schema\/logo\/image\/"},"sameAs":["https:\/\/www.facebook.com\/pag10com","https:\/\/x.com\/Pag10com","https:\/\/www.instagram.com\/pagina10col\/","https:\/\/youtube.com\/channel\/pag10","https:\/\/www.tiktok.com\/@p10col"]},{"@type":"Person","@id":"https:\/\/pagina10.com\/web\/#\/schema\/person\/2efc4a090d25b667d3bc796798a3a81b","name":"P\u00e1gina 10","description":"P\u00e1gina 10 es un peri\u00f3dico regional que nace en Colombia, en el departamento de Nari\u00f1o, con un enfoque global, fundamentado en cuatro pilares esenciales: la libertad, el pluralismo, la inclusi\u00f3n y la independencia. P\u00e1gina 10 hace referencia a Nari\u00f1o como el d\u00e9cimo departamento creado en Colombia, despu\u00e9s de un proceso pol\u00edtico liderado por actores y actrices regionales con el fin de obtener la independencia y autonom\u00eda de nuestros territorios. Con la creaci\u00f3n de P\u00e1gina 10 se pretende abrir un escenario para el dialogo, la reflexi\u00f3n y el debate que se extienda a otras geograf\u00edas de Am\u00e9rica Latina y del planeta, en una apuesta por transformar colectivamente los desaf\u00edos de un mundo contempor\u00e1neo, m\u00e1s all\u00e1 de las fronteras impuestas.","url":"https:\/\/pagina10.com\/web\/author\/pdiezadmin\/"}]}},"_links":{"self":[{"href":"https:\/\/pagina10.com\/web\/wp-json\/wp\/v2\/posts\/51817","targetHints":{"allow":["GET"]}}],"collection":[{"href":"https:\/\/pagina10.com\/web\/wp-json\/wp\/v2\/posts"}],"about":[{"href":"https:\/\/pagina10.com\/web\/wp-json\/wp\/v2\/types\/post"}],"author":[{"embeddable":true,"href":"https:\/\/pagina10.com\/web\/wp-json\/wp\/v2\/users\/1"}],"replies":[{"embeddable":true,"href":"https:\/\/pagina10.com\/web\/wp-json\/wp\/v2\/comments?post=51817"}],"version-history":[{"count":1,"href":"https:\/\/pagina10.com\/web\/wp-json\/wp\/v2\/posts\/51817\/revisions"}],"predecessor-version":[{"id":51819,"href":"https:\/\/pagina10.com\/web\/wp-json\/wp\/v2\/posts\/51817\/revisions\/51819"}],"wp:featuredmedia":[{"embeddable":true,"href":"https:\/\/pagina10.com\/web\/wp-json\/wp\/v2\/media\/51818"}],"wp:attachment":[{"href":"https:\/\/pagina10.com\/web\/wp-json\/wp\/v2\/media?parent=51817"}],"wp:term":[{"taxonomy":"category","embeddable":true,"href":"https:\/\/pagina10.com\/web\/wp-json\/wp\/v2\/categories?post=51817"},{"taxonomy":"post_tag","embeddable":true,"href":"https:\/\/pagina10.com\/web\/wp-json\/wp\/v2\/tags?post=51817"}],"curies":[{"name":"wp","href":"https:\/\/api.w.org\/{rel}","templated":true}]}}