{"id":51852,"date":"2021-04-18T20:43:35","date_gmt":"2021-04-19T01:43:35","guid":{"rendered":"https:\/\/pagina10.com\/web\/?p=51852"},"modified":"2021-04-18T20:43:35","modified_gmt":"2021-04-19T01:43:35","slug":"defensoria-despliega-comision-humanitaria-por-violencia-armada-en-argelia-cauca","status":"publish","type":"post","link":"https:\/\/pagina10.com\/web\/defensoria-despliega-comision-humanitaria-por-violencia-armada-en-argelia-cauca\/","title":{"rendered":"Defensor\u00eda despliega comisi\u00f3n humanitaria por violencia armada en Argelia, Cauca."},"content":{"rendered":"<p style=\"text-align: justify;\">A ra\u00edz de los enfrentamientos armados entre el Ej\u00e9rcito y las disidencias de las Farc, donde al menos diez miembros y un suboficial murieron en zona rural de Argelia, Cauca, la Defensor\u00eda del Pueblo despleg\u00f3 una comisi\u00f3n humanitaria para atender la grave situaci\u00f3n en el corregimiento El Plateado, zona rural del municipio. Desde el pasado 17 de abril, en la regi\u00f3n se han presentado enfrentamientos armados entre la Tercera Divisi\u00f3n del Ej\u00e9rcito y la disidencia de las Farc Carlos Pati\u00f1o.<\/p>\n<p style=\"text-align: justify;\">\u00a0\u201cUna comisi\u00f3n humanitaria de la Defensor\u00eda del Pueblo se desplazar\u00e1 hasta el municipio de Argelia, Cauca, para verificar las graves violaciones de derechos humanos que se presentan en esta zona del pa\u00eds por la presencia y accionar de grupos armados ilegales\u201d, agreg\u00f3 la instituci\u00f3n en un reciente comunicado.<\/p>\n<p style=\"text-align: justify;\">De acuerdo a la informaci\u00f3n que se conoce hasta el momento de la Defensor\u00eda, un total de 250 personas se vieron obligadas a desplazarse de la regi\u00f3n de El Plateado, desde donde ayer en horas de la ma\u00f1ana empezaron las confrontaciones. Hay registro sobre ocho personas de la poblaci\u00f3n civil heridas, entre ellas cinco campesinos que cayeron en una mina antipersonal.<\/p>\n<p style=\"text-align: justify;\">Carlos Camargo, m\u00e1xima autoridad de la instituci\u00f3n hizo un llamado a las autoridades competentes, \u201cpara mitigar el riesgo al cual se encuentran expuestas m\u00e1s de 3.000 personas que est\u00e1n concentradas en este momento en el corregimiento de El Plateado, en Argelia, Cauca\u201d,<\/p>\n<p style=\"text-align: justify;\">Por otro lado, comunidades del Ca\u00f1\u00f3n del Micay, ubicado cercan\u00edas con Argelia, denunciaron que desde ayer los \u201cest\u00e1n obligando\u201d a sacar al Ej\u00e9rcito que se encuentra en el corregimiento de El Plateado, para llevarlos a la cabecera del municipio. Sin embargo, tienen miedo a rumores que indican que la disidencia Carlos Pati\u00f1o podr\u00eda atacar las caravanas.<\/p>\n<p style=\"text-align: justify;\">\u201cNo queremos que nos utilicen ni nos obliguen m\u00e1s a tomar partido en esa guerra que no es de los campesinos, si no entre grupos y el Ej\u00e9rcito. Queremos que haya paz, los campesinos no somos culpables, somos v\u00edctimas del conflicto, no queremos que ning\u00fan grupo nos utilice, ni se escuden en nosotros\u201d, firmaron en un comunicado.<\/p>\n<p style=\"text-align: justify;\">Fuente: El Espectador.<\/p>\n","protected":false},"excerpt":{"rendered":"<p>A ra\u00edz de los enfrentamientos armados entre el Ej\u00e9rcito y las disidencias de las Farc, donde al menos diez miembros y un suboficial murieron en zona rural de Argelia, Cauca, la Defensor\u00eda del Pueblo despleg\u00f3 una comisi\u00f3n humanitaria para atender la grave situaci\u00f3n en el corregimiento El Plateado, zona rural del municipio. Desde el pasado [&hellip;]<\/p>\n","protected":false},"author":1,"featured_media":51853,"comment_status":"open","ping_status":"open","sticky":false,"template":"","format":"standard","meta":{"footnotes":""},"categories":[53],"tags":[],"class_list":["post-51852","post","type-post","status-publish","format-standard","has-post-thumbnail","hentry","category-regiones"],"yoast_head":"<!-- This site is optimized with the Yoast SEO plugin v27.1.1 - https:\/\/yoast.com\/product\/yoast-seo-wordpress\/ -->\n<title>Defensor\u00eda despliega comisi\u00f3n humanitaria por violencia armada en Argelia, Cauca. | P\u00e1gina10<\/title>\n<meta name=\"robots\" content=\"index, follow, max-snippet:-1, max-image-preview:large, max-video-preview:-1\" \/>\n<link rel=\"canonical\" href=\"https:\/\/pagina10.com\/web\/defensoria-despliega-comision-humanitaria-por-violencia-armada-en-argelia-cauca\/\" \/>\n<meta property=\"og:locale\" content=\"es_ES\" \/>\n<meta property=\"og:type\" content=\"article\" \/>\n<meta property=\"og:title\" content=\"Defensor\u00eda despliega comisi\u00f3n humanitaria por violencia armada en Argelia, Cauca. | P\u00e1gina10\" \/>\n<meta property=\"og:description\" content=\"A ra\u00edz de los enfrentamientos armados entre el Ej\u00e9rcito y las disidencias de las Farc, donde al menos diez miembros y un suboficial murieron en zona rural de Argelia, Cauca, la Defensor\u00eda del Pueblo despleg\u00f3 una comisi\u00f3n humanitaria para atender la grave situaci\u00f3n en el corregimiento El Plateado, zona rural del municipio. Desde el pasado [&hellip;]\" \/>\n<meta property=\"og:url\" content=\"https:\/\/pagina10.com\/web\/defensoria-despliega-comision-humanitaria-por-violencia-armada-en-argelia-cauca\/\" \/>\n<meta property=\"og:site_name\" content=\"P\u00e1gina10\" \/>\n<meta property=\"article:publisher\" content=\"https:\/\/www.facebook.com\/pag10com\" \/>\n<meta property=\"article:published_time\" content=\"2021-04-19T01:43:35+00:00\" \/>\n<meta property=\"og:image\" content=\"https:\/\/pagina10.com\/web\/wp-content\/uploads\/2021\/04\/Captura-de-pantalla-209.png\" \/>\n\t<meta property=\"og:image:width\" content=\"718\" \/>\n\t<meta property=\"og:image:height\" content=\"474\" \/>\n\t<meta property=\"og:image:type\" content=\"image\/png\" \/>\n<meta name=\"author\" content=\"P\u00e1gina 10\" \/>\n<meta name=\"twitter:card\" content=\"summary_large_image\" \/>\n<meta name=\"twitter:creator\" content=\"@Pag10com\" \/>\n<meta name=\"twitter:site\" content=\"@Pag10com\" \/>\n<meta name=\"twitter:label1\" content=\"Escrito por\" \/>\n\t<meta name=\"twitter:data1\" content=\"P\u00e1gina 10\" \/>\n\t<meta name=\"twitter:label2\" content=\"Tiempo de lectura\" \/>\n\t<meta name=\"twitter:data2\" content=\"2 minutos\" \/>\n<script type=\"application\/ld+json\" class=\"yoast-schema-graph\">{\"@context\":\"https:\/\/schema.org\",\"@graph\":[{\"@type\":\"Article\",\"@id\":\"https:\/\/pagina10.com\/web\/defensoria-despliega-comision-humanitaria-por-violencia-armada-en-argelia-cauca\/#article\",\"isPartOf\":{\"@id\":\"https:\/\/pagina10.com\/web\/defensoria-despliega-comision-humanitaria-por-violencia-armada-en-argelia-cauca\/\"},\"author\":{\"name\":\"P\u00e1gina 10\",\"@id\":\"https:\/\/pagina10.com\/web\/#\/schema\/person\/2efc4a090d25b667d3bc796798a3a81b\"},\"headline\":\"Defensor\u00eda despliega comisi\u00f3n humanitaria por violencia armada en Argelia, Cauca.\",\"datePublished\":\"2021-04-19T01:43:35+00:00\",\"mainEntityOfPage\":{\"@id\":\"https:\/\/pagina10.com\/web\/defensoria-despliega-comision-humanitaria-por-violencia-armada-en-argelia-cauca\/\"},\"wordCount\":388,\"commentCount\":0,\"publisher\":{\"@id\":\"https:\/\/pagina10.com\/web\/#organization\"},\"image\":{\"@id\":\"https:\/\/pagina10.com\/web\/defensoria-despliega-comision-humanitaria-por-violencia-armada-en-argelia-cauca\/#primaryimage\"},\"thumbnailUrl\":\"https:\/\/pagina10.com\/web\/wp-content\/uploads\/2021\/04\/Captura-de-pantalla-209.png\",\"articleSection\":[\"Regiones\"],\"inLanguage\":\"es\",\"potentialAction\":[{\"@type\":\"CommentAction\",\"name\":\"Comment\",\"target\":[\"https:\/\/pagina10.com\/web\/defensoria-despliega-comision-humanitaria-por-violencia-armada-en-argelia-cauca\/#respond\"]}]},{\"@type\":\"WebPage\",\"@id\":\"https:\/\/pagina10.com\/web\/defensoria-despliega-comision-humanitaria-por-violencia-armada-en-argelia-cauca\/\",\"url\":\"https:\/\/pagina10.com\/web\/defensoria-despliega-comision-humanitaria-por-violencia-armada-en-argelia-cauca\/\",\"name\":\"Defensor\u00eda despliega comisi\u00f3n humanitaria por violencia armada en Argelia, Cauca. | P\u00e1gina10\",\"isPartOf\":{\"@id\":\"https:\/\/pagina10.com\/web\/#website\"},\"primaryImageOfPage\":{\"@id\":\"https:\/\/pagina10.com\/web\/defensoria-despliega-comision-humanitaria-por-violencia-armada-en-argelia-cauca\/#primaryimage\"},\"image\":{\"@id\":\"https:\/\/pagina10.com\/web\/defensoria-despliega-comision-humanitaria-por-violencia-armada-en-argelia-cauca\/#primaryimage\"},\"thumbnailUrl\":\"https:\/\/pagina10.com\/web\/wp-content\/uploads\/2021\/04\/Captura-de-pantalla-209.png\",\"datePublished\":\"2021-04-19T01:43:35+00:00\",\"breadcrumb\":{\"@id\":\"https:\/\/pagina10.com\/web\/defensoria-despliega-comision-humanitaria-por-violencia-armada-en-argelia-cauca\/#breadcrumb\"},\"inLanguage\":\"es\",\"potentialAction\":[{\"@type\":\"ReadAction\",\"target\":[\"https:\/\/pagina10.com\/web\/defensoria-despliega-comision-humanitaria-por-violencia-armada-en-argelia-cauca\/\"]}]},{\"@type\":\"ImageObject\",\"inLanguage\":\"es\",\"@id\":\"https:\/\/pagina10.com\/web\/defensoria-despliega-comision-humanitaria-por-violencia-armada-en-argelia-cauca\/#primaryimage\",\"url\":\"https:\/\/pagina10.com\/web\/wp-content\/uploads\/2021\/04\/Captura-de-pantalla-209.png\",\"contentUrl\":\"https:\/\/pagina10.com\/web\/wp-content\/uploads\/2021\/04\/Captura-de-pantalla-209.png\",\"width\":718,\"height\":474},{\"@type\":\"BreadcrumbList\",\"@id\":\"https:\/\/pagina10.com\/web\/defensoria-despliega-comision-humanitaria-por-violencia-armada-en-argelia-cauca\/#breadcrumb\",\"itemListElement\":[{\"@type\":\"ListItem\",\"position\":1,\"name\":\"Portada\",\"item\":\"https:\/\/pagina10.com\/web\/\"},{\"@type\":\"ListItem\",\"position\":2,\"name\":\"Defensor\u00eda despliega comisi\u00f3n humanitaria por violencia armada en Argelia, Cauca.\"}]},{\"@type\":\"WebSite\",\"@id\":\"https:\/\/pagina10.com\/web\/#website\",\"url\":\"https:\/\/pagina10.com\/web\/\",\"name\":\"P\u00e1gina10\",\"description\":\"Peri\u00f3dico Regional\",\"publisher\":{\"@id\":\"https:\/\/pagina10.com\/web\/#organization\"},\"alternateName\":\"P\u00e1gina10 Peri\u00f3dico Regional\",\"potentialAction\":[{\"@type\":\"SearchAction\",\"target\":{\"@type\":\"EntryPoint\",\"urlTemplate\":\"https:\/\/pagina10.com\/web\/?s={search_term_string}\"},\"query-input\":{\"@type\":\"PropertyValueSpecification\",\"valueRequired\":true,\"valueName\":\"search_term_string\"}}],\"inLanguage\":\"es\"},{\"@type\":\"Organization\",\"@id\":\"https:\/\/pagina10.com\/web\/#organization\",\"name\":\"P\u00e1gina10\",\"alternateName\":\"P\u00e1gina10 Peri\u00f3dico Regional\",\"url\":\"https:\/\/pagina10.com\/web\/\",\"logo\":{\"@type\":\"ImageObject\",\"inLanguage\":\"es\",\"@id\":\"https:\/\/pagina10.com\/web\/#\/schema\/logo\/image\/\",\"url\":\"https:\/\/pagina10.com\/web\/wp-content\/uploads\/2024\/01\/40-pagina-10-periodico-regional-pasto.jpg\",\"contentUrl\":\"https:\/\/pagina10.com\/web\/wp-content\/uploads\/2024\/01\/40-pagina-10-periodico-regional-pasto.jpg\",\"width\":1280,\"height\":720,\"caption\":\"P\u00e1gina10\"},\"image\":{\"@id\":\"https:\/\/pagina10.com\/web\/#\/schema\/logo\/image\/\"},\"sameAs\":[\"https:\/\/www.facebook.com\/pag10com\",\"https:\/\/x.com\/Pag10com\",\"https:\/\/www.instagram.com\/pagina10col\/\",\"https:\/\/youtube.com\/channel\/pag10\",\"https:\/\/www.tiktok.com\/@p10col\"]},{\"@type\":\"Person\",\"@id\":\"https:\/\/pagina10.com\/web\/#\/schema\/person\/2efc4a090d25b667d3bc796798a3a81b\",\"name\":\"P\u00e1gina 10\",\"description\":\"P\u00e1gina 10 es un peri\u00f3dico regional que nace en Colombia, en el departamento de Nari\u00f1o, con un enfoque global, fundamentado en cuatro pilares esenciales: la libertad, el pluralismo, la inclusi\u00f3n y la independencia. P\u00e1gina 10 hace referencia a Nari\u00f1o como el d\u00e9cimo departamento creado en Colombia, despu\u00e9s de un proceso pol\u00edtico liderado por actores y actrices regionales con el fin de obtener la independencia y autonom\u00eda de nuestros territorios. Con la creaci\u00f3n de P\u00e1gina 10 se pretende abrir un escenario para el dialogo, la reflexi\u00f3n y el debate que se extienda a otras geograf\u00edas de Am\u00e9rica Latina y del planeta, en una apuesta por transformar colectivamente los desaf\u00edos de un mundo contempor\u00e1neo, m\u00e1s all\u00e1 de las fronteras impuestas.\",\"url\":\"https:\/\/pagina10.com\/web\/author\/pdiezadmin\/\"}]}<\/script>\n<!-- \/ Yoast SEO plugin. -->","yoast_head_json":{"title":"Defensor\u00eda despliega comisi\u00f3n humanitaria por violencia armada en Argelia, Cauca. | P\u00e1gina10","robots":{"index":"index","follow":"follow","max-snippet":"max-snippet:-1","max-image-preview":"max-image-preview:large","max-video-preview":"max-video-preview:-1"},"canonical":"https:\/\/pagina10.com\/web\/defensoria-despliega-comision-humanitaria-por-violencia-armada-en-argelia-cauca\/","og_locale":"es_ES","og_type":"article","og_title":"Defensor\u00eda despliega comisi\u00f3n humanitaria por violencia armada en Argelia, Cauca. | P\u00e1gina10","og_description":"A ra\u00edz de los enfrentamientos armados entre el Ej\u00e9rcito y las disidencias de las Farc, donde al menos diez miembros y un suboficial murieron en zona rural de Argelia, Cauca, la Defensor\u00eda del Pueblo despleg\u00f3 una comisi\u00f3n humanitaria para atender la grave situaci\u00f3n en el corregimiento El Plateado, zona rural del municipio. Desde el pasado [&hellip;]","og_url":"https:\/\/pagina10.com\/web\/defensoria-despliega-comision-humanitaria-por-violencia-armada-en-argelia-cauca\/","og_site_name":"P\u00e1gina10","article_publisher":"https:\/\/www.facebook.com\/pag10com","article_published_time":"2021-04-19T01:43:35+00:00","og_image":[{"width":718,"height":474,"url":"https:\/\/pagina10.com\/web\/wp-content\/uploads\/2021\/04\/Captura-de-pantalla-209.png","type":"image\/png"}],"author":"P\u00e1gina 10","twitter_card":"summary_large_image","twitter_creator":"@Pag10com","twitter_site":"@Pag10com","twitter_misc":{"Escrito por":"P\u00e1gina 10","Tiempo de lectura":"2 minutos"},"schema":{"@context":"https:\/\/schema.org","@graph":[{"@type":"Article","@id":"https:\/\/pagina10.com\/web\/defensoria-despliega-comision-humanitaria-por-violencia-armada-en-argelia-cauca\/#article","isPartOf":{"@id":"https:\/\/pagina10.com\/web\/defensoria-despliega-comision-humanitaria-por-violencia-armada-en-argelia-cauca\/"},"author":{"name":"P\u00e1gina 10","@id":"https:\/\/pagina10.com\/web\/#\/schema\/person\/2efc4a090d25b667d3bc796798a3a81b"},"headline":"Defensor\u00eda despliega comisi\u00f3n humanitaria por violencia armada en Argelia, Cauca.","datePublished":"2021-04-19T01:43:35+00:00","mainEntityOfPage":{"@id":"https:\/\/pagina10.com\/web\/defensoria-despliega-comision-humanitaria-por-violencia-armada-en-argelia-cauca\/"},"wordCount":388,"commentCount":0,"publisher":{"@id":"https:\/\/pagina10.com\/web\/#organization"},"image":{"@id":"https:\/\/pagina10.com\/web\/defensoria-despliega-comision-humanitaria-por-violencia-armada-en-argelia-cauca\/#primaryimage"},"thumbnailUrl":"https:\/\/pagina10.com\/web\/wp-content\/uploads\/2021\/04\/Captura-de-pantalla-209.png","articleSection":["Regiones"],"inLanguage":"es","potentialAction":[{"@type":"CommentAction","name":"Comment","target":["https:\/\/pagina10.com\/web\/defensoria-despliega-comision-humanitaria-por-violencia-armada-en-argelia-cauca\/#respond"]}]},{"@type":"WebPage","@id":"https:\/\/pagina10.com\/web\/defensoria-despliega-comision-humanitaria-por-violencia-armada-en-argelia-cauca\/","url":"https:\/\/pagina10.com\/web\/defensoria-despliega-comision-humanitaria-por-violencia-armada-en-argelia-cauca\/","name":"Defensor\u00eda despliega comisi\u00f3n humanitaria por violencia armada en Argelia, Cauca. | P\u00e1gina10","isPartOf":{"@id":"https:\/\/pagina10.com\/web\/#website"},"primaryImageOfPage":{"@id":"https:\/\/pagina10.com\/web\/defensoria-despliega-comision-humanitaria-por-violencia-armada-en-argelia-cauca\/#primaryimage"},"image":{"@id":"https:\/\/pagina10.com\/web\/defensoria-despliega-comision-humanitaria-por-violencia-armada-en-argelia-cauca\/#primaryimage"},"thumbnailUrl":"https:\/\/pagina10.com\/web\/wp-content\/uploads\/2021\/04\/Captura-de-pantalla-209.png","datePublished":"2021-04-19T01:43:35+00:00","breadcrumb":{"@id":"https:\/\/pagina10.com\/web\/defensoria-despliega-comision-humanitaria-por-violencia-armada-en-argelia-cauca\/#breadcrumb"},"inLanguage":"es","potentialAction":[{"@type":"ReadAction","target":["https:\/\/pagina10.com\/web\/defensoria-despliega-comision-humanitaria-por-violencia-armada-en-argelia-cauca\/"]}]},{"@type":"ImageObject","inLanguage":"es","@id":"https:\/\/pagina10.com\/web\/defensoria-despliega-comision-humanitaria-por-violencia-armada-en-argelia-cauca\/#primaryimage","url":"https:\/\/pagina10.com\/web\/wp-content\/uploads\/2021\/04\/Captura-de-pantalla-209.png","contentUrl":"https:\/\/pagina10.com\/web\/wp-content\/uploads\/2021\/04\/Captura-de-pantalla-209.png","width":718,"height":474},{"@type":"BreadcrumbList","@id":"https:\/\/pagina10.com\/web\/defensoria-despliega-comision-humanitaria-por-violencia-armada-en-argelia-cauca\/#breadcrumb","itemListElement":[{"@type":"ListItem","position":1,"name":"Portada","item":"https:\/\/pagina10.com\/web\/"},{"@type":"ListItem","position":2,"name":"Defensor\u00eda despliega comisi\u00f3n humanitaria por violencia armada en Argelia, Cauca."}]},{"@type":"WebSite","@id":"https:\/\/pagina10.com\/web\/#website","url":"https:\/\/pagina10.com\/web\/","name":"P\u00e1gina10","description":"Peri\u00f3dico Regional","publisher":{"@id":"https:\/\/pagina10.com\/web\/#organization"},"alternateName":"P\u00e1gina10 Peri\u00f3dico Regional","potentialAction":[{"@type":"SearchAction","target":{"@type":"EntryPoint","urlTemplate":"https:\/\/pagina10.com\/web\/?s={search_term_string}"},"query-input":{"@type":"PropertyValueSpecification","valueRequired":true,"valueName":"search_term_string"}}],"inLanguage":"es"},{"@type":"Organization","@id":"https:\/\/pagina10.com\/web\/#organization","name":"P\u00e1gina10","alternateName":"P\u00e1gina10 Peri\u00f3dico Regional","url":"https:\/\/pagina10.com\/web\/","logo":{"@type":"ImageObject","inLanguage":"es","@id":"https:\/\/pagina10.com\/web\/#\/schema\/logo\/image\/","url":"https:\/\/pagina10.com\/web\/wp-content\/uploads\/2024\/01\/40-pagina-10-periodico-regional-pasto.jpg","contentUrl":"https:\/\/pagina10.com\/web\/wp-content\/uploads\/2024\/01\/40-pagina-10-periodico-regional-pasto.jpg","width":1280,"height":720,"caption":"P\u00e1gina10"},"image":{"@id":"https:\/\/pagina10.com\/web\/#\/schema\/logo\/image\/"},"sameAs":["https:\/\/www.facebook.com\/pag10com","https:\/\/x.com\/Pag10com","https:\/\/www.instagram.com\/pagina10col\/","https:\/\/youtube.com\/channel\/pag10","https:\/\/www.tiktok.com\/@p10col"]},{"@type":"Person","@id":"https:\/\/pagina10.com\/web\/#\/schema\/person\/2efc4a090d25b667d3bc796798a3a81b","name":"P\u00e1gina 10","description":"P\u00e1gina 10 es un peri\u00f3dico regional que nace en Colombia, en el departamento de Nari\u00f1o, con un enfoque global, fundamentado en cuatro pilares esenciales: la libertad, el pluralismo, la inclusi\u00f3n y la independencia. P\u00e1gina 10 hace referencia a Nari\u00f1o como el d\u00e9cimo departamento creado en Colombia, despu\u00e9s de un proceso pol\u00edtico liderado por actores y actrices regionales con el fin de obtener la independencia y autonom\u00eda de nuestros territorios. Con la creaci\u00f3n de P\u00e1gina 10 se pretende abrir un escenario para el dialogo, la reflexi\u00f3n y el debate que se extienda a otras geograf\u00edas de Am\u00e9rica Latina y del planeta, en una apuesta por transformar colectivamente los desaf\u00edos de un mundo contempor\u00e1neo, m\u00e1s all\u00e1 de las fronteras impuestas.","url":"https:\/\/pagina10.com\/web\/author\/pdiezadmin\/"}]}},"_links":{"self":[{"href":"https:\/\/pagina10.com\/web\/wp-json\/wp\/v2\/posts\/51852","targetHints":{"allow":["GET"]}}],"collection":[{"href":"https:\/\/pagina10.com\/web\/wp-json\/wp\/v2\/posts"}],"about":[{"href":"https:\/\/pagina10.com\/web\/wp-json\/wp\/v2\/types\/post"}],"author":[{"embeddable":true,"href":"https:\/\/pagina10.com\/web\/wp-json\/wp\/v2\/users\/1"}],"replies":[{"embeddable":true,"href":"https:\/\/pagina10.com\/web\/wp-json\/wp\/v2\/comments?post=51852"}],"version-history":[{"count":1,"href":"https:\/\/pagina10.com\/web\/wp-json\/wp\/v2\/posts\/51852\/revisions"}],"predecessor-version":[{"id":51854,"href":"https:\/\/pagina10.com\/web\/wp-json\/wp\/v2\/posts\/51852\/revisions\/51854"}],"wp:featuredmedia":[{"embeddable":true,"href":"https:\/\/pagina10.com\/web\/wp-json\/wp\/v2\/media\/51853"}],"wp:attachment":[{"href":"https:\/\/pagina10.com\/web\/wp-json\/wp\/v2\/media?parent=51852"}],"wp:term":[{"taxonomy":"category","embeddable":true,"href":"https:\/\/pagina10.com\/web\/wp-json\/wp\/v2\/categories?post=51852"},{"taxonomy":"post_tag","embeddable":true,"href":"https:\/\/pagina10.com\/web\/wp-json\/wp\/v2\/tags?post=51852"}],"curies":[{"name":"wp","href":"https:\/\/api.w.org\/{rel}","templated":true}]}}