{"id":51857,"date":"2021-04-19T10:55:14","date_gmt":"2021-04-19T15:55:14","guid":{"rendered":"https:\/\/pagina10.com\/web\/?p=51857"},"modified":"2021-04-19T14:27:36","modified_gmt":"2021-04-19T19:27:36","slug":"exigen-justicia-por-caso-de-corrupcion-del-exgobernador-camilo-romero","status":"publish","type":"post","link":"https:\/\/pagina10.com\/web\/exigen-justicia-por-caso-de-corrupcion-del-exgobernador-camilo-romero\/","title":{"rendered":"Exigen justicia por caso de corrupci\u00f3n del exgobernador Camilo Romero."},"content":{"rendered":"<p style=\"text-align: justify;\">Un grupo de personas oriundas y residentes en el departamento de Nari\u00f1o enviaron una carta abierta al presidente de la Sala Penal de la Corte Suprema de Justicia, con el objetivo de pedir que haya pronto una respuesta frente al caso de corrupci\u00f3n en el que est\u00e1 inmerso el exgobernador Camilo Romero.<\/p>\n<p style=\"text-align: justify;\">Los remitentes del documento, que por razones de seguridad personal omitieron sus nombres, para evitar represalias o agresiones por parte de quienes se consideren afectados, \u00a0iniciaron manifestando su amor por el departamento y respeto que sienten por las luchas sociales y pol\u00edticas que en \u00e9l se han dado. \u201cSiempre nos ha preocupado su destino, que lo anhelamos luminoso y promisorio para nuestros hijos. Esa es la raz\u00f3n para no resignarnos a aceptar que esta comarca termine siendo tierra de nadie, donde al olvido y desidia de los poderes centrales se sume la creencia de que aqu\u00ed se pueden cometer todo tipo de abusos e indelicadezas, especialmente por algunos gobernantes que en mala hora, han sido elegidos, auspiciados por la pol\u00edtica tradicional\u201d se\u00f1ala un aparte del documento.<\/p>\n<p style=\"text-align: justify;\">La carta fechada en abril del presente a\u00f1o describe que despu\u00e9s de la posesi\u00f3n del exgobernador Camilo Romero, se presentaron denuncias por graves hechos de corrupci\u00f3n administrativa. \u201cLa denuncia hizo que la Fiscal\u00eda General de la Naci\u00f3n le formulara IMPUTACI\u00d3N por los delitos de contrato sin requisitos legales, inter\u00e9s indebido en la celebraci\u00f3n de contratos, falsedad material en documento p\u00fablico, falsedad ideol\u00f3gica en documento p\u00fablico y asociaci\u00f3n para cometer delito contra la administraci\u00f3n p\u00fablica\u201d agrega la carta.<\/p>\n<p style=\"text-align: justify;\">La investigaci\u00f3n abierta por parte de la Fiscal\u00eda en contra de Romero y de dos funcionarios m\u00e1s por presuntas irregularidades en la adjudicaci\u00f3n de un contrato para la venta de 80.000 cajas de aguardiente Nari\u00f1o, por valor de 180.000 millones de pesos, llev\u00f3 a que\u00a0 posteriormente, en septiembre de 2019, la Fiscal\u00eda acusar\u00e1 a los implicados ante la Corte Suprema de Justicia por los cargos antes mencionados.<\/p>\n<p style=\"text-align: justify;\">En la carta se puede leer que m\u00e1s de un a\u00f1o despu\u00e9s, la Sala Penal de Primera Instancia, no ha tenido la oportunidad de proseguir en el juicio. Por lo anterior, y anhelando que Nari\u00f1o y Colombia sepan si Romero fue o no responsable de los graves delitos que se le imputaron, pidieron al Presidente y dem\u00e1s Magistrados de Corte Suprema de Justicia, que haya pronta y cumplida Justicia. \u201cDe esta manera los nari\u00f1enses sabremos, al fin, que al menos uno de sus exmandatarios ha sido juzgado y encontrado inocente o culpable\u201d puntualiza la carta.<\/p>\n<p><a href=\"https:\/\/pagina10.com\/web\/wp-content\/uploads\/2021\/04\/Carta-Abierta.pdf\">Carta Abierta<\/a><\/p>\n","protected":false},"excerpt":{"rendered":"<p>Un grupo de personas oriundas y residentes en el departamento de Nari\u00f1o enviaron una carta abierta al presidente de la Sala Penal de la Corte Suprema de Justicia, con el objetivo de pedir que haya pronto una respuesta frente al caso de corrupci\u00f3n en el que est\u00e1 inmerso el exgobernador Camilo Romero. Los remitentes del [&hellip;]<\/p>\n","protected":false},"author":1,"featured_media":51858,"comment_status":"open","ping_status":"open","sticky":false,"template":"","format":"standard","meta":{"footnotes":""},"categories":[53],"tags":[],"class_list":["post-51857","post","type-post","status-publish","format-standard","has-post-thumbnail","hentry","category-regiones"],"yoast_head":"<!-- This site is optimized with the Yoast SEO plugin v27.1.1 - https:\/\/yoast.com\/product\/yoast-seo-wordpress\/ -->\n<title>Exigen justicia por caso de corrupci\u00f3n del exgobernador Camilo Romero. | P\u00e1gina10<\/title>\n<meta name=\"robots\" content=\"index, follow, max-snippet:-1, max-image-preview:large, max-video-preview:-1\" \/>\n<link rel=\"canonical\" href=\"https:\/\/pagina10.com\/web\/exigen-justicia-por-caso-de-corrupcion-del-exgobernador-camilo-romero\/\" \/>\n<meta property=\"og:locale\" content=\"es_ES\" \/>\n<meta property=\"og:type\" content=\"article\" \/>\n<meta property=\"og:title\" content=\"Exigen justicia por caso de corrupci\u00f3n del exgobernador Camilo Romero. | P\u00e1gina10\" \/>\n<meta property=\"og:description\" content=\"Un grupo de personas oriundas y residentes en el departamento de Nari\u00f1o enviaron una carta abierta al presidente de la Sala Penal de la Corte Suprema de Justicia, con el objetivo de pedir que haya pronto una respuesta frente al caso de corrupci\u00f3n en el que est\u00e1 inmerso el exgobernador Camilo Romero. Los remitentes del [&hellip;]\" \/>\n<meta property=\"og:url\" content=\"https:\/\/pagina10.com\/web\/exigen-justicia-por-caso-de-corrupcion-del-exgobernador-camilo-romero\/\" \/>\n<meta property=\"og:site_name\" content=\"P\u00e1gina10\" \/>\n<meta property=\"article:publisher\" content=\"https:\/\/www.facebook.com\/pag10com\" \/>\n<meta property=\"article:published_time\" content=\"2021-04-19T15:55:14+00:00\" \/>\n<meta property=\"article:modified_time\" content=\"2021-04-19T19:27:36+00:00\" \/>\n<meta property=\"og:image\" content=\"https:\/\/pagina10.com\/web\/wp-content\/uploads\/2021\/04\/CQUKRSFR3BC2TBROS6KCBKY7NY.jpg\" \/>\n\t<meta property=\"og:image:width\" content=\"657\" \/>\n\t<meta property=\"og:image:height\" content=\"437\" \/>\n\t<meta property=\"og:image:type\" content=\"image\/jpeg\" \/>\n<meta name=\"author\" content=\"P\u00e1gina 10\" \/>\n<meta name=\"twitter:card\" content=\"summary_large_image\" \/>\n<meta name=\"twitter:creator\" content=\"@Pag10com\" \/>\n<meta name=\"twitter:site\" content=\"@Pag10com\" \/>\n<meta name=\"twitter:label1\" content=\"Escrito por\" \/>\n\t<meta name=\"twitter:data1\" content=\"P\u00e1gina 10\" \/>\n\t<meta name=\"twitter:label2\" content=\"Tiempo de lectura\" \/>\n\t<meta name=\"twitter:data2\" content=\"2 minutos\" \/>\n<script type=\"application\/ld+json\" class=\"yoast-schema-graph\">{\"@context\":\"https:\/\/schema.org\",\"@graph\":[{\"@type\":\"Article\",\"@id\":\"https:\/\/pagina10.com\/web\/exigen-justicia-por-caso-de-corrupcion-del-exgobernador-camilo-romero\/#article\",\"isPartOf\":{\"@id\":\"https:\/\/pagina10.com\/web\/exigen-justicia-por-caso-de-corrupcion-del-exgobernador-camilo-romero\/\"},\"author\":{\"name\":\"P\u00e1gina 10\",\"@id\":\"https:\/\/pagina10.com\/web\/#\/schema\/person\/2efc4a090d25b667d3bc796798a3a81b\"},\"headline\":\"Exigen justicia por caso de corrupci\u00f3n del exgobernador Camilo Romero.\",\"datePublished\":\"2021-04-19T15:55:14+00:00\",\"dateModified\":\"2021-04-19T19:27:36+00:00\",\"mainEntityOfPage\":{\"@id\":\"https:\/\/pagina10.com\/web\/exigen-justicia-por-caso-de-corrupcion-del-exgobernador-camilo-romero\/\"},\"wordCount\":460,\"commentCount\":0,\"publisher\":{\"@id\":\"https:\/\/pagina10.com\/web\/#organization\"},\"image\":{\"@id\":\"https:\/\/pagina10.com\/web\/exigen-justicia-por-caso-de-corrupcion-del-exgobernador-camilo-romero\/#primaryimage\"},\"thumbnailUrl\":\"https:\/\/pagina10.com\/web\/wp-content\/uploads\/2021\/04\/CQUKRSFR3BC2TBROS6KCBKY7NY.jpg\",\"articleSection\":[\"Regiones\"],\"inLanguage\":\"es\",\"potentialAction\":[{\"@type\":\"CommentAction\",\"name\":\"Comment\",\"target\":[\"https:\/\/pagina10.com\/web\/exigen-justicia-por-caso-de-corrupcion-del-exgobernador-camilo-romero\/#respond\"]}]},{\"@type\":\"WebPage\",\"@id\":\"https:\/\/pagina10.com\/web\/exigen-justicia-por-caso-de-corrupcion-del-exgobernador-camilo-romero\/\",\"url\":\"https:\/\/pagina10.com\/web\/exigen-justicia-por-caso-de-corrupcion-del-exgobernador-camilo-romero\/\",\"name\":\"Exigen justicia por caso de corrupci\u00f3n del exgobernador Camilo Romero. | P\u00e1gina10\",\"isPartOf\":{\"@id\":\"https:\/\/pagina10.com\/web\/#website\"},\"primaryImageOfPage\":{\"@id\":\"https:\/\/pagina10.com\/web\/exigen-justicia-por-caso-de-corrupcion-del-exgobernador-camilo-romero\/#primaryimage\"},\"image\":{\"@id\":\"https:\/\/pagina10.com\/web\/exigen-justicia-por-caso-de-corrupcion-del-exgobernador-camilo-romero\/#primaryimage\"},\"thumbnailUrl\":\"https:\/\/pagina10.com\/web\/wp-content\/uploads\/2021\/04\/CQUKRSFR3BC2TBROS6KCBKY7NY.jpg\",\"datePublished\":\"2021-04-19T15:55:14+00:00\",\"dateModified\":\"2021-04-19T19:27:36+00:00\",\"breadcrumb\":{\"@id\":\"https:\/\/pagina10.com\/web\/exigen-justicia-por-caso-de-corrupcion-del-exgobernador-camilo-romero\/#breadcrumb\"},\"inLanguage\":\"es\",\"potentialAction\":[{\"@type\":\"ReadAction\",\"target\":[\"https:\/\/pagina10.com\/web\/exigen-justicia-por-caso-de-corrupcion-del-exgobernador-camilo-romero\/\"]}]},{\"@type\":\"ImageObject\",\"inLanguage\":\"es\",\"@id\":\"https:\/\/pagina10.com\/web\/exigen-justicia-por-caso-de-corrupcion-del-exgobernador-camilo-romero\/#primaryimage\",\"url\":\"https:\/\/pagina10.com\/web\/wp-content\/uploads\/2021\/04\/CQUKRSFR3BC2TBROS6KCBKY7NY.jpg\",\"contentUrl\":\"https:\/\/pagina10.com\/web\/wp-content\/uploads\/2021\/04\/CQUKRSFR3BC2TBROS6KCBKY7NY.jpg\",\"width\":657,\"height\":437},{\"@type\":\"BreadcrumbList\",\"@id\":\"https:\/\/pagina10.com\/web\/exigen-justicia-por-caso-de-corrupcion-del-exgobernador-camilo-romero\/#breadcrumb\",\"itemListElement\":[{\"@type\":\"ListItem\",\"position\":1,\"name\":\"Portada\",\"item\":\"https:\/\/pagina10.com\/web\/\"},{\"@type\":\"ListItem\",\"position\":2,\"name\":\"Exigen justicia por caso de corrupci\u00f3n del exgobernador Camilo Romero.\"}]},{\"@type\":\"WebSite\",\"@id\":\"https:\/\/pagina10.com\/web\/#website\",\"url\":\"https:\/\/pagina10.com\/web\/\",\"name\":\"P\u00e1gina10\",\"description\":\"Peri\u00f3dico Regional\",\"publisher\":{\"@id\":\"https:\/\/pagina10.com\/web\/#organization\"},\"alternateName\":\"P\u00e1gina10 Peri\u00f3dico Regional\",\"potentialAction\":[{\"@type\":\"SearchAction\",\"target\":{\"@type\":\"EntryPoint\",\"urlTemplate\":\"https:\/\/pagina10.com\/web\/?s={search_term_string}\"},\"query-input\":{\"@type\":\"PropertyValueSpecification\",\"valueRequired\":true,\"valueName\":\"search_term_string\"}}],\"inLanguage\":\"es\"},{\"@type\":\"Organization\",\"@id\":\"https:\/\/pagina10.com\/web\/#organization\",\"name\":\"P\u00e1gina10\",\"alternateName\":\"P\u00e1gina10 Peri\u00f3dico Regional\",\"url\":\"https:\/\/pagina10.com\/web\/\",\"logo\":{\"@type\":\"ImageObject\",\"inLanguage\":\"es\",\"@id\":\"https:\/\/pagina10.com\/web\/#\/schema\/logo\/image\/\",\"url\":\"https:\/\/pagina10.com\/web\/wp-content\/uploads\/2024\/01\/40-pagina-10-periodico-regional-pasto.jpg\",\"contentUrl\":\"https:\/\/pagina10.com\/web\/wp-content\/uploads\/2024\/01\/40-pagina-10-periodico-regional-pasto.jpg\",\"width\":1280,\"height\":720,\"caption\":\"P\u00e1gina10\"},\"image\":{\"@id\":\"https:\/\/pagina10.com\/web\/#\/schema\/logo\/image\/\"},\"sameAs\":[\"https:\/\/www.facebook.com\/pag10com\",\"https:\/\/x.com\/Pag10com\",\"https:\/\/www.instagram.com\/pagina10col\/\",\"https:\/\/youtube.com\/channel\/pag10\",\"https:\/\/www.tiktok.com\/@p10col\"]},{\"@type\":\"Person\",\"@id\":\"https:\/\/pagina10.com\/web\/#\/schema\/person\/2efc4a090d25b667d3bc796798a3a81b\",\"name\":\"P\u00e1gina 10\",\"description\":\"P\u00e1gina 10 es un peri\u00f3dico regional que nace en Colombia, en el departamento de Nari\u00f1o, con un enfoque global, fundamentado en cuatro pilares esenciales: la libertad, el pluralismo, la inclusi\u00f3n y la independencia. P\u00e1gina 10 hace referencia a Nari\u00f1o como el d\u00e9cimo departamento creado en Colombia, despu\u00e9s de un proceso pol\u00edtico liderado por actores y actrices regionales con el fin de obtener la independencia y autonom\u00eda de nuestros territorios. Con la creaci\u00f3n de P\u00e1gina 10 se pretende abrir un escenario para el dialogo, la reflexi\u00f3n y el debate que se extienda a otras geograf\u00edas de Am\u00e9rica Latina y del planeta, en una apuesta por transformar colectivamente los desaf\u00edos de un mundo contempor\u00e1neo, m\u00e1s all\u00e1 de las fronteras impuestas.\",\"url\":\"https:\/\/pagina10.com\/web\/author\/pdiezadmin\/\"}]}<\/script>\n<!-- \/ Yoast SEO plugin. -->","yoast_head_json":{"title":"Exigen justicia por caso de corrupci\u00f3n del exgobernador Camilo Romero. | P\u00e1gina10","robots":{"index":"index","follow":"follow","max-snippet":"max-snippet:-1","max-image-preview":"max-image-preview:large","max-video-preview":"max-video-preview:-1"},"canonical":"https:\/\/pagina10.com\/web\/exigen-justicia-por-caso-de-corrupcion-del-exgobernador-camilo-romero\/","og_locale":"es_ES","og_type":"article","og_title":"Exigen justicia por caso de corrupci\u00f3n del exgobernador Camilo Romero. | P\u00e1gina10","og_description":"Un grupo de personas oriundas y residentes en el departamento de Nari\u00f1o enviaron una carta abierta al presidente de la Sala Penal de la Corte Suprema de Justicia, con el objetivo de pedir que haya pronto una respuesta frente al caso de corrupci\u00f3n en el que est\u00e1 inmerso el exgobernador Camilo Romero. Los remitentes del [&hellip;]","og_url":"https:\/\/pagina10.com\/web\/exigen-justicia-por-caso-de-corrupcion-del-exgobernador-camilo-romero\/","og_site_name":"P\u00e1gina10","article_publisher":"https:\/\/www.facebook.com\/pag10com","article_published_time":"2021-04-19T15:55:14+00:00","article_modified_time":"2021-04-19T19:27:36+00:00","og_image":[{"width":657,"height":437,"url":"https:\/\/pagina10.com\/web\/wp-content\/uploads\/2021\/04\/CQUKRSFR3BC2TBROS6KCBKY7NY.jpg","type":"image\/jpeg"}],"author":"P\u00e1gina 10","twitter_card":"summary_large_image","twitter_creator":"@Pag10com","twitter_site":"@Pag10com","twitter_misc":{"Escrito por":"P\u00e1gina 10","Tiempo de lectura":"2 minutos"},"schema":{"@context":"https:\/\/schema.org","@graph":[{"@type":"Article","@id":"https:\/\/pagina10.com\/web\/exigen-justicia-por-caso-de-corrupcion-del-exgobernador-camilo-romero\/#article","isPartOf":{"@id":"https:\/\/pagina10.com\/web\/exigen-justicia-por-caso-de-corrupcion-del-exgobernador-camilo-romero\/"},"author":{"name":"P\u00e1gina 10","@id":"https:\/\/pagina10.com\/web\/#\/schema\/person\/2efc4a090d25b667d3bc796798a3a81b"},"headline":"Exigen justicia por caso de corrupci\u00f3n del exgobernador Camilo Romero.","datePublished":"2021-04-19T15:55:14+00:00","dateModified":"2021-04-19T19:27:36+00:00","mainEntityOfPage":{"@id":"https:\/\/pagina10.com\/web\/exigen-justicia-por-caso-de-corrupcion-del-exgobernador-camilo-romero\/"},"wordCount":460,"commentCount":0,"publisher":{"@id":"https:\/\/pagina10.com\/web\/#organization"},"image":{"@id":"https:\/\/pagina10.com\/web\/exigen-justicia-por-caso-de-corrupcion-del-exgobernador-camilo-romero\/#primaryimage"},"thumbnailUrl":"https:\/\/pagina10.com\/web\/wp-content\/uploads\/2021\/04\/CQUKRSFR3BC2TBROS6KCBKY7NY.jpg","articleSection":["Regiones"],"inLanguage":"es","potentialAction":[{"@type":"CommentAction","name":"Comment","target":["https:\/\/pagina10.com\/web\/exigen-justicia-por-caso-de-corrupcion-del-exgobernador-camilo-romero\/#respond"]}]},{"@type":"WebPage","@id":"https:\/\/pagina10.com\/web\/exigen-justicia-por-caso-de-corrupcion-del-exgobernador-camilo-romero\/","url":"https:\/\/pagina10.com\/web\/exigen-justicia-por-caso-de-corrupcion-del-exgobernador-camilo-romero\/","name":"Exigen justicia por caso de corrupci\u00f3n del exgobernador Camilo Romero. | P\u00e1gina10","isPartOf":{"@id":"https:\/\/pagina10.com\/web\/#website"},"primaryImageOfPage":{"@id":"https:\/\/pagina10.com\/web\/exigen-justicia-por-caso-de-corrupcion-del-exgobernador-camilo-romero\/#primaryimage"},"image":{"@id":"https:\/\/pagina10.com\/web\/exigen-justicia-por-caso-de-corrupcion-del-exgobernador-camilo-romero\/#primaryimage"},"thumbnailUrl":"https:\/\/pagina10.com\/web\/wp-content\/uploads\/2021\/04\/CQUKRSFR3BC2TBROS6KCBKY7NY.jpg","datePublished":"2021-04-19T15:55:14+00:00","dateModified":"2021-04-19T19:27:36+00:00","breadcrumb":{"@id":"https:\/\/pagina10.com\/web\/exigen-justicia-por-caso-de-corrupcion-del-exgobernador-camilo-romero\/#breadcrumb"},"inLanguage":"es","potentialAction":[{"@type":"ReadAction","target":["https:\/\/pagina10.com\/web\/exigen-justicia-por-caso-de-corrupcion-del-exgobernador-camilo-romero\/"]}]},{"@type":"ImageObject","inLanguage":"es","@id":"https:\/\/pagina10.com\/web\/exigen-justicia-por-caso-de-corrupcion-del-exgobernador-camilo-romero\/#primaryimage","url":"https:\/\/pagina10.com\/web\/wp-content\/uploads\/2021\/04\/CQUKRSFR3BC2TBROS6KCBKY7NY.jpg","contentUrl":"https:\/\/pagina10.com\/web\/wp-content\/uploads\/2021\/04\/CQUKRSFR3BC2TBROS6KCBKY7NY.jpg","width":657,"height":437},{"@type":"BreadcrumbList","@id":"https:\/\/pagina10.com\/web\/exigen-justicia-por-caso-de-corrupcion-del-exgobernador-camilo-romero\/#breadcrumb","itemListElement":[{"@type":"ListItem","position":1,"name":"Portada","item":"https:\/\/pagina10.com\/web\/"},{"@type":"ListItem","position":2,"name":"Exigen justicia por caso de corrupci\u00f3n del exgobernador Camilo Romero."}]},{"@type":"WebSite","@id":"https:\/\/pagina10.com\/web\/#website","url":"https:\/\/pagina10.com\/web\/","name":"P\u00e1gina10","description":"Peri\u00f3dico Regional","publisher":{"@id":"https:\/\/pagina10.com\/web\/#organization"},"alternateName":"P\u00e1gina10 Peri\u00f3dico Regional","potentialAction":[{"@type":"SearchAction","target":{"@type":"EntryPoint","urlTemplate":"https:\/\/pagina10.com\/web\/?s={search_term_string}"},"query-input":{"@type":"PropertyValueSpecification","valueRequired":true,"valueName":"search_term_string"}}],"inLanguage":"es"},{"@type":"Organization","@id":"https:\/\/pagina10.com\/web\/#organization","name":"P\u00e1gina10","alternateName":"P\u00e1gina10 Peri\u00f3dico Regional","url":"https:\/\/pagina10.com\/web\/","logo":{"@type":"ImageObject","inLanguage":"es","@id":"https:\/\/pagina10.com\/web\/#\/schema\/logo\/image\/","url":"https:\/\/pagina10.com\/web\/wp-content\/uploads\/2024\/01\/40-pagina-10-periodico-regional-pasto.jpg","contentUrl":"https:\/\/pagina10.com\/web\/wp-content\/uploads\/2024\/01\/40-pagina-10-periodico-regional-pasto.jpg","width":1280,"height":720,"caption":"P\u00e1gina10"},"image":{"@id":"https:\/\/pagina10.com\/web\/#\/schema\/logo\/image\/"},"sameAs":["https:\/\/www.facebook.com\/pag10com","https:\/\/x.com\/Pag10com","https:\/\/www.instagram.com\/pagina10col\/","https:\/\/youtube.com\/channel\/pag10","https:\/\/www.tiktok.com\/@p10col"]},{"@type":"Person","@id":"https:\/\/pagina10.com\/web\/#\/schema\/person\/2efc4a090d25b667d3bc796798a3a81b","name":"P\u00e1gina 10","description":"P\u00e1gina 10 es un peri\u00f3dico regional que nace en Colombia, en el departamento de Nari\u00f1o, con un enfoque global, fundamentado en cuatro pilares esenciales: la libertad, el pluralismo, la inclusi\u00f3n y la independencia. P\u00e1gina 10 hace referencia a Nari\u00f1o como el d\u00e9cimo departamento creado en Colombia, despu\u00e9s de un proceso pol\u00edtico liderado por actores y actrices regionales con el fin de obtener la independencia y autonom\u00eda de nuestros territorios. Con la creaci\u00f3n de P\u00e1gina 10 se pretende abrir un escenario para el dialogo, la reflexi\u00f3n y el debate que se extienda a otras geograf\u00edas de Am\u00e9rica Latina y del planeta, en una apuesta por transformar colectivamente los desaf\u00edos de un mundo contempor\u00e1neo, m\u00e1s all\u00e1 de las fronteras impuestas.","url":"https:\/\/pagina10.com\/web\/author\/pdiezadmin\/"}]}},"_links":{"self":[{"href":"https:\/\/pagina10.com\/web\/wp-json\/wp\/v2\/posts\/51857","targetHints":{"allow":["GET"]}}],"collection":[{"href":"https:\/\/pagina10.com\/web\/wp-json\/wp\/v2\/posts"}],"about":[{"href":"https:\/\/pagina10.com\/web\/wp-json\/wp\/v2\/types\/post"}],"author":[{"embeddable":true,"href":"https:\/\/pagina10.com\/web\/wp-json\/wp\/v2\/users\/1"}],"replies":[{"embeddable":true,"href":"https:\/\/pagina10.com\/web\/wp-json\/wp\/v2\/comments?post=51857"}],"version-history":[{"count":4,"href":"https:\/\/pagina10.com\/web\/wp-json\/wp\/v2\/posts\/51857\/revisions"}],"predecessor-version":[{"id":51868,"href":"https:\/\/pagina10.com\/web\/wp-json\/wp\/v2\/posts\/51857\/revisions\/51868"}],"wp:featuredmedia":[{"embeddable":true,"href":"https:\/\/pagina10.com\/web\/wp-json\/wp\/v2\/media\/51858"}],"wp:attachment":[{"href":"https:\/\/pagina10.com\/web\/wp-json\/wp\/v2\/media?parent=51857"}],"wp:term":[{"taxonomy":"category","embeddable":true,"href":"https:\/\/pagina10.com\/web\/wp-json\/wp\/v2\/categories?post=51857"},{"taxonomy":"post_tag","embeddable":true,"href":"https:\/\/pagina10.com\/web\/wp-json\/wp\/v2\/tags?post=51857"}],"curies":[{"name":"wp","href":"https:\/\/api.w.org\/{rel}","templated":true}]}}