{"id":51864,"date":"2021-04-19T13:05:47","date_gmt":"2021-04-19T18:05:47","guid":{"rendered":"https:\/\/pagina10.com\/web\/?p=51864"},"modified":"2021-04-19T13:05:47","modified_gmt":"2021-04-19T18:05:47","slug":"alcalde-de-magui-payan-desmiente-senalamientos-que-lo-relacionan-con-un-grupo-paramilitar","status":"publish","type":"post","link":"https:\/\/pagina10.com\/web\/alcalde-de-magui-payan-desmiente-senalamientos-que-lo-relacionan-con-un-grupo-paramilitar\/","title":{"rendered":"Alcalde de Mag\u00fc\u00ed Pay\u00e1n desmiente se\u00f1alamientos que lo relacionan con un grupo paramilitar."},"content":{"rendered":"<p style=\"text-align: justify;\">Ayer por medio de su cuenta de Twitter el periodista\u200b colombiano y subdirector de la fundaci\u00f3n Paz y Reconciliaci\u00f3n, Ariel Avila, public\u00f3 un v\u00eddeo en el que la Columna m\u00f3vil Franco Benavides entrevista a \u00a0un miembro de las Autodefensas Gaitanistas de Colombia, \u00a0AUGC, conocido como alias \u2018Cale\u00f1o\u2019.<\/p>\n<p style=\"text-align: justify;\">Alias \u2018Cale\u00f1o\u2019 denunci\u00f3 las relaciones que este grupo armado tiene con los integrantes del grupo conocido como la Nueva Marquetalia e integrantes de la Fuerza P\u00fablica. Estos \u00faltimos de acuerdo a las versiones del paramilitar, les entregaban municiones al grupo criminal. El entrevistado asegura que en tres ocasiones recibi\u00f3 municiones por parte de las Fuerzas Militares en una zona conocida como \u2018El Aguacate\u2019 ubicada frente a una unidad del Ej\u00e9rcito.<\/p>\n<p style=\"text-align: justify;\">De igual manera, se\u00f1al\u00f3 que el alcalde de Mag\u00fc\u00ed Pay\u00e1n, en las pasadas elecciones hab\u00eda financiado su campa\u00f1a con dineros de este grupo armado y afirm\u00f3 que un comandante del grupo paramilitar conocido como \u2018Richard\u2019 transitaba en el pueblo con completa normalidad, \u201canda como si fuera un man de la ley publica y nadie le dice nada\u201d dijo.<\/p>\n<p style=\"text-align: justify;\">En el mismo sentido, agreg\u00f3 que en el bote de la alcald\u00eda municipal se estaban \u00a0transportando alimentos para el Ej\u00e9rcito que se encontraba en un \u00e1rea conocida como San Luis. De acuerdo a la versi\u00f3n manejada por el entrevistado, el ej\u00e9rcito tambi\u00e9n era responsable de cubrir a los paramilitares y de abastecerlos con municiones.<\/p>\n<p style=\"text-align: justify;\">Ante esto, el mandatario de Mag\u00fc\u00ed Pay\u00e1n, Alejandro Qui\u00f1ones, respondi\u00f3 que las acusaciones y los se\u00f1alamientos hechos son totalmente falsos. \u201cJam\u00e1s he tenido ese tipo de contacto, aun he sido v\u00edctima de los grupos al margen de ley por lo cual he presentado las respectivas denuncias\u201d dijo el alcalde.<\/p>\n<p style=\"text-align: justify;\">Afirm\u00f3 tambi\u00e9n que actualmente siente temor por \u00e9l y por su familia, y agreg\u00f3 que ni el municipio ni \u00e9l mismo cuentan con una lancha propia.<\/p>\n<p style=\"text-align: justify;\">\u00a0Finalmente, Avila se\u00f1al\u00f3 en otro tuit que las investigaciones realizadas en conjunto con la Fundaci\u00f3n Paz y Reconciliaci\u00f3n y Andrea Aldana, coinciden con varias de las cosas que el entrevistado se\u00f1al\u00f3, otras no tanto. \u201cPero esto es lo que pasa en el Pacifico Nari\u00f1ense. Los grupos armados ilegales son amos y se\u00f1ores all\u00e1\u201d manifest\u00f3 el periodista.<\/p>\n","protected":false},"excerpt":{"rendered":"<p>Ayer por medio de su cuenta de Twitter el periodista\u200b colombiano y subdirector de la fundaci\u00f3n Paz y Reconciliaci\u00f3n, Ariel Avila, public\u00f3 un v\u00eddeo en el que la Columna m\u00f3vil Franco Benavides entrevista a \u00a0un miembro de las Autodefensas Gaitanistas de Colombia, \u00a0AUGC, conocido como alias \u2018Cale\u00f1o\u2019. Alias \u2018Cale\u00f1o\u2019 denunci\u00f3 las relaciones que este grupo [&hellip;]<\/p>\n","protected":false},"author":1,"featured_media":51865,"comment_status":"open","ping_status":"open","sticky":false,"template":"","format":"standard","meta":{"footnotes":""},"categories":[53],"tags":[],"class_list":["post-51864","post","type-post","status-publish","format-standard","has-post-thumbnail","hentry","category-regiones"],"yoast_head":"<!-- This site is optimized with the Yoast SEO plugin v27.1.1 - https:\/\/yoast.com\/product\/yoast-seo-wordpress\/ -->\n<title>Alcalde de Mag\u00fc\u00ed Pay\u00e1n desmiente se\u00f1alamientos que lo relacionan con un grupo paramilitar. | P\u00e1gina10<\/title>\n<meta name=\"robots\" content=\"index, follow, max-snippet:-1, max-image-preview:large, max-video-preview:-1\" \/>\n<link rel=\"canonical\" href=\"https:\/\/pagina10.com\/web\/alcalde-de-magui-payan-desmiente-senalamientos-que-lo-relacionan-con-un-grupo-paramilitar\/\" \/>\n<meta property=\"og:locale\" content=\"es_ES\" \/>\n<meta property=\"og:type\" content=\"article\" \/>\n<meta property=\"og:title\" content=\"Alcalde de Mag\u00fc\u00ed Pay\u00e1n desmiente se\u00f1alamientos que lo relacionan con un grupo paramilitar. | P\u00e1gina10\" \/>\n<meta property=\"og:description\" content=\"Ayer por medio de su cuenta de Twitter el periodista\u200b colombiano y subdirector de la fundaci\u00f3n Paz y Reconciliaci\u00f3n, Ariel Avila, public\u00f3 un v\u00eddeo en el que la Columna m\u00f3vil Franco Benavides entrevista a un miembro de las Autodefensas Gaitanistas de Colombia, AUGC, conocido como alias \u2018Cale\u00f1o\u2019. Alias \u2018Cale\u00f1o\u2019 denunci\u00f3 las relaciones que este grupo [&hellip;]\" \/>\n<meta property=\"og:url\" content=\"https:\/\/pagina10.com\/web\/alcalde-de-magui-payan-desmiente-senalamientos-que-lo-relacionan-con-un-grupo-paramilitar\/\" \/>\n<meta property=\"og:site_name\" content=\"P\u00e1gina10\" \/>\n<meta property=\"article:publisher\" content=\"https:\/\/www.facebook.com\/pag10com\" \/>\n<meta property=\"article:published_time\" content=\"2021-04-19T18:05:47+00:00\" \/>\n<meta property=\"og:image\" content=\"https:\/\/pagina10.com\/web\/wp-content\/uploads\/2021\/04\/Captura-de-pantalla-211.png\" \/>\n\t<meta property=\"og:image:width\" content=\"308\" \/>\n\t<meta property=\"og:image:height\" content=\"315\" \/>\n\t<meta property=\"og:image:type\" content=\"image\/png\" \/>\n<meta name=\"author\" content=\"P\u00e1gina 10\" \/>\n<meta name=\"twitter:card\" content=\"summary_large_image\" \/>\n<meta name=\"twitter:creator\" content=\"@Pag10com\" \/>\n<meta name=\"twitter:site\" content=\"@Pag10com\" \/>\n<meta name=\"twitter:label1\" content=\"Escrito por\" \/>\n\t<meta name=\"twitter:data1\" content=\"P\u00e1gina 10\" \/>\n\t<meta name=\"twitter:label2\" content=\"Tiempo de lectura\" \/>\n\t<meta name=\"twitter:data2\" content=\"2 minutos\" \/>\n<script type=\"application\/ld+json\" class=\"yoast-schema-graph\">{\"@context\":\"https:\/\/schema.org\",\"@graph\":[{\"@type\":\"Article\",\"@id\":\"https:\/\/pagina10.com\/web\/alcalde-de-magui-payan-desmiente-senalamientos-que-lo-relacionan-con-un-grupo-paramilitar\/#article\",\"isPartOf\":{\"@id\":\"https:\/\/pagina10.com\/web\/alcalde-de-magui-payan-desmiente-senalamientos-que-lo-relacionan-con-un-grupo-paramilitar\/\"},\"author\":{\"name\":\"P\u00e1gina 10\",\"@id\":\"https:\/\/pagina10.com\/web\/#\/schema\/person\/2efc4a090d25b667d3bc796798a3a81b\"},\"headline\":\"Alcalde de Mag\u00fc\u00ed Pay\u00e1n desmiente se\u00f1alamientos que lo relacionan con un grupo paramilitar.\",\"datePublished\":\"2021-04-19T18:05:47+00:00\",\"mainEntityOfPage\":{\"@id\":\"https:\/\/pagina10.com\/web\/alcalde-de-magui-payan-desmiente-senalamientos-que-lo-relacionan-con-un-grupo-paramilitar\/\"},\"wordCount\":404,\"commentCount\":0,\"publisher\":{\"@id\":\"https:\/\/pagina10.com\/web\/#organization\"},\"image\":{\"@id\":\"https:\/\/pagina10.com\/web\/alcalde-de-magui-payan-desmiente-senalamientos-que-lo-relacionan-con-un-grupo-paramilitar\/#primaryimage\"},\"thumbnailUrl\":\"https:\/\/pagina10.com\/web\/wp-content\/uploads\/2021\/04\/Captura-de-pantalla-211.png\",\"articleSection\":[\"Regiones\"],\"inLanguage\":\"es\",\"potentialAction\":[{\"@type\":\"CommentAction\",\"name\":\"Comment\",\"target\":[\"https:\/\/pagina10.com\/web\/alcalde-de-magui-payan-desmiente-senalamientos-que-lo-relacionan-con-un-grupo-paramilitar\/#respond\"]}]},{\"@type\":\"WebPage\",\"@id\":\"https:\/\/pagina10.com\/web\/alcalde-de-magui-payan-desmiente-senalamientos-que-lo-relacionan-con-un-grupo-paramilitar\/\",\"url\":\"https:\/\/pagina10.com\/web\/alcalde-de-magui-payan-desmiente-senalamientos-que-lo-relacionan-con-un-grupo-paramilitar\/\",\"name\":\"Alcalde de Mag\u00fc\u00ed Pay\u00e1n desmiente se\u00f1alamientos que lo relacionan con un grupo paramilitar. | P\u00e1gina10\",\"isPartOf\":{\"@id\":\"https:\/\/pagina10.com\/web\/#website\"},\"primaryImageOfPage\":{\"@id\":\"https:\/\/pagina10.com\/web\/alcalde-de-magui-payan-desmiente-senalamientos-que-lo-relacionan-con-un-grupo-paramilitar\/#primaryimage\"},\"image\":{\"@id\":\"https:\/\/pagina10.com\/web\/alcalde-de-magui-payan-desmiente-senalamientos-que-lo-relacionan-con-un-grupo-paramilitar\/#primaryimage\"},\"thumbnailUrl\":\"https:\/\/pagina10.com\/web\/wp-content\/uploads\/2021\/04\/Captura-de-pantalla-211.png\",\"datePublished\":\"2021-04-19T18:05:47+00:00\",\"breadcrumb\":{\"@id\":\"https:\/\/pagina10.com\/web\/alcalde-de-magui-payan-desmiente-senalamientos-que-lo-relacionan-con-un-grupo-paramilitar\/#breadcrumb\"},\"inLanguage\":\"es\",\"potentialAction\":[{\"@type\":\"ReadAction\",\"target\":[\"https:\/\/pagina10.com\/web\/alcalde-de-magui-payan-desmiente-senalamientos-que-lo-relacionan-con-un-grupo-paramilitar\/\"]}]},{\"@type\":\"ImageObject\",\"inLanguage\":\"es\",\"@id\":\"https:\/\/pagina10.com\/web\/alcalde-de-magui-payan-desmiente-senalamientos-que-lo-relacionan-con-un-grupo-paramilitar\/#primaryimage\",\"url\":\"https:\/\/pagina10.com\/web\/wp-content\/uploads\/2021\/04\/Captura-de-pantalla-211.png\",\"contentUrl\":\"https:\/\/pagina10.com\/web\/wp-content\/uploads\/2021\/04\/Captura-de-pantalla-211.png\",\"width\":308,\"height\":315},{\"@type\":\"BreadcrumbList\",\"@id\":\"https:\/\/pagina10.com\/web\/alcalde-de-magui-payan-desmiente-senalamientos-que-lo-relacionan-con-un-grupo-paramilitar\/#breadcrumb\",\"itemListElement\":[{\"@type\":\"ListItem\",\"position\":1,\"name\":\"Portada\",\"item\":\"https:\/\/pagina10.com\/web\/\"},{\"@type\":\"ListItem\",\"position\":2,\"name\":\"Alcalde de Mag\u00fc\u00ed Pay\u00e1n desmiente se\u00f1alamientos que lo relacionan con un grupo paramilitar.\"}]},{\"@type\":\"WebSite\",\"@id\":\"https:\/\/pagina10.com\/web\/#website\",\"url\":\"https:\/\/pagina10.com\/web\/\",\"name\":\"P\u00e1gina10\",\"description\":\"Peri\u00f3dico Regional\",\"publisher\":{\"@id\":\"https:\/\/pagina10.com\/web\/#organization\"},\"alternateName\":\"P\u00e1gina10 Peri\u00f3dico Regional\",\"potentialAction\":[{\"@type\":\"SearchAction\",\"target\":{\"@type\":\"EntryPoint\",\"urlTemplate\":\"https:\/\/pagina10.com\/web\/?s={search_term_string}\"},\"query-input\":{\"@type\":\"PropertyValueSpecification\",\"valueRequired\":true,\"valueName\":\"search_term_string\"}}],\"inLanguage\":\"es\"},{\"@type\":\"Organization\",\"@id\":\"https:\/\/pagina10.com\/web\/#organization\",\"name\":\"P\u00e1gina10\",\"alternateName\":\"P\u00e1gina10 Peri\u00f3dico Regional\",\"url\":\"https:\/\/pagina10.com\/web\/\",\"logo\":{\"@type\":\"ImageObject\",\"inLanguage\":\"es\",\"@id\":\"https:\/\/pagina10.com\/web\/#\/schema\/logo\/image\/\",\"url\":\"https:\/\/pagina10.com\/web\/wp-content\/uploads\/2024\/01\/40-pagina-10-periodico-regional-pasto.jpg\",\"contentUrl\":\"https:\/\/pagina10.com\/web\/wp-content\/uploads\/2024\/01\/40-pagina-10-periodico-regional-pasto.jpg\",\"width\":1280,\"height\":720,\"caption\":\"P\u00e1gina10\"},\"image\":{\"@id\":\"https:\/\/pagina10.com\/web\/#\/schema\/logo\/image\/\"},\"sameAs\":[\"https:\/\/www.facebook.com\/pag10com\",\"https:\/\/x.com\/Pag10com\",\"https:\/\/www.instagram.com\/pagina10col\/\",\"https:\/\/youtube.com\/channel\/pag10\",\"https:\/\/www.tiktok.com\/@p10col\"]},{\"@type\":\"Person\",\"@id\":\"https:\/\/pagina10.com\/web\/#\/schema\/person\/2efc4a090d25b667d3bc796798a3a81b\",\"name\":\"P\u00e1gina 10\",\"description\":\"P\u00e1gina 10 es un peri\u00f3dico regional que nace en Colombia, en el departamento de Nari\u00f1o, con un enfoque global, fundamentado en cuatro pilares esenciales: la libertad, el pluralismo, la inclusi\u00f3n y la independencia. P\u00e1gina 10 hace referencia a Nari\u00f1o como el d\u00e9cimo departamento creado en Colombia, despu\u00e9s de un proceso pol\u00edtico liderado por actores y actrices regionales con el fin de obtener la independencia y autonom\u00eda de nuestros territorios. Con la creaci\u00f3n de P\u00e1gina 10 se pretende abrir un escenario para el dialogo, la reflexi\u00f3n y el debate que se extienda a otras geograf\u00edas de Am\u00e9rica Latina y del planeta, en una apuesta por transformar colectivamente los desaf\u00edos de un mundo contempor\u00e1neo, m\u00e1s all\u00e1 de las fronteras impuestas.\",\"url\":\"https:\/\/pagina10.com\/web\/author\/pdiezadmin\/\"}]}<\/script>\n<!-- \/ Yoast SEO plugin. -->","yoast_head_json":{"title":"Alcalde de Mag\u00fc\u00ed Pay\u00e1n desmiente se\u00f1alamientos que lo relacionan con un grupo paramilitar. | P\u00e1gina10","robots":{"index":"index","follow":"follow","max-snippet":"max-snippet:-1","max-image-preview":"max-image-preview:large","max-video-preview":"max-video-preview:-1"},"canonical":"https:\/\/pagina10.com\/web\/alcalde-de-magui-payan-desmiente-senalamientos-que-lo-relacionan-con-un-grupo-paramilitar\/","og_locale":"es_ES","og_type":"article","og_title":"Alcalde de Mag\u00fc\u00ed Pay\u00e1n desmiente se\u00f1alamientos que lo relacionan con un grupo paramilitar. | P\u00e1gina10","og_description":"Ayer por medio de su cuenta de Twitter el periodista\u200b colombiano y subdirector de la fundaci\u00f3n Paz y Reconciliaci\u00f3n, Ariel Avila, public\u00f3 un v\u00eddeo en el que la Columna m\u00f3vil Franco Benavides entrevista a un miembro de las Autodefensas Gaitanistas de Colombia, AUGC, conocido como alias \u2018Cale\u00f1o\u2019. Alias \u2018Cale\u00f1o\u2019 denunci\u00f3 las relaciones que este grupo [&hellip;]","og_url":"https:\/\/pagina10.com\/web\/alcalde-de-magui-payan-desmiente-senalamientos-que-lo-relacionan-con-un-grupo-paramilitar\/","og_site_name":"P\u00e1gina10","article_publisher":"https:\/\/www.facebook.com\/pag10com","article_published_time":"2021-04-19T18:05:47+00:00","og_image":[{"width":308,"height":315,"url":"https:\/\/pagina10.com\/web\/wp-content\/uploads\/2021\/04\/Captura-de-pantalla-211.png","type":"image\/png"}],"author":"P\u00e1gina 10","twitter_card":"summary_large_image","twitter_creator":"@Pag10com","twitter_site":"@Pag10com","twitter_misc":{"Escrito por":"P\u00e1gina 10","Tiempo de lectura":"2 minutos"},"schema":{"@context":"https:\/\/schema.org","@graph":[{"@type":"Article","@id":"https:\/\/pagina10.com\/web\/alcalde-de-magui-payan-desmiente-senalamientos-que-lo-relacionan-con-un-grupo-paramilitar\/#article","isPartOf":{"@id":"https:\/\/pagina10.com\/web\/alcalde-de-magui-payan-desmiente-senalamientos-que-lo-relacionan-con-un-grupo-paramilitar\/"},"author":{"name":"P\u00e1gina 10","@id":"https:\/\/pagina10.com\/web\/#\/schema\/person\/2efc4a090d25b667d3bc796798a3a81b"},"headline":"Alcalde de Mag\u00fc\u00ed Pay\u00e1n desmiente se\u00f1alamientos que lo relacionan con un grupo paramilitar.","datePublished":"2021-04-19T18:05:47+00:00","mainEntityOfPage":{"@id":"https:\/\/pagina10.com\/web\/alcalde-de-magui-payan-desmiente-senalamientos-que-lo-relacionan-con-un-grupo-paramilitar\/"},"wordCount":404,"commentCount":0,"publisher":{"@id":"https:\/\/pagina10.com\/web\/#organization"},"image":{"@id":"https:\/\/pagina10.com\/web\/alcalde-de-magui-payan-desmiente-senalamientos-que-lo-relacionan-con-un-grupo-paramilitar\/#primaryimage"},"thumbnailUrl":"https:\/\/pagina10.com\/web\/wp-content\/uploads\/2021\/04\/Captura-de-pantalla-211.png","articleSection":["Regiones"],"inLanguage":"es","potentialAction":[{"@type":"CommentAction","name":"Comment","target":["https:\/\/pagina10.com\/web\/alcalde-de-magui-payan-desmiente-senalamientos-que-lo-relacionan-con-un-grupo-paramilitar\/#respond"]}]},{"@type":"WebPage","@id":"https:\/\/pagina10.com\/web\/alcalde-de-magui-payan-desmiente-senalamientos-que-lo-relacionan-con-un-grupo-paramilitar\/","url":"https:\/\/pagina10.com\/web\/alcalde-de-magui-payan-desmiente-senalamientos-que-lo-relacionan-con-un-grupo-paramilitar\/","name":"Alcalde de Mag\u00fc\u00ed Pay\u00e1n desmiente se\u00f1alamientos que lo relacionan con un grupo paramilitar. | P\u00e1gina10","isPartOf":{"@id":"https:\/\/pagina10.com\/web\/#website"},"primaryImageOfPage":{"@id":"https:\/\/pagina10.com\/web\/alcalde-de-magui-payan-desmiente-senalamientos-que-lo-relacionan-con-un-grupo-paramilitar\/#primaryimage"},"image":{"@id":"https:\/\/pagina10.com\/web\/alcalde-de-magui-payan-desmiente-senalamientos-que-lo-relacionan-con-un-grupo-paramilitar\/#primaryimage"},"thumbnailUrl":"https:\/\/pagina10.com\/web\/wp-content\/uploads\/2021\/04\/Captura-de-pantalla-211.png","datePublished":"2021-04-19T18:05:47+00:00","breadcrumb":{"@id":"https:\/\/pagina10.com\/web\/alcalde-de-magui-payan-desmiente-senalamientos-que-lo-relacionan-con-un-grupo-paramilitar\/#breadcrumb"},"inLanguage":"es","potentialAction":[{"@type":"ReadAction","target":["https:\/\/pagina10.com\/web\/alcalde-de-magui-payan-desmiente-senalamientos-que-lo-relacionan-con-un-grupo-paramilitar\/"]}]},{"@type":"ImageObject","inLanguage":"es","@id":"https:\/\/pagina10.com\/web\/alcalde-de-magui-payan-desmiente-senalamientos-que-lo-relacionan-con-un-grupo-paramilitar\/#primaryimage","url":"https:\/\/pagina10.com\/web\/wp-content\/uploads\/2021\/04\/Captura-de-pantalla-211.png","contentUrl":"https:\/\/pagina10.com\/web\/wp-content\/uploads\/2021\/04\/Captura-de-pantalla-211.png","width":308,"height":315},{"@type":"BreadcrumbList","@id":"https:\/\/pagina10.com\/web\/alcalde-de-magui-payan-desmiente-senalamientos-que-lo-relacionan-con-un-grupo-paramilitar\/#breadcrumb","itemListElement":[{"@type":"ListItem","position":1,"name":"Portada","item":"https:\/\/pagina10.com\/web\/"},{"@type":"ListItem","position":2,"name":"Alcalde de Mag\u00fc\u00ed Pay\u00e1n desmiente se\u00f1alamientos que lo relacionan con un grupo paramilitar."}]},{"@type":"WebSite","@id":"https:\/\/pagina10.com\/web\/#website","url":"https:\/\/pagina10.com\/web\/","name":"P\u00e1gina10","description":"Peri\u00f3dico Regional","publisher":{"@id":"https:\/\/pagina10.com\/web\/#organization"},"alternateName":"P\u00e1gina10 Peri\u00f3dico Regional","potentialAction":[{"@type":"SearchAction","target":{"@type":"EntryPoint","urlTemplate":"https:\/\/pagina10.com\/web\/?s={search_term_string}"},"query-input":{"@type":"PropertyValueSpecification","valueRequired":true,"valueName":"search_term_string"}}],"inLanguage":"es"},{"@type":"Organization","@id":"https:\/\/pagina10.com\/web\/#organization","name":"P\u00e1gina10","alternateName":"P\u00e1gina10 Peri\u00f3dico Regional","url":"https:\/\/pagina10.com\/web\/","logo":{"@type":"ImageObject","inLanguage":"es","@id":"https:\/\/pagina10.com\/web\/#\/schema\/logo\/image\/","url":"https:\/\/pagina10.com\/web\/wp-content\/uploads\/2024\/01\/40-pagina-10-periodico-regional-pasto.jpg","contentUrl":"https:\/\/pagina10.com\/web\/wp-content\/uploads\/2024\/01\/40-pagina-10-periodico-regional-pasto.jpg","width":1280,"height":720,"caption":"P\u00e1gina10"},"image":{"@id":"https:\/\/pagina10.com\/web\/#\/schema\/logo\/image\/"},"sameAs":["https:\/\/www.facebook.com\/pag10com","https:\/\/x.com\/Pag10com","https:\/\/www.instagram.com\/pagina10col\/","https:\/\/youtube.com\/channel\/pag10","https:\/\/www.tiktok.com\/@p10col"]},{"@type":"Person","@id":"https:\/\/pagina10.com\/web\/#\/schema\/person\/2efc4a090d25b667d3bc796798a3a81b","name":"P\u00e1gina 10","description":"P\u00e1gina 10 es un peri\u00f3dico regional que nace en Colombia, en el departamento de Nari\u00f1o, con un enfoque global, fundamentado en cuatro pilares esenciales: la libertad, el pluralismo, la inclusi\u00f3n y la independencia. P\u00e1gina 10 hace referencia a Nari\u00f1o como el d\u00e9cimo departamento creado en Colombia, despu\u00e9s de un proceso pol\u00edtico liderado por actores y actrices regionales con el fin de obtener la independencia y autonom\u00eda de nuestros territorios. Con la creaci\u00f3n de P\u00e1gina 10 se pretende abrir un escenario para el dialogo, la reflexi\u00f3n y el debate que se extienda a otras geograf\u00edas de Am\u00e9rica Latina y del planeta, en una apuesta por transformar colectivamente los desaf\u00edos de un mundo contempor\u00e1neo, m\u00e1s all\u00e1 de las fronteras impuestas.","url":"https:\/\/pagina10.com\/web\/author\/pdiezadmin\/"}]}},"_links":{"self":[{"href":"https:\/\/pagina10.com\/web\/wp-json\/wp\/v2\/posts\/51864","targetHints":{"allow":["GET"]}}],"collection":[{"href":"https:\/\/pagina10.com\/web\/wp-json\/wp\/v2\/posts"}],"about":[{"href":"https:\/\/pagina10.com\/web\/wp-json\/wp\/v2\/types\/post"}],"author":[{"embeddable":true,"href":"https:\/\/pagina10.com\/web\/wp-json\/wp\/v2\/users\/1"}],"replies":[{"embeddable":true,"href":"https:\/\/pagina10.com\/web\/wp-json\/wp\/v2\/comments?post=51864"}],"version-history":[{"count":1,"href":"https:\/\/pagina10.com\/web\/wp-json\/wp\/v2\/posts\/51864\/revisions"}],"predecessor-version":[{"id":51866,"href":"https:\/\/pagina10.com\/web\/wp-json\/wp\/v2\/posts\/51864\/revisions\/51866"}],"wp:featuredmedia":[{"embeddable":true,"href":"https:\/\/pagina10.com\/web\/wp-json\/wp\/v2\/media\/51865"}],"wp:attachment":[{"href":"https:\/\/pagina10.com\/web\/wp-json\/wp\/v2\/media?parent=51864"}],"wp:term":[{"taxonomy":"category","embeddable":true,"href":"https:\/\/pagina10.com\/web\/wp-json\/wp\/v2\/categories?post=51864"},{"taxonomy":"post_tag","embeddable":true,"href":"https:\/\/pagina10.com\/web\/wp-json\/wp\/v2\/tags?post=51864"}],"curies":[{"name":"wp","href":"https:\/\/api.w.org\/{rel}","templated":true}]}}