{"id":51881,"date":"2021-04-20T14:28:37","date_gmt":"2021-04-20T19:28:37","guid":{"rendered":"https:\/\/pagina10.com\/web\/?p=51881"},"modified":"2021-04-20T14:28:37","modified_gmt":"2021-04-20T19:28:37","slug":"gobernadora-indigena-del-resguardo-de-la-laguna-siberia-sandra-pena-fue-asesinada-en-el-cauca","status":"publish","type":"post","link":"https:\/\/pagina10.com\/web\/gobernadora-indigena-del-resguardo-de-la-laguna-siberia-sandra-pena-fue-asesinada-en-el-cauca\/","title":{"rendered":"Gobernadora Ind\u00edgena del resguardo de la Laguna Siberia, Sandra Pe\u00f1a, fue asesinada en el Cauca."},"content":{"rendered":"<p style=\"text-align: justify;\">El senador ind\u00edgena, Feliciano Valencia, anunci\u00f3 hoy en horas de la ma\u00f1ana que en la vereda El Porvenir, corregimiento de Pescador, Municipio de Caldono, Cauca, fue asesinada la gobernadora ind\u00edgena Sandra Pe\u00f1a del resguardo de la Laguna Siberia.<\/p>\n<p style=\"text-align: justify;\">De acuerdo a la informaci\u00f3n que se conoce hasta el momento, cuatro hombres armados llegaron hasta la casa de la l\u00edder ind\u00edgena desde donde la obligaron a salir y sin mediar palabra le dispararon. La Gobernadora en d\u00edas pasados, hab\u00eda manifestado su rechazo a los cultivos de uso il\u00edcito.<\/p>\n<p style=\"text-align: justify;\">\u201cCon profunda tristeza e impotencia, vemos como en el Cauca asesinan a nuestra gente, a nuestros l\u00edderes y como los actores de la guerra nos someten sin piedad. Rechazo el vil asesinato de la autoridad ind\u00edgena Sandra Liliana Pe\u00f1a. \u00bfCu\u00e1ntos l\u00edderes m\u00e1s caer\u00e1n en este Gobierno?\u201d public\u00f3 en su cuenta de Twitter el Senador Ind\u00edgena.<\/p>\n","protected":false},"excerpt":{"rendered":"<p>El senador ind\u00edgena, Feliciano Valencia, anunci\u00f3 hoy en horas de la ma\u00f1ana que en la vereda El Porvenir, corregimiento de Pescador, Municipio de Caldono, Cauca, fue asesinada la gobernadora ind\u00edgena Sandra Pe\u00f1a del resguardo de la Laguna Siberia. De acuerdo a la informaci\u00f3n que se conoce hasta el momento, cuatro hombres armados llegaron hasta la [&hellip;]<\/p>\n","protected":false},"author":1,"featured_media":51882,"comment_status":"open","ping_status":"open","sticky":false,"template":"","format":"standard","meta":{"footnotes":""},"categories":[53],"tags":[],"class_list":["post-51881","post","type-post","status-publish","format-standard","has-post-thumbnail","hentry","category-regiones"],"yoast_head":"<!-- This site is optimized with the Yoast SEO plugin v27.1.1 - https:\/\/yoast.com\/product\/yoast-seo-wordpress\/ -->\n<title>Gobernadora Ind\u00edgena del resguardo de la Laguna Siberia, Sandra Pe\u00f1a, fue asesinada en el Cauca. | P\u00e1gina10<\/title>\n<meta name=\"robots\" content=\"index, follow, max-snippet:-1, max-image-preview:large, max-video-preview:-1\" \/>\n<link rel=\"canonical\" href=\"https:\/\/pagina10.com\/web\/gobernadora-indigena-del-resguardo-de-la-laguna-siberia-sandra-pena-fue-asesinada-en-el-cauca\/\" \/>\n<meta property=\"og:locale\" content=\"es_ES\" \/>\n<meta property=\"og:type\" content=\"article\" \/>\n<meta property=\"og:title\" content=\"Gobernadora Ind\u00edgena del resguardo de la Laguna Siberia, Sandra Pe\u00f1a, fue asesinada en el Cauca. | P\u00e1gina10\" \/>\n<meta property=\"og:description\" content=\"El senador ind\u00edgena, Feliciano Valencia, anunci\u00f3 hoy en horas de la ma\u00f1ana que en la vereda El Porvenir, corregimiento de Pescador, Municipio de Caldono, Cauca, fue asesinada la gobernadora ind\u00edgena Sandra Pe\u00f1a del resguardo de la Laguna Siberia. De acuerdo a la informaci\u00f3n que se conoce hasta el momento, cuatro hombres armados llegaron hasta la [&hellip;]\" \/>\n<meta property=\"og:url\" content=\"https:\/\/pagina10.com\/web\/gobernadora-indigena-del-resguardo-de-la-laguna-siberia-sandra-pena-fue-asesinada-en-el-cauca\/\" \/>\n<meta property=\"og:site_name\" content=\"P\u00e1gina10\" \/>\n<meta property=\"article:publisher\" content=\"https:\/\/www.facebook.com\/pag10com\" \/>\n<meta property=\"article:published_time\" content=\"2021-04-20T19:28:37+00:00\" \/>\n<meta property=\"og:image\" content=\"https:\/\/pagina10.com\/web\/wp-content\/uploads\/2021\/04\/Eza-XK_XsAE9ccF.jpeg\" \/>\n\t<meta property=\"og:image:width\" content=\"560\" \/>\n\t<meta property=\"og:image:height\" content=\"574\" \/>\n\t<meta property=\"og:image:type\" content=\"image\/jpeg\" \/>\n<meta name=\"author\" content=\"P\u00e1gina 10\" \/>\n<meta name=\"twitter:card\" content=\"summary_large_image\" \/>\n<meta name=\"twitter:creator\" content=\"@Pag10com\" \/>\n<meta name=\"twitter:site\" content=\"@Pag10com\" \/>\n<meta name=\"twitter:label1\" content=\"Escrito por\" \/>\n\t<meta name=\"twitter:data1\" content=\"P\u00e1gina 10\" \/>\n\t<meta name=\"twitter:label2\" content=\"Tiempo de lectura\" \/>\n\t<meta name=\"twitter:data2\" content=\"1 minuto\" \/>\n<script type=\"application\/ld+json\" class=\"yoast-schema-graph\">{\"@context\":\"https:\/\/schema.org\",\"@graph\":[{\"@type\":\"Article\",\"@id\":\"https:\/\/pagina10.com\/web\/gobernadora-indigena-del-resguardo-de-la-laguna-siberia-sandra-pena-fue-asesinada-en-el-cauca\/#article\",\"isPartOf\":{\"@id\":\"https:\/\/pagina10.com\/web\/gobernadora-indigena-del-resguardo-de-la-laguna-siberia-sandra-pena-fue-asesinada-en-el-cauca\/\"},\"author\":{\"name\":\"P\u00e1gina 10\",\"@id\":\"https:\/\/pagina10.com\/web\/#\/schema\/person\/2efc4a090d25b667d3bc796798a3a81b\"},\"headline\":\"Gobernadora Ind\u00edgena del resguardo de la Laguna Siberia, Sandra Pe\u00f1a, fue asesinada en el Cauca.\",\"datePublished\":\"2021-04-20T19:28:37+00:00\",\"mainEntityOfPage\":{\"@id\":\"https:\/\/pagina10.com\/web\/gobernadora-indigena-del-resguardo-de-la-laguna-siberia-sandra-pena-fue-asesinada-en-el-cauca\/\"},\"wordCount\":177,\"commentCount\":0,\"publisher\":{\"@id\":\"https:\/\/pagina10.com\/web\/#organization\"},\"image\":{\"@id\":\"https:\/\/pagina10.com\/web\/gobernadora-indigena-del-resguardo-de-la-laguna-siberia-sandra-pena-fue-asesinada-en-el-cauca\/#primaryimage\"},\"thumbnailUrl\":\"https:\/\/pagina10.com\/web\/wp-content\/uploads\/2021\/04\/Eza-XK_XsAE9ccF.jpeg\",\"articleSection\":[\"Regiones\"],\"inLanguage\":\"es\",\"potentialAction\":[{\"@type\":\"CommentAction\",\"name\":\"Comment\",\"target\":[\"https:\/\/pagina10.com\/web\/gobernadora-indigena-del-resguardo-de-la-laguna-siberia-sandra-pena-fue-asesinada-en-el-cauca\/#respond\"]}]},{\"@type\":\"WebPage\",\"@id\":\"https:\/\/pagina10.com\/web\/gobernadora-indigena-del-resguardo-de-la-laguna-siberia-sandra-pena-fue-asesinada-en-el-cauca\/\",\"url\":\"https:\/\/pagina10.com\/web\/gobernadora-indigena-del-resguardo-de-la-laguna-siberia-sandra-pena-fue-asesinada-en-el-cauca\/\",\"name\":\"Gobernadora Ind\u00edgena del resguardo de la Laguna Siberia, Sandra Pe\u00f1a, fue asesinada en el Cauca. | P\u00e1gina10\",\"isPartOf\":{\"@id\":\"https:\/\/pagina10.com\/web\/#website\"},\"primaryImageOfPage\":{\"@id\":\"https:\/\/pagina10.com\/web\/gobernadora-indigena-del-resguardo-de-la-laguna-siberia-sandra-pena-fue-asesinada-en-el-cauca\/#primaryimage\"},\"image\":{\"@id\":\"https:\/\/pagina10.com\/web\/gobernadora-indigena-del-resguardo-de-la-laguna-siberia-sandra-pena-fue-asesinada-en-el-cauca\/#primaryimage\"},\"thumbnailUrl\":\"https:\/\/pagina10.com\/web\/wp-content\/uploads\/2021\/04\/Eza-XK_XsAE9ccF.jpeg\",\"datePublished\":\"2021-04-20T19:28:37+00:00\",\"breadcrumb\":{\"@id\":\"https:\/\/pagina10.com\/web\/gobernadora-indigena-del-resguardo-de-la-laguna-siberia-sandra-pena-fue-asesinada-en-el-cauca\/#breadcrumb\"},\"inLanguage\":\"es\",\"potentialAction\":[{\"@type\":\"ReadAction\",\"target\":[\"https:\/\/pagina10.com\/web\/gobernadora-indigena-del-resguardo-de-la-laguna-siberia-sandra-pena-fue-asesinada-en-el-cauca\/\"]}]},{\"@type\":\"ImageObject\",\"inLanguage\":\"es\",\"@id\":\"https:\/\/pagina10.com\/web\/gobernadora-indigena-del-resguardo-de-la-laguna-siberia-sandra-pena-fue-asesinada-en-el-cauca\/#primaryimage\",\"url\":\"https:\/\/pagina10.com\/web\/wp-content\/uploads\/2021\/04\/Eza-XK_XsAE9ccF.jpeg\",\"contentUrl\":\"https:\/\/pagina10.com\/web\/wp-content\/uploads\/2021\/04\/Eza-XK_XsAE9ccF.jpeg\",\"width\":560,\"height\":574},{\"@type\":\"BreadcrumbList\",\"@id\":\"https:\/\/pagina10.com\/web\/gobernadora-indigena-del-resguardo-de-la-laguna-siberia-sandra-pena-fue-asesinada-en-el-cauca\/#breadcrumb\",\"itemListElement\":[{\"@type\":\"ListItem\",\"position\":1,\"name\":\"Portada\",\"item\":\"https:\/\/pagina10.com\/web\/\"},{\"@type\":\"ListItem\",\"position\":2,\"name\":\"Gobernadora Ind\u00edgena del resguardo de la Laguna Siberia, Sandra Pe\u00f1a, fue asesinada en el Cauca.\"}]},{\"@type\":\"WebSite\",\"@id\":\"https:\/\/pagina10.com\/web\/#website\",\"url\":\"https:\/\/pagina10.com\/web\/\",\"name\":\"P\u00e1gina10\",\"description\":\"Peri\u00f3dico Regional\",\"publisher\":{\"@id\":\"https:\/\/pagina10.com\/web\/#organization\"},\"alternateName\":\"P\u00e1gina10 Peri\u00f3dico Regional\",\"potentialAction\":[{\"@type\":\"SearchAction\",\"target\":{\"@type\":\"EntryPoint\",\"urlTemplate\":\"https:\/\/pagina10.com\/web\/?s={search_term_string}\"},\"query-input\":{\"@type\":\"PropertyValueSpecification\",\"valueRequired\":true,\"valueName\":\"search_term_string\"}}],\"inLanguage\":\"es\"},{\"@type\":\"Organization\",\"@id\":\"https:\/\/pagina10.com\/web\/#organization\",\"name\":\"P\u00e1gina10\",\"alternateName\":\"P\u00e1gina10 Peri\u00f3dico Regional\",\"url\":\"https:\/\/pagina10.com\/web\/\",\"logo\":{\"@type\":\"ImageObject\",\"inLanguage\":\"es\",\"@id\":\"https:\/\/pagina10.com\/web\/#\/schema\/logo\/image\/\",\"url\":\"https:\/\/pagina10.com\/web\/wp-content\/uploads\/2024\/01\/40-pagina-10-periodico-regional-pasto.jpg\",\"contentUrl\":\"https:\/\/pagina10.com\/web\/wp-content\/uploads\/2024\/01\/40-pagina-10-periodico-regional-pasto.jpg\",\"width\":1280,\"height\":720,\"caption\":\"P\u00e1gina10\"},\"image\":{\"@id\":\"https:\/\/pagina10.com\/web\/#\/schema\/logo\/image\/\"},\"sameAs\":[\"https:\/\/www.facebook.com\/pag10com\",\"https:\/\/x.com\/Pag10com\",\"https:\/\/www.instagram.com\/pagina10col\/\",\"https:\/\/youtube.com\/channel\/pag10\",\"https:\/\/www.tiktok.com\/@p10col\"]},{\"@type\":\"Person\",\"@id\":\"https:\/\/pagina10.com\/web\/#\/schema\/person\/2efc4a090d25b667d3bc796798a3a81b\",\"name\":\"P\u00e1gina 10\",\"description\":\"P\u00e1gina 10 es un peri\u00f3dico regional que nace en Colombia, en el departamento de Nari\u00f1o, con un enfoque global, fundamentado en cuatro pilares esenciales: la libertad, el pluralismo, la inclusi\u00f3n y la independencia. P\u00e1gina 10 hace referencia a Nari\u00f1o como el d\u00e9cimo departamento creado en Colombia, despu\u00e9s de un proceso pol\u00edtico liderado por actores y actrices regionales con el fin de obtener la independencia y autonom\u00eda de nuestros territorios. Con la creaci\u00f3n de P\u00e1gina 10 se pretende abrir un escenario para el dialogo, la reflexi\u00f3n y el debate que se extienda a otras geograf\u00edas de Am\u00e9rica Latina y del planeta, en una apuesta por transformar colectivamente los desaf\u00edos de un mundo contempor\u00e1neo, m\u00e1s all\u00e1 de las fronteras impuestas.\",\"url\":\"https:\/\/pagina10.com\/web\/author\/pdiezadmin\/\"}]}<\/script>\n<!-- \/ Yoast SEO plugin. -->","yoast_head_json":{"title":"Gobernadora Ind\u00edgena del resguardo de la Laguna Siberia, Sandra Pe\u00f1a, fue asesinada en el Cauca. | P\u00e1gina10","robots":{"index":"index","follow":"follow","max-snippet":"max-snippet:-1","max-image-preview":"max-image-preview:large","max-video-preview":"max-video-preview:-1"},"canonical":"https:\/\/pagina10.com\/web\/gobernadora-indigena-del-resguardo-de-la-laguna-siberia-sandra-pena-fue-asesinada-en-el-cauca\/","og_locale":"es_ES","og_type":"article","og_title":"Gobernadora Ind\u00edgena del resguardo de la Laguna Siberia, Sandra Pe\u00f1a, fue asesinada en el Cauca. | P\u00e1gina10","og_description":"El senador ind\u00edgena, Feliciano Valencia, anunci\u00f3 hoy en horas de la ma\u00f1ana que en la vereda El Porvenir, corregimiento de Pescador, Municipio de Caldono, Cauca, fue asesinada la gobernadora ind\u00edgena Sandra Pe\u00f1a del resguardo de la Laguna Siberia. De acuerdo a la informaci\u00f3n que se conoce hasta el momento, cuatro hombres armados llegaron hasta la [&hellip;]","og_url":"https:\/\/pagina10.com\/web\/gobernadora-indigena-del-resguardo-de-la-laguna-siberia-sandra-pena-fue-asesinada-en-el-cauca\/","og_site_name":"P\u00e1gina10","article_publisher":"https:\/\/www.facebook.com\/pag10com","article_published_time":"2021-04-20T19:28:37+00:00","og_image":[{"width":560,"height":574,"url":"https:\/\/pagina10.com\/web\/wp-content\/uploads\/2021\/04\/Eza-XK_XsAE9ccF.jpeg","type":"image\/jpeg"}],"author":"P\u00e1gina 10","twitter_card":"summary_large_image","twitter_creator":"@Pag10com","twitter_site":"@Pag10com","twitter_misc":{"Escrito por":"P\u00e1gina 10","Tiempo de lectura":"1 minuto"},"schema":{"@context":"https:\/\/schema.org","@graph":[{"@type":"Article","@id":"https:\/\/pagina10.com\/web\/gobernadora-indigena-del-resguardo-de-la-laguna-siberia-sandra-pena-fue-asesinada-en-el-cauca\/#article","isPartOf":{"@id":"https:\/\/pagina10.com\/web\/gobernadora-indigena-del-resguardo-de-la-laguna-siberia-sandra-pena-fue-asesinada-en-el-cauca\/"},"author":{"name":"P\u00e1gina 10","@id":"https:\/\/pagina10.com\/web\/#\/schema\/person\/2efc4a090d25b667d3bc796798a3a81b"},"headline":"Gobernadora Ind\u00edgena del resguardo de la Laguna Siberia, Sandra Pe\u00f1a, fue asesinada en el Cauca.","datePublished":"2021-04-20T19:28:37+00:00","mainEntityOfPage":{"@id":"https:\/\/pagina10.com\/web\/gobernadora-indigena-del-resguardo-de-la-laguna-siberia-sandra-pena-fue-asesinada-en-el-cauca\/"},"wordCount":177,"commentCount":0,"publisher":{"@id":"https:\/\/pagina10.com\/web\/#organization"},"image":{"@id":"https:\/\/pagina10.com\/web\/gobernadora-indigena-del-resguardo-de-la-laguna-siberia-sandra-pena-fue-asesinada-en-el-cauca\/#primaryimage"},"thumbnailUrl":"https:\/\/pagina10.com\/web\/wp-content\/uploads\/2021\/04\/Eza-XK_XsAE9ccF.jpeg","articleSection":["Regiones"],"inLanguage":"es","potentialAction":[{"@type":"CommentAction","name":"Comment","target":["https:\/\/pagina10.com\/web\/gobernadora-indigena-del-resguardo-de-la-laguna-siberia-sandra-pena-fue-asesinada-en-el-cauca\/#respond"]}]},{"@type":"WebPage","@id":"https:\/\/pagina10.com\/web\/gobernadora-indigena-del-resguardo-de-la-laguna-siberia-sandra-pena-fue-asesinada-en-el-cauca\/","url":"https:\/\/pagina10.com\/web\/gobernadora-indigena-del-resguardo-de-la-laguna-siberia-sandra-pena-fue-asesinada-en-el-cauca\/","name":"Gobernadora Ind\u00edgena del resguardo de la Laguna Siberia, Sandra Pe\u00f1a, fue asesinada en el Cauca. | P\u00e1gina10","isPartOf":{"@id":"https:\/\/pagina10.com\/web\/#website"},"primaryImageOfPage":{"@id":"https:\/\/pagina10.com\/web\/gobernadora-indigena-del-resguardo-de-la-laguna-siberia-sandra-pena-fue-asesinada-en-el-cauca\/#primaryimage"},"image":{"@id":"https:\/\/pagina10.com\/web\/gobernadora-indigena-del-resguardo-de-la-laguna-siberia-sandra-pena-fue-asesinada-en-el-cauca\/#primaryimage"},"thumbnailUrl":"https:\/\/pagina10.com\/web\/wp-content\/uploads\/2021\/04\/Eza-XK_XsAE9ccF.jpeg","datePublished":"2021-04-20T19:28:37+00:00","breadcrumb":{"@id":"https:\/\/pagina10.com\/web\/gobernadora-indigena-del-resguardo-de-la-laguna-siberia-sandra-pena-fue-asesinada-en-el-cauca\/#breadcrumb"},"inLanguage":"es","potentialAction":[{"@type":"ReadAction","target":["https:\/\/pagina10.com\/web\/gobernadora-indigena-del-resguardo-de-la-laguna-siberia-sandra-pena-fue-asesinada-en-el-cauca\/"]}]},{"@type":"ImageObject","inLanguage":"es","@id":"https:\/\/pagina10.com\/web\/gobernadora-indigena-del-resguardo-de-la-laguna-siberia-sandra-pena-fue-asesinada-en-el-cauca\/#primaryimage","url":"https:\/\/pagina10.com\/web\/wp-content\/uploads\/2021\/04\/Eza-XK_XsAE9ccF.jpeg","contentUrl":"https:\/\/pagina10.com\/web\/wp-content\/uploads\/2021\/04\/Eza-XK_XsAE9ccF.jpeg","width":560,"height":574},{"@type":"BreadcrumbList","@id":"https:\/\/pagina10.com\/web\/gobernadora-indigena-del-resguardo-de-la-laguna-siberia-sandra-pena-fue-asesinada-en-el-cauca\/#breadcrumb","itemListElement":[{"@type":"ListItem","position":1,"name":"Portada","item":"https:\/\/pagina10.com\/web\/"},{"@type":"ListItem","position":2,"name":"Gobernadora Ind\u00edgena del resguardo de la Laguna Siberia, Sandra Pe\u00f1a, fue asesinada en el Cauca."}]},{"@type":"WebSite","@id":"https:\/\/pagina10.com\/web\/#website","url":"https:\/\/pagina10.com\/web\/","name":"P\u00e1gina10","description":"Peri\u00f3dico Regional","publisher":{"@id":"https:\/\/pagina10.com\/web\/#organization"},"alternateName":"P\u00e1gina10 Peri\u00f3dico Regional","potentialAction":[{"@type":"SearchAction","target":{"@type":"EntryPoint","urlTemplate":"https:\/\/pagina10.com\/web\/?s={search_term_string}"},"query-input":{"@type":"PropertyValueSpecification","valueRequired":true,"valueName":"search_term_string"}}],"inLanguage":"es"},{"@type":"Organization","@id":"https:\/\/pagina10.com\/web\/#organization","name":"P\u00e1gina10","alternateName":"P\u00e1gina10 Peri\u00f3dico Regional","url":"https:\/\/pagina10.com\/web\/","logo":{"@type":"ImageObject","inLanguage":"es","@id":"https:\/\/pagina10.com\/web\/#\/schema\/logo\/image\/","url":"https:\/\/pagina10.com\/web\/wp-content\/uploads\/2024\/01\/40-pagina-10-periodico-regional-pasto.jpg","contentUrl":"https:\/\/pagina10.com\/web\/wp-content\/uploads\/2024\/01\/40-pagina-10-periodico-regional-pasto.jpg","width":1280,"height":720,"caption":"P\u00e1gina10"},"image":{"@id":"https:\/\/pagina10.com\/web\/#\/schema\/logo\/image\/"},"sameAs":["https:\/\/www.facebook.com\/pag10com","https:\/\/x.com\/Pag10com","https:\/\/www.instagram.com\/pagina10col\/","https:\/\/youtube.com\/channel\/pag10","https:\/\/www.tiktok.com\/@p10col"]},{"@type":"Person","@id":"https:\/\/pagina10.com\/web\/#\/schema\/person\/2efc4a090d25b667d3bc796798a3a81b","name":"P\u00e1gina 10","description":"P\u00e1gina 10 es un peri\u00f3dico regional que nace en Colombia, en el departamento de Nari\u00f1o, con un enfoque global, fundamentado en cuatro pilares esenciales: la libertad, el pluralismo, la inclusi\u00f3n y la independencia. P\u00e1gina 10 hace referencia a Nari\u00f1o como el d\u00e9cimo departamento creado en Colombia, despu\u00e9s de un proceso pol\u00edtico liderado por actores y actrices regionales con el fin de obtener la independencia y autonom\u00eda de nuestros territorios. Con la creaci\u00f3n de P\u00e1gina 10 se pretende abrir un escenario para el dialogo, la reflexi\u00f3n y el debate que se extienda a otras geograf\u00edas de Am\u00e9rica Latina y del planeta, en una apuesta por transformar colectivamente los desaf\u00edos de un mundo contempor\u00e1neo, m\u00e1s all\u00e1 de las fronteras impuestas.","url":"https:\/\/pagina10.com\/web\/author\/pdiezadmin\/"}]}},"_links":{"self":[{"href":"https:\/\/pagina10.com\/web\/wp-json\/wp\/v2\/posts\/51881","targetHints":{"allow":["GET"]}}],"collection":[{"href":"https:\/\/pagina10.com\/web\/wp-json\/wp\/v2\/posts"}],"about":[{"href":"https:\/\/pagina10.com\/web\/wp-json\/wp\/v2\/types\/post"}],"author":[{"embeddable":true,"href":"https:\/\/pagina10.com\/web\/wp-json\/wp\/v2\/users\/1"}],"replies":[{"embeddable":true,"href":"https:\/\/pagina10.com\/web\/wp-json\/wp\/v2\/comments?post=51881"}],"version-history":[{"count":1,"href":"https:\/\/pagina10.com\/web\/wp-json\/wp\/v2\/posts\/51881\/revisions"}],"predecessor-version":[{"id":51883,"href":"https:\/\/pagina10.com\/web\/wp-json\/wp\/v2\/posts\/51881\/revisions\/51883"}],"wp:featuredmedia":[{"embeddable":true,"href":"https:\/\/pagina10.com\/web\/wp-json\/wp\/v2\/media\/51882"}],"wp:attachment":[{"href":"https:\/\/pagina10.com\/web\/wp-json\/wp\/v2\/media?parent=51881"}],"wp:term":[{"taxonomy":"category","embeddable":true,"href":"https:\/\/pagina10.com\/web\/wp-json\/wp\/v2\/categories?post=51881"},{"taxonomy":"post_tag","embeddable":true,"href":"https:\/\/pagina10.com\/web\/wp-json\/wp\/v2\/tags?post=51881"}],"curies":[{"name":"wp","href":"https:\/\/api.w.org\/{rel}","templated":true}]}}