{"id":51888,"date":"2021-04-20T15:50:51","date_gmt":"2021-04-20T20:50:51","guid":{"rendered":"https:\/\/pagina10.com\/web\/?p=51888"},"modified":"2021-04-20T15:51:47","modified_gmt":"2021-04-20T20:51:47","slug":"aprobado-en-primer-debate-proyecto-de-ley-que-busca-regular-la-produccion-de-hoja-de-coca-y-sus-derivados-en-colombia","status":"publish","type":"post","link":"https:\/\/pagina10.com\/web\/aprobado-en-primer-debate-proyecto-de-ley-que-busca-regular-la-produccion-de-hoja-de-coca-y-sus-derivados-en-colombia\/","title":{"rendered":"Aprobado en primer debate proyecto de ley que busca regular la producci\u00f3n de hoja de coca y sus derivados en Colombia."},"content":{"rendered":"<p style=\"text-align: justify;\">En la\u00a0Comisi\u00f3n Primera del Senado de la Rep\u00fablica, con una\u00a0votaci\u00f3n de 15 a favor y cero en contra, fue aprobado en primer debate el proyecto de ley que busca regular y controlar la producci\u00f3n, distribuci\u00f3n y el\u00a0consumo de hoja de coca y sus derivados en el pa\u00eds.<\/p>\n<p style=\"text-align: justify;\">Este tipo de iniciativa nunca hab\u00eda sido adelantada en el Congreso por lo cual ha sido catalogada como hist\u00f3rica la decisi\u00f3n que hoy se tom\u00f3. La propuesta, de autor\u00eda de los\u00a0senadores Iv\u00e1n Marulanda y Feliciano Valencia<strong>,\u00a0<\/strong>plantea\u00a0que el Estado compre a los campesinos la producci\u00f3n de esta planta para que la misma pueda ser distribuida de forma controlada a las personas que deseen consumirla.<\/p>\n<p style=\"text-align: justify;\">El senador Roy Barreras se\u00f1al\u00f3 que este era \u201cun paso real en el camino de librar a Colombia de la maldici\u00f3n del Narcotr\u00e1fico\u201d.<\/p>\n","protected":false},"excerpt":{"rendered":"<p>En la\u00a0Comisi\u00f3n Primera del Senado de la Rep\u00fablica, con una\u00a0votaci\u00f3n de 15 a favor y cero en contra, fue aprobado en primer debate el proyecto de ley que busca regular y controlar la producci\u00f3n, distribuci\u00f3n y el\u00a0consumo de hoja de coca y sus derivados en el pa\u00eds. Este tipo de iniciativa nunca hab\u00eda sido adelantada [&hellip;]<\/p>\n","protected":false},"author":1,"featured_media":51889,"comment_status":"open","ping_status":"open","sticky":false,"template":"","format":"standard","meta":{"footnotes":""},"categories":[24],"tags":[],"class_list":["post-51888","post","type-post","status-publish","format-standard","has-post-thumbnail","hentry","category-nacional"],"yoast_head":"<!-- This site is optimized with the Yoast SEO plugin v27.1.1 - https:\/\/yoast.com\/product\/yoast-seo-wordpress\/ -->\n<title>Aprobado en primer debate proyecto de ley que busca regular la producci\u00f3n de hoja de coca y sus derivados en Colombia. | P\u00e1gina10<\/title>\n<meta name=\"robots\" content=\"index, follow, max-snippet:-1, max-image-preview:large, max-video-preview:-1\" \/>\n<link rel=\"canonical\" href=\"https:\/\/pagina10.com\/web\/aprobado-en-primer-debate-proyecto-de-ley-que-busca-regular-la-produccion-de-hoja-de-coca-y-sus-derivados-en-colombia\/\" \/>\n<meta property=\"og:locale\" content=\"es_ES\" \/>\n<meta property=\"og:type\" content=\"article\" \/>\n<meta property=\"og:title\" content=\"Aprobado en primer debate proyecto de ley que busca regular la producci\u00f3n de hoja de coca y sus derivados en Colombia. | P\u00e1gina10\" \/>\n<meta property=\"og:description\" content=\"En la\u00a0Comisi\u00f3n Primera del Senado de la Rep\u00fablica, con una\u00a0votaci\u00f3n de 15 a favor y cero en contra, fue aprobado en primer debate el proyecto de ley que busca regular y controlar la producci\u00f3n, distribuci\u00f3n y el\u00a0consumo de hoja de coca y sus derivados en el pa\u00eds. Este tipo de iniciativa nunca hab\u00eda sido adelantada [&hellip;]\" \/>\n<meta property=\"og:url\" content=\"https:\/\/pagina10.com\/web\/aprobado-en-primer-debate-proyecto-de-ley-que-busca-regular-la-produccion-de-hoja-de-coca-y-sus-derivados-en-colombia\/\" \/>\n<meta property=\"og:site_name\" content=\"P\u00e1gina10\" \/>\n<meta property=\"article:publisher\" content=\"https:\/\/www.facebook.com\/pag10com\" \/>\n<meta property=\"article:published_time\" content=\"2021-04-20T20:50:51+00:00\" \/>\n<meta property=\"article:modified_time\" content=\"2021-04-20T20:51:47+00:00\" \/>\n<meta property=\"og:image\" content=\"https:\/\/pagina10.com\/web\/wp-content\/uploads\/2021\/04\/3bc813d9-905a-4a3c-804a-7cac969781ed.jpg\" \/>\n\t<meta property=\"og:image:width\" content=\"760\" \/>\n\t<meta property=\"og:image:height\" content=\"900\" \/>\n\t<meta property=\"og:image:type\" content=\"image\/jpeg\" \/>\n<meta name=\"author\" content=\"P\u00e1gina 10\" \/>\n<meta name=\"twitter:card\" content=\"summary_large_image\" \/>\n<meta name=\"twitter:creator\" content=\"@Pag10com\" \/>\n<meta name=\"twitter:site\" content=\"@Pag10com\" \/>\n<meta name=\"twitter:label1\" content=\"Escrito por\" \/>\n\t<meta name=\"twitter:data1\" content=\"P\u00e1gina 10\" \/>\n\t<meta name=\"twitter:label2\" content=\"Tiempo de lectura\" \/>\n\t<meta name=\"twitter:data2\" content=\"1 minuto\" \/>\n<script type=\"application\/ld+json\" class=\"yoast-schema-graph\">{\"@context\":\"https:\/\/schema.org\",\"@graph\":[{\"@type\":\"Article\",\"@id\":\"https:\/\/pagina10.com\/web\/aprobado-en-primer-debate-proyecto-de-ley-que-busca-regular-la-produccion-de-hoja-de-coca-y-sus-derivados-en-colombia\/#article\",\"isPartOf\":{\"@id\":\"https:\/\/pagina10.com\/web\/aprobado-en-primer-debate-proyecto-de-ley-que-busca-regular-la-produccion-de-hoja-de-coca-y-sus-derivados-en-colombia\/\"},\"author\":{\"name\":\"P\u00e1gina 10\",\"@id\":\"https:\/\/pagina10.com\/web\/#\/schema\/person\/2efc4a090d25b667d3bc796798a3a81b\"},\"headline\":\"Aprobado en primer debate proyecto de ley que busca regular la producci\u00f3n de hoja de coca y sus derivados en Colombia.\",\"datePublished\":\"2021-04-20T20:50:51+00:00\",\"dateModified\":\"2021-04-20T20:51:47+00:00\",\"mainEntityOfPage\":{\"@id\":\"https:\/\/pagina10.com\/web\/aprobado-en-primer-debate-proyecto-de-ley-que-busca-regular-la-produccion-de-hoja-de-coca-y-sus-derivados-en-colombia\/\"},\"wordCount\":175,\"commentCount\":0,\"publisher\":{\"@id\":\"https:\/\/pagina10.com\/web\/#organization\"},\"image\":{\"@id\":\"https:\/\/pagina10.com\/web\/aprobado-en-primer-debate-proyecto-de-ley-que-busca-regular-la-produccion-de-hoja-de-coca-y-sus-derivados-en-colombia\/#primaryimage\"},\"thumbnailUrl\":\"https:\/\/pagina10.com\/web\/wp-content\/uploads\/2021\/04\/3bc813d9-905a-4a3c-804a-7cac969781ed.jpg\",\"articleSection\":[\"Nacional\"],\"inLanguage\":\"es\",\"potentialAction\":[{\"@type\":\"CommentAction\",\"name\":\"Comment\",\"target\":[\"https:\/\/pagina10.com\/web\/aprobado-en-primer-debate-proyecto-de-ley-que-busca-regular-la-produccion-de-hoja-de-coca-y-sus-derivados-en-colombia\/#respond\"]}]},{\"@type\":\"WebPage\",\"@id\":\"https:\/\/pagina10.com\/web\/aprobado-en-primer-debate-proyecto-de-ley-que-busca-regular-la-produccion-de-hoja-de-coca-y-sus-derivados-en-colombia\/\",\"url\":\"https:\/\/pagina10.com\/web\/aprobado-en-primer-debate-proyecto-de-ley-que-busca-regular-la-produccion-de-hoja-de-coca-y-sus-derivados-en-colombia\/\",\"name\":\"Aprobado en primer debate proyecto de ley que busca regular la producci\u00f3n de hoja de coca y sus derivados en Colombia. | P\u00e1gina10\",\"isPartOf\":{\"@id\":\"https:\/\/pagina10.com\/web\/#website\"},\"primaryImageOfPage\":{\"@id\":\"https:\/\/pagina10.com\/web\/aprobado-en-primer-debate-proyecto-de-ley-que-busca-regular-la-produccion-de-hoja-de-coca-y-sus-derivados-en-colombia\/#primaryimage\"},\"image\":{\"@id\":\"https:\/\/pagina10.com\/web\/aprobado-en-primer-debate-proyecto-de-ley-que-busca-regular-la-produccion-de-hoja-de-coca-y-sus-derivados-en-colombia\/#primaryimage\"},\"thumbnailUrl\":\"https:\/\/pagina10.com\/web\/wp-content\/uploads\/2021\/04\/3bc813d9-905a-4a3c-804a-7cac969781ed.jpg\",\"datePublished\":\"2021-04-20T20:50:51+00:00\",\"dateModified\":\"2021-04-20T20:51:47+00:00\",\"breadcrumb\":{\"@id\":\"https:\/\/pagina10.com\/web\/aprobado-en-primer-debate-proyecto-de-ley-que-busca-regular-la-produccion-de-hoja-de-coca-y-sus-derivados-en-colombia\/#breadcrumb\"},\"inLanguage\":\"es\",\"potentialAction\":[{\"@type\":\"ReadAction\",\"target\":[\"https:\/\/pagina10.com\/web\/aprobado-en-primer-debate-proyecto-de-ley-que-busca-regular-la-produccion-de-hoja-de-coca-y-sus-derivados-en-colombia\/\"]}]},{\"@type\":\"ImageObject\",\"inLanguage\":\"es\",\"@id\":\"https:\/\/pagina10.com\/web\/aprobado-en-primer-debate-proyecto-de-ley-que-busca-regular-la-produccion-de-hoja-de-coca-y-sus-derivados-en-colombia\/#primaryimage\",\"url\":\"https:\/\/pagina10.com\/web\/wp-content\/uploads\/2021\/04\/3bc813d9-905a-4a3c-804a-7cac969781ed.jpg\",\"contentUrl\":\"https:\/\/pagina10.com\/web\/wp-content\/uploads\/2021\/04\/3bc813d9-905a-4a3c-804a-7cac969781ed.jpg\",\"width\":760,\"height\":900},{\"@type\":\"BreadcrumbList\",\"@id\":\"https:\/\/pagina10.com\/web\/aprobado-en-primer-debate-proyecto-de-ley-que-busca-regular-la-produccion-de-hoja-de-coca-y-sus-derivados-en-colombia\/#breadcrumb\",\"itemListElement\":[{\"@type\":\"ListItem\",\"position\":1,\"name\":\"Portada\",\"item\":\"https:\/\/pagina10.com\/web\/\"},{\"@type\":\"ListItem\",\"position\":2,\"name\":\"Aprobado en primer debate proyecto de ley que busca regular la producci\u00f3n de hoja de coca y sus derivados en Colombia.\"}]},{\"@type\":\"WebSite\",\"@id\":\"https:\/\/pagina10.com\/web\/#website\",\"url\":\"https:\/\/pagina10.com\/web\/\",\"name\":\"P\u00e1gina10\",\"description\":\"Peri\u00f3dico Regional\",\"publisher\":{\"@id\":\"https:\/\/pagina10.com\/web\/#organization\"},\"alternateName\":\"P\u00e1gina10 Peri\u00f3dico Regional\",\"potentialAction\":[{\"@type\":\"SearchAction\",\"target\":{\"@type\":\"EntryPoint\",\"urlTemplate\":\"https:\/\/pagina10.com\/web\/?s={search_term_string}\"},\"query-input\":{\"@type\":\"PropertyValueSpecification\",\"valueRequired\":true,\"valueName\":\"search_term_string\"}}],\"inLanguage\":\"es\"},{\"@type\":\"Organization\",\"@id\":\"https:\/\/pagina10.com\/web\/#organization\",\"name\":\"P\u00e1gina10\",\"alternateName\":\"P\u00e1gina10 Peri\u00f3dico Regional\",\"url\":\"https:\/\/pagina10.com\/web\/\",\"logo\":{\"@type\":\"ImageObject\",\"inLanguage\":\"es\",\"@id\":\"https:\/\/pagina10.com\/web\/#\/schema\/logo\/image\/\",\"url\":\"https:\/\/pagina10.com\/web\/wp-content\/uploads\/2024\/01\/40-pagina-10-periodico-regional-pasto.jpg\",\"contentUrl\":\"https:\/\/pagina10.com\/web\/wp-content\/uploads\/2024\/01\/40-pagina-10-periodico-regional-pasto.jpg\",\"width\":1280,\"height\":720,\"caption\":\"P\u00e1gina10\"},\"image\":{\"@id\":\"https:\/\/pagina10.com\/web\/#\/schema\/logo\/image\/\"},\"sameAs\":[\"https:\/\/www.facebook.com\/pag10com\",\"https:\/\/x.com\/Pag10com\",\"https:\/\/www.instagram.com\/pagina10col\/\",\"https:\/\/youtube.com\/channel\/pag10\",\"https:\/\/www.tiktok.com\/@p10col\"]},{\"@type\":\"Person\",\"@id\":\"https:\/\/pagina10.com\/web\/#\/schema\/person\/2efc4a090d25b667d3bc796798a3a81b\",\"name\":\"P\u00e1gina 10\",\"description\":\"P\u00e1gina 10 es un peri\u00f3dico regional que nace en Colombia, en el departamento de Nari\u00f1o, con un enfoque global, fundamentado en cuatro pilares esenciales: la libertad, el pluralismo, la inclusi\u00f3n y la independencia. P\u00e1gina 10 hace referencia a Nari\u00f1o como el d\u00e9cimo departamento creado en Colombia, despu\u00e9s de un proceso pol\u00edtico liderado por actores y actrices regionales con el fin de obtener la independencia y autonom\u00eda de nuestros territorios. Con la creaci\u00f3n de P\u00e1gina 10 se pretende abrir un escenario para el dialogo, la reflexi\u00f3n y el debate que se extienda a otras geograf\u00edas de Am\u00e9rica Latina y del planeta, en una apuesta por transformar colectivamente los desaf\u00edos de un mundo contempor\u00e1neo, m\u00e1s all\u00e1 de las fronteras impuestas.\",\"url\":\"https:\/\/pagina10.com\/web\/author\/pdiezadmin\/\"}]}<\/script>\n<!-- \/ Yoast SEO plugin. -->","yoast_head_json":{"title":"Aprobado en primer debate proyecto de ley que busca regular la producci\u00f3n de hoja de coca y sus derivados en Colombia. | P\u00e1gina10","robots":{"index":"index","follow":"follow","max-snippet":"max-snippet:-1","max-image-preview":"max-image-preview:large","max-video-preview":"max-video-preview:-1"},"canonical":"https:\/\/pagina10.com\/web\/aprobado-en-primer-debate-proyecto-de-ley-que-busca-regular-la-produccion-de-hoja-de-coca-y-sus-derivados-en-colombia\/","og_locale":"es_ES","og_type":"article","og_title":"Aprobado en primer debate proyecto de ley que busca regular la producci\u00f3n de hoja de coca y sus derivados en Colombia. | P\u00e1gina10","og_description":"En la\u00a0Comisi\u00f3n Primera del Senado de la Rep\u00fablica, con una\u00a0votaci\u00f3n de 15 a favor y cero en contra, fue aprobado en primer debate el proyecto de ley que busca regular y controlar la producci\u00f3n, distribuci\u00f3n y el\u00a0consumo de hoja de coca y sus derivados en el pa\u00eds. Este tipo de iniciativa nunca hab\u00eda sido adelantada [&hellip;]","og_url":"https:\/\/pagina10.com\/web\/aprobado-en-primer-debate-proyecto-de-ley-que-busca-regular-la-produccion-de-hoja-de-coca-y-sus-derivados-en-colombia\/","og_site_name":"P\u00e1gina10","article_publisher":"https:\/\/www.facebook.com\/pag10com","article_published_time":"2021-04-20T20:50:51+00:00","article_modified_time":"2021-04-20T20:51:47+00:00","og_image":[{"width":760,"height":900,"url":"https:\/\/pagina10.com\/web\/wp-content\/uploads\/2021\/04\/3bc813d9-905a-4a3c-804a-7cac969781ed.jpg","type":"image\/jpeg"}],"author":"P\u00e1gina 10","twitter_card":"summary_large_image","twitter_creator":"@Pag10com","twitter_site":"@Pag10com","twitter_misc":{"Escrito por":"P\u00e1gina 10","Tiempo de lectura":"1 minuto"},"schema":{"@context":"https:\/\/schema.org","@graph":[{"@type":"Article","@id":"https:\/\/pagina10.com\/web\/aprobado-en-primer-debate-proyecto-de-ley-que-busca-regular-la-produccion-de-hoja-de-coca-y-sus-derivados-en-colombia\/#article","isPartOf":{"@id":"https:\/\/pagina10.com\/web\/aprobado-en-primer-debate-proyecto-de-ley-que-busca-regular-la-produccion-de-hoja-de-coca-y-sus-derivados-en-colombia\/"},"author":{"name":"P\u00e1gina 10","@id":"https:\/\/pagina10.com\/web\/#\/schema\/person\/2efc4a090d25b667d3bc796798a3a81b"},"headline":"Aprobado en primer debate proyecto de ley que busca regular la producci\u00f3n de hoja de coca y sus derivados en Colombia.","datePublished":"2021-04-20T20:50:51+00:00","dateModified":"2021-04-20T20:51:47+00:00","mainEntityOfPage":{"@id":"https:\/\/pagina10.com\/web\/aprobado-en-primer-debate-proyecto-de-ley-que-busca-regular-la-produccion-de-hoja-de-coca-y-sus-derivados-en-colombia\/"},"wordCount":175,"commentCount":0,"publisher":{"@id":"https:\/\/pagina10.com\/web\/#organization"},"image":{"@id":"https:\/\/pagina10.com\/web\/aprobado-en-primer-debate-proyecto-de-ley-que-busca-regular-la-produccion-de-hoja-de-coca-y-sus-derivados-en-colombia\/#primaryimage"},"thumbnailUrl":"https:\/\/pagina10.com\/web\/wp-content\/uploads\/2021\/04\/3bc813d9-905a-4a3c-804a-7cac969781ed.jpg","articleSection":["Nacional"],"inLanguage":"es","potentialAction":[{"@type":"CommentAction","name":"Comment","target":["https:\/\/pagina10.com\/web\/aprobado-en-primer-debate-proyecto-de-ley-que-busca-regular-la-produccion-de-hoja-de-coca-y-sus-derivados-en-colombia\/#respond"]}]},{"@type":"WebPage","@id":"https:\/\/pagina10.com\/web\/aprobado-en-primer-debate-proyecto-de-ley-que-busca-regular-la-produccion-de-hoja-de-coca-y-sus-derivados-en-colombia\/","url":"https:\/\/pagina10.com\/web\/aprobado-en-primer-debate-proyecto-de-ley-que-busca-regular-la-produccion-de-hoja-de-coca-y-sus-derivados-en-colombia\/","name":"Aprobado en primer debate proyecto de ley que busca regular la producci\u00f3n de hoja de coca y sus derivados en Colombia. | P\u00e1gina10","isPartOf":{"@id":"https:\/\/pagina10.com\/web\/#website"},"primaryImageOfPage":{"@id":"https:\/\/pagina10.com\/web\/aprobado-en-primer-debate-proyecto-de-ley-que-busca-regular-la-produccion-de-hoja-de-coca-y-sus-derivados-en-colombia\/#primaryimage"},"image":{"@id":"https:\/\/pagina10.com\/web\/aprobado-en-primer-debate-proyecto-de-ley-que-busca-regular-la-produccion-de-hoja-de-coca-y-sus-derivados-en-colombia\/#primaryimage"},"thumbnailUrl":"https:\/\/pagina10.com\/web\/wp-content\/uploads\/2021\/04\/3bc813d9-905a-4a3c-804a-7cac969781ed.jpg","datePublished":"2021-04-20T20:50:51+00:00","dateModified":"2021-04-20T20:51:47+00:00","breadcrumb":{"@id":"https:\/\/pagina10.com\/web\/aprobado-en-primer-debate-proyecto-de-ley-que-busca-regular-la-produccion-de-hoja-de-coca-y-sus-derivados-en-colombia\/#breadcrumb"},"inLanguage":"es","potentialAction":[{"@type":"ReadAction","target":["https:\/\/pagina10.com\/web\/aprobado-en-primer-debate-proyecto-de-ley-que-busca-regular-la-produccion-de-hoja-de-coca-y-sus-derivados-en-colombia\/"]}]},{"@type":"ImageObject","inLanguage":"es","@id":"https:\/\/pagina10.com\/web\/aprobado-en-primer-debate-proyecto-de-ley-que-busca-regular-la-produccion-de-hoja-de-coca-y-sus-derivados-en-colombia\/#primaryimage","url":"https:\/\/pagina10.com\/web\/wp-content\/uploads\/2021\/04\/3bc813d9-905a-4a3c-804a-7cac969781ed.jpg","contentUrl":"https:\/\/pagina10.com\/web\/wp-content\/uploads\/2021\/04\/3bc813d9-905a-4a3c-804a-7cac969781ed.jpg","width":760,"height":900},{"@type":"BreadcrumbList","@id":"https:\/\/pagina10.com\/web\/aprobado-en-primer-debate-proyecto-de-ley-que-busca-regular-la-produccion-de-hoja-de-coca-y-sus-derivados-en-colombia\/#breadcrumb","itemListElement":[{"@type":"ListItem","position":1,"name":"Portada","item":"https:\/\/pagina10.com\/web\/"},{"@type":"ListItem","position":2,"name":"Aprobado en primer debate proyecto de ley que busca regular la producci\u00f3n de hoja de coca y sus derivados en Colombia."}]},{"@type":"WebSite","@id":"https:\/\/pagina10.com\/web\/#website","url":"https:\/\/pagina10.com\/web\/","name":"P\u00e1gina10","description":"Peri\u00f3dico Regional","publisher":{"@id":"https:\/\/pagina10.com\/web\/#organization"},"alternateName":"P\u00e1gina10 Peri\u00f3dico Regional","potentialAction":[{"@type":"SearchAction","target":{"@type":"EntryPoint","urlTemplate":"https:\/\/pagina10.com\/web\/?s={search_term_string}"},"query-input":{"@type":"PropertyValueSpecification","valueRequired":true,"valueName":"search_term_string"}}],"inLanguage":"es"},{"@type":"Organization","@id":"https:\/\/pagina10.com\/web\/#organization","name":"P\u00e1gina10","alternateName":"P\u00e1gina10 Peri\u00f3dico Regional","url":"https:\/\/pagina10.com\/web\/","logo":{"@type":"ImageObject","inLanguage":"es","@id":"https:\/\/pagina10.com\/web\/#\/schema\/logo\/image\/","url":"https:\/\/pagina10.com\/web\/wp-content\/uploads\/2024\/01\/40-pagina-10-periodico-regional-pasto.jpg","contentUrl":"https:\/\/pagina10.com\/web\/wp-content\/uploads\/2024\/01\/40-pagina-10-periodico-regional-pasto.jpg","width":1280,"height":720,"caption":"P\u00e1gina10"},"image":{"@id":"https:\/\/pagina10.com\/web\/#\/schema\/logo\/image\/"},"sameAs":["https:\/\/www.facebook.com\/pag10com","https:\/\/x.com\/Pag10com","https:\/\/www.instagram.com\/pagina10col\/","https:\/\/youtube.com\/channel\/pag10","https:\/\/www.tiktok.com\/@p10col"]},{"@type":"Person","@id":"https:\/\/pagina10.com\/web\/#\/schema\/person\/2efc4a090d25b667d3bc796798a3a81b","name":"P\u00e1gina 10","description":"P\u00e1gina 10 es un peri\u00f3dico regional que nace en Colombia, en el departamento de Nari\u00f1o, con un enfoque global, fundamentado en cuatro pilares esenciales: la libertad, el pluralismo, la inclusi\u00f3n y la independencia. P\u00e1gina 10 hace referencia a Nari\u00f1o como el d\u00e9cimo departamento creado en Colombia, despu\u00e9s de un proceso pol\u00edtico liderado por actores y actrices regionales con el fin de obtener la independencia y autonom\u00eda de nuestros territorios. Con la creaci\u00f3n de P\u00e1gina 10 se pretende abrir un escenario para el dialogo, la reflexi\u00f3n y el debate que se extienda a otras geograf\u00edas de Am\u00e9rica Latina y del planeta, en una apuesta por transformar colectivamente los desaf\u00edos de un mundo contempor\u00e1neo, m\u00e1s all\u00e1 de las fronteras impuestas.","url":"https:\/\/pagina10.com\/web\/author\/pdiezadmin\/"}]}},"_links":{"self":[{"href":"https:\/\/pagina10.com\/web\/wp-json\/wp\/v2\/posts\/51888","targetHints":{"allow":["GET"]}}],"collection":[{"href":"https:\/\/pagina10.com\/web\/wp-json\/wp\/v2\/posts"}],"about":[{"href":"https:\/\/pagina10.com\/web\/wp-json\/wp\/v2\/types\/post"}],"author":[{"embeddable":true,"href":"https:\/\/pagina10.com\/web\/wp-json\/wp\/v2\/users\/1"}],"replies":[{"embeddable":true,"href":"https:\/\/pagina10.com\/web\/wp-json\/wp\/v2\/comments?post=51888"}],"version-history":[{"count":2,"href":"https:\/\/pagina10.com\/web\/wp-json\/wp\/v2\/posts\/51888\/revisions"}],"predecessor-version":[{"id":51891,"href":"https:\/\/pagina10.com\/web\/wp-json\/wp\/v2\/posts\/51888\/revisions\/51891"}],"wp:featuredmedia":[{"embeddable":true,"href":"https:\/\/pagina10.com\/web\/wp-json\/wp\/v2\/media\/51889"}],"wp:attachment":[{"href":"https:\/\/pagina10.com\/web\/wp-json\/wp\/v2\/media?parent=51888"}],"wp:term":[{"taxonomy":"category","embeddable":true,"href":"https:\/\/pagina10.com\/web\/wp-json\/wp\/v2\/categories?post=51888"},{"taxonomy":"post_tag","embeddable":true,"href":"https:\/\/pagina10.com\/web\/wp-json\/wp\/v2\/tags?post=51888"}],"curies":[{"name":"wp","href":"https:\/\/api.w.org\/{rel}","templated":true}]}}