{"id":51927,"date":"2021-04-21T15:21:06","date_gmt":"2021-04-21T20:21:06","guid":{"rendered":"https:\/\/pagina10.com\/web\/?p=51927"},"modified":"2021-04-21T16:29:41","modified_gmt":"2021-04-21T21:29:41","slug":"conozca-quien-trabaja-con-cada-congresista-narinense","status":"publish","type":"post","link":"https:\/\/pagina10.com\/web\/conozca-quien-trabaja-con-cada-congresista-narinense\/","title":{"rendered":"Conozca quien trabaja con cada congresista nari\u00f1ense."},"content":{"rendered":"<p style=\"text-align: justify;\">Las Unidades de Trabajo Legislativo, UTL, constituyen un grupo interdisciplinario, conformado por m\u00e1ximo 10 personas que trabajan para un congresista asesor\u00e1ndolo en diversos temas correspondientes a su labor legislativa en el Congreso. Los miembros de la UTL de cada congresista investigan, instruyen, asesoran y enriquecen el trabajo del legislador en el Congreso, por lo cual, el buen o mal desempe\u00f1o de un congresista depende en gran medida de su UTL.<\/p>\n<p style=\"text-align: justify;\">En t\u00e9rminos econ\u00f3micos, a cada congresista se le confiere seg\u00fan la ley en vigencia, un monto de 50 SMMLV. Esto representa para la naci\u00f3n 136 mil millones mensuales y\u00a0 1.632.000 millones al a\u00f1o por la totalidad de todos los miembros de las UTL de los 280 congresistas (esto para el a\u00f1o 2019).<\/p>\n<p style=\"text-align: justify;\">Dados los altos salarios que devengan la gran mayor\u00eda de los asesores de los congresistas, pertenecer a este grupo es sumamente atractivo, raz\u00f3n por la cual las UTL del Congreso se han convertido en un importante fort\u00edn pol\u00edtico que desemboca en muchas ocasiones en el pago de favores pol\u00edticos. En muchos casos, los congresistas abusando del derecho que les confiere la ley de nombrar a su UTL, en com\u00fan acuerdo con los subordinados pactan pagos ilegales para \u00e9l o para terceros, o en el peor de los casos, los obligan a entregarles parte de sus salarios.<\/p>\n<p style=\"text-align: justify;\">Por lo anterior, es importante conocer los nombres de las personas que asesoran, apoyan y acompa\u00f1an en su trabajo legislativo a los congresistas que representan al Departamento de Nari\u00f1o.<\/p>\n<p><strong>Senadores:\u00a0<\/strong><\/p>\n<ul>\n<li>JOSE AULO POLO NARVAEZ<\/li>\n<\/ul>\n<p>Mar\u00eda Eugenia Romero S\u00e1nchez<\/p>\n<p>Diego Alfonso Paredes Ram\u00edrez<\/p>\n<p>Claudia Adriana Mera Portilla<\/p>\n<p>Brenda Vanessa Bol\u00edvar Pantoja<\/p>\n<p>Stefanny Carolina Mantilla Bravo<\/p>\n<p>Ingrid Yohana Ricaurte Urbano<\/p>\n<p>Natalia Romero Vega<\/p>\n<ul>\n<li>BARNER LEON ZAMBRANO ERASO<\/li>\n<\/ul>\n<p>Celida Paredes<\/p>\n<p>Julia Virginia Filoteo Guerrero<\/p>\n<p>Julia Margoth Bola\u00f1os Morillo<\/p>\n<p>Arturo Arturo Valencia<\/p>\n<p>Clara Roc\u00edo Vargas Losada<\/p>\n<p>Francisco Javier C\u00f3rdoba Zambrano<\/p>\n<p>Franco German De la Rosa Pantoja<\/p>\n<p>\u00c1lvaro Marino Palacios Mora<\/p>\n<ul>\n<li>MYRIAM ALICIA PAREDES AGUIRRE<\/li>\n<\/ul>\n<p>Pedro Eder Huepe Modesto<\/p>\n<p>Haydee Constanza Viveros Castro<\/p>\n<p>Diego Bernardo Burbano Benavides<\/p>\n<p>Diana Carolina Caicedo Enr\u00edquez<\/p>\n<p>Rodrigo Jurado Rend\u00f3n<\/p>\n<p>Mar\u00eda del Pilar Pantoja Cortes<\/p>\n<p>Diego Felipe Zambrano Pedraza<\/p>\n<p>Flor Evelin Chamorro Portilla<\/p>\n<ul>\n<li>GUILLERMO GARCIA REALPE<\/li>\n<\/ul>\n<p>Teofilo Amado Rosero Santacruz<\/p>\n<p>Gloria Marleny Jurado Benavides<\/p>\n<p>Carlos Andres Higuita Vargas<\/p>\n<p>Luis Gonzaga Quintero Solano<\/p>\n<p>Jairo Edmundo Otero Eraso<\/p>\n<p>Albeiro Ulloa Merchan<\/p>\n<p>Leodan Guzm\u00e1n Meneses<\/p>\n<p>Ana Cristina Zambrano Rosas<\/p>\n<p>Karen Tatiana Jaramillo Parra<\/p>\n<p>Mar\u00eda Alexandra Toro Burbano<\/p>\n<ul>\n<li>MANUEL BITERVO PLACHUCAN CHINGAL<\/li>\n<\/ul>\n<p>Jos\u00e9 Luis Paguay Mora<\/p>\n<p>Ermer Lisandro Cuaspud D\u00edaz<\/p>\n<p>Jos\u00e9 Armando Garreta Cadena<\/p>\n<p>Adriana Patricia Caipe V\u00e1squez<\/p>\n<p>Jos\u00e9 Francisco Vallejos Cussi<\/p>\n<p>Leidy Graciela Burbano Santacruz<\/p>\n<p>Fidel Andr\u00e9s Cuaspa Mel\u00e9ndez<\/p>\n<p>Julio Nel Clapa Pismag<\/p>\n<p>&nbsp;<\/p>\n<p><strong>Representantes a la C\u00e1mara:<\/strong><\/p>\n<ul>\n<li>TERESA DE JESUS ENRIQUEZ ROSERO<\/li>\n<\/ul>\n<p>Harol Danilo Benavides Estrada<\/p>\n<p>Mirtha Lilia Medina Alvares<\/p>\n<p>Jhoni Alexander Ojeda Enr\u00edquez<\/p>\n<p>Rubiela Elizabeth Valenzuela Orbes<\/p>\n<p>Teresa de Jes\u00fas Dorado Granja<\/p>\n<p>Alexander Realpe Rubio<\/p>\n<p>Juan Felipe Gil Henao<\/p>\n<p>Roc\u00edo del Carmen Burbano Pinchao<\/p>\n<ul>\n<li>DIELA LILIANA BENAVIDES SOLARTE<\/li>\n<\/ul>\n<p>Marta Cecilia Chaves Bastidas<\/p>\n<p>Patricia Edith Sequeda Mantilla<\/p>\n<p>Hebert Jes\u00fas Zambrano Ortega<\/p>\n<p>Maribel Rodr\u00edguez Sierra<\/p>\n<p>Nely Lolay Chamorro Portilla<\/p>\n<p>Jes\u00fas Andr\u00e9s Burbano Enr\u00edquez<\/p>\n<ul>\n<li>FELIPE ANDRES MU\u00d1OZ DELGADO<\/li>\n<\/ul>\n<p>Catherin Lisseth Cer\u00f3n Leyton<\/p>\n<p>Yesenia Carolina Benavides Guerrero<\/p>\n<p>Cecilio Gomez Lasso<\/p>\n<p>Fernando Albeiro Araujo Ordo\u00f1ez<\/p>\n<p>Nelson Alejandro Cer\u00f3n Urbano<\/p>\n<p>Juli\u00e1n Andr\u00e9s Narv\u00e1ez Bola\u00f1os<\/p>\n<p>Iv\u00e1n Dar\u00edo Zambrano Lucero<\/p>\n<p>Mar\u00eda Fernanda Cer\u00f3n Ordo\u00f1ez<\/p>\n<p>Karen Elizabeth Castillo Meza<\/p>\n<p>Gladys Romo<\/p>\n<ul>\n<li>HERNAN ESTUPI\u00d1AN CALVACHE<\/li>\n<\/ul>\n<p>Sandra Milena Sierra Zamora<\/p>\n<p>Jes\u00fas Esteban Solarte Pantoja<\/p>\n<p>Mar\u00eda Camila Ortega S\u00e1nchez<\/p>\n<p>Sandra Patricia Quiroz Narv\u00e1ez<\/p>\n<p>Ricardo Omar Chamorro Delgado<\/p>\n<p>Marisol Guerrero Pastas<\/p>\n<p>Ibeth Zilvana Erazo Le\u00f3n<\/p>\n<ul>\n<li>BAYARDO GILBERTO BETANCOURT PEREZ<\/li>\n<\/ul>\n<p>Juliana Stefania Aldana Arrieta<\/p>\n<p>\u00c1ngela Mar\u00eda Ram\u00edrez Villota<\/p>\n<p>Juli\u00e1n Yecit Melo Zambrano<\/p>\n<p>Mar\u00eda Eulalia Chenas Villareal<\/p>\n<p>Dayana Constanza Rosas Salazar<\/p>\n<p>Mercedes Elvira Bravo Meneses<\/p>\n<p>Edisson Giovany Ledezma Ledezma<\/p>\n<p>Diana Marisol Andrade Mart\u00ednez<\/p>\n<p>Aracely del Carmen Chamorro Hern\u00e1ndez<\/p>\n<p>Diana Catalina Zambrano Carlosama<\/p>\n<p>&nbsp;<\/p>\n<p><strong>Fuente:<\/strong> Congreso Visible y Congreso de la Rep\u00fablica.<\/p>\n","protected":false},"excerpt":{"rendered":"<p>Las Unidades de Trabajo Legislativo, UTL, constituyen un grupo interdisciplinario, conformado por m\u00e1ximo 10 personas que trabajan para un congresista asesor\u00e1ndolo en diversos temas correspondientes a su labor legislativa en el Congreso. Los miembros de la UTL de cada congresista investigan, instruyen, asesoran y enriquecen el trabajo del legislador en el Congreso, por lo cual, [&hellip;]<\/p>\n","protected":false},"author":1,"featured_media":51935,"comment_status":"open","ping_status":"open","sticky":false,"template":"","format":"standard","meta":{"footnotes":""},"categories":[53],"tags":[],"class_list":["post-51927","post","type-post","status-publish","format-standard","has-post-thumbnail","hentry","category-regiones"],"yoast_head":"<!-- This site is optimized with the Yoast SEO plugin v27.1.1 - https:\/\/yoast.com\/product\/yoast-seo-wordpress\/ -->\n<title>Conozca quien trabaja con cada congresista nari\u00f1ense. | P\u00e1gina10<\/title>\n<meta name=\"robots\" content=\"index, follow, max-snippet:-1, max-image-preview:large, max-video-preview:-1\" \/>\n<link rel=\"canonical\" href=\"https:\/\/pagina10.com\/web\/conozca-quien-trabaja-con-cada-congresista-narinense\/\" \/>\n<meta property=\"og:locale\" content=\"es_ES\" \/>\n<meta property=\"og:type\" content=\"article\" \/>\n<meta property=\"og:title\" content=\"Conozca quien trabaja con cada congresista nari\u00f1ense. | P\u00e1gina10\" \/>\n<meta property=\"og:description\" content=\"Las Unidades de Trabajo Legislativo, UTL, constituyen un grupo interdisciplinario, conformado por m\u00e1ximo 10 personas que trabajan para un congresista asesor\u00e1ndolo en diversos temas correspondientes a su labor legislativa en el Congreso. Los miembros de la UTL de cada congresista investigan, instruyen, asesoran y enriquecen el trabajo del legislador en el Congreso, por lo cual, [&hellip;]\" \/>\n<meta property=\"og:url\" content=\"https:\/\/pagina10.com\/web\/conozca-quien-trabaja-con-cada-congresista-narinense\/\" \/>\n<meta property=\"og:site_name\" content=\"P\u00e1gina10\" \/>\n<meta property=\"article:publisher\" content=\"https:\/\/www.facebook.com\/pag10com\" \/>\n<meta property=\"article:published_time\" content=\"2021-04-21T20:21:06+00:00\" \/>\n<meta property=\"article:modified_time\" content=\"2021-04-21T21:29:41+00:00\" \/>\n<meta property=\"og:image\" content=\"https:\/\/pagina10.com\/web\/wp-content\/uploads\/2021\/04\/SH2ZZ3LTZJGG7MHB2O2BQW762Q.jpg\" \/>\n\t<meta property=\"og:image:width\" content=\"1200\" \/>\n\t<meta property=\"og:image:height\" content=\"675\" \/>\n\t<meta property=\"og:image:type\" content=\"image\/jpeg\" \/>\n<meta name=\"author\" content=\"P\u00e1gina 10\" \/>\n<meta name=\"twitter:card\" content=\"summary_large_image\" \/>\n<meta name=\"twitter:creator\" content=\"@Pag10com\" \/>\n<meta name=\"twitter:site\" content=\"@Pag10com\" \/>\n<meta name=\"twitter:label1\" content=\"Escrito por\" \/>\n\t<meta name=\"twitter:data1\" content=\"P\u00e1gina 10\" \/>\n\t<meta name=\"twitter:label2\" content=\"Tiempo de lectura\" \/>\n\t<meta name=\"twitter:data2\" content=\"3 minutos\" \/>\n<script type=\"application\/ld+json\" class=\"yoast-schema-graph\">{\"@context\":\"https:\/\/schema.org\",\"@graph\":[{\"@type\":\"Article\",\"@id\":\"https:\/\/pagina10.com\/web\/conozca-quien-trabaja-con-cada-congresista-narinense\/#article\",\"isPartOf\":{\"@id\":\"https:\/\/pagina10.com\/web\/conozca-quien-trabaja-con-cada-congresista-narinense\/\"},\"author\":{\"name\":\"P\u00e1gina 10\",\"@id\":\"https:\/\/pagina10.com\/web\/#\/schema\/person\/2efc4a090d25b667d3bc796798a3a81b\"},\"headline\":\"Conozca quien trabaja con cada congresista nari\u00f1ense.\",\"datePublished\":\"2021-04-21T20:21:06+00:00\",\"dateModified\":\"2021-04-21T21:29:41+00:00\",\"mainEntityOfPage\":{\"@id\":\"https:\/\/pagina10.com\/web\/conozca-quien-trabaja-con-cada-congresista-narinense\/\"},\"wordCount\":692,\"commentCount\":0,\"publisher\":{\"@id\":\"https:\/\/pagina10.com\/web\/#organization\"},\"image\":{\"@id\":\"https:\/\/pagina10.com\/web\/conozca-quien-trabaja-con-cada-congresista-narinense\/#primaryimage\"},\"thumbnailUrl\":\"https:\/\/pagina10.com\/web\/wp-content\/uploads\/2021\/04\/SH2ZZ3LTZJGG7MHB2O2BQW762Q.jpg\",\"articleSection\":[\"Regiones\"],\"inLanguage\":\"es\",\"potentialAction\":[{\"@type\":\"CommentAction\",\"name\":\"Comment\",\"target\":[\"https:\/\/pagina10.com\/web\/conozca-quien-trabaja-con-cada-congresista-narinense\/#respond\"]}]},{\"@type\":\"WebPage\",\"@id\":\"https:\/\/pagina10.com\/web\/conozca-quien-trabaja-con-cada-congresista-narinense\/\",\"url\":\"https:\/\/pagina10.com\/web\/conozca-quien-trabaja-con-cada-congresista-narinense\/\",\"name\":\"Conozca quien trabaja con cada congresista nari\u00f1ense. | P\u00e1gina10\",\"isPartOf\":{\"@id\":\"https:\/\/pagina10.com\/web\/#website\"},\"primaryImageOfPage\":{\"@id\":\"https:\/\/pagina10.com\/web\/conozca-quien-trabaja-con-cada-congresista-narinense\/#primaryimage\"},\"image\":{\"@id\":\"https:\/\/pagina10.com\/web\/conozca-quien-trabaja-con-cada-congresista-narinense\/#primaryimage\"},\"thumbnailUrl\":\"https:\/\/pagina10.com\/web\/wp-content\/uploads\/2021\/04\/SH2ZZ3LTZJGG7MHB2O2BQW762Q.jpg\",\"datePublished\":\"2021-04-21T20:21:06+00:00\",\"dateModified\":\"2021-04-21T21:29:41+00:00\",\"breadcrumb\":{\"@id\":\"https:\/\/pagina10.com\/web\/conozca-quien-trabaja-con-cada-congresista-narinense\/#breadcrumb\"},\"inLanguage\":\"es\",\"potentialAction\":[{\"@type\":\"ReadAction\",\"target\":[\"https:\/\/pagina10.com\/web\/conozca-quien-trabaja-con-cada-congresista-narinense\/\"]}]},{\"@type\":\"ImageObject\",\"inLanguage\":\"es\",\"@id\":\"https:\/\/pagina10.com\/web\/conozca-quien-trabaja-con-cada-congresista-narinense\/#primaryimage\",\"url\":\"https:\/\/pagina10.com\/web\/wp-content\/uploads\/2021\/04\/SH2ZZ3LTZJGG7MHB2O2BQW762Q.jpg\",\"contentUrl\":\"https:\/\/pagina10.com\/web\/wp-content\/uploads\/2021\/04\/SH2ZZ3LTZJGG7MHB2O2BQW762Q.jpg\",\"width\":1200,\"height\":675},{\"@type\":\"BreadcrumbList\",\"@id\":\"https:\/\/pagina10.com\/web\/conozca-quien-trabaja-con-cada-congresista-narinense\/#breadcrumb\",\"itemListElement\":[{\"@type\":\"ListItem\",\"position\":1,\"name\":\"Portada\",\"item\":\"https:\/\/pagina10.com\/web\/\"},{\"@type\":\"ListItem\",\"position\":2,\"name\":\"Conozca quien trabaja con cada congresista nari\u00f1ense.\"}]},{\"@type\":\"WebSite\",\"@id\":\"https:\/\/pagina10.com\/web\/#website\",\"url\":\"https:\/\/pagina10.com\/web\/\",\"name\":\"P\u00e1gina10\",\"description\":\"Peri\u00f3dico Regional\",\"publisher\":{\"@id\":\"https:\/\/pagina10.com\/web\/#organization\"},\"alternateName\":\"P\u00e1gina10 Peri\u00f3dico Regional\",\"potentialAction\":[{\"@type\":\"SearchAction\",\"target\":{\"@type\":\"EntryPoint\",\"urlTemplate\":\"https:\/\/pagina10.com\/web\/?s={search_term_string}\"},\"query-input\":{\"@type\":\"PropertyValueSpecification\",\"valueRequired\":true,\"valueName\":\"search_term_string\"}}],\"inLanguage\":\"es\"},{\"@type\":\"Organization\",\"@id\":\"https:\/\/pagina10.com\/web\/#organization\",\"name\":\"P\u00e1gina10\",\"alternateName\":\"P\u00e1gina10 Peri\u00f3dico Regional\",\"url\":\"https:\/\/pagina10.com\/web\/\",\"logo\":{\"@type\":\"ImageObject\",\"inLanguage\":\"es\",\"@id\":\"https:\/\/pagina10.com\/web\/#\/schema\/logo\/image\/\",\"url\":\"https:\/\/pagina10.com\/web\/wp-content\/uploads\/2024\/01\/40-pagina-10-periodico-regional-pasto.jpg\",\"contentUrl\":\"https:\/\/pagina10.com\/web\/wp-content\/uploads\/2024\/01\/40-pagina-10-periodico-regional-pasto.jpg\",\"width\":1280,\"height\":720,\"caption\":\"P\u00e1gina10\"},\"image\":{\"@id\":\"https:\/\/pagina10.com\/web\/#\/schema\/logo\/image\/\"},\"sameAs\":[\"https:\/\/www.facebook.com\/pag10com\",\"https:\/\/x.com\/Pag10com\",\"https:\/\/www.instagram.com\/pagina10col\/\",\"https:\/\/youtube.com\/channel\/pag10\",\"https:\/\/www.tiktok.com\/@p10col\"]},{\"@type\":\"Person\",\"@id\":\"https:\/\/pagina10.com\/web\/#\/schema\/person\/2efc4a090d25b667d3bc796798a3a81b\",\"name\":\"P\u00e1gina 10\",\"description\":\"P\u00e1gina 10 es un peri\u00f3dico regional que nace en Colombia, en el departamento de Nari\u00f1o, con un enfoque global, fundamentado en cuatro pilares esenciales: la libertad, el pluralismo, la inclusi\u00f3n y la independencia. P\u00e1gina 10 hace referencia a Nari\u00f1o como el d\u00e9cimo departamento creado en Colombia, despu\u00e9s de un proceso pol\u00edtico liderado por actores y actrices regionales con el fin de obtener la independencia y autonom\u00eda de nuestros territorios. Con la creaci\u00f3n de P\u00e1gina 10 se pretende abrir un escenario para el dialogo, la reflexi\u00f3n y el debate que se extienda a otras geograf\u00edas de Am\u00e9rica Latina y del planeta, en una apuesta por transformar colectivamente los desaf\u00edos de un mundo contempor\u00e1neo, m\u00e1s all\u00e1 de las fronteras impuestas.\",\"url\":\"https:\/\/pagina10.com\/web\/author\/pdiezadmin\/\"}]}<\/script>\n<!-- \/ Yoast SEO plugin. -->","yoast_head_json":{"title":"Conozca quien trabaja con cada congresista nari\u00f1ense. | P\u00e1gina10","robots":{"index":"index","follow":"follow","max-snippet":"max-snippet:-1","max-image-preview":"max-image-preview:large","max-video-preview":"max-video-preview:-1"},"canonical":"https:\/\/pagina10.com\/web\/conozca-quien-trabaja-con-cada-congresista-narinense\/","og_locale":"es_ES","og_type":"article","og_title":"Conozca quien trabaja con cada congresista nari\u00f1ense. | P\u00e1gina10","og_description":"Las Unidades de Trabajo Legislativo, UTL, constituyen un grupo interdisciplinario, conformado por m\u00e1ximo 10 personas que trabajan para un congresista asesor\u00e1ndolo en diversos temas correspondientes a su labor legislativa en el Congreso. Los miembros de la UTL de cada congresista investigan, instruyen, asesoran y enriquecen el trabajo del legislador en el Congreso, por lo cual, [&hellip;]","og_url":"https:\/\/pagina10.com\/web\/conozca-quien-trabaja-con-cada-congresista-narinense\/","og_site_name":"P\u00e1gina10","article_publisher":"https:\/\/www.facebook.com\/pag10com","article_published_time":"2021-04-21T20:21:06+00:00","article_modified_time":"2021-04-21T21:29:41+00:00","og_image":[{"width":1200,"height":675,"url":"https:\/\/pagina10.com\/web\/wp-content\/uploads\/2021\/04\/SH2ZZ3LTZJGG7MHB2O2BQW762Q.jpg","type":"image\/jpeg"}],"author":"P\u00e1gina 10","twitter_card":"summary_large_image","twitter_creator":"@Pag10com","twitter_site":"@Pag10com","twitter_misc":{"Escrito por":"P\u00e1gina 10","Tiempo de lectura":"3 minutos"},"schema":{"@context":"https:\/\/schema.org","@graph":[{"@type":"Article","@id":"https:\/\/pagina10.com\/web\/conozca-quien-trabaja-con-cada-congresista-narinense\/#article","isPartOf":{"@id":"https:\/\/pagina10.com\/web\/conozca-quien-trabaja-con-cada-congresista-narinense\/"},"author":{"name":"P\u00e1gina 10","@id":"https:\/\/pagina10.com\/web\/#\/schema\/person\/2efc4a090d25b667d3bc796798a3a81b"},"headline":"Conozca quien trabaja con cada congresista nari\u00f1ense.","datePublished":"2021-04-21T20:21:06+00:00","dateModified":"2021-04-21T21:29:41+00:00","mainEntityOfPage":{"@id":"https:\/\/pagina10.com\/web\/conozca-quien-trabaja-con-cada-congresista-narinense\/"},"wordCount":692,"commentCount":0,"publisher":{"@id":"https:\/\/pagina10.com\/web\/#organization"},"image":{"@id":"https:\/\/pagina10.com\/web\/conozca-quien-trabaja-con-cada-congresista-narinense\/#primaryimage"},"thumbnailUrl":"https:\/\/pagina10.com\/web\/wp-content\/uploads\/2021\/04\/SH2ZZ3LTZJGG7MHB2O2BQW762Q.jpg","articleSection":["Regiones"],"inLanguage":"es","potentialAction":[{"@type":"CommentAction","name":"Comment","target":["https:\/\/pagina10.com\/web\/conozca-quien-trabaja-con-cada-congresista-narinense\/#respond"]}]},{"@type":"WebPage","@id":"https:\/\/pagina10.com\/web\/conozca-quien-trabaja-con-cada-congresista-narinense\/","url":"https:\/\/pagina10.com\/web\/conozca-quien-trabaja-con-cada-congresista-narinense\/","name":"Conozca quien trabaja con cada congresista nari\u00f1ense. | P\u00e1gina10","isPartOf":{"@id":"https:\/\/pagina10.com\/web\/#website"},"primaryImageOfPage":{"@id":"https:\/\/pagina10.com\/web\/conozca-quien-trabaja-con-cada-congresista-narinense\/#primaryimage"},"image":{"@id":"https:\/\/pagina10.com\/web\/conozca-quien-trabaja-con-cada-congresista-narinense\/#primaryimage"},"thumbnailUrl":"https:\/\/pagina10.com\/web\/wp-content\/uploads\/2021\/04\/SH2ZZ3LTZJGG7MHB2O2BQW762Q.jpg","datePublished":"2021-04-21T20:21:06+00:00","dateModified":"2021-04-21T21:29:41+00:00","breadcrumb":{"@id":"https:\/\/pagina10.com\/web\/conozca-quien-trabaja-con-cada-congresista-narinense\/#breadcrumb"},"inLanguage":"es","potentialAction":[{"@type":"ReadAction","target":["https:\/\/pagina10.com\/web\/conozca-quien-trabaja-con-cada-congresista-narinense\/"]}]},{"@type":"ImageObject","inLanguage":"es","@id":"https:\/\/pagina10.com\/web\/conozca-quien-trabaja-con-cada-congresista-narinense\/#primaryimage","url":"https:\/\/pagina10.com\/web\/wp-content\/uploads\/2021\/04\/SH2ZZ3LTZJGG7MHB2O2BQW762Q.jpg","contentUrl":"https:\/\/pagina10.com\/web\/wp-content\/uploads\/2021\/04\/SH2ZZ3LTZJGG7MHB2O2BQW762Q.jpg","width":1200,"height":675},{"@type":"BreadcrumbList","@id":"https:\/\/pagina10.com\/web\/conozca-quien-trabaja-con-cada-congresista-narinense\/#breadcrumb","itemListElement":[{"@type":"ListItem","position":1,"name":"Portada","item":"https:\/\/pagina10.com\/web\/"},{"@type":"ListItem","position":2,"name":"Conozca quien trabaja con cada congresista nari\u00f1ense."}]},{"@type":"WebSite","@id":"https:\/\/pagina10.com\/web\/#website","url":"https:\/\/pagina10.com\/web\/","name":"P\u00e1gina10","description":"Peri\u00f3dico Regional","publisher":{"@id":"https:\/\/pagina10.com\/web\/#organization"},"alternateName":"P\u00e1gina10 Peri\u00f3dico Regional","potentialAction":[{"@type":"SearchAction","target":{"@type":"EntryPoint","urlTemplate":"https:\/\/pagina10.com\/web\/?s={search_term_string}"},"query-input":{"@type":"PropertyValueSpecification","valueRequired":true,"valueName":"search_term_string"}}],"inLanguage":"es"},{"@type":"Organization","@id":"https:\/\/pagina10.com\/web\/#organization","name":"P\u00e1gina10","alternateName":"P\u00e1gina10 Peri\u00f3dico Regional","url":"https:\/\/pagina10.com\/web\/","logo":{"@type":"ImageObject","inLanguage":"es","@id":"https:\/\/pagina10.com\/web\/#\/schema\/logo\/image\/","url":"https:\/\/pagina10.com\/web\/wp-content\/uploads\/2024\/01\/40-pagina-10-periodico-regional-pasto.jpg","contentUrl":"https:\/\/pagina10.com\/web\/wp-content\/uploads\/2024\/01\/40-pagina-10-periodico-regional-pasto.jpg","width":1280,"height":720,"caption":"P\u00e1gina10"},"image":{"@id":"https:\/\/pagina10.com\/web\/#\/schema\/logo\/image\/"},"sameAs":["https:\/\/www.facebook.com\/pag10com","https:\/\/x.com\/Pag10com","https:\/\/www.instagram.com\/pagina10col\/","https:\/\/youtube.com\/channel\/pag10","https:\/\/www.tiktok.com\/@p10col"]},{"@type":"Person","@id":"https:\/\/pagina10.com\/web\/#\/schema\/person\/2efc4a090d25b667d3bc796798a3a81b","name":"P\u00e1gina 10","description":"P\u00e1gina 10 es un peri\u00f3dico regional que nace en Colombia, en el departamento de Nari\u00f1o, con un enfoque global, fundamentado en cuatro pilares esenciales: la libertad, el pluralismo, la inclusi\u00f3n y la independencia. P\u00e1gina 10 hace referencia a Nari\u00f1o como el d\u00e9cimo departamento creado en Colombia, despu\u00e9s de un proceso pol\u00edtico liderado por actores y actrices regionales con el fin de obtener la independencia y autonom\u00eda de nuestros territorios. Con la creaci\u00f3n de P\u00e1gina 10 se pretende abrir un escenario para el dialogo, la reflexi\u00f3n y el debate que se extienda a otras geograf\u00edas de Am\u00e9rica Latina y del planeta, en una apuesta por transformar colectivamente los desaf\u00edos de un mundo contempor\u00e1neo, m\u00e1s all\u00e1 de las fronteras impuestas.","url":"https:\/\/pagina10.com\/web\/author\/pdiezadmin\/"}]}},"_links":{"self":[{"href":"https:\/\/pagina10.com\/web\/wp-json\/wp\/v2\/posts\/51927","targetHints":{"allow":["GET"]}}],"collection":[{"href":"https:\/\/pagina10.com\/web\/wp-json\/wp\/v2\/posts"}],"about":[{"href":"https:\/\/pagina10.com\/web\/wp-json\/wp\/v2\/types\/post"}],"author":[{"embeddable":true,"href":"https:\/\/pagina10.com\/web\/wp-json\/wp\/v2\/users\/1"}],"replies":[{"embeddable":true,"href":"https:\/\/pagina10.com\/web\/wp-json\/wp\/v2\/comments?post=51927"}],"version-history":[{"count":3,"href":"https:\/\/pagina10.com\/web\/wp-json\/wp\/v2\/posts\/51927\/revisions"}],"predecessor-version":[{"id":51943,"href":"https:\/\/pagina10.com\/web\/wp-json\/wp\/v2\/posts\/51927\/revisions\/51943"}],"wp:featuredmedia":[{"embeddable":true,"href":"https:\/\/pagina10.com\/web\/wp-json\/wp\/v2\/media\/51935"}],"wp:attachment":[{"href":"https:\/\/pagina10.com\/web\/wp-json\/wp\/v2\/media?parent=51927"}],"wp:term":[{"taxonomy":"category","embeddable":true,"href":"https:\/\/pagina10.com\/web\/wp-json\/wp\/v2\/categories?post=51927"},{"taxonomy":"post_tag","embeddable":true,"href":"https:\/\/pagina10.com\/web\/wp-json\/wp\/v2\/tags?post=51927"}],"curies":[{"name":"wp","href":"https:\/\/api.w.org\/{rel}","templated":true}]}}