{"id":51953,"date":"2021-04-22T16:03:47","date_gmt":"2021-04-22T21:03:47","guid":{"rendered":"https:\/\/pagina10.com\/web\/?p=51953"},"modified":"2021-04-22T17:00:40","modified_gmt":"2021-04-22T22:00:40","slug":"ingeniero-de-sistemas-narinense-luis-astorquiza-es-el-personaje-10","status":"publish","type":"post","link":"https:\/\/pagina10.com\/web\/ingeniero-de-sistemas-narinense-luis-astorquiza-es-el-personaje-10\/","title":{"rendered":"Ingeniero de Sistemas nari\u00f1ense, Luis Astorquiza, es El Personaje 10."},"content":{"rendered":"<p style=\"text-align: justify;\">Luis Astorquiza, es oriundo de la ciudad de Pasto, Ingeniero de Sistemas y Computaci\u00f3n de la Pontificia Universidad Javeriana, ha sido Consultor y Conferencista Internacional en Innovaci\u00f3n Multimedia e Interacci\u00f3n.\u00a0\u00a0Director del Programa Da Vinci, para la Investigaci\u00f3n y el desarrollo Interdisciplinar en Creaci\u00f3n Digital de la Pontificia Universidad Javeriana y Fundador del programa de Ingenier\u00eda Multimedia en la Universidad San Buenaventura Cali.<\/p>\n<p style=\"text-align: justify;\">Sus obras \u00a0digitales y conferencias han sido expuestas\u00a0 en Colombia, Brasil, Argentina, M\u00e9xico, Espa\u00f1a y Corea del Sur, siendo el gestor adem\u00e1s del desarrollo de grandes proyectos para el sector empresarial en el campo de la multimedia interactiva, animaci\u00f3n 3D y desarrollo web.\u00a0 Ha sido reconocido igualmente, por ser quien conformo una sociedad con la C\u00e1mara de Comercio de Cali y la Fundaci\u00f3n Atma para el desarrollo de Tertulias de Cali Viejo [2000], proyecto interactivo que recopil\u00f3 la historia de la ciudad de Cali en el siglo XX.<\/p>\n<p style=\"text-align: justify;\">Actualmente es l\u00edder de Ciudades Virtuales, un emprendimiento que desde el uso adecuado de la tecnolog\u00eda, busca llevar varias regiones de nuestro pa\u00eds al mundo a trav\u00e9s de la creaci\u00f3n de plataformas en realidad virtual para varias ciudades y departamentos de Colombia. Luis se\u00f1ala que a trav\u00e9s de este emprendimiento virtual se podr\u00e1 visitar magn\u00edficos lugares de nuestro pa\u00eds, que cuentan con un importante patrimonio tur\u00edstico, gastron\u00f3mico y cultural.<\/p>\n<p style=\"text-align: justify;\">Este emprendimiento que busca adem\u00e1s apoyar en la reactivaci\u00f3n econ\u00f3mica de nuestro pa\u00eds, es desarrollado por un equipo interdisciplinario, conformado por ingenieros, comunicadores, dise\u00f1adores, que desde la modalidad de teletrabajo, han unido sus esfuerzos para a trav\u00e9s de\u00a0 esta moderna tecnolog\u00eda levarnos a magn\u00edficos lugares.<\/p>\n","protected":false},"excerpt":{"rendered":"<p>Luis Astorquiza, es oriundo de la ciudad de Pasto, Ingeniero de Sistemas y Computaci\u00f3n de la Pontificia Universidad Javeriana, ha sido Consultor y Conferencista Internacional en Innovaci\u00f3n Multimedia e Interacci\u00f3n.\u00a0\u00a0Director del Programa Da Vinci, para la Investigaci\u00f3n y el desarrollo Interdisciplinar en Creaci\u00f3n Digital de la Pontificia Universidad Javeriana y Fundador del programa de Ingenier\u00eda [&hellip;]<\/p>\n","protected":false},"author":1,"featured_media":51966,"comment_status":"open","ping_status":"open","sticky":false,"template":"","format":"standard","meta":{"footnotes":""},"categories":[53,1528],"tags":[],"class_list":["post-51953","post","type-post","status-publish","format-standard","has-post-thumbnail","hentry","category-regiones","category-titulares"],"yoast_head":"<!-- This site is optimized with the Yoast SEO plugin v27.1.1 - https:\/\/yoast.com\/product\/yoast-seo-wordpress\/ -->\n<title>Ingeniero de Sistemas nari\u00f1ense, Luis Astorquiza, es El Personaje 10. | P\u00e1gina10<\/title>\n<meta name=\"robots\" content=\"index, follow, max-snippet:-1, max-image-preview:large, max-video-preview:-1\" \/>\n<link rel=\"canonical\" href=\"https:\/\/pagina10.com\/web\/ingeniero-de-sistemas-narinense-luis-astorquiza-es-el-personaje-10\/\" \/>\n<meta property=\"og:locale\" content=\"es_ES\" \/>\n<meta property=\"og:type\" content=\"article\" \/>\n<meta property=\"og:title\" content=\"Ingeniero de Sistemas nari\u00f1ense, Luis Astorquiza, es El Personaje 10. | P\u00e1gina10\" \/>\n<meta property=\"og:description\" content=\"Luis Astorquiza, es oriundo de la ciudad de Pasto, Ingeniero de Sistemas y Computaci\u00f3n de la Pontificia Universidad Javeriana, ha sido Consultor y Conferencista Internacional en Innovaci\u00f3n Multimedia e Interacci\u00f3n. Director del Programa Da Vinci, para la Investigaci\u00f3n y el desarrollo Interdisciplinar en Creaci\u00f3n Digital de la Pontificia Universidad Javeriana y Fundador del programa de Ingenier\u00eda [&hellip;]\" \/>\n<meta property=\"og:url\" content=\"https:\/\/pagina10.com\/web\/ingeniero-de-sistemas-narinense-luis-astorquiza-es-el-personaje-10\/\" \/>\n<meta property=\"og:site_name\" content=\"P\u00e1gina10\" \/>\n<meta property=\"article:publisher\" content=\"https:\/\/www.facebook.com\/pag10com\" \/>\n<meta property=\"article:published_time\" content=\"2021-04-22T21:03:47+00:00\" \/>\n<meta property=\"article:modified_time\" content=\"2021-04-22T22:00:40+00:00\" \/>\n<meta property=\"og:image\" content=\"https:\/\/pagina10.com\/web\/wp-content\/uploads\/2021\/04\/174204640_10158348261931748_8550836376182017533_n.jpg\" \/>\n\t<meta property=\"og:image:width\" content=\"1440\" \/>\n\t<meta property=\"og:image:height\" content=\"1066\" \/>\n\t<meta property=\"og:image:type\" content=\"image\/jpeg\" \/>\n<meta name=\"author\" content=\"P\u00e1gina 10\" \/>\n<meta name=\"twitter:card\" content=\"summary_large_image\" \/>\n<meta name=\"twitter:creator\" content=\"@Pag10com\" \/>\n<meta name=\"twitter:site\" content=\"@Pag10com\" \/>\n<meta name=\"twitter:label1\" content=\"Escrito por\" \/>\n\t<meta name=\"twitter:data1\" content=\"P\u00e1gina 10\" \/>\n\t<meta name=\"twitter:label2\" content=\"Tiempo de lectura\" \/>\n\t<meta name=\"twitter:data2\" content=\"1 minuto\" \/>\n<script type=\"application\/ld+json\" class=\"yoast-schema-graph\">{\"@context\":\"https:\/\/schema.org\",\"@graph\":[{\"@type\":\"Article\",\"@id\":\"https:\/\/pagina10.com\/web\/ingeniero-de-sistemas-narinense-luis-astorquiza-es-el-personaje-10\/#article\",\"isPartOf\":{\"@id\":\"https:\/\/pagina10.com\/web\/ingeniero-de-sistemas-narinense-luis-astorquiza-es-el-personaje-10\/\"},\"author\":{\"name\":\"P\u00e1gina 10\",\"@id\":\"https:\/\/pagina10.com\/web\/#\/schema\/person\/2efc4a090d25b667d3bc796798a3a81b\"},\"headline\":\"Ingeniero de Sistemas nari\u00f1ense, Luis Astorquiza, es El Personaje 10.\",\"datePublished\":\"2021-04-22T21:03:47+00:00\",\"dateModified\":\"2021-04-22T22:00:40+00:00\",\"mainEntityOfPage\":{\"@id\":\"https:\/\/pagina10.com\/web\/ingeniero-de-sistemas-narinense-luis-astorquiza-es-el-personaje-10\/\"},\"wordCount\":305,\"commentCount\":0,\"publisher\":{\"@id\":\"https:\/\/pagina10.com\/web\/#organization\"},\"image\":{\"@id\":\"https:\/\/pagina10.com\/web\/ingeniero-de-sistemas-narinense-luis-astorquiza-es-el-personaje-10\/#primaryimage\"},\"thumbnailUrl\":\"https:\/\/pagina10.com\/web\/wp-content\/uploads\/2021\/04\/174204640_10158348261931748_8550836376182017533_n.jpg\",\"articleSection\":[\"Regiones\",\"Titulares\"],\"inLanguage\":\"es\",\"potentialAction\":[{\"@type\":\"CommentAction\",\"name\":\"Comment\",\"target\":[\"https:\/\/pagina10.com\/web\/ingeniero-de-sistemas-narinense-luis-astorquiza-es-el-personaje-10\/#respond\"]}]},{\"@type\":\"WebPage\",\"@id\":\"https:\/\/pagina10.com\/web\/ingeniero-de-sistemas-narinense-luis-astorquiza-es-el-personaje-10\/\",\"url\":\"https:\/\/pagina10.com\/web\/ingeniero-de-sistemas-narinense-luis-astorquiza-es-el-personaje-10\/\",\"name\":\"Ingeniero de Sistemas nari\u00f1ense, Luis Astorquiza, es El Personaje 10. | P\u00e1gina10\",\"isPartOf\":{\"@id\":\"https:\/\/pagina10.com\/web\/#website\"},\"primaryImageOfPage\":{\"@id\":\"https:\/\/pagina10.com\/web\/ingeniero-de-sistemas-narinense-luis-astorquiza-es-el-personaje-10\/#primaryimage\"},\"image\":{\"@id\":\"https:\/\/pagina10.com\/web\/ingeniero-de-sistemas-narinense-luis-astorquiza-es-el-personaje-10\/#primaryimage\"},\"thumbnailUrl\":\"https:\/\/pagina10.com\/web\/wp-content\/uploads\/2021\/04\/174204640_10158348261931748_8550836376182017533_n.jpg\",\"datePublished\":\"2021-04-22T21:03:47+00:00\",\"dateModified\":\"2021-04-22T22:00:40+00:00\",\"breadcrumb\":{\"@id\":\"https:\/\/pagina10.com\/web\/ingeniero-de-sistemas-narinense-luis-astorquiza-es-el-personaje-10\/#breadcrumb\"},\"inLanguage\":\"es\",\"potentialAction\":[{\"@type\":\"ReadAction\",\"target\":[\"https:\/\/pagina10.com\/web\/ingeniero-de-sistemas-narinense-luis-astorquiza-es-el-personaje-10\/\"]}]},{\"@type\":\"ImageObject\",\"inLanguage\":\"es\",\"@id\":\"https:\/\/pagina10.com\/web\/ingeniero-de-sistemas-narinense-luis-astorquiza-es-el-personaje-10\/#primaryimage\",\"url\":\"https:\/\/pagina10.com\/web\/wp-content\/uploads\/2021\/04\/174204640_10158348261931748_8550836376182017533_n.jpg\",\"contentUrl\":\"https:\/\/pagina10.com\/web\/wp-content\/uploads\/2021\/04\/174204640_10158348261931748_8550836376182017533_n.jpg\",\"width\":1440,\"height\":1066},{\"@type\":\"BreadcrumbList\",\"@id\":\"https:\/\/pagina10.com\/web\/ingeniero-de-sistemas-narinense-luis-astorquiza-es-el-personaje-10\/#breadcrumb\",\"itemListElement\":[{\"@type\":\"ListItem\",\"position\":1,\"name\":\"Portada\",\"item\":\"https:\/\/pagina10.com\/web\/\"},{\"@type\":\"ListItem\",\"position\":2,\"name\":\"Ingeniero de Sistemas nari\u00f1ense, Luis Astorquiza, es El Personaje 10.\"}]},{\"@type\":\"WebSite\",\"@id\":\"https:\/\/pagina10.com\/web\/#website\",\"url\":\"https:\/\/pagina10.com\/web\/\",\"name\":\"P\u00e1gina10\",\"description\":\"Peri\u00f3dico Regional\",\"publisher\":{\"@id\":\"https:\/\/pagina10.com\/web\/#organization\"},\"alternateName\":\"P\u00e1gina10 Peri\u00f3dico Regional\",\"potentialAction\":[{\"@type\":\"SearchAction\",\"target\":{\"@type\":\"EntryPoint\",\"urlTemplate\":\"https:\/\/pagina10.com\/web\/?s={search_term_string}\"},\"query-input\":{\"@type\":\"PropertyValueSpecification\",\"valueRequired\":true,\"valueName\":\"search_term_string\"}}],\"inLanguage\":\"es\"},{\"@type\":\"Organization\",\"@id\":\"https:\/\/pagina10.com\/web\/#organization\",\"name\":\"P\u00e1gina10\",\"alternateName\":\"P\u00e1gina10 Peri\u00f3dico Regional\",\"url\":\"https:\/\/pagina10.com\/web\/\",\"logo\":{\"@type\":\"ImageObject\",\"inLanguage\":\"es\",\"@id\":\"https:\/\/pagina10.com\/web\/#\/schema\/logo\/image\/\",\"url\":\"https:\/\/pagina10.com\/web\/wp-content\/uploads\/2024\/01\/40-pagina-10-periodico-regional-pasto.jpg\",\"contentUrl\":\"https:\/\/pagina10.com\/web\/wp-content\/uploads\/2024\/01\/40-pagina-10-periodico-regional-pasto.jpg\",\"width\":1280,\"height\":720,\"caption\":\"P\u00e1gina10\"},\"image\":{\"@id\":\"https:\/\/pagina10.com\/web\/#\/schema\/logo\/image\/\"},\"sameAs\":[\"https:\/\/www.facebook.com\/pag10com\",\"https:\/\/x.com\/Pag10com\",\"https:\/\/www.instagram.com\/pagina10col\/\",\"https:\/\/youtube.com\/channel\/pag10\",\"https:\/\/www.tiktok.com\/@p10col\"]},{\"@type\":\"Person\",\"@id\":\"https:\/\/pagina10.com\/web\/#\/schema\/person\/2efc4a090d25b667d3bc796798a3a81b\",\"name\":\"P\u00e1gina 10\",\"description\":\"P\u00e1gina 10 es un peri\u00f3dico regional que nace en Colombia, en el departamento de Nari\u00f1o, con un enfoque global, fundamentado en cuatro pilares esenciales: la libertad, el pluralismo, la inclusi\u00f3n y la independencia. P\u00e1gina 10 hace referencia a Nari\u00f1o como el d\u00e9cimo departamento creado en Colombia, despu\u00e9s de un proceso pol\u00edtico liderado por actores y actrices regionales con el fin de obtener la independencia y autonom\u00eda de nuestros territorios. Con la creaci\u00f3n de P\u00e1gina 10 se pretende abrir un escenario para el dialogo, la reflexi\u00f3n y el debate que se extienda a otras geograf\u00edas de Am\u00e9rica Latina y del planeta, en una apuesta por transformar colectivamente los desaf\u00edos de un mundo contempor\u00e1neo, m\u00e1s all\u00e1 de las fronteras impuestas.\",\"url\":\"https:\/\/pagina10.com\/web\/author\/pdiezadmin\/\"}]}<\/script>\n<!-- \/ Yoast SEO plugin. -->","yoast_head_json":{"title":"Ingeniero de Sistemas nari\u00f1ense, Luis Astorquiza, es El Personaje 10. | P\u00e1gina10","robots":{"index":"index","follow":"follow","max-snippet":"max-snippet:-1","max-image-preview":"max-image-preview:large","max-video-preview":"max-video-preview:-1"},"canonical":"https:\/\/pagina10.com\/web\/ingeniero-de-sistemas-narinense-luis-astorquiza-es-el-personaje-10\/","og_locale":"es_ES","og_type":"article","og_title":"Ingeniero de Sistemas nari\u00f1ense, Luis Astorquiza, es El Personaje 10. | P\u00e1gina10","og_description":"Luis Astorquiza, es oriundo de la ciudad de Pasto, Ingeniero de Sistemas y Computaci\u00f3n de la Pontificia Universidad Javeriana, ha sido Consultor y Conferencista Internacional en Innovaci\u00f3n Multimedia e Interacci\u00f3n. Director del Programa Da Vinci, para la Investigaci\u00f3n y el desarrollo Interdisciplinar en Creaci\u00f3n Digital de la Pontificia Universidad Javeriana y Fundador del programa de Ingenier\u00eda [&hellip;]","og_url":"https:\/\/pagina10.com\/web\/ingeniero-de-sistemas-narinense-luis-astorquiza-es-el-personaje-10\/","og_site_name":"P\u00e1gina10","article_publisher":"https:\/\/www.facebook.com\/pag10com","article_published_time":"2021-04-22T21:03:47+00:00","article_modified_time":"2021-04-22T22:00:40+00:00","og_image":[{"width":1440,"height":1066,"url":"https:\/\/pagina10.com\/web\/wp-content\/uploads\/2021\/04\/174204640_10158348261931748_8550836376182017533_n.jpg","type":"image\/jpeg"}],"author":"P\u00e1gina 10","twitter_card":"summary_large_image","twitter_creator":"@Pag10com","twitter_site":"@Pag10com","twitter_misc":{"Escrito por":"P\u00e1gina 10","Tiempo de lectura":"1 minuto"},"schema":{"@context":"https:\/\/schema.org","@graph":[{"@type":"Article","@id":"https:\/\/pagina10.com\/web\/ingeniero-de-sistemas-narinense-luis-astorquiza-es-el-personaje-10\/#article","isPartOf":{"@id":"https:\/\/pagina10.com\/web\/ingeniero-de-sistemas-narinense-luis-astorquiza-es-el-personaje-10\/"},"author":{"name":"P\u00e1gina 10","@id":"https:\/\/pagina10.com\/web\/#\/schema\/person\/2efc4a090d25b667d3bc796798a3a81b"},"headline":"Ingeniero de Sistemas nari\u00f1ense, Luis Astorquiza, es El Personaje 10.","datePublished":"2021-04-22T21:03:47+00:00","dateModified":"2021-04-22T22:00:40+00:00","mainEntityOfPage":{"@id":"https:\/\/pagina10.com\/web\/ingeniero-de-sistemas-narinense-luis-astorquiza-es-el-personaje-10\/"},"wordCount":305,"commentCount":0,"publisher":{"@id":"https:\/\/pagina10.com\/web\/#organization"},"image":{"@id":"https:\/\/pagina10.com\/web\/ingeniero-de-sistemas-narinense-luis-astorquiza-es-el-personaje-10\/#primaryimage"},"thumbnailUrl":"https:\/\/pagina10.com\/web\/wp-content\/uploads\/2021\/04\/174204640_10158348261931748_8550836376182017533_n.jpg","articleSection":["Regiones","Titulares"],"inLanguage":"es","potentialAction":[{"@type":"CommentAction","name":"Comment","target":["https:\/\/pagina10.com\/web\/ingeniero-de-sistemas-narinense-luis-astorquiza-es-el-personaje-10\/#respond"]}]},{"@type":"WebPage","@id":"https:\/\/pagina10.com\/web\/ingeniero-de-sistemas-narinense-luis-astorquiza-es-el-personaje-10\/","url":"https:\/\/pagina10.com\/web\/ingeniero-de-sistemas-narinense-luis-astorquiza-es-el-personaje-10\/","name":"Ingeniero de Sistemas nari\u00f1ense, Luis Astorquiza, es El Personaje 10. | P\u00e1gina10","isPartOf":{"@id":"https:\/\/pagina10.com\/web\/#website"},"primaryImageOfPage":{"@id":"https:\/\/pagina10.com\/web\/ingeniero-de-sistemas-narinense-luis-astorquiza-es-el-personaje-10\/#primaryimage"},"image":{"@id":"https:\/\/pagina10.com\/web\/ingeniero-de-sistemas-narinense-luis-astorquiza-es-el-personaje-10\/#primaryimage"},"thumbnailUrl":"https:\/\/pagina10.com\/web\/wp-content\/uploads\/2021\/04\/174204640_10158348261931748_8550836376182017533_n.jpg","datePublished":"2021-04-22T21:03:47+00:00","dateModified":"2021-04-22T22:00:40+00:00","breadcrumb":{"@id":"https:\/\/pagina10.com\/web\/ingeniero-de-sistemas-narinense-luis-astorquiza-es-el-personaje-10\/#breadcrumb"},"inLanguage":"es","potentialAction":[{"@type":"ReadAction","target":["https:\/\/pagina10.com\/web\/ingeniero-de-sistemas-narinense-luis-astorquiza-es-el-personaje-10\/"]}]},{"@type":"ImageObject","inLanguage":"es","@id":"https:\/\/pagina10.com\/web\/ingeniero-de-sistemas-narinense-luis-astorquiza-es-el-personaje-10\/#primaryimage","url":"https:\/\/pagina10.com\/web\/wp-content\/uploads\/2021\/04\/174204640_10158348261931748_8550836376182017533_n.jpg","contentUrl":"https:\/\/pagina10.com\/web\/wp-content\/uploads\/2021\/04\/174204640_10158348261931748_8550836376182017533_n.jpg","width":1440,"height":1066},{"@type":"BreadcrumbList","@id":"https:\/\/pagina10.com\/web\/ingeniero-de-sistemas-narinense-luis-astorquiza-es-el-personaje-10\/#breadcrumb","itemListElement":[{"@type":"ListItem","position":1,"name":"Portada","item":"https:\/\/pagina10.com\/web\/"},{"@type":"ListItem","position":2,"name":"Ingeniero de Sistemas nari\u00f1ense, Luis Astorquiza, es El Personaje 10."}]},{"@type":"WebSite","@id":"https:\/\/pagina10.com\/web\/#website","url":"https:\/\/pagina10.com\/web\/","name":"P\u00e1gina10","description":"Peri\u00f3dico Regional","publisher":{"@id":"https:\/\/pagina10.com\/web\/#organization"},"alternateName":"P\u00e1gina10 Peri\u00f3dico Regional","potentialAction":[{"@type":"SearchAction","target":{"@type":"EntryPoint","urlTemplate":"https:\/\/pagina10.com\/web\/?s={search_term_string}"},"query-input":{"@type":"PropertyValueSpecification","valueRequired":true,"valueName":"search_term_string"}}],"inLanguage":"es"},{"@type":"Organization","@id":"https:\/\/pagina10.com\/web\/#organization","name":"P\u00e1gina10","alternateName":"P\u00e1gina10 Peri\u00f3dico Regional","url":"https:\/\/pagina10.com\/web\/","logo":{"@type":"ImageObject","inLanguage":"es","@id":"https:\/\/pagina10.com\/web\/#\/schema\/logo\/image\/","url":"https:\/\/pagina10.com\/web\/wp-content\/uploads\/2024\/01\/40-pagina-10-periodico-regional-pasto.jpg","contentUrl":"https:\/\/pagina10.com\/web\/wp-content\/uploads\/2024\/01\/40-pagina-10-periodico-regional-pasto.jpg","width":1280,"height":720,"caption":"P\u00e1gina10"},"image":{"@id":"https:\/\/pagina10.com\/web\/#\/schema\/logo\/image\/"},"sameAs":["https:\/\/www.facebook.com\/pag10com","https:\/\/x.com\/Pag10com","https:\/\/www.instagram.com\/pagina10col\/","https:\/\/youtube.com\/channel\/pag10","https:\/\/www.tiktok.com\/@p10col"]},{"@type":"Person","@id":"https:\/\/pagina10.com\/web\/#\/schema\/person\/2efc4a090d25b667d3bc796798a3a81b","name":"P\u00e1gina 10","description":"P\u00e1gina 10 es un peri\u00f3dico regional que nace en Colombia, en el departamento de Nari\u00f1o, con un enfoque global, fundamentado en cuatro pilares esenciales: la libertad, el pluralismo, la inclusi\u00f3n y la independencia. P\u00e1gina 10 hace referencia a Nari\u00f1o como el d\u00e9cimo departamento creado en Colombia, despu\u00e9s de un proceso pol\u00edtico liderado por actores y actrices regionales con el fin de obtener la independencia y autonom\u00eda de nuestros territorios. Con la creaci\u00f3n de P\u00e1gina 10 se pretende abrir un escenario para el dialogo, la reflexi\u00f3n y el debate que se extienda a otras geograf\u00edas de Am\u00e9rica Latina y del planeta, en una apuesta por transformar colectivamente los desaf\u00edos de un mundo contempor\u00e1neo, m\u00e1s all\u00e1 de las fronteras impuestas.","url":"https:\/\/pagina10.com\/web\/author\/pdiezadmin\/"}]}},"_links":{"self":[{"href":"https:\/\/pagina10.com\/web\/wp-json\/wp\/v2\/posts\/51953","targetHints":{"allow":["GET"]}}],"collection":[{"href":"https:\/\/pagina10.com\/web\/wp-json\/wp\/v2\/posts"}],"about":[{"href":"https:\/\/pagina10.com\/web\/wp-json\/wp\/v2\/types\/post"}],"author":[{"embeddable":true,"href":"https:\/\/pagina10.com\/web\/wp-json\/wp\/v2\/users\/1"}],"replies":[{"embeddable":true,"href":"https:\/\/pagina10.com\/web\/wp-json\/wp\/v2\/comments?post=51953"}],"version-history":[{"count":6,"href":"https:\/\/pagina10.com\/web\/wp-json\/wp\/v2\/posts\/51953\/revisions"}],"predecessor-version":[{"id":51963,"href":"https:\/\/pagina10.com\/web\/wp-json\/wp\/v2\/posts\/51953\/revisions\/51963"}],"wp:featuredmedia":[{"embeddable":true,"href":"https:\/\/pagina10.com\/web\/wp-json\/wp\/v2\/media\/51966"}],"wp:attachment":[{"href":"https:\/\/pagina10.com\/web\/wp-json\/wp\/v2\/media?parent=51953"}],"wp:term":[{"taxonomy":"category","embeddable":true,"href":"https:\/\/pagina10.com\/web\/wp-json\/wp\/v2\/categories?post=51953"},{"taxonomy":"post_tag","embeddable":true,"href":"https:\/\/pagina10.com\/web\/wp-json\/wp\/v2\/tags?post=51953"}],"curies":[{"name":"wp","href":"https:\/\/api.w.org\/{rel}","templated":true}]}}