{"id":52011,"date":"2021-04-24T17:25:36","date_gmt":"2021-04-24T22:25:36","guid":{"rendered":"https:\/\/pagina10.com\/web\/?p=52011"},"modified":"2021-04-24T17:29:38","modified_gmt":"2021-04-24T22:29:38","slug":"procuraduria-abrio-investigacion-disciplinaria-a-gerente-y-coordinadora-de-seguridad-y-salud-en-el-trabajo-de-la-ese-hospital-clarita-santos-de-sandona-narino","status":"publish","type":"post","link":"https:\/\/pagina10.com\/web\/procuraduria-abrio-investigacion-disciplinaria-a-gerente-y-coordinadora-de-seguridad-y-salud-en-el-trabajo-de-la-ese-hospital-clarita-santos-de-sandona-narino\/","title":{"rendered":"Procuradur\u00eda abri\u00f3 investigaci\u00f3n disciplinaria a gerente y coordinadora de Seguridad y Salud en el Trabajo de la ESE Hospital Clarita Santos de Sandon\u00e1, Nari\u00f1o."},"content":{"rendered":"<p style=\"text-align: justify;\">La Procuradur\u00eda General de la Naci\u00f3n abri\u00f3 investigaci\u00f3n disciplinaria a la gerente de la ESE Hospital Clarita Santos, Rutbey Marisol Zambrano Benavides, y a la coordinadora de Seguridad y Salud en el Trabajo de la entidad, Mar\u00eda de los \u00c1ngeles Latorre Chamorro, por presunto incumplimiento de deberes.<\/p>\n<p style=\"text-align: justify;\">La Provincial de Pasto busca establecer si las funcionarias pudieron incurrir en falta disciplinaria al presuntamente no realizar la valoraci\u00f3n de riesgos de los trabajadores del hospital, para adecuar las medidas de protecci\u00f3n espec\u00edfica seg\u00fan el riesgo de exposici\u00f3n ocupacional y mitigar los efectos ocasionados por el Covid-19.<\/p>\n<p style=\"text-align: justify;\">De igual manera, investigar\u00e1 si se pudo presentar una posible omisi\u00f3n a las disposiciones ordenadas por las circulares 005-2020 del Ministerio de Salud y Protecci\u00f3n Social, y 007-2020 de la Contralor\u00eda Departamental de Nari\u00f1o, con relaci\u00f3n a la identificaci\u00f3n de peligros y valoraci\u00f3n de riesgos.<\/p>\n<p style=\"text-align: justify;\">La Procuradur\u00eda orden\u00f3 la pr\u00e1ctica de pruebas con la finalidad de verificar la ocurrencia de la conducta, determinar si es constitutiva de falta disciplinaria, esclarecer los motivos determinantes, las circunstancias de tiempo, modo y lugar en las que se cometi\u00f3, el perjuicio causado a la administraci\u00f3n p\u00fablica con la presunta falta, y la responsabilidad disciplinaria de los investigados.<\/p>\n","protected":false},"excerpt":{"rendered":"<p>La Procuradur\u00eda General de la Naci\u00f3n abri\u00f3 investigaci\u00f3n disciplinaria a la gerente de la ESE Hospital Clarita Santos, Rutbey Marisol Zambrano Benavides, y a la coordinadora de Seguridad y Salud en el Trabajo de la entidad, Mar\u00eda de los \u00c1ngeles Latorre Chamorro, por presunto incumplimiento de deberes. La Provincial de Pasto busca establecer si las [&hellip;]<\/p>\n","protected":false},"author":1,"featured_media":52012,"comment_status":"open","ping_status":"open","sticky":false,"template":"","format":"standard","meta":{"footnotes":""},"categories":[53],"tags":[],"class_list":["post-52011","post","type-post","status-publish","format-standard","has-post-thumbnail","hentry","category-regiones"],"yoast_head":"<!-- This site is optimized with the Yoast SEO plugin v27.1.1 - https:\/\/yoast.com\/product\/yoast-seo-wordpress\/ -->\n<title>Procuradur\u00eda abri\u00f3 investigaci\u00f3n disciplinaria a gerente y coordinadora de Seguridad y Salud en el Trabajo de la ESE Hospital Clarita Santos de Sandon\u00e1, Nari\u00f1o. | P\u00e1gina10<\/title>\n<meta name=\"robots\" content=\"index, follow, max-snippet:-1, max-image-preview:large, max-video-preview:-1\" \/>\n<link rel=\"canonical\" href=\"https:\/\/pagina10.com\/web\/procuraduria-abrio-investigacion-disciplinaria-a-gerente-y-coordinadora-de-seguridad-y-salud-en-el-trabajo-de-la-ese-hospital-clarita-santos-de-sandona-narino\/\" \/>\n<meta property=\"og:locale\" content=\"es_ES\" \/>\n<meta property=\"og:type\" content=\"article\" \/>\n<meta property=\"og:title\" content=\"Procuradur\u00eda abri\u00f3 investigaci\u00f3n disciplinaria a gerente y coordinadora de Seguridad y Salud en el Trabajo de la ESE Hospital Clarita Santos de Sandon\u00e1, Nari\u00f1o. | P\u00e1gina10\" \/>\n<meta property=\"og:description\" content=\"La Procuradur\u00eda General de la Naci\u00f3n abri\u00f3 investigaci\u00f3n disciplinaria a la gerente de la ESE Hospital Clarita Santos, Rutbey Marisol Zambrano Benavides, y a la coordinadora de Seguridad y Salud en el Trabajo de la entidad, Mar\u00eda de los \u00c1ngeles Latorre Chamorro, por presunto incumplimiento de deberes. La Provincial de Pasto busca establecer si las [&hellip;]\" \/>\n<meta property=\"og:url\" content=\"https:\/\/pagina10.com\/web\/procuraduria-abrio-investigacion-disciplinaria-a-gerente-y-coordinadora-de-seguridad-y-salud-en-el-trabajo-de-la-ese-hospital-clarita-santos-de-sandona-narino\/\" \/>\n<meta property=\"og:site_name\" content=\"P\u00e1gina10\" \/>\n<meta property=\"article:publisher\" content=\"https:\/\/www.facebook.com\/pag10com\" \/>\n<meta property=\"article:published_time\" content=\"2021-04-24T22:25:36+00:00\" \/>\n<meta property=\"article:modified_time\" content=\"2021-04-24T22:29:38+00:00\" \/>\n<meta property=\"og:image\" content=\"https:\/\/pagina10.com\/web\/wp-content\/uploads\/2021\/04\/Captura-de-pantalla-235.png\" \/>\n\t<meta property=\"og:image:width\" content=\"795\" \/>\n\t<meta property=\"og:image:height\" content=\"440\" \/>\n\t<meta property=\"og:image:type\" content=\"image\/png\" \/>\n<meta name=\"author\" content=\"P\u00e1gina 10\" \/>\n<meta name=\"twitter:card\" content=\"summary_large_image\" \/>\n<meta name=\"twitter:creator\" content=\"@Pag10com\" \/>\n<meta name=\"twitter:site\" content=\"@Pag10com\" \/>\n<meta name=\"twitter:label1\" content=\"Escrito por\" \/>\n\t<meta name=\"twitter:data1\" content=\"P\u00e1gina 10\" \/>\n\t<meta name=\"twitter:label2\" content=\"Tiempo de lectura\" \/>\n\t<meta name=\"twitter:data2\" content=\"1 minuto\" \/>\n<script type=\"application\/ld+json\" class=\"yoast-schema-graph\">{\"@context\":\"https:\/\/schema.org\",\"@graph\":[{\"@type\":\"Article\",\"@id\":\"https:\/\/pagina10.com\/web\/procuraduria-abrio-investigacion-disciplinaria-a-gerente-y-coordinadora-de-seguridad-y-salud-en-el-trabajo-de-la-ese-hospital-clarita-santos-de-sandona-narino\/#article\",\"isPartOf\":{\"@id\":\"https:\/\/pagina10.com\/web\/procuraduria-abrio-investigacion-disciplinaria-a-gerente-y-coordinadora-de-seguridad-y-salud-en-el-trabajo-de-la-ese-hospital-clarita-santos-de-sandona-narino\/\"},\"author\":{\"name\":\"P\u00e1gina 10\",\"@id\":\"https:\/\/pagina10.com\/web\/#\/schema\/person\/2efc4a090d25b667d3bc796798a3a81b\"},\"headline\":\"Procuradur\u00eda abri\u00f3 investigaci\u00f3n disciplinaria a gerente y coordinadora de Seguridad y Salud en el Trabajo de la ESE Hospital Clarita Santos de Sandon\u00e1, Nari\u00f1o.\",\"datePublished\":\"2021-04-24T22:25:36+00:00\",\"dateModified\":\"2021-04-24T22:29:38+00:00\",\"mainEntityOfPage\":{\"@id\":\"https:\/\/pagina10.com\/web\/procuraduria-abrio-investigacion-disciplinaria-a-gerente-y-coordinadora-de-seguridad-y-salud-en-el-trabajo-de-la-ese-hospital-clarita-santos-de-sandona-narino\/\"},\"wordCount\":245,\"commentCount\":0,\"publisher\":{\"@id\":\"https:\/\/pagina10.com\/web\/#organization\"},\"image\":{\"@id\":\"https:\/\/pagina10.com\/web\/procuraduria-abrio-investigacion-disciplinaria-a-gerente-y-coordinadora-de-seguridad-y-salud-en-el-trabajo-de-la-ese-hospital-clarita-santos-de-sandona-narino\/#primaryimage\"},\"thumbnailUrl\":\"https:\/\/pagina10.com\/web\/wp-content\/uploads\/2021\/04\/Captura-de-pantalla-235.png\",\"articleSection\":[\"Regiones\"],\"inLanguage\":\"es\",\"potentialAction\":[{\"@type\":\"CommentAction\",\"name\":\"Comment\",\"target\":[\"https:\/\/pagina10.com\/web\/procuraduria-abrio-investigacion-disciplinaria-a-gerente-y-coordinadora-de-seguridad-y-salud-en-el-trabajo-de-la-ese-hospital-clarita-santos-de-sandona-narino\/#respond\"]}]},{\"@type\":\"WebPage\",\"@id\":\"https:\/\/pagina10.com\/web\/procuraduria-abrio-investigacion-disciplinaria-a-gerente-y-coordinadora-de-seguridad-y-salud-en-el-trabajo-de-la-ese-hospital-clarita-santos-de-sandona-narino\/\",\"url\":\"https:\/\/pagina10.com\/web\/procuraduria-abrio-investigacion-disciplinaria-a-gerente-y-coordinadora-de-seguridad-y-salud-en-el-trabajo-de-la-ese-hospital-clarita-santos-de-sandona-narino\/\",\"name\":\"Procuradur\u00eda abri\u00f3 investigaci\u00f3n disciplinaria a gerente y coordinadora de Seguridad y Salud en el Trabajo de la ESE Hospital Clarita Santos de Sandon\u00e1, Nari\u00f1o. | P\u00e1gina10\",\"isPartOf\":{\"@id\":\"https:\/\/pagina10.com\/web\/#website\"},\"primaryImageOfPage\":{\"@id\":\"https:\/\/pagina10.com\/web\/procuraduria-abrio-investigacion-disciplinaria-a-gerente-y-coordinadora-de-seguridad-y-salud-en-el-trabajo-de-la-ese-hospital-clarita-santos-de-sandona-narino\/#primaryimage\"},\"image\":{\"@id\":\"https:\/\/pagina10.com\/web\/procuraduria-abrio-investigacion-disciplinaria-a-gerente-y-coordinadora-de-seguridad-y-salud-en-el-trabajo-de-la-ese-hospital-clarita-santos-de-sandona-narino\/#primaryimage\"},\"thumbnailUrl\":\"https:\/\/pagina10.com\/web\/wp-content\/uploads\/2021\/04\/Captura-de-pantalla-235.png\",\"datePublished\":\"2021-04-24T22:25:36+00:00\",\"dateModified\":\"2021-04-24T22:29:38+00:00\",\"breadcrumb\":{\"@id\":\"https:\/\/pagina10.com\/web\/procuraduria-abrio-investigacion-disciplinaria-a-gerente-y-coordinadora-de-seguridad-y-salud-en-el-trabajo-de-la-ese-hospital-clarita-santos-de-sandona-narino\/#breadcrumb\"},\"inLanguage\":\"es\",\"potentialAction\":[{\"@type\":\"ReadAction\",\"target\":[\"https:\/\/pagina10.com\/web\/procuraduria-abrio-investigacion-disciplinaria-a-gerente-y-coordinadora-de-seguridad-y-salud-en-el-trabajo-de-la-ese-hospital-clarita-santos-de-sandona-narino\/\"]}]},{\"@type\":\"ImageObject\",\"inLanguage\":\"es\",\"@id\":\"https:\/\/pagina10.com\/web\/procuraduria-abrio-investigacion-disciplinaria-a-gerente-y-coordinadora-de-seguridad-y-salud-en-el-trabajo-de-la-ese-hospital-clarita-santos-de-sandona-narino\/#primaryimage\",\"url\":\"https:\/\/pagina10.com\/web\/wp-content\/uploads\/2021\/04\/Captura-de-pantalla-235.png\",\"contentUrl\":\"https:\/\/pagina10.com\/web\/wp-content\/uploads\/2021\/04\/Captura-de-pantalla-235.png\",\"width\":795,\"height\":440},{\"@type\":\"BreadcrumbList\",\"@id\":\"https:\/\/pagina10.com\/web\/procuraduria-abrio-investigacion-disciplinaria-a-gerente-y-coordinadora-de-seguridad-y-salud-en-el-trabajo-de-la-ese-hospital-clarita-santos-de-sandona-narino\/#breadcrumb\",\"itemListElement\":[{\"@type\":\"ListItem\",\"position\":1,\"name\":\"Portada\",\"item\":\"https:\/\/pagina10.com\/web\/\"},{\"@type\":\"ListItem\",\"position\":2,\"name\":\"Procuradur\u00eda abri\u00f3 investigaci\u00f3n disciplinaria a gerente y coordinadora de Seguridad y Salud en el Trabajo de la ESE Hospital Clarita Santos de Sandon\u00e1, Nari\u00f1o.\"}]},{\"@type\":\"WebSite\",\"@id\":\"https:\/\/pagina10.com\/web\/#website\",\"url\":\"https:\/\/pagina10.com\/web\/\",\"name\":\"P\u00e1gina10\",\"description\":\"Peri\u00f3dico Regional\",\"publisher\":{\"@id\":\"https:\/\/pagina10.com\/web\/#organization\"},\"alternateName\":\"P\u00e1gina10 Peri\u00f3dico Regional\",\"potentialAction\":[{\"@type\":\"SearchAction\",\"target\":{\"@type\":\"EntryPoint\",\"urlTemplate\":\"https:\/\/pagina10.com\/web\/?s={search_term_string}\"},\"query-input\":{\"@type\":\"PropertyValueSpecification\",\"valueRequired\":true,\"valueName\":\"search_term_string\"}}],\"inLanguage\":\"es\"},{\"@type\":\"Organization\",\"@id\":\"https:\/\/pagina10.com\/web\/#organization\",\"name\":\"P\u00e1gina10\",\"alternateName\":\"P\u00e1gina10 Peri\u00f3dico Regional\",\"url\":\"https:\/\/pagina10.com\/web\/\",\"logo\":{\"@type\":\"ImageObject\",\"inLanguage\":\"es\",\"@id\":\"https:\/\/pagina10.com\/web\/#\/schema\/logo\/image\/\",\"url\":\"https:\/\/pagina10.com\/web\/wp-content\/uploads\/2024\/01\/40-pagina-10-periodico-regional-pasto.jpg\",\"contentUrl\":\"https:\/\/pagina10.com\/web\/wp-content\/uploads\/2024\/01\/40-pagina-10-periodico-regional-pasto.jpg\",\"width\":1280,\"height\":720,\"caption\":\"P\u00e1gina10\"},\"image\":{\"@id\":\"https:\/\/pagina10.com\/web\/#\/schema\/logo\/image\/\"},\"sameAs\":[\"https:\/\/www.facebook.com\/pag10com\",\"https:\/\/x.com\/Pag10com\",\"https:\/\/www.instagram.com\/pagina10col\/\",\"https:\/\/youtube.com\/channel\/pag10\",\"https:\/\/www.tiktok.com\/@p10col\"]},{\"@type\":\"Person\",\"@id\":\"https:\/\/pagina10.com\/web\/#\/schema\/person\/2efc4a090d25b667d3bc796798a3a81b\",\"name\":\"P\u00e1gina 10\",\"description\":\"P\u00e1gina 10 es un peri\u00f3dico regional que nace en Colombia, en el departamento de Nari\u00f1o, con un enfoque global, fundamentado en cuatro pilares esenciales: la libertad, el pluralismo, la inclusi\u00f3n y la independencia. P\u00e1gina 10 hace referencia a Nari\u00f1o como el d\u00e9cimo departamento creado en Colombia, despu\u00e9s de un proceso pol\u00edtico liderado por actores y actrices regionales con el fin de obtener la independencia y autonom\u00eda de nuestros territorios. Con la creaci\u00f3n de P\u00e1gina 10 se pretende abrir un escenario para el dialogo, la reflexi\u00f3n y el debate que se extienda a otras geograf\u00edas de Am\u00e9rica Latina y del planeta, en una apuesta por transformar colectivamente los desaf\u00edos de un mundo contempor\u00e1neo, m\u00e1s all\u00e1 de las fronteras impuestas.\",\"url\":\"https:\/\/pagina10.com\/web\/author\/pdiezadmin\/\"}]}<\/script>\n<!-- \/ Yoast SEO plugin. -->","yoast_head_json":{"title":"Procuradur\u00eda abri\u00f3 investigaci\u00f3n disciplinaria a gerente y coordinadora de Seguridad y Salud en el Trabajo de la ESE Hospital Clarita Santos de Sandon\u00e1, Nari\u00f1o. | P\u00e1gina10","robots":{"index":"index","follow":"follow","max-snippet":"max-snippet:-1","max-image-preview":"max-image-preview:large","max-video-preview":"max-video-preview:-1"},"canonical":"https:\/\/pagina10.com\/web\/procuraduria-abrio-investigacion-disciplinaria-a-gerente-y-coordinadora-de-seguridad-y-salud-en-el-trabajo-de-la-ese-hospital-clarita-santos-de-sandona-narino\/","og_locale":"es_ES","og_type":"article","og_title":"Procuradur\u00eda abri\u00f3 investigaci\u00f3n disciplinaria a gerente y coordinadora de Seguridad y Salud en el Trabajo de la ESE Hospital Clarita Santos de Sandon\u00e1, Nari\u00f1o. | P\u00e1gina10","og_description":"La Procuradur\u00eda General de la Naci\u00f3n abri\u00f3 investigaci\u00f3n disciplinaria a la gerente de la ESE Hospital Clarita Santos, Rutbey Marisol Zambrano Benavides, y a la coordinadora de Seguridad y Salud en el Trabajo de la entidad, Mar\u00eda de los \u00c1ngeles Latorre Chamorro, por presunto incumplimiento de deberes. La Provincial de Pasto busca establecer si las [&hellip;]","og_url":"https:\/\/pagina10.com\/web\/procuraduria-abrio-investigacion-disciplinaria-a-gerente-y-coordinadora-de-seguridad-y-salud-en-el-trabajo-de-la-ese-hospital-clarita-santos-de-sandona-narino\/","og_site_name":"P\u00e1gina10","article_publisher":"https:\/\/www.facebook.com\/pag10com","article_published_time":"2021-04-24T22:25:36+00:00","article_modified_time":"2021-04-24T22:29:38+00:00","og_image":[{"width":795,"height":440,"url":"https:\/\/pagina10.com\/web\/wp-content\/uploads\/2021\/04\/Captura-de-pantalla-235.png","type":"image\/png"}],"author":"P\u00e1gina 10","twitter_card":"summary_large_image","twitter_creator":"@Pag10com","twitter_site":"@Pag10com","twitter_misc":{"Escrito por":"P\u00e1gina 10","Tiempo de lectura":"1 minuto"},"schema":{"@context":"https:\/\/schema.org","@graph":[{"@type":"Article","@id":"https:\/\/pagina10.com\/web\/procuraduria-abrio-investigacion-disciplinaria-a-gerente-y-coordinadora-de-seguridad-y-salud-en-el-trabajo-de-la-ese-hospital-clarita-santos-de-sandona-narino\/#article","isPartOf":{"@id":"https:\/\/pagina10.com\/web\/procuraduria-abrio-investigacion-disciplinaria-a-gerente-y-coordinadora-de-seguridad-y-salud-en-el-trabajo-de-la-ese-hospital-clarita-santos-de-sandona-narino\/"},"author":{"name":"P\u00e1gina 10","@id":"https:\/\/pagina10.com\/web\/#\/schema\/person\/2efc4a090d25b667d3bc796798a3a81b"},"headline":"Procuradur\u00eda abri\u00f3 investigaci\u00f3n disciplinaria a gerente y coordinadora de Seguridad y Salud en el Trabajo de la ESE Hospital Clarita Santos de Sandon\u00e1, Nari\u00f1o.","datePublished":"2021-04-24T22:25:36+00:00","dateModified":"2021-04-24T22:29:38+00:00","mainEntityOfPage":{"@id":"https:\/\/pagina10.com\/web\/procuraduria-abrio-investigacion-disciplinaria-a-gerente-y-coordinadora-de-seguridad-y-salud-en-el-trabajo-de-la-ese-hospital-clarita-santos-de-sandona-narino\/"},"wordCount":245,"commentCount":0,"publisher":{"@id":"https:\/\/pagina10.com\/web\/#organization"},"image":{"@id":"https:\/\/pagina10.com\/web\/procuraduria-abrio-investigacion-disciplinaria-a-gerente-y-coordinadora-de-seguridad-y-salud-en-el-trabajo-de-la-ese-hospital-clarita-santos-de-sandona-narino\/#primaryimage"},"thumbnailUrl":"https:\/\/pagina10.com\/web\/wp-content\/uploads\/2021\/04\/Captura-de-pantalla-235.png","articleSection":["Regiones"],"inLanguage":"es","potentialAction":[{"@type":"CommentAction","name":"Comment","target":["https:\/\/pagina10.com\/web\/procuraduria-abrio-investigacion-disciplinaria-a-gerente-y-coordinadora-de-seguridad-y-salud-en-el-trabajo-de-la-ese-hospital-clarita-santos-de-sandona-narino\/#respond"]}]},{"@type":"WebPage","@id":"https:\/\/pagina10.com\/web\/procuraduria-abrio-investigacion-disciplinaria-a-gerente-y-coordinadora-de-seguridad-y-salud-en-el-trabajo-de-la-ese-hospital-clarita-santos-de-sandona-narino\/","url":"https:\/\/pagina10.com\/web\/procuraduria-abrio-investigacion-disciplinaria-a-gerente-y-coordinadora-de-seguridad-y-salud-en-el-trabajo-de-la-ese-hospital-clarita-santos-de-sandona-narino\/","name":"Procuradur\u00eda abri\u00f3 investigaci\u00f3n disciplinaria a gerente y coordinadora de Seguridad y Salud en el Trabajo de la ESE Hospital Clarita Santos de Sandon\u00e1, Nari\u00f1o. | P\u00e1gina10","isPartOf":{"@id":"https:\/\/pagina10.com\/web\/#website"},"primaryImageOfPage":{"@id":"https:\/\/pagina10.com\/web\/procuraduria-abrio-investigacion-disciplinaria-a-gerente-y-coordinadora-de-seguridad-y-salud-en-el-trabajo-de-la-ese-hospital-clarita-santos-de-sandona-narino\/#primaryimage"},"image":{"@id":"https:\/\/pagina10.com\/web\/procuraduria-abrio-investigacion-disciplinaria-a-gerente-y-coordinadora-de-seguridad-y-salud-en-el-trabajo-de-la-ese-hospital-clarita-santos-de-sandona-narino\/#primaryimage"},"thumbnailUrl":"https:\/\/pagina10.com\/web\/wp-content\/uploads\/2021\/04\/Captura-de-pantalla-235.png","datePublished":"2021-04-24T22:25:36+00:00","dateModified":"2021-04-24T22:29:38+00:00","breadcrumb":{"@id":"https:\/\/pagina10.com\/web\/procuraduria-abrio-investigacion-disciplinaria-a-gerente-y-coordinadora-de-seguridad-y-salud-en-el-trabajo-de-la-ese-hospital-clarita-santos-de-sandona-narino\/#breadcrumb"},"inLanguage":"es","potentialAction":[{"@type":"ReadAction","target":["https:\/\/pagina10.com\/web\/procuraduria-abrio-investigacion-disciplinaria-a-gerente-y-coordinadora-de-seguridad-y-salud-en-el-trabajo-de-la-ese-hospital-clarita-santos-de-sandona-narino\/"]}]},{"@type":"ImageObject","inLanguage":"es","@id":"https:\/\/pagina10.com\/web\/procuraduria-abrio-investigacion-disciplinaria-a-gerente-y-coordinadora-de-seguridad-y-salud-en-el-trabajo-de-la-ese-hospital-clarita-santos-de-sandona-narino\/#primaryimage","url":"https:\/\/pagina10.com\/web\/wp-content\/uploads\/2021\/04\/Captura-de-pantalla-235.png","contentUrl":"https:\/\/pagina10.com\/web\/wp-content\/uploads\/2021\/04\/Captura-de-pantalla-235.png","width":795,"height":440},{"@type":"BreadcrumbList","@id":"https:\/\/pagina10.com\/web\/procuraduria-abrio-investigacion-disciplinaria-a-gerente-y-coordinadora-de-seguridad-y-salud-en-el-trabajo-de-la-ese-hospital-clarita-santos-de-sandona-narino\/#breadcrumb","itemListElement":[{"@type":"ListItem","position":1,"name":"Portada","item":"https:\/\/pagina10.com\/web\/"},{"@type":"ListItem","position":2,"name":"Procuradur\u00eda abri\u00f3 investigaci\u00f3n disciplinaria a gerente y coordinadora de Seguridad y Salud en el Trabajo de la ESE Hospital Clarita Santos de Sandon\u00e1, Nari\u00f1o."}]},{"@type":"WebSite","@id":"https:\/\/pagina10.com\/web\/#website","url":"https:\/\/pagina10.com\/web\/","name":"P\u00e1gina10","description":"Peri\u00f3dico Regional","publisher":{"@id":"https:\/\/pagina10.com\/web\/#organization"},"alternateName":"P\u00e1gina10 Peri\u00f3dico Regional","potentialAction":[{"@type":"SearchAction","target":{"@type":"EntryPoint","urlTemplate":"https:\/\/pagina10.com\/web\/?s={search_term_string}"},"query-input":{"@type":"PropertyValueSpecification","valueRequired":true,"valueName":"search_term_string"}}],"inLanguage":"es"},{"@type":"Organization","@id":"https:\/\/pagina10.com\/web\/#organization","name":"P\u00e1gina10","alternateName":"P\u00e1gina10 Peri\u00f3dico Regional","url":"https:\/\/pagina10.com\/web\/","logo":{"@type":"ImageObject","inLanguage":"es","@id":"https:\/\/pagina10.com\/web\/#\/schema\/logo\/image\/","url":"https:\/\/pagina10.com\/web\/wp-content\/uploads\/2024\/01\/40-pagina-10-periodico-regional-pasto.jpg","contentUrl":"https:\/\/pagina10.com\/web\/wp-content\/uploads\/2024\/01\/40-pagina-10-periodico-regional-pasto.jpg","width":1280,"height":720,"caption":"P\u00e1gina10"},"image":{"@id":"https:\/\/pagina10.com\/web\/#\/schema\/logo\/image\/"},"sameAs":["https:\/\/www.facebook.com\/pag10com","https:\/\/x.com\/Pag10com","https:\/\/www.instagram.com\/pagina10col\/","https:\/\/youtube.com\/channel\/pag10","https:\/\/www.tiktok.com\/@p10col"]},{"@type":"Person","@id":"https:\/\/pagina10.com\/web\/#\/schema\/person\/2efc4a090d25b667d3bc796798a3a81b","name":"P\u00e1gina 10","description":"P\u00e1gina 10 es un peri\u00f3dico regional que nace en Colombia, en el departamento de Nari\u00f1o, con un enfoque global, fundamentado en cuatro pilares esenciales: la libertad, el pluralismo, la inclusi\u00f3n y la independencia. P\u00e1gina 10 hace referencia a Nari\u00f1o como el d\u00e9cimo departamento creado en Colombia, despu\u00e9s de un proceso pol\u00edtico liderado por actores y actrices regionales con el fin de obtener la independencia y autonom\u00eda de nuestros territorios. Con la creaci\u00f3n de P\u00e1gina 10 se pretende abrir un escenario para el dialogo, la reflexi\u00f3n y el debate que se extienda a otras geograf\u00edas de Am\u00e9rica Latina y del planeta, en una apuesta por transformar colectivamente los desaf\u00edos de un mundo contempor\u00e1neo, m\u00e1s all\u00e1 de las fronteras impuestas.","url":"https:\/\/pagina10.com\/web\/author\/pdiezadmin\/"}]}},"_links":{"self":[{"href":"https:\/\/pagina10.com\/web\/wp-json\/wp\/v2\/posts\/52011","targetHints":{"allow":["GET"]}}],"collection":[{"href":"https:\/\/pagina10.com\/web\/wp-json\/wp\/v2\/posts"}],"about":[{"href":"https:\/\/pagina10.com\/web\/wp-json\/wp\/v2\/types\/post"}],"author":[{"embeddable":true,"href":"https:\/\/pagina10.com\/web\/wp-json\/wp\/v2\/users\/1"}],"replies":[{"embeddable":true,"href":"https:\/\/pagina10.com\/web\/wp-json\/wp\/v2\/comments?post=52011"}],"version-history":[{"count":2,"href":"https:\/\/pagina10.com\/web\/wp-json\/wp\/v2\/posts\/52011\/revisions"}],"predecessor-version":[{"id":52015,"href":"https:\/\/pagina10.com\/web\/wp-json\/wp\/v2\/posts\/52011\/revisions\/52015"}],"wp:featuredmedia":[{"embeddable":true,"href":"https:\/\/pagina10.com\/web\/wp-json\/wp\/v2\/media\/52012"}],"wp:attachment":[{"href":"https:\/\/pagina10.com\/web\/wp-json\/wp\/v2\/media?parent=52011"}],"wp:term":[{"taxonomy":"category","embeddable":true,"href":"https:\/\/pagina10.com\/web\/wp-json\/wp\/v2\/categories?post=52011"},{"taxonomy":"post_tag","embeddable":true,"href":"https:\/\/pagina10.com\/web\/wp-json\/wp\/v2\/tags?post=52011"}],"curies":[{"name":"wp","href":"https:\/\/api.w.org\/{rel}","templated":true}]}}