{"id":52017,"date":"2021-04-25T08:18:53","date_gmt":"2021-04-25T13:18:53","guid":{"rendered":"https:\/\/pagina10.com\/web\/?p=52017"},"modified":"2021-04-25T08:18:53","modified_gmt":"2021-04-25T13:18:53","slug":"por-irregularidades-contractuales-procuraduria-formulo-pliego-de-cargos-a-exgerente-del-hospital-san-andres-de-tumaco-e-s-e","status":"publish","type":"post","link":"https:\/\/pagina10.com\/web\/por-irregularidades-contractuales-procuraduria-formulo-pliego-de-cargos-a-exgerente-del-hospital-san-andres-de-tumaco-e-s-e\/","title":{"rendered":"Por irregularidades contractuales, Procuradur\u00eda formul\u00f3 pliego de cargos a exgerente del Hospital San Andr\u00e9s de Tumaco E.S.E."},"content":{"rendered":"<p style=\"text-align: justify;\">Por presuntas irregularidades contractuales, la Procuradur\u00eda General de la Naci\u00f3n formul\u00f3 pliego de cargos al exgerente del Hospital San Andr\u00e9s de Tumaco E.S.E., Fernando Antonio Correa Prado.<\/p>\n<p style=\"text-align: justify;\">La Regional de Nari\u00f1o le imput\u00f3 dos cargos al exfuncionario.<\/p>\n<p style=\"text-align: justify;\">En el primer cargo, le cuestion\u00f3 el que al parecer celebrara seis contratos en el 2014, con el mismo objeto, \u201cprestar el servicio de aseo, limpieza, desafecci\u00f3n, recolecci\u00f3n y almacenamiento de residuos hospitalarios\u201d, acci\u00f3n con la que aparentemente fraccion\u00f3 el prop\u00f3sito de los negocios jur\u00eddicos, y posiblemente eludi\u00f3 el procedimiento de selecci\u00f3n objetiva, establecido para elegir un contratista dentro de la modalidad de menor cuant\u00eda.<\/p>\n<p style=\"text-align: justify;\">El segundo cargo, el ente de control le reproch\u00f3 a Correa Pardo adelantar acciones contractuales, en el a\u00f1o 2014, sin tener, presuntamente, los estudios previos y certificados de disponibilidad presupuestal, exigidos por el manual de contrataci\u00f3n vigente, Acuerdo 04 del 28 de septiembre de 2012.<\/p>\n<p style=\"text-align: justify;\">Para el Ministerio P\u00fablico, con su actuar, el exgerente pudo desconocer los principios de igualdad, econom\u00eda y eficiencia que rigen la contrataci\u00f3n estatal y la funci\u00f3n administrativa.<\/p>\n<p style=\"text-align: justify;\">Las presuntas faltas fueron calificadas provisionalmente como graves a t\u00edtulo de culpa.<\/p>\n","protected":false},"excerpt":{"rendered":"<p>Por presuntas irregularidades contractuales, la Procuradur\u00eda General de la Naci\u00f3n formul\u00f3 pliego de cargos al exgerente del Hospital San Andr\u00e9s de Tumaco E.S.E., Fernando Antonio Correa Prado. La Regional de Nari\u00f1o le imput\u00f3 dos cargos al exfuncionario. En el primer cargo, le cuestion\u00f3 el que al parecer celebrara seis contratos en el 2014, con el [&hellip;]<\/p>\n","protected":false},"author":1,"featured_media":52018,"comment_status":"open","ping_status":"open","sticky":false,"template":"","format":"standard","meta":{"footnotes":""},"categories":[53],"tags":[],"class_list":["post-52017","post","type-post","status-publish","format-standard","has-post-thumbnail","hentry","category-regiones"],"yoast_head":"<!-- This site is optimized with the Yoast SEO plugin v27.1.1 - https:\/\/yoast.com\/product\/yoast-seo-wordpress\/ -->\n<title>Por irregularidades contractuales, Procuradur\u00eda formul\u00f3 pliego de cargos a exgerente del Hospital San Andr\u00e9s de Tumaco E.S.E. | P\u00e1gina10<\/title>\n<meta name=\"robots\" content=\"index, follow, max-snippet:-1, max-image-preview:large, max-video-preview:-1\" \/>\n<link rel=\"canonical\" href=\"https:\/\/pagina10.com\/web\/por-irregularidades-contractuales-procuraduria-formulo-pliego-de-cargos-a-exgerente-del-hospital-san-andres-de-tumaco-e-s-e\/\" \/>\n<meta property=\"og:locale\" content=\"es_ES\" \/>\n<meta property=\"og:type\" content=\"article\" \/>\n<meta property=\"og:title\" content=\"Por irregularidades contractuales, Procuradur\u00eda formul\u00f3 pliego de cargos a exgerente del Hospital San Andr\u00e9s de Tumaco E.S.E. | P\u00e1gina10\" \/>\n<meta property=\"og:description\" content=\"Por presuntas irregularidades contractuales, la Procuradur\u00eda General de la Naci\u00f3n formul\u00f3 pliego de cargos al exgerente del Hospital San Andr\u00e9s de Tumaco E.S.E., Fernando Antonio Correa Prado. La Regional de Nari\u00f1o le imput\u00f3 dos cargos al exfuncionario. En el primer cargo, le cuestion\u00f3 el que al parecer celebrara seis contratos en el 2014, con el [&hellip;]\" \/>\n<meta property=\"og:url\" content=\"https:\/\/pagina10.com\/web\/por-irregularidades-contractuales-procuraduria-formulo-pliego-de-cargos-a-exgerente-del-hospital-san-andres-de-tumaco-e-s-e\/\" \/>\n<meta property=\"og:site_name\" content=\"P\u00e1gina10\" \/>\n<meta property=\"article:publisher\" content=\"https:\/\/www.facebook.com\/pag10com\" \/>\n<meta property=\"article:published_time\" content=\"2021-04-25T13:18:53+00:00\" \/>\n<meta property=\"og:image\" content=\"https:\/\/pagina10.com\/web\/wp-content\/uploads\/2021\/04\/Captura-de-pantalla-236.png\" \/>\n\t<meta property=\"og:image:width\" content=\"796\" \/>\n\t<meta property=\"og:image:height\" content=\"457\" \/>\n\t<meta property=\"og:image:type\" content=\"image\/png\" \/>\n<meta name=\"author\" content=\"P\u00e1gina 10\" \/>\n<meta name=\"twitter:card\" content=\"summary_large_image\" \/>\n<meta name=\"twitter:creator\" content=\"@Pag10com\" \/>\n<meta name=\"twitter:site\" content=\"@Pag10com\" \/>\n<meta name=\"twitter:label1\" content=\"Escrito por\" \/>\n\t<meta name=\"twitter:data1\" content=\"P\u00e1gina 10\" \/>\n\t<meta name=\"twitter:label2\" content=\"Tiempo de lectura\" \/>\n\t<meta name=\"twitter:data2\" content=\"1 minuto\" \/>\n<script type=\"application\/ld+json\" class=\"yoast-schema-graph\">{\"@context\":\"https:\/\/schema.org\",\"@graph\":[{\"@type\":\"Article\",\"@id\":\"https:\/\/pagina10.com\/web\/por-irregularidades-contractuales-procuraduria-formulo-pliego-de-cargos-a-exgerente-del-hospital-san-andres-de-tumaco-e-s-e\/#article\",\"isPartOf\":{\"@id\":\"https:\/\/pagina10.com\/web\/por-irregularidades-contractuales-procuraduria-formulo-pliego-de-cargos-a-exgerente-del-hospital-san-andres-de-tumaco-e-s-e\/\"},\"author\":{\"name\":\"P\u00e1gina 10\",\"@id\":\"https:\/\/pagina10.com\/web\/#\/schema\/person\/2efc4a090d25b667d3bc796798a3a81b\"},\"headline\":\"Por irregularidades contractuales, Procuradur\u00eda formul\u00f3 pliego de cargos a exgerente del Hospital San Andr\u00e9s de Tumaco E.S.E.\",\"datePublished\":\"2021-04-25T13:18:53+00:00\",\"mainEntityOfPage\":{\"@id\":\"https:\/\/pagina10.com\/web\/por-irregularidades-contractuales-procuraduria-formulo-pliego-de-cargos-a-exgerente-del-hospital-san-andres-de-tumaco-e-s-e\/\"},\"wordCount\":222,\"commentCount\":0,\"publisher\":{\"@id\":\"https:\/\/pagina10.com\/web\/#organization\"},\"image\":{\"@id\":\"https:\/\/pagina10.com\/web\/por-irregularidades-contractuales-procuraduria-formulo-pliego-de-cargos-a-exgerente-del-hospital-san-andres-de-tumaco-e-s-e\/#primaryimage\"},\"thumbnailUrl\":\"https:\/\/pagina10.com\/web\/wp-content\/uploads\/2021\/04\/Captura-de-pantalla-236.png\",\"articleSection\":[\"Regiones\"],\"inLanguage\":\"es\",\"potentialAction\":[{\"@type\":\"CommentAction\",\"name\":\"Comment\",\"target\":[\"https:\/\/pagina10.com\/web\/por-irregularidades-contractuales-procuraduria-formulo-pliego-de-cargos-a-exgerente-del-hospital-san-andres-de-tumaco-e-s-e\/#respond\"]}]},{\"@type\":\"WebPage\",\"@id\":\"https:\/\/pagina10.com\/web\/por-irregularidades-contractuales-procuraduria-formulo-pliego-de-cargos-a-exgerente-del-hospital-san-andres-de-tumaco-e-s-e\/\",\"url\":\"https:\/\/pagina10.com\/web\/por-irregularidades-contractuales-procuraduria-formulo-pliego-de-cargos-a-exgerente-del-hospital-san-andres-de-tumaco-e-s-e\/\",\"name\":\"Por irregularidades contractuales, Procuradur\u00eda formul\u00f3 pliego de cargos a exgerente del Hospital San Andr\u00e9s de Tumaco E.S.E. | P\u00e1gina10\",\"isPartOf\":{\"@id\":\"https:\/\/pagina10.com\/web\/#website\"},\"primaryImageOfPage\":{\"@id\":\"https:\/\/pagina10.com\/web\/por-irregularidades-contractuales-procuraduria-formulo-pliego-de-cargos-a-exgerente-del-hospital-san-andres-de-tumaco-e-s-e\/#primaryimage\"},\"image\":{\"@id\":\"https:\/\/pagina10.com\/web\/por-irregularidades-contractuales-procuraduria-formulo-pliego-de-cargos-a-exgerente-del-hospital-san-andres-de-tumaco-e-s-e\/#primaryimage\"},\"thumbnailUrl\":\"https:\/\/pagina10.com\/web\/wp-content\/uploads\/2021\/04\/Captura-de-pantalla-236.png\",\"datePublished\":\"2021-04-25T13:18:53+00:00\",\"breadcrumb\":{\"@id\":\"https:\/\/pagina10.com\/web\/por-irregularidades-contractuales-procuraduria-formulo-pliego-de-cargos-a-exgerente-del-hospital-san-andres-de-tumaco-e-s-e\/#breadcrumb\"},\"inLanguage\":\"es\",\"potentialAction\":[{\"@type\":\"ReadAction\",\"target\":[\"https:\/\/pagina10.com\/web\/por-irregularidades-contractuales-procuraduria-formulo-pliego-de-cargos-a-exgerente-del-hospital-san-andres-de-tumaco-e-s-e\/\"]}]},{\"@type\":\"ImageObject\",\"inLanguage\":\"es\",\"@id\":\"https:\/\/pagina10.com\/web\/por-irregularidades-contractuales-procuraduria-formulo-pliego-de-cargos-a-exgerente-del-hospital-san-andres-de-tumaco-e-s-e\/#primaryimage\",\"url\":\"https:\/\/pagina10.com\/web\/wp-content\/uploads\/2021\/04\/Captura-de-pantalla-236.png\",\"contentUrl\":\"https:\/\/pagina10.com\/web\/wp-content\/uploads\/2021\/04\/Captura-de-pantalla-236.png\",\"width\":796,\"height\":457},{\"@type\":\"BreadcrumbList\",\"@id\":\"https:\/\/pagina10.com\/web\/por-irregularidades-contractuales-procuraduria-formulo-pliego-de-cargos-a-exgerente-del-hospital-san-andres-de-tumaco-e-s-e\/#breadcrumb\",\"itemListElement\":[{\"@type\":\"ListItem\",\"position\":1,\"name\":\"Portada\",\"item\":\"https:\/\/pagina10.com\/web\/\"},{\"@type\":\"ListItem\",\"position\":2,\"name\":\"Por irregularidades contractuales, Procuradur\u00eda formul\u00f3 pliego de cargos a exgerente del Hospital San Andr\u00e9s de Tumaco E.S.E.\"}]},{\"@type\":\"WebSite\",\"@id\":\"https:\/\/pagina10.com\/web\/#website\",\"url\":\"https:\/\/pagina10.com\/web\/\",\"name\":\"P\u00e1gina10\",\"description\":\"Peri\u00f3dico Regional\",\"publisher\":{\"@id\":\"https:\/\/pagina10.com\/web\/#organization\"},\"alternateName\":\"P\u00e1gina10 Peri\u00f3dico Regional\",\"potentialAction\":[{\"@type\":\"SearchAction\",\"target\":{\"@type\":\"EntryPoint\",\"urlTemplate\":\"https:\/\/pagina10.com\/web\/?s={search_term_string}\"},\"query-input\":{\"@type\":\"PropertyValueSpecification\",\"valueRequired\":true,\"valueName\":\"search_term_string\"}}],\"inLanguage\":\"es\"},{\"@type\":\"Organization\",\"@id\":\"https:\/\/pagina10.com\/web\/#organization\",\"name\":\"P\u00e1gina10\",\"alternateName\":\"P\u00e1gina10 Peri\u00f3dico Regional\",\"url\":\"https:\/\/pagina10.com\/web\/\",\"logo\":{\"@type\":\"ImageObject\",\"inLanguage\":\"es\",\"@id\":\"https:\/\/pagina10.com\/web\/#\/schema\/logo\/image\/\",\"url\":\"https:\/\/pagina10.com\/web\/wp-content\/uploads\/2024\/01\/40-pagina-10-periodico-regional-pasto.jpg\",\"contentUrl\":\"https:\/\/pagina10.com\/web\/wp-content\/uploads\/2024\/01\/40-pagina-10-periodico-regional-pasto.jpg\",\"width\":1280,\"height\":720,\"caption\":\"P\u00e1gina10\"},\"image\":{\"@id\":\"https:\/\/pagina10.com\/web\/#\/schema\/logo\/image\/\"},\"sameAs\":[\"https:\/\/www.facebook.com\/pag10com\",\"https:\/\/x.com\/Pag10com\",\"https:\/\/www.instagram.com\/pagina10col\/\",\"https:\/\/youtube.com\/channel\/pag10\",\"https:\/\/www.tiktok.com\/@p10col\"]},{\"@type\":\"Person\",\"@id\":\"https:\/\/pagina10.com\/web\/#\/schema\/person\/2efc4a090d25b667d3bc796798a3a81b\",\"name\":\"P\u00e1gina 10\",\"description\":\"P\u00e1gina 10 es un peri\u00f3dico regional que nace en Colombia, en el departamento de Nari\u00f1o, con un enfoque global, fundamentado en cuatro pilares esenciales: la libertad, el pluralismo, la inclusi\u00f3n y la independencia. P\u00e1gina 10 hace referencia a Nari\u00f1o como el d\u00e9cimo departamento creado en Colombia, despu\u00e9s de un proceso pol\u00edtico liderado por actores y actrices regionales con el fin de obtener la independencia y autonom\u00eda de nuestros territorios. Con la creaci\u00f3n de P\u00e1gina 10 se pretende abrir un escenario para el dialogo, la reflexi\u00f3n y el debate que se extienda a otras geograf\u00edas de Am\u00e9rica Latina y del planeta, en una apuesta por transformar colectivamente los desaf\u00edos de un mundo contempor\u00e1neo, m\u00e1s all\u00e1 de las fronteras impuestas.\",\"url\":\"https:\/\/pagina10.com\/web\/author\/pdiezadmin\/\"}]}<\/script>\n<!-- \/ Yoast SEO plugin. -->","yoast_head_json":{"title":"Por irregularidades contractuales, Procuradur\u00eda formul\u00f3 pliego de cargos a exgerente del Hospital San Andr\u00e9s de Tumaco E.S.E. | P\u00e1gina10","robots":{"index":"index","follow":"follow","max-snippet":"max-snippet:-1","max-image-preview":"max-image-preview:large","max-video-preview":"max-video-preview:-1"},"canonical":"https:\/\/pagina10.com\/web\/por-irregularidades-contractuales-procuraduria-formulo-pliego-de-cargos-a-exgerente-del-hospital-san-andres-de-tumaco-e-s-e\/","og_locale":"es_ES","og_type":"article","og_title":"Por irregularidades contractuales, Procuradur\u00eda formul\u00f3 pliego de cargos a exgerente del Hospital San Andr\u00e9s de Tumaco E.S.E. | P\u00e1gina10","og_description":"Por presuntas irregularidades contractuales, la Procuradur\u00eda General de la Naci\u00f3n formul\u00f3 pliego de cargos al exgerente del Hospital San Andr\u00e9s de Tumaco E.S.E., Fernando Antonio Correa Prado. La Regional de Nari\u00f1o le imput\u00f3 dos cargos al exfuncionario. En el primer cargo, le cuestion\u00f3 el que al parecer celebrara seis contratos en el 2014, con el [&hellip;]","og_url":"https:\/\/pagina10.com\/web\/por-irregularidades-contractuales-procuraduria-formulo-pliego-de-cargos-a-exgerente-del-hospital-san-andres-de-tumaco-e-s-e\/","og_site_name":"P\u00e1gina10","article_publisher":"https:\/\/www.facebook.com\/pag10com","article_published_time":"2021-04-25T13:18:53+00:00","og_image":[{"width":796,"height":457,"url":"https:\/\/pagina10.com\/web\/wp-content\/uploads\/2021\/04\/Captura-de-pantalla-236.png","type":"image\/png"}],"author":"P\u00e1gina 10","twitter_card":"summary_large_image","twitter_creator":"@Pag10com","twitter_site":"@Pag10com","twitter_misc":{"Escrito por":"P\u00e1gina 10","Tiempo de lectura":"1 minuto"},"schema":{"@context":"https:\/\/schema.org","@graph":[{"@type":"Article","@id":"https:\/\/pagina10.com\/web\/por-irregularidades-contractuales-procuraduria-formulo-pliego-de-cargos-a-exgerente-del-hospital-san-andres-de-tumaco-e-s-e\/#article","isPartOf":{"@id":"https:\/\/pagina10.com\/web\/por-irregularidades-contractuales-procuraduria-formulo-pliego-de-cargos-a-exgerente-del-hospital-san-andres-de-tumaco-e-s-e\/"},"author":{"name":"P\u00e1gina 10","@id":"https:\/\/pagina10.com\/web\/#\/schema\/person\/2efc4a090d25b667d3bc796798a3a81b"},"headline":"Por irregularidades contractuales, Procuradur\u00eda formul\u00f3 pliego de cargos a exgerente del Hospital San Andr\u00e9s de Tumaco E.S.E.","datePublished":"2021-04-25T13:18:53+00:00","mainEntityOfPage":{"@id":"https:\/\/pagina10.com\/web\/por-irregularidades-contractuales-procuraduria-formulo-pliego-de-cargos-a-exgerente-del-hospital-san-andres-de-tumaco-e-s-e\/"},"wordCount":222,"commentCount":0,"publisher":{"@id":"https:\/\/pagina10.com\/web\/#organization"},"image":{"@id":"https:\/\/pagina10.com\/web\/por-irregularidades-contractuales-procuraduria-formulo-pliego-de-cargos-a-exgerente-del-hospital-san-andres-de-tumaco-e-s-e\/#primaryimage"},"thumbnailUrl":"https:\/\/pagina10.com\/web\/wp-content\/uploads\/2021\/04\/Captura-de-pantalla-236.png","articleSection":["Regiones"],"inLanguage":"es","potentialAction":[{"@type":"CommentAction","name":"Comment","target":["https:\/\/pagina10.com\/web\/por-irregularidades-contractuales-procuraduria-formulo-pliego-de-cargos-a-exgerente-del-hospital-san-andres-de-tumaco-e-s-e\/#respond"]}]},{"@type":"WebPage","@id":"https:\/\/pagina10.com\/web\/por-irregularidades-contractuales-procuraduria-formulo-pliego-de-cargos-a-exgerente-del-hospital-san-andres-de-tumaco-e-s-e\/","url":"https:\/\/pagina10.com\/web\/por-irregularidades-contractuales-procuraduria-formulo-pliego-de-cargos-a-exgerente-del-hospital-san-andres-de-tumaco-e-s-e\/","name":"Por irregularidades contractuales, Procuradur\u00eda formul\u00f3 pliego de cargos a exgerente del Hospital San Andr\u00e9s de Tumaco E.S.E. | P\u00e1gina10","isPartOf":{"@id":"https:\/\/pagina10.com\/web\/#website"},"primaryImageOfPage":{"@id":"https:\/\/pagina10.com\/web\/por-irregularidades-contractuales-procuraduria-formulo-pliego-de-cargos-a-exgerente-del-hospital-san-andres-de-tumaco-e-s-e\/#primaryimage"},"image":{"@id":"https:\/\/pagina10.com\/web\/por-irregularidades-contractuales-procuraduria-formulo-pliego-de-cargos-a-exgerente-del-hospital-san-andres-de-tumaco-e-s-e\/#primaryimage"},"thumbnailUrl":"https:\/\/pagina10.com\/web\/wp-content\/uploads\/2021\/04\/Captura-de-pantalla-236.png","datePublished":"2021-04-25T13:18:53+00:00","breadcrumb":{"@id":"https:\/\/pagina10.com\/web\/por-irregularidades-contractuales-procuraduria-formulo-pliego-de-cargos-a-exgerente-del-hospital-san-andres-de-tumaco-e-s-e\/#breadcrumb"},"inLanguage":"es","potentialAction":[{"@type":"ReadAction","target":["https:\/\/pagina10.com\/web\/por-irregularidades-contractuales-procuraduria-formulo-pliego-de-cargos-a-exgerente-del-hospital-san-andres-de-tumaco-e-s-e\/"]}]},{"@type":"ImageObject","inLanguage":"es","@id":"https:\/\/pagina10.com\/web\/por-irregularidades-contractuales-procuraduria-formulo-pliego-de-cargos-a-exgerente-del-hospital-san-andres-de-tumaco-e-s-e\/#primaryimage","url":"https:\/\/pagina10.com\/web\/wp-content\/uploads\/2021\/04\/Captura-de-pantalla-236.png","contentUrl":"https:\/\/pagina10.com\/web\/wp-content\/uploads\/2021\/04\/Captura-de-pantalla-236.png","width":796,"height":457},{"@type":"BreadcrumbList","@id":"https:\/\/pagina10.com\/web\/por-irregularidades-contractuales-procuraduria-formulo-pliego-de-cargos-a-exgerente-del-hospital-san-andres-de-tumaco-e-s-e\/#breadcrumb","itemListElement":[{"@type":"ListItem","position":1,"name":"Portada","item":"https:\/\/pagina10.com\/web\/"},{"@type":"ListItem","position":2,"name":"Por irregularidades contractuales, Procuradur\u00eda formul\u00f3 pliego de cargos a exgerente del Hospital San Andr\u00e9s de Tumaco E.S.E."}]},{"@type":"WebSite","@id":"https:\/\/pagina10.com\/web\/#website","url":"https:\/\/pagina10.com\/web\/","name":"P\u00e1gina10","description":"Peri\u00f3dico Regional","publisher":{"@id":"https:\/\/pagina10.com\/web\/#organization"},"alternateName":"P\u00e1gina10 Peri\u00f3dico Regional","potentialAction":[{"@type":"SearchAction","target":{"@type":"EntryPoint","urlTemplate":"https:\/\/pagina10.com\/web\/?s={search_term_string}"},"query-input":{"@type":"PropertyValueSpecification","valueRequired":true,"valueName":"search_term_string"}}],"inLanguage":"es"},{"@type":"Organization","@id":"https:\/\/pagina10.com\/web\/#organization","name":"P\u00e1gina10","alternateName":"P\u00e1gina10 Peri\u00f3dico Regional","url":"https:\/\/pagina10.com\/web\/","logo":{"@type":"ImageObject","inLanguage":"es","@id":"https:\/\/pagina10.com\/web\/#\/schema\/logo\/image\/","url":"https:\/\/pagina10.com\/web\/wp-content\/uploads\/2024\/01\/40-pagina-10-periodico-regional-pasto.jpg","contentUrl":"https:\/\/pagina10.com\/web\/wp-content\/uploads\/2024\/01\/40-pagina-10-periodico-regional-pasto.jpg","width":1280,"height":720,"caption":"P\u00e1gina10"},"image":{"@id":"https:\/\/pagina10.com\/web\/#\/schema\/logo\/image\/"},"sameAs":["https:\/\/www.facebook.com\/pag10com","https:\/\/x.com\/Pag10com","https:\/\/www.instagram.com\/pagina10col\/","https:\/\/youtube.com\/channel\/pag10","https:\/\/www.tiktok.com\/@p10col"]},{"@type":"Person","@id":"https:\/\/pagina10.com\/web\/#\/schema\/person\/2efc4a090d25b667d3bc796798a3a81b","name":"P\u00e1gina 10","description":"P\u00e1gina 10 es un peri\u00f3dico regional que nace en Colombia, en el departamento de Nari\u00f1o, con un enfoque global, fundamentado en cuatro pilares esenciales: la libertad, el pluralismo, la inclusi\u00f3n y la independencia. P\u00e1gina 10 hace referencia a Nari\u00f1o como el d\u00e9cimo departamento creado en Colombia, despu\u00e9s de un proceso pol\u00edtico liderado por actores y actrices regionales con el fin de obtener la independencia y autonom\u00eda de nuestros territorios. Con la creaci\u00f3n de P\u00e1gina 10 se pretende abrir un escenario para el dialogo, la reflexi\u00f3n y el debate que se extienda a otras geograf\u00edas de Am\u00e9rica Latina y del planeta, en una apuesta por transformar colectivamente los desaf\u00edos de un mundo contempor\u00e1neo, m\u00e1s all\u00e1 de las fronteras impuestas.","url":"https:\/\/pagina10.com\/web\/author\/pdiezadmin\/"}]}},"_links":{"self":[{"href":"https:\/\/pagina10.com\/web\/wp-json\/wp\/v2\/posts\/52017","targetHints":{"allow":["GET"]}}],"collection":[{"href":"https:\/\/pagina10.com\/web\/wp-json\/wp\/v2\/posts"}],"about":[{"href":"https:\/\/pagina10.com\/web\/wp-json\/wp\/v2\/types\/post"}],"author":[{"embeddable":true,"href":"https:\/\/pagina10.com\/web\/wp-json\/wp\/v2\/users\/1"}],"replies":[{"embeddable":true,"href":"https:\/\/pagina10.com\/web\/wp-json\/wp\/v2\/comments?post=52017"}],"version-history":[{"count":1,"href":"https:\/\/pagina10.com\/web\/wp-json\/wp\/v2\/posts\/52017\/revisions"}],"predecessor-version":[{"id":52019,"href":"https:\/\/pagina10.com\/web\/wp-json\/wp\/v2\/posts\/52017\/revisions\/52019"}],"wp:featuredmedia":[{"embeddable":true,"href":"https:\/\/pagina10.com\/web\/wp-json\/wp\/v2\/media\/52018"}],"wp:attachment":[{"href":"https:\/\/pagina10.com\/web\/wp-json\/wp\/v2\/media?parent=52017"}],"wp:term":[{"taxonomy":"category","embeddable":true,"href":"https:\/\/pagina10.com\/web\/wp-json\/wp\/v2\/categories?post=52017"},{"taxonomy":"post_tag","embeddable":true,"href":"https:\/\/pagina10.com\/web\/wp-json\/wp\/v2\/tags?post=52017"}],"curies":[{"name":"wp","href":"https:\/\/api.w.org\/{rel}","templated":true}]}}