{"id":52023,"date":"2021-04-25T10:59:41","date_gmt":"2021-04-25T15:59:41","guid":{"rendered":"https:\/\/pagina10.com\/web\/?p=52023"},"modified":"2021-04-25T11:00:11","modified_gmt":"2021-04-25T16:00:11","slug":"periodista-destacado-gerardo-dulce-hidalgo-es-el-personaje-10","status":"publish","type":"post","link":"https:\/\/pagina10.com\/web\/periodista-destacado-gerardo-dulce-hidalgo-es-el-personaje-10\/","title":{"rendered":"Periodista destacado, Gerardo Dulce Hidalgo, es El Personaje 10."},"content":{"rendered":"<p style=\"text-align: justify;\">Gerardo Dulce Hidalgo, fue un destacado periodista nari\u00f1ense, cofundador del Colegio Nacional de Periodistas seccional Nari\u00f1o y director del archivo general del departamento. Fue coautor del libro \u2018Mi Nari\u00f1o sobre Ciencias Sociales\u2019 y columnista en peri\u00f3dicos como El Derecho y El Pa\u00eds de Cali.<\/p>\n<p style=\"text-align: justify;\"><strong>UN PEQUE\u00d1O HOMENAJE A LA MEMORIA DEL GRAN AMIGO GERARDO DULCE HIDALGO.<\/strong><\/p>\n<p style=\"text-align: justify;\">Por: Alberto Quijano Vodniza.<\/p>\n<p style=\"text-align: justify;\">En estos dos \u00faltimos a\u00f1os, he perdido muchos amigos, la mayor\u00eda v\u00edctimas de la pesadilla de la pandemia. Y este 20 de abril, un mes despu\u00e9s del nacimiento de la primavera en las lejanas latitudes del norte, Gerardo Dulce Hidalgo gran Amigo de mi Padre Alberto Quijano Guerrero, se despidi\u00f3 tranquilamente de este planeta.<\/p>\n<p style=\"text-align: justify;\">Recuerdo vivamente su imagen fuerte y alegre que el tiempo no pudo cambiar. Se despidi\u00f3 de sus paisajes a pocos a\u00f1os de cumplir cien primaveras en compa\u00f1\u00eda de sus inviernos, y la pandemia no pudo con \u00e9l; s\u00f3lo obedeci\u00f3 al dictamen de las Parcas.<\/p>\n<p style=\"text-align: justify;\">En los lejanos a\u00f1os 60s cuando disfrutaba de la ni\u00f1ez, recuerdo con nostalgia todos los domingos cuando acompa\u00f1aba a mi Padre Alberto Quijano Guerrero a la misa de las diez de la ma\u00f1ana en el templo de Cristo Rey. A la salida de la misa, se presentaba la perfecta oportunidad para el encuentro de Gerardo Dulce con mi Padre.<\/p>\n<p style=\"text-align: justify;\">Todav\u00eda recuerdo algunas palabras de sus largas conversaciones:<\/p>\n<p style=\"text-align: justify;\"><em><strong>\u201cAlberto, vas a ir esta tarde a los toros?\u201d<\/strong><\/em><\/p>\n<p style=\"text-align: justify;\">Ahora bien, para aclarar la \u00faltima frase que parece estar fuera del contexto de nuestra regi\u00f3n, en esa \u00e9poca lejana el Coliseo Cubierto de Pasto no era escenario \u00fanicamente de los vibrantes partidos de basquetbol entre los colegios Champagnat, Javeriano, San Felipe y otros; all\u00ed tambi\u00e9n en una oportunidad se presentaron los famosos \u201cTrotamundos\u201d de Estados Unidos; y en otras ocasiones se transform\u00f3 el Coliseo en un improvisado teatro de espect\u00e1culos musicales internacionales.<\/p>\n<p style=\"text-align: justify;\">Pero tambi\u00e9n en contadas ocasiones se convirti\u00f3 en plaza de toros, donde la m\u00fasica espa\u00f1ola y las emociones brindadas por cuatro toros de peque\u00f1o peso, nac\u00edan en cada rinc\u00f3n del Coliseo.<\/p>\n<p style=\"text-align: justify;\">Gerardo Dulce hablaba tambi\u00e9n mucho sobre pol\u00edtica con mi Padre y criticaban en\u00e9rgicamente los gobiernos nefastos. Me gustar\u00eda escucharlos en estos tiempos!<\/p>\n<p style=\"text-align: justify;\">La memoria me ha ayudado a recuperar de los tiempos idos otra de sus frases:<\/p>\n<p style=\"text-align: justify;\"><em><strong>\u201cAlberto, por quien votar\u00e1s en esta jornada?\u201d<\/strong><\/em><\/p>\n<p style=\"text-align: justify;\">Gerardo Dulce Hidalgo y Alberto Quijano Guerrero eran representantes de las verdaderas ideas liberales, muy diferentes a las que hoy se defienden. Eran fieles seguidores del gran l\u00edder Jorge Eliecer Gait\u00e1n, y murieron ellos cubiertos por su bandera roja de libertad, bandera que se debe izar nuevamente en esta \u00e9poca donde la corrupci\u00f3n germina en la mayor\u00eda de los gobiernos colombianos.<\/p>\n<p style=\"text-align: justify;\">Fui compa\u00f1ero de su hijo el Doctor Gerardo Dulce Figueroa, destacado Ingeniero Civil Nari\u00f1ense, durante toda la primaria en el Colegio Champagnat y durante dos a\u00f1os en el bachillerato. En esas lejanas \u00e9pocas siempre disputamos en franca lid los premios de excelencia y bandera en el Colegio.<\/p>\n<p style=\"text-align: justify;\">Nuestros Padres siempre nos acompa\u00f1aron en el estudio y en las premiaciones, en los \u00e9xitos y en los fracasos, que a\u00fan viven en la memoria, donde el tiempo se detiene y las alegr\u00edas y sinsabores permanecen intactos.<\/p>\n<p style=\"text-align: justify;\">Ya en mi vida profesional, lo recuerdo rodeado de muchos amigos conversando alegremente en la plaza de Nari\u00f1o. Gerardo Dulce Hidalgo siempre estuvo atento a mis logros en la Astronom\u00eda y me preguntaba sobre los \u00faltimos descubrimientos en la Astronom\u00eda y en la Conquista del Espacio. Y en muchas ocasiones me brind\u00f3 felicitaciones por haber continuado las ense\u00f1anzas de mi Padre, buscando la poes\u00eda y la armon\u00eda c\u00f3smica por un camino diferente pero no incompatible con la Literatura y la Filosof\u00eda.<\/p>\n<p style=\"text-align: justify;\">Lleg\u00f3 el triste d\u00eda en que ya no lo volv\u00eda a ver en la plaza, y el Ingeniero Gerardo Dulce me coment\u00f3 que su Padre hab\u00eda decidido descansar en su hogar \u2026.El Pasto moderno ya no se parec\u00eda en nada a la querida poblaci\u00f3n de sus recuerdos, y los leones dormidos\u201d nunca m\u00e1s se levantaron ante las injusticias de la sociedad.<\/p>\n<p style=\"text-align: justify;\">Este 20 de Abril, Gerardo Dulce Hidalgo emprendi\u00f3 el vuelo de las Gaviotas hacia las regiones desconocidas de otro Universo Paralelo. Seguramente ya se encontr\u00f3 con otros viajeros y con mi Padre, y nuevas pl\u00e1ticas surgir\u00e1n repletas de a\u00f1ejas an\u00e9cdotas y nuevas ilusiones.<\/p>\n<p style=\"text-align: justify;\">Hasta luego gran Amigo, Feliz viaje por el Cosmos!. Ahora que viaja por los sutiles senderos de la Mente y el Sentimiento, es m\u00e1s f\u00e1cil la comunicaci\u00f3n con los Familiares y Amigos, porque su Alma est\u00e1 sumergida en el Mar que brota del Coraz\u00f3n del Eterno Creador.<\/p>\n<p style=\"text-align: justify;\">Hasta luego gran Amigo, amante de la Vida y del Amor. Su existencia tuvo la fortaleza del viejo roble, y la ternura que jug\u00f3 de vez en cuando con la fragilidad de una gota de llanto\u2026<\/p>\n<p style=\"text-align: justify;\">San Juan de Pasto, Abril 21\/2021.<\/p>\n","protected":false},"excerpt":{"rendered":"<p>Gerardo Dulce Hidalgo, fue un destacado periodista nari\u00f1ense, cofundador del Colegio Nacional de Periodistas seccional Nari\u00f1o y director del archivo general del departamento. Fue coautor del libro \u2018Mi Nari\u00f1o sobre Ciencias Sociales\u2019 y columnista en peri\u00f3dicos como El Derecho y El Pa\u00eds de Cali. UN PEQUE\u00d1O HOMENAJE A LA MEMORIA DEL GRAN AMIGO GERARDO DULCE [&hellip;]<\/p>\n","protected":false},"author":1,"featured_media":52024,"comment_status":"open","ping_status":"open","sticky":false,"template":"","format":"standard","meta":{"footnotes":""},"categories":[53,1528],"tags":[],"class_list":["post-52023","post","type-post","status-publish","format-standard","has-post-thumbnail","hentry","category-regiones","category-titulares"],"yoast_head":"<!-- This site is optimized with the Yoast SEO plugin v27.1.1 - https:\/\/yoast.com\/product\/yoast-seo-wordpress\/ -->\n<title>Periodista destacado, Gerardo Dulce Hidalgo, es El Personaje 10. | P\u00e1gina10<\/title>\n<meta name=\"robots\" content=\"index, follow, max-snippet:-1, max-image-preview:large, max-video-preview:-1\" \/>\n<link rel=\"canonical\" href=\"https:\/\/pagina10.com\/web\/periodista-destacado-gerardo-dulce-hidalgo-es-el-personaje-10\/\" \/>\n<meta property=\"og:locale\" content=\"es_ES\" \/>\n<meta property=\"og:type\" content=\"article\" \/>\n<meta property=\"og:title\" content=\"Periodista destacado, Gerardo Dulce Hidalgo, es El Personaje 10. | P\u00e1gina10\" \/>\n<meta property=\"og:description\" content=\"Gerardo Dulce Hidalgo, fue un destacado periodista nari\u00f1ense, cofundador del Colegio Nacional de Periodistas seccional Nari\u00f1o y director del archivo general del departamento. Fue coautor del libro \u2018Mi Nari\u00f1o sobre Ciencias Sociales\u2019 y columnista en peri\u00f3dicos como El Derecho y El Pa\u00eds de Cali. UN PEQUE\u00d1O HOMENAJE A LA MEMORIA DEL GRAN AMIGO GERARDO DULCE [&hellip;]\" \/>\n<meta property=\"og:url\" content=\"https:\/\/pagina10.com\/web\/periodista-destacado-gerardo-dulce-hidalgo-es-el-personaje-10\/\" \/>\n<meta property=\"og:site_name\" content=\"P\u00e1gina10\" \/>\n<meta property=\"article:publisher\" content=\"https:\/\/www.facebook.com\/pag10com\" \/>\n<meta property=\"article:published_time\" content=\"2021-04-25T15:59:41+00:00\" \/>\n<meta property=\"article:modified_time\" content=\"2021-04-25T16:00:11+00:00\" \/>\n<meta property=\"og:image\" content=\"https:\/\/pagina10.com\/web\/wp-content\/uploads\/2021\/04\/Gerardo-Dulce-Hidalgo-q.e.p.d-1.jpg\" \/>\n\t<meta property=\"og:image:width\" content=\"1200\" \/>\n\t<meta property=\"og:image:height\" content=\"882\" \/>\n\t<meta property=\"og:image:type\" content=\"image\/jpeg\" \/>\n<meta name=\"author\" content=\"P\u00e1gina 10\" \/>\n<meta name=\"twitter:card\" content=\"summary_large_image\" \/>\n<meta name=\"twitter:creator\" content=\"@Pag10com\" \/>\n<meta name=\"twitter:site\" content=\"@Pag10com\" \/>\n<meta name=\"twitter:label1\" content=\"Escrito por\" \/>\n\t<meta name=\"twitter:data1\" content=\"P\u00e1gina 10\" \/>\n\t<meta name=\"twitter:label2\" content=\"Tiempo de lectura\" \/>\n\t<meta name=\"twitter:data2\" content=\"4 minutos\" \/>\n<script type=\"application\/ld+json\" class=\"yoast-schema-graph\">{\"@context\":\"https:\/\/schema.org\",\"@graph\":[{\"@type\":\"Article\",\"@id\":\"https:\/\/pagina10.com\/web\/periodista-destacado-gerardo-dulce-hidalgo-es-el-personaje-10\/#article\",\"isPartOf\":{\"@id\":\"https:\/\/pagina10.com\/web\/periodista-destacado-gerardo-dulce-hidalgo-es-el-personaje-10\/\"},\"author\":{\"name\":\"P\u00e1gina 10\",\"@id\":\"https:\/\/pagina10.com\/web\/#\/schema\/person\/2efc4a090d25b667d3bc796798a3a81b\"},\"headline\":\"Periodista destacado, Gerardo Dulce Hidalgo, es El Personaje 10.\",\"datePublished\":\"2021-04-25T15:59:41+00:00\",\"dateModified\":\"2021-04-25T16:00:11+00:00\",\"mainEntityOfPage\":{\"@id\":\"https:\/\/pagina10.com\/web\/periodista-destacado-gerardo-dulce-hidalgo-es-el-personaje-10\/\"},\"wordCount\":870,\"commentCount\":0,\"publisher\":{\"@id\":\"https:\/\/pagina10.com\/web\/#organization\"},\"image\":{\"@id\":\"https:\/\/pagina10.com\/web\/periodista-destacado-gerardo-dulce-hidalgo-es-el-personaje-10\/#primaryimage\"},\"thumbnailUrl\":\"https:\/\/pagina10.com\/web\/wp-content\/uploads\/2021\/04\/Gerardo-Dulce-Hidalgo-q.e.p.d-1.jpg\",\"articleSection\":[\"Regiones\",\"Titulares\"],\"inLanguage\":\"es\",\"potentialAction\":[{\"@type\":\"CommentAction\",\"name\":\"Comment\",\"target\":[\"https:\/\/pagina10.com\/web\/periodista-destacado-gerardo-dulce-hidalgo-es-el-personaje-10\/#respond\"]}]},{\"@type\":\"WebPage\",\"@id\":\"https:\/\/pagina10.com\/web\/periodista-destacado-gerardo-dulce-hidalgo-es-el-personaje-10\/\",\"url\":\"https:\/\/pagina10.com\/web\/periodista-destacado-gerardo-dulce-hidalgo-es-el-personaje-10\/\",\"name\":\"Periodista destacado, Gerardo Dulce Hidalgo, es El Personaje 10. | P\u00e1gina10\",\"isPartOf\":{\"@id\":\"https:\/\/pagina10.com\/web\/#website\"},\"primaryImageOfPage\":{\"@id\":\"https:\/\/pagina10.com\/web\/periodista-destacado-gerardo-dulce-hidalgo-es-el-personaje-10\/#primaryimage\"},\"image\":{\"@id\":\"https:\/\/pagina10.com\/web\/periodista-destacado-gerardo-dulce-hidalgo-es-el-personaje-10\/#primaryimage\"},\"thumbnailUrl\":\"https:\/\/pagina10.com\/web\/wp-content\/uploads\/2021\/04\/Gerardo-Dulce-Hidalgo-q.e.p.d-1.jpg\",\"datePublished\":\"2021-04-25T15:59:41+00:00\",\"dateModified\":\"2021-04-25T16:00:11+00:00\",\"breadcrumb\":{\"@id\":\"https:\/\/pagina10.com\/web\/periodista-destacado-gerardo-dulce-hidalgo-es-el-personaje-10\/#breadcrumb\"},\"inLanguage\":\"es\",\"potentialAction\":[{\"@type\":\"ReadAction\",\"target\":[\"https:\/\/pagina10.com\/web\/periodista-destacado-gerardo-dulce-hidalgo-es-el-personaje-10\/\"]}]},{\"@type\":\"ImageObject\",\"inLanguage\":\"es\",\"@id\":\"https:\/\/pagina10.com\/web\/periodista-destacado-gerardo-dulce-hidalgo-es-el-personaje-10\/#primaryimage\",\"url\":\"https:\/\/pagina10.com\/web\/wp-content\/uploads\/2021\/04\/Gerardo-Dulce-Hidalgo-q.e.p.d-1.jpg\",\"contentUrl\":\"https:\/\/pagina10.com\/web\/wp-content\/uploads\/2021\/04\/Gerardo-Dulce-Hidalgo-q.e.p.d-1.jpg\",\"width\":1200,\"height\":882},{\"@type\":\"BreadcrumbList\",\"@id\":\"https:\/\/pagina10.com\/web\/periodista-destacado-gerardo-dulce-hidalgo-es-el-personaje-10\/#breadcrumb\",\"itemListElement\":[{\"@type\":\"ListItem\",\"position\":1,\"name\":\"Portada\",\"item\":\"https:\/\/pagina10.com\/web\/\"},{\"@type\":\"ListItem\",\"position\":2,\"name\":\"Periodista destacado, Gerardo Dulce Hidalgo, es El Personaje 10.\"}]},{\"@type\":\"WebSite\",\"@id\":\"https:\/\/pagina10.com\/web\/#website\",\"url\":\"https:\/\/pagina10.com\/web\/\",\"name\":\"P\u00e1gina10\",\"description\":\"Peri\u00f3dico Regional\",\"publisher\":{\"@id\":\"https:\/\/pagina10.com\/web\/#organization\"},\"alternateName\":\"P\u00e1gina10 Peri\u00f3dico Regional\",\"potentialAction\":[{\"@type\":\"SearchAction\",\"target\":{\"@type\":\"EntryPoint\",\"urlTemplate\":\"https:\/\/pagina10.com\/web\/?s={search_term_string}\"},\"query-input\":{\"@type\":\"PropertyValueSpecification\",\"valueRequired\":true,\"valueName\":\"search_term_string\"}}],\"inLanguage\":\"es\"},{\"@type\":\"Organization\",\"@id\":\"https:\/\/pagina10.com\/web\/#organization\",\"name\":\"P\u00e1gina10\",\"alternateName\":\"P\u00e1gina10 Peri\u00f3dico Regional\",\"url\":\"https:\/\/pagina10.com\/web\/\",\"logo\":{\"@type\":\"ImageObject\",\"inLanguage\":\"es\",\"@id\":\"https:\/\/pagina10.com\/web\/#\/schema\/logo\/image\/\",\"url\":\"https:\/\/pagina10.com\/web\/wp-content\/uploads\/2024\/01\/40-pagina-10-periodico-regional-pasto.jpg\",\"contentUrl\":\"https:\/\/pagina10.com\/web\/wp-content\/uploads\/2024\/01\/40-pagina-10-periodico-regional-pasto.jpg\",\"width\":1280,\"height\":720,\"caption\":\"P\u00e1gina10\"},\"image\":{\"@id\":\"https:\/\/pagina10.com\/web\/#\/schema\/logo\/image\/\"},\"sameAs\":[\"https:\/\/www.facebook.com\/pag10com\",\"https:\/\/x.com\/Pag10com\",\"https:\/\/www.instagram.com\/pagina10col\/\",\"https:\/\/youtube.com\/channel\/pag10\",\"https:\/\/www.tiktok.com\/@p10col\"]},{\"@type\":\"Person\",\"@id\":\"https:\/\/pagina10.com\/web\/#\/schema\/person\/2efc4a090d25b667d3bc796798a3a81b\",\"name\":\"P\u00e1gina 10\",\"description\":\"P\u00e1gina 10 es un peri\u00f3dico regional que nace en Colombia, en el departamento de Nari\u00f1o, con un enfoque global, fundamentado en cuatro pilares esenciales: la libertad, el pluralismo, la inclusi\u00f3n y la independencia. P\u00e1gina 10 hace referencia a Nari\u00f1o como el d\u00e9cimo departamento creado en Colombia, despu\u00e9s de un proceso pol\u00edtico liderado por actores y actrices regionales con el fin de obtener la independencia y autonom\u00eda de nuestros territorios. Con la creaci\u00f3n de P\u00e1gina 10 se pretende abrir un escenario para el dialogo, la reflexi\u00f3n y el debate que se extienda a otras geograf\u00edas de Am\u00e9rica Latina y del planeta, en una apuesta por transformar colectivamente los desaf\u00edos de un mundo contempor\u00e1neo, m\u00e1s all\u00e1 de las fronteras impuestas.\",\"url\":\"https:\/\/pagina10.com\/web\/author\/pdiezadmin\/\"}]}<\/script>\n<!-- \/ Yoast SEO plugin. -->","yoast_head_json":{"title":"Periodista destacado, Gerardo Dulce Hidalgo, es El Personaje 10. | P\u00e1gina10","robots":{"index":"index","follow":"follow","max-snippet":"max-snippet:-1","max-image-preview":"max-image-preview:large","max-video-preview":"max-video-preview:-1"},"canonical":"https:\/\/pagina10.com\/web\/periodista-destacado-gerardo-dulce-hidalgo-es-el-personaje-10\/","og_locale":"es_ES","og_type":"article","og_title":"Periodista destacado, Gerardo Dulce Hidalgo, es El Personaje 10. | P\u00e1gina10","og_description":"Gerardo Dulce Hidalgo, fue un destacado periodista nari\u00f1ense, cofundador del Colegio Nacional de Periodistas seccional Nari\u00f1o y director del archivo general del departamento. Fue coautor del libro \u2018Mi Nari\u00f1o sobre Ciencias Sociales\u2019 y columnista en peri\u00f3dicos como El Derecho y El Pa\u00eds de Cali. UN PEQUE\u00d1O HOMENAJE A LA MEMORIA DEL GRAN AMIGO GERARDO DULCE [&hellip;]","og_url":"https:\/\/pagina10.com\/web\/periodista-destacado-gerardo-dulce-hidalgo-es-el-personaje-10\/","og_site_name":"P\u00e1gina10","article_publisher":"https:\/\/www.facebook.com\/pag10com","article_published_time":"2021-04-25T15:59:41+00:00","article_modified_time":"2021-04-25T16:00:11+00:00","og_image":[{"width":1200,"height":882,"url":"https:\/\/pagina10.com\/web\/wp-content\/uploads\/2021\/04\/Gerardo-Dulce-Hidalgo-q.e.p.d-1.jpg","type":"image\/jpeg"}],"author":"P\u00e1gina 10","twitter_card":"summary_large_image","twitter_creator":"@Pag10com","twitter_site":"@Pag10com","twitter_misc":{"Escrito por":"P\u00e1gina 10","Tiempo de lectura":"4 minutos"},"schema":{"@context":"https:\/\/schema.org","@graph":[{"@type":"Article","@id":"https:\/\/pagina10.com\/web\/periodista-destacado-gerardo-dulce-hidalgo-es-el-personaje-10\/#article","isPartOf":{"@id":"https:\/\/pagina10.com\/web\/periodista-destacado-gerardo-dulce-hidalgo-es-el-personaje-10\/"},"author":{"name":"P\u00e1gina 10","@id":"https:\/\/pagina10.com\/web\/#\/schema\/person\/2efc4a090d25b667d3bc796798a3a81b"},"headline":"Periodista destacado, Gerardo Dulce Hidalgo, es El Personaje 10.","datePublished":"2021-04-25T15:59:41+00:00","dateModified":"2021-04-25T16:00:11+00:00","mainEntityOfPage":{"@id":"https:\/\/pagina10.com\/web\/periodista-destacado-gerardo-dulce-hidalgo-es-el-personaje-10\/"},"wordCount":870,"commentCount":0,"publisher":{"@id":"https:\/\/pagina10.com\/web\/#organization"},"image":{"@id":"https:\/\/pagina10.com\/web\/periodista-destacado-gerardo-dulce-hidalgo-es-el-personaje-10\/#primaryimage"},"thumbnailUrl":"https:\/\/pagina10.com\/web\/wp-content\/uploads\/2021\/04\/Gerardo-Dulce-Hidalgo-q.e.p.d-1.jpg","articleSection":["Regiones","Titulares"],"inLanguage":"es","potentialAction":[{"@type":"CommentAction","name":"Comment","target":["https:\/\/pagina10.com\/web\/periodista-destacado-gerardo-dulce-hidalgo-es-el-personaje-10\/#respond"]}]},{"@type":"WebPage","@id":"https:\/\/pagina10.com\/web\/periodista-destacado-gerardo-dulce-hidalgo-es-el-personaje-10\/","url":"https:\/\/pagina10.com\/web\/periodista-destacado-gerardo-dulce-hidalgo-es-el-personaje-10\/","name":"Periodista destacado, Gerardo Dulce Hidalgo, es El Personaje 10. | P\u00e1gina10","isPartOf":{"@id":"https:\/\/pagina10.com\/web\/#website"},"primaryImageOfPage":{"@id":"https:\/\/pagina10.com\/web\/periodista-destacado-gerardo-dulce-hidalgo-es-el-personaje-10\/#primaryimage"},"image":{"@id":"https:\/\/pagina10.com\/web\/periodista-destacado-gerardo-dulce-hidalgo-es-el-personaje-10\/#primaryimage"},"thumbnailUrl":"https:\/\/pagina10.com\/web\/wp-content\/uploads\/2021\/04\/Gerardo-Dulce-Hidalgo-q.e.p.d-1.jpg","datePublished":"2021-04-25T15:59:41+00:00","dateModified":"2021-04-25T16:00:11+00:00","breadcrumb":{"@id":"https:\/\/pagina10.com\/web\/periodista-destacado-gerardo-dulce-hidalgo-es-el-personaje-10\/#breadcrumb"},"inLanguage":"es","potentialAction":[{"@type":"ReadAction","target":["https:\/\/pagina10.com\/web\/periodista-destacado-gerardo-dulce-hidalgo-es-el-personaje-10\/"]}]},{"@type":"ImageObject","inLanguage":"es","@id":"https:\/\/pagina10.com\/web\/periodista-destacado-gerardo-dulce-hidalgo-es-el-personaje-10\/#primaryimage","url":"https:\/\/pagina10.com\/web\/wp-content\/uploads\/2021\/04\/Gerardo-Dulce-Hidalgo-q.e.p.d-1.jpg","contentUrl":"https:\/\/pagina10.com\/web\/wp-content\/uploads\/2021\/04\/Gerardo-Dulce-Hidalgo-q.e.p.d-1.jpg","width":1200,"height":882},{"@type":"BreadcrumbList","@id":"https:\/\/pagina10.com\/web\/periodista-destacado-gerardo-dulce-hidalgo-es-el-personaje-10\/#breadcrumb","itemListElement":[{"@type":"ListItem","position":1,"name":"Portada","item":"https:\/\/pagina10.com\/web\/"},{"@type":"ListItem","position":2,"name":"Periodista destacado, Gerardo Dulce Hidalgo, es El Personaje 10."}]},{"@type":"WebSite","@id":"https:\/\/pagina10.com\/web\/#website","url":"https:\/\/pagina10.com\/web\/","name":"P\u00e1gina10","description":"Peri\u00f3dico Regional","publisher":{"@id":"https:\/\/pagina10.com\/web\/#organization"},"alternateName":"P\u00e1gina10 Peri\u00f3dico Regional","potentialAction":[{"@type":"SearchAction","target":{"@type":"EntryPoint","urlTemplate":"https:\/\/pagina10.com\/web\/?s={search_term_string}"},"query-input":{"@type":"PropertyValueSpecification","valueRequired":true,"valueName":"search_term_string"}}],"inLanguage":"es"},{"@type":"Organization","@id":"https:\/\/pagina10.com\/web\/#organization","name":"P\u00e1gina10","alternateName":"P\u00e1gina10 Peri\u00f3dico Regional","url":"https:\/\/pagina10.com\/web\/","logo":{"@type":"ImageObject","inLanguage":"es","@id":"https:\/\/pagina10.com\/web\/#\/schema\/logo\/image\/","url":"https:\/\/pagina10.com\/web\/wp-content\/uploads\/2024\/01\/40-pagina-10-periodico-regional-pasto.jpg","contentUrl":"https:\/\/pagina10.com\/web\/wp-content\/uploads\/2024\/01\/40-pagina-10-periodico-regional-pasto.jpg","width":1280,"height":720,"caption":"P\u00e1gina10"},"image":{"@id":"https:\/\/pagina10.com\/web\/#\/schema\/logo\/image\/"},"sameAs":["https:\/\/www.facebook.com\/pag10com","https:\/\/x.com\/Pag10com","https:\/\/www.instagram.com\/pagina10col\/","https:\/\/youtube.com\/channel\/pag10","https:\/\/www.tiktok.com\/@p10col"]},{"@type":"Person","@id":"https:\/\/pagina10.com\/web\/#\/schema\/person\/2efc4a090d25b667d3bc796798a3a81b","name":"P\u00e1gina 10","description":"P\u00e1gina 10 es un peri\u00f3dico regional que nace en Colombia, en el departamento de Nari\u00f1o, con un enfoque global, fundamentado en cuatro pilares esenciales: la libertad, el pluralismo, la inclusi\u00f3n y la independencia. P\u00e1gina 10 hace referencia a Nari\u00f1o como el d\u00e9cimo departamento creado en Colombia, despu\u00e9s de un proceso pol\u00edtico liderado por actores y actrices regionales con el fin de obtener la independencia y autonom\u00eda de nuestros territorios. Con la creaci\u00f3n de P\u00e1gina 10 se pretende abrir un escenario para el dialogo, la reflexi\u00f3n y el debate que se extienda a otras geograf\u00edas de Am\u00e9rica Latina y del planeta, en una apuesta por transformar colectivamente los desaf\u00edos de un mundo contempor\u00e1neo, m\u00e1s all\u00e1 de las fronteras impuestas.","url":"https:\/\/pagina10.com\/web\/author\/pdiezadmin\/"}]}},"_links":{"self":[{"href":"https:\/\/pagina10.com\/web\/wp-json\/wp\/v2\/posts\/52023","targetHints":{"allow":["GET"]}}],"collection":[{"href":"https:\/\/pagina10.com\/web\/wp-json\/wp\/v2\/posts"}],"about":[{"href":"https:\/\/pagina10.com\/web\/wp-json\/wp\/v2\/types\/post"}],"author":[{"embeddable":true,"href":"https:\/\/pagina10.com\/web\/wp-json\/wp\/v2\/users\/1"}],"replies":[{"embeddable":true,"href":"https:\/\/pagina10.com\/web\/wp-json\/wp\/v2\/comments?post=52023"}],"version-history":[{"count":3,"href":"https:\/\/pagina10.com\/web\/wp-json\/wp\/v2\/posts\/52023\/revisions"}],"predecessor-version":[{"id":52027,"href":"https:\/\/pagina10.com\/web\/wp-json\/wp\/v2\/posts\/52023\/revisions\/52027"}],"wp:featuredmedia":[{"embeddable":true,"href":"https:\/\/pagina10.com\/web\/wp-json\/wp\/v2\/media\/52024"}],"wp:attachment":[{"href":"https:\/\/pagina10.com\/web\/wp-json\/wp\/v2\/media?parent=52023"}],"wp:term":[{"taxonomy":"category","embeddable":true,"href":"https:\/\/pagina10.com\/web\/wp-json\/wp\/v2\/categories?post=52023"},{"taxonomy":"post_tag","embeddable":true,"href":"https:\/\/pagina10.com\/web\/wp-json\/wp\/v2\/tags?post=52023"}],"curies":[{"name":"wp","href":"https:\/\/api.w.org\/{rel}","templated":true}]}}