{"id":52065,"date":"2021-04-27T14:12:11","date_gmt":"2021-04-27T19:12:11","guid":{"rendered":"https:\/\/pagina10.com\/web\/?p=52065"},"modified":"2021-04-27T19:12:10","modified_gmt":"2021-04-28T00:12:10","slug":"conozca-el-comunicado-oficial-del-comite-unitario-departamental-de-paro","status":"publish","type":"post","link":"https:\/\/pagina10.com\/web\/conozca-el-comunicado-oficial-del-comite-unitario-departamental-de-paro\/","title":{"rendered":"Conozca el comunicado oficial del Comit\u00e9 Unitario Departamental de Paro."},"content":{"rendered":"<p style=\"text-align: justify;\">El comit\u00e9 Unitario Departamental de Paro de Nari\u00f1o inform\u00f3 a la opini\u00f3n p\u00fablica que el pasado 22 de abril se adelant\u00f3 una reuni\u00f3n con las organizaciones integrantes del Comit\u00e9, con el objetivo de definir las acciones que se desarrollaran el pr\u00f3ximo 28 de abril.<\/p>\n<p style=\"text-align: justify;\">Este 28 abril las protestas se realizar\u00e1n de forma pac\u00edfica y que a partir de las 8 am los puntos de concentraci\u00f3n ser\u00e1n los siguientes: Barrio El Chapal, Chapultepec, Parque Nari\u00f1o. Los estudiantes universitarios se concentraran en la sede de la Vipri.<\/p>\n<p style=\"text-align: justify;\">Se\u00f1alaron que la presencia ciudadana en las calles estar\u00e1 acompa\u00f1ada por dos actividades culturales y art\u00edsticas, por una parte en las sitios de concentraci\u00f3n se realizar\u00e1 eventos de Arco Iris en el asfalto y por otro lado, un grupo de artistas reconocidos recorrer\u00e1 la ciudad y en los sitios de concentraci\u00f3n realizar\u00e1n una presentaci\u00f3n denominada \u2018Un canto por Nari\u00f1o\u2019.<\/p>\n<p style=\"text-align: justify;\">Solicitaron a las autoridades departamentales, locales civiles y de polic\u00eda respetar el derecho constitucional a la protesta y evitar provocaciones con los ciudadanos y ciudadanas que tomar\u00e1n las calles del departamento de Nari\u00f1o e invitaron finalmente al pueblo pastuso y nari\u00f1ense a tomarse nuevamente las calles y carreteras de Nari\u00f1o y \u201creivindicar nuestras tradiciones de rebeld\u00eda y dignidad como lo reconoce el resto del pa\u00eds\u201d.<\/p>\n<p>&nbsp;<\/p>\n<p><img fetchpriority=\"high\" decoding=\"async\" class=\"aligncenter size-full wp-image-52066\" src=\"https:\/\/pagina10.com\/web\/wp-content\/uploads\/2021\/04\/WhatsApp-Image-2021-04-27-at-2.09.29-PM.jpeg\" alt=\"\" width=\"720\" height=\"912\" srcset=\"https:\/\/pagina10.com\/web\/wp-content\/uploads\/2021\/04\/WhatsApp-Image-2021-04-27-at-2.09.29-PM.jpeg 720w, https:\/\/pagina10.com\/web\/wp-content\/uploads\/2021\/04\/WhatsApp-Image-2021-04-27-at-2.09.29-PM-237x300.jpeg 237w\" sizes=\"(max-width: 720px) 100vw, 720px\" \/><\/p>\n","protected":false},"excerpt":{"rendered":"<p>El comit\u00e9 Unitario Departamental de Paro de Nari\u00f1o inform\u00f3 a la opini\u00f3n p\u00fablica que el pasado 22 de abril se adelant\u00f3 una reuni\u00f3n con las organizaciones integrantes del Comit\u00e9, con el objetivo de definir las acciones que se desarrollaran el pr\u00f3ximo 28 de abril. Este 28 abril las protestas se realizar\u00e1n de forma pac\u00edfica y [&hellip;]<\/p>\n","protected":false},"author":1,"featured_media":52067,"comment_status":"open","ping_status":"open","sticky":false,"template":"","format":"standard","meta":{"footnotes":""},"categories":[53],"tags":[],"class_list":["post-52065","post","type-post","status-publish","format-standard","has-post-thumbnail","hentry","category-regiones"],"yoast_head":"<!-- This site is optimized with the Yoast SEO plugin v27.1.1 - https:\/\/yoast.com\/product\/yoast-seo-wordpress\/ -->\n<title>Conozca el comunicado oficial del Comit\u00e9 Unitario Departamental de Paro. | P\u00e1gina10<\/title>\n<meta name=\"robots\" content=\"index, follow, max-snippet:-1, max-image-preview:large, max-video-preview:-1\" \/>\n<link rel=\"canonical\" href=\"https:\/\/pagina10.com\/web\/conozca-el-comunicado-oficial-del-comite-unitario-departamental-de-paro\/\" \/>\n<meta property=\"og:locale\" content=\"es_ES\" \/>\n<meta property=\"og:type\" content=\"article\" \/>\n<meta property=\"og:title\" content=\"Conozca el comunicado oficial del Comit\u00e9 Unitario Departamental de Paro. | P\u00e1gina10\" \/>\n<meta property=\"og:description\" content=\"El comit\u00e9 Unitario Departamental de Paro de Nari\u00f1o inform\u00f3 a la opini\u00f3n p\u00fablica que el pasado 22 de abril se adelant\u00f3 una reuni\u00f3n con las organizaciones integrantes del Comit\u00e9, con el objetivo de definir las acciones que se desarrollaran el pr\u00f3ximo 28 de abril. Este 28 abril las protestas se realizar\u00e1n de forma pac\u00edfica y [&hellip;]\" \/>\n<meta property=\"og:url\" content=\"https:\/\/pagina10.com\/web\/conozca-el-comunicado-oficial-del-comite-unitario-departamental-de-paro\/\" \/>\n<meta property=\"og:site_name\" content=\"P\u00e1gina10\" \/>\n<meta property=\"article:publisher\" content=\"https:\/\/www.facebook.com\/pag10com\" \/>\n<meta property=\"article:published_time\" content=\"2021-04-27T19:12:11+00:00\" \/>\n<meta property=\"article:modified_time\" content=\"2021-04-28T00:12:10+00:00\" \/>\n<meta property=\"og:image\" content=\"https:\/\/pagina10.com\/web\/wp-content\/uploads\/2021\/04\/descarga-12.jpeg\" \/>\n\t<meta property=\"og:image:width\" content=\"364\" \/>\n\t<meta property=\"og:image:height\" content=\"138\" \/>\n\t<meta property=\"og:image:type\" content=\"image\/jpeg\" \/>\n<meta name=\"author\" content=\"P\u00e1gina 10\" \/>\n<meta name=\"twitter:card\" content=\"summary_large_image\" \/>\n<meta name=\"twitter:creator\" content=\"@Pag10com\" \/>\n<meta name=\"twitter:site\" content=\"@Pag10com\" \/>\n<meta name=\"twitter:label1\" content=\"Escrito por\" \/>\n\t<meta name=\"twitter:data1\" content=\"P\u00e1gina 10\" \/>\n\t<meta name=\"twitter:label2\" content=\"Tiempo de lectura\" \/>\n\t<meta name=\"twitter:data2\" content=\"1 minuto\" \/>\n<script type=\"application\/ld+json\" class=\"yoast-schema-graph\">{\"@context\":\"https:\/\/schema.org\",\"@graph\":[{\"@type\":\"Article\",\"@id\":\"https:\/\/pagina10.com\/web\/conozca-el-comunicado-oficial-del-comite-unitario-departamental-de-paro\/#article\",\"isPartOf\":{\"@id\":\"https:\/\/pagina10.com\/web\/conozca-el-comunicado-oficial-del-comite-unitario-departamental-de-paro\/\"},\"author\":{\"name\":\"P\u00e1gina 10\",\"@id\":\"https:\/\/pagina10.com\/web\/#\/schema\/person\/2efc4a090d25b667d3bc796798a3a81b\"},\"headline\":\"Conozca el comunicado oficial del Comit\u00e9 Unitario Departamental de Paro.\",\"datePublished\":\"2021-04-27T19:12:11+00:00\",\"dateModified\":\"2021-04-28T00:12:10+00:00\",\"mainEntityOfPage\":{\"@id\":\"https:\/\/pagina10.com\/web\/conozca-el-comunicado-oficial-del-comite-unitario-departamental-de-paro\/\"},\"wordCount\":242,\"commentCount\":0,\"publisher\":{\"@id\":\"https:\/\/pagina10.com\/web\/#organization\"},\"image\":{\"@id\":\"https:\/\/pagina10.com\/web\/conozca-el-comunicado-oficial-del-comite-unitario-departamental-de-paro\/#primaryimage\"},\"thumbnailUrl\":\"https:\/\/pagina10.com\/web\/wp-content\/uploads\/2021\/04\/descarga-12.jpeg\",\"articleSection\":[\"Regiones\"],\"inLanguage\":\"es\",\"potentialAction\":[{\"@type\":\"CommentAction\",\"name\":\"Comment\",\"target\":[\"https:\/\/pagina10.com\/web\/conozca-el-comunicado-oficial-del-comite-unitario-departamental-de-paro\/#respond\"]}]},{\"@type\":\"WebPage\",\"@id\":\"https:\/\/pagina10.com\/web\/conozca-el-comunicado-oficial-del-comite-unitario-departamental-de-paro\/\",\"url\":\"https:\/\/pagina10.com\/web\/conozca-el-comunicado-oficial-del-comite-unitario-departamental-de-paro\/\",\"name\":\"Conozca el comunicado oficial del Comit\u00e9 Unitario Departamental de Paro. | P\u00e1gina10\",\"isPartOf\":{\"@id\":\"https:\/\/pagina10.com\/web\/#website\"},\"primaryImageOfPage\":{\"@id\":\"https:\/\/pagina10.com\/web\/conozca-el-comunicado-oficial-del-comite-unitario-departamental-de-paro\/#primaryimage\"},\"image\":{\"@id\":\"https:\/\/pagina10.com\/web\/conozca-el-comunicado-oficial-del-comite-unitario-departamental-de-paro\/#primaryimage\"},\"thumbnailUrl\":\"https:\/\/pagina10.com\/web\/wp-content\/uploads\/2021\/04\/descarga-12.jpeg\",\"datePublished\":\"2021-04-27T19:12:11+00:00\",\"dateModified\":\"2021-04-28T00:12:10+00:00\",\"breadcrumb\":{\"@id\":\"https:\/\/pagina10.com\/web\/conozca-el-comunicado-oficial-del-comite-unitario-departamental-de-paro\/#breadcrumb\"},\"inLanguage\":\"es\",\"potentialAction\":[{\"@type\":\"ReadAction\",\"target\":[\"https:\/\/pagina10.com\/web\/conozca-el-comunicado-oficial-del-comite-unitario-departamental-de-paro\/\"]}]},{\"@type\":\"ImageObject\",\"inLanguage\":\"es\",\"@id\":\"https:\/\/pagina10.com\/web\/conozca-el-comunicado-oficial-del-comite-unitario-departamental-de-paro\/#primaryimage\",\"url\":\"https:\/\/pagina10.com\/web\/wp-content\/uploads\/2021\/04\/descarga-12.jpeg\",\"contentUrl\":\"https:\/\/pagina10.com\/web\/wp-content\/uploads\/2021\/04\/descarga-12.jpeg\",\"width\":364,\"height\":138},{\"@type\":\"BreadcrumbList\",\"@id\":\"https:\/\/pagina10.com\/web\/conozca-el-comunicado-oficial-del-comite-unitario-departamental-de-paro\/#breadcrumb\",\"itemListElement\":[{\"@type\":\"ListItem\",\"position\":1,\"name\":\"Portada\",\"item\":\"https:\/\/pagina10.com\/web\/\"},{\"@type\":\"ListItem\",\"position\":2,\"name\":\"Conozca el comunicado oficial del Comit\u00e9 Unitario Departamental de Paro.\"}]},{\"@type\":\"WebSite\",\"@id\":\"https:\/\/pagina10.com\/web\/#website\",\"url\":\"https:\/\/pagina10.com\/web\/\",\"name\":\"P\u00e1gina10\",\"description\":\"Peri\u00f3dico Regional\",\"publisher\":{\"@id\":\"https:\/\/pagina10.com\/web\/#organization\"},\"alternateName\":\"P\u00e1gina10 Peri\u00f3dico Regional\",\"potentialAction\":[{\"@type\":\"SearchAction\",\"target\":{\"@type\":\"EntryPoint\",\"urlTemplate\":\"https:\/\/pagina10.com\/web\/?s={search_term_string}\"},\"query-input\":{\"@type\":\"PropertyValueSpecification\",\"valueRequired\":true,\"valueName\":\"search_term_string\"}}],\"inLanguage\":\"es\"},{\"@type\":\"Organization\",\"@id\":\"https:\/\/pagina10.com\/web\/#organization\",\"name\":\"P\u00e1gina10\",\"alternateName\":\"P\u00e1gina10 Peri\u00f3dico Regional\",\"url\":\"https:\/\/pagina10.com\/web\/\",\"logo\":{\"@type\":\"ImageObject\",\"inLanguage\":\"es\",\"@id\":\"https:\/\/pagina10.com\/web\/#\/schema\/logo\/image\/\",\"url\":\"https:\/\/pagina10.com\/web\/wp-content\/uploads\/2024\/01\/40-pagina-10-periodico-regional-pasto.jpg\",\"contentUrl\":\"https:\/\/pagina10.com\/web\/wp-content\/uploads\/2024\/01\/40-pagina-10-periodico-regional-pasto.jpg\",\"width\":1280,\"height\":720,\"caption\":\"P\u00e1gina10\"},\"image\":{\"@id\":\"https:\/\/pagina10.com\/web\/#\/schema\/logo\/image\/\"},\"sameAs\":[\"https:\/\/www.facebook.com\/pag10com\",\"https:\/\/x.com\/Pag10com\",\"https:\/\/www.instagram.com\/pagina10col\/\",\"https:\/\/youtube.com\/channel\/pag10\",\"https:\/\/www.tiktok.com\/@p10col\"]},{\"@type\":\"Person\",\"@id\":\"https:\/\/pagina10.com\/web\/#\/schema\/person\/2efc4a090d25b667d3bc796798a3a81b\",\"name\":\"P\u00e1gina 10\",\"description\":\"P\u00e1gina 10 es un peri\u00f3dico regional que nace en Colombia, en el departamento de Nari\u00f1o, con un enfoque global, fundamentado en cuatro pilares esenciales: la libertad, el pluralismo, la inclusi\u00f3n y la independencia. P\u00e1gina 10 hace referencia a Nari\u00f1o como el d\u00e9cimo departamento creado en Colombia, despu\u00e9s de un proceso pol\u00edtico liderado por actores y actrices regionales con el fin de obtener la independencia y autonom\u00eda de nuestros territorios. Con la creaci\u00f3n de P\u00e1gina 10 se pretende abrir un escenario para el dialogo, la reflexi\u00f3n y el debate que se extienda a otras geograf\u00edas de Am\u00e9rica Latina y del planeta, en una apuesta por transformar colectivamente los desaf\u00edos de un mundo contempor\u00e1neo, m\u00e1s all\u00e1 de las fronteras impuestas.\",\"url\":\"https:\/\/pagina10.com\/web\/author\/pdiezadmin\/\"}]}<\/script>\n<!-- \/ Yoast SEO plugin. -->","yoast_head_json":{"title":"Conozca el comunicado oficial del Comit\u00e9 Unitario Departamental de Paro. | P\u00e1gina10","robots":{"index":"index","follow":"follow","max-snippet":"max-snippet:-1","max-image-preview":"max-image-preview:large","max-video-preview":"max-video-preview:-1"},"canonical":"https:\/\/pagina10.com\/web\/conozca-el-comunicado-oficial-del-comite-unitario-departamental-de-paro\/","og_locale":"es_ES","og_type":"article","og_title":"Conozca el comunicado oficial del Comit\u00e9 Unitario Departamental de Paro. | P\u00e1gina10","og_description":"El comit\u00e9 Unitario Departamental de Paro de Nari\u00f1o inform\u00f3 a la opini\u00f3n p\u00fablica que el pasado 22 de abril se adelant\u00f3 una reuni\u00f3n con las organizaciones integrantes del Comit\u00e9, con el objetivo de definir las acciones que se desarrollaran el pr\u00f3ximo 28 de abril. Este 28 abril las protestas se realizar\u00e1n de forma pac\u00edfica y [&hellip;]","og_url":"https:\/\/pagina10.com\/web\/conozca-el-comunicado-oficial-del-comite-unitario-departamental-de-paro\/","og_site_name":"P\u00e1gina10","article_publisher":"https:\/\/www.facebook.com\/pag10com","article_published_time":"2021-04-27T19:12:11+00:00","article_modified_time":"2021-04-28T00:12:10+00:00","og_image":[{"width":364,"height":138,"url":"https:\/\/pagina10.com\/web\/wp-content\/uploads\/2021\/04\/descarga-12.jpeg","type":"image\/jpeg"}],"author":"P\u00e1gina 10","twitter_card":"summary_large_image","twitter_creator":"@Pag10com","twitter_site":"@Pag10com","twitter_misc":{"Escrito por":"P\u00e1gina 10","Tiempo de lectura":"1 minuto"},"schema":{"@context":"https:\/\/schema.org","@graph":[{"@type":"Article","@id":"https:\/\/pagina10.com\/web\/conozca-el-comunicado-oficial-del-comite-unitario-departamental-de-paro\/#article","isPartOf":{"@id":"https:\/\/pagina10.com\/web\/conozca-el-comunicado-oficial-del-comite-unitario-departamental-de-paro\/"},"author":{"name":"P\u00e1gina 10","@id":"https:\/\/pagina10.com\/web\/#\/schema\/person\/2efc4a090d25b667d3bc796798a3a81b"},"headline":"Conozca el comunicado oficial del Comit\u00e9 Unitario Departamental de Paro.","datePublished":"2021-04-27T19:12:11+00:00","dateModified":"2021-04-28T00:12:10+00:00","mainEntityOfPage":{"@id":"https:\/\/pagina10.com\/web\/conozca-el-comunicado-oficial-del-comite-unitario-departamental-de-paro\/"},"wordCount":242,"commentCount":0,"publisher":{"@id":"https:\/\/pagina10.com\/web\/#organization"},"image":{"@id":"https:\/\/pagina10.com\/web\/conozca-el-comunicado-oficial-del-comite-unitario-departamental-de-paro\/#primaryimage"},"thumbnailUrl":"https:\/\/pagina10.com\/web\/wp-content\/uploads\/2021\/04\/descarga-12.jpeg","articleSection":["Regiones"],"inLanguage":"es","potentialAction":[{"@type":"CommentAction","name":"Comment","target":["https:\/\/pagina10.com\/web\/conozca-el-comunicado-oficial-del-comite-unitario-departamental-de-paro\/#respond"]}]},{"@type":"WebPage","@id":"https:\/\/pagina10.com\/web\/conozca-el-comunicado-oficial-del-comite-unitario-departamental-de-paro\/","url":"https:\/\/pagina10.com\/web\/conozca-el-comunicado-oficial-del-comite-unitario-departamental-de-paro\/","name":"Conozca el comunicado oficial del Comit\u00e9 Unitario Departamental de Paro. | P\u00e1gina10","isPartOf":{"@id":"https:\/\/pagina10.com\/web\/#website"},"primaryImageOfPage":{"@id":"https:\/\/pagina10.com\/web\/conozca-el-comunicado-oficial-del-comite-unitario-departamental-de-paro\/#primaryimage"},"image":{"@id":"https:\/\/pagina10.com\/web\/conozca-el-comunicado-oficial-del-comite-unitario-departamental-de-paro\/#primaryimage"},"thumbnailUrl":"https:\/\/pagina10.com\/web\/wp-content\/uploads\/2021\/04\/descarga-12.jpeg","datePublished":"2021-04-27T19:12:11+00:00","dateModified":"2021-04-28T00:12:10+00:00","breadcrumb":{"@id":"https:\/\/pagina10.com\/web\/conozca-el-comunicado-oficial-del-comite-unitario-departamental-de-paro\/#breadcrumb"},"inLanguage":"es","potentialAction":[{"@type":"ReadAction","target":["https:\/\/pagina10.com\/web\/conozca-el-comunicado-oficial-del-comite-unitario-departamental-de-paro\/"]}]},{"@type":"ImageObject","inLanguage":"es","@id":"https:\/\/pagina10.com\/web\/conozca-el-comunicado-oficial-del-comite-unitario-departamental-de-paro\/#primaryimage","url":"https:\/\/pagina10.com\/web\/wp-content\/uploads\/2021\/04\/descarga-12.jpeg","contentUrl":"https:\/\/pagina10.com\/web\/wp-content\/uploads\/2021\/04\/descarga-12.jpeg","width":364,"height":138},{"@type":"BreadcrumbList","@id":"https:\/\/pagina10.com\/web\/conozca-el-comunicado-oficial-del-comite-unitario-departamental-de-paro\/#breadcrumb","itemListElement":[{"@type":"ListItem","position":1,"name":"Portada","item":"https:\/\/pagina10.com\/web\/"},{"@type":"ListItem","position":2,"name":"Conozca el comunicado oficial del Comit\u00e9 Unitario Departamental de Paro."}]},{"@type":"WebSite","@id":"https:\/\/pagina10.com\/web\/#website","url":"https:\/\/pagina10.com\/web\/","name":"P\u00e1gina10","description":"Peri\u00f3dico Regional","publisher":{"@id":"https:\/\/pagina10.com\/web\/#organization"},"alternateName":"P\u00e1gina10 Peri\u00f3dico Regional","potentialAction":[{"@type":"SearchAction","target":{"@type":"EntryPoint","urlTemplate":"https:\/\/pagina10.com\/web\/?s={search_term_string}"},"query-input":{"@type":"PropertyValueSpecification","valueRequired":true,"valueName":"search_term_string"}}],"inLanguage":"es"},{"@type":"Organization","@id":"https:\/\/pagina10.com\/web\/#organization","name":"P\u00e1gina10","alternateName":"P\u00e1gina10 Peri\u00f3dico Regional","url":"https:\/\/pagina10.com\/web\/","logo":{"@type":"ImageObject","inLanguage":"es","@id":"https:\/\/pagina10.com\/web\/#\/schema\/logo\/image\/","url":"https:\/\/pagina10.com\/web\/wp-content\/uploads\/2024\/01\/40-pagina-10-periodico-regional-pasto.jpg","contentUrl":"https:\/\/pagina10.com\/web\/wp-content\/uploads\/2024\/01\/40-pagina-10-periodico-regional-pasto.jpg","width":1280,"height":720,"caption":"P\u00e1gina10"},"image":{"@id":"https:\/\/pagina10.com\/web\/#\/schema\/logo\/image\/"},"sameAs":["https:\/\/www.facebook.com\/pag10com","https:\/\/x.com\/Pag10com","https:\/\/www.instagram.com\/pagina10col\/","https:\/\/youtube.com\/channel\/pag10","https:\/\/www.tiktok.com\/@p10col"]},{"@type":"Person","@id":"https:\/\/pagina10.com\/web\/#\/schema\/person\/2efc4a090d25b667d3bc796798a3a81b","name":"P\u00e1gina 10","description":"P\u00e1gina 10 es un peri\u00f3dico regional que nace en Colombia, en el departamento de Nari\u00f1o, con un enfoque global, fundamentado en cuatro pilares esenciales: la libertad, el pluralismo, la inclusi\u00f3n y la independencia. P\u00e1gina 10 hace referencia a Nari\u00f1o como el d\u00e9cimo departamento creado en Colombia, despu\u00e9s de un proceso pol\u00edtico liderado por actores y actrices regionales con el fin de obtener la independencia y autonom\u00eda de nuestros territorios. Con la creaci\u00f3n de P\u00e1gina 10 se pretende abrir un escenario para el dialogo, la reflexi\u00f3n y el debate que se extienda a otras geograf\u00edas de Am\u00e9rica Latina y del planeta, en una apuesta por transformar colectivamente los desaf\u00edos de un mundo contempor\u00e1neo, m\u00e1s all\u00e1 de las fronteras impuestas.","url":"https:\/\/pagina10.com\/web\/author\/pdiezadmin\/"}]}},"_links":{"self":[{"href":"https:\/\/pagina10.com\/web\/wp-json\/wp\/v2\/posts\/52065","targetHints":{"allow":["GET"]}}],"collection":[{"href":"https:\/\/pagina10.com\/web\/wp-json\/wp\/v2\/posts"}],"about":[{"href":"https:\/\/pagina10.com\/web\/wp-json\/wp\/v2\/types\/post"}],"author":[{"embeddable":true,"href":"https:\/\/pagina10.com\/web\/wp-json\/wp\/v2\/users\/1"}],"replies":[{"embeddable":true,"href":"https:\/\/pagina10.com\/web\/wp-json\/wp\/v2\/comments?post=52065"}],"version-history":[{"count":3,"href":"https:\/\/pagina10.com\/web\/wp-json\/wp\/v2\/posts\/52065\/revisions"}],"predecessor-version":[{"id":52076,"href":"https:\/\/pagina10.com\/web\/wp-json\/wp\/v2\/posts\/52065\/revisions\/52076"}],"wp:featuredmedia":[{"embeddable":true,"href":"https:\/\/pagina10.com\/web\/wp-json\/wp\/v2\/media\/52067"}],"wp:attachment":[{"href":"https:\/\/pagina10.com\/web\/wp-json\/wp\/v2\/media?parent=52065"}],"wp:term":[{"taxonomy":"category","embeddable":true,"href":"https:\/\/pagina10.com\/web\/wp-json\/wp\/v2\/categories?post=52065"},{"taxonomy":"post_tag","embeddable":true,"href":"https:\/\/pagina10.com\/web\/wp-json\/wp\/v2\/tags?post=52065"}],"curies":[{"name":"wp","href":"https:\/\/api.w.org\/{rel}","templated":true}]}}