{"id":52088,"date":"2021-04-28T09:16:53","date_gmt":"2021-04-28T14:16:53","guid":{"rendered":"https:\/\/pagina10.com\/web\/?p=52088"},"modified":"2021-04-28T09:16:53","modified_gmt":"2021-04-28T14:16:53","slug":"tribunal-de-cundinamarca-ordena-aplazar-marchas-del-28-de-abril-y-1-de-mayo-de-2021-en-todo-el-pais","status":"publish","type":"post","link":"https:\/\/pagina10.com\/web\/tribunal-de-cundinamarca-ordena-aplazar-marchas-del-28-de-abril-y-1-de-mayo-de-2021-en-todo-el-pais\/","title":{"rendered":"Tribunal de Cundinamarca ordena aplazar marchas del 28 de abril y 1 de mayo de 2021, en todo el pa\u00eds."},"content":{"rendered":"<p style=\"text-align: justify;\">Ante la medida cautelar de urgencia proferida por el TRIBUNAL ADMINISTRATIVO DE CUNDINAMARCA con fecha del 27 de abril de 2021, que deja sin efecto los permisos otorgados para la realizaci\u00f3n de marchas y movilizaciones, concedidos por las alcald\u00edas, en todo el pa\u00eds, las cuales se llevar\u00e1n a cabo este mi\u00e9rcoles 28 de abril y el pr\u00f3ximo 1 de mayo de 2021.<\/p>\n<p style=\"text-align: justify;\">El Gobierno Departamental, dando estricto cumplimiento a esta orden judicial, da publicidad a su contenido, comunicando a la ciudan\u00eda en general y a los alcaldes de los 64 municipios del departamento de Nari\u00f1o, en texto adjunto, la providencia proferida por el Tribunal Administrativo de Cundinamarca, para que acaten lo dispuesto en la orden judicial y conforme a ello, tomen las medidas administrativas y policivas necesarias para que garanticen el cumplimientos del fallo, cuyo alcance se extiende tambi\u00e9n a los manifestantes para que se abstengan de realizar manifestaciones p\u00fablicas en las diferentes v\u00edas del territorio nacional, los d\u00edas 28 de abril y 1 de mayo de 2021, las cuales se encuentran aplazadas, hasta tanto se garantice el cumplimiento de los protocolos de bioseguridad exigidos.<\/p>\n<p><a href=\"https:\/\/sitio.narino.gov.co\/wp-content\/uploads\/2021\/04\/AUTO-DECRETA-MEDIDA-PROVISIONAL-ORDENA-APLAZAMIENTO-MANIFESTACIONES-28-DE-ABRIL-DE-2021.pdf\">https:\/\/sitio.narino.gov.co\/wp-content\/uploads\/2021\/04\/AUTO-DECRETA-MEDIDA-PROVISIONAL-ORDENA-APLAZAMIENTO-MANIFESTACIONES-28-DE-ABRIL-DE-2021.pdf<\/a><\/p>\n","protected":false},"excerpt":{"rendered":"<p>Ante la medida cautelar de urgencia proferida por el TRIBUNAL ADMINISTRATIVO DE CUNDINAMARCA con fecha del 27 de abril de 2021, que deja sin efecto los permisos otorgados para la realizaci\u00f3n de marchas y movilizaciones, concedidos por las alcald\u00edas, en todo el pa\u00eds, las cuales se llevar\u00e1n a cabo este mi\u00e9rcoles 28 de abril y [&hellip;]<\/p>\n","protected":false},"author":1,"featured_media":52089,"comment_status":"open","ping_status":"open","sticky":false,"template":"","format":"standard","meta":{"footnotes":""},"categories":[53],"tags":[],"class_list":["post-52088","post","type-post","status-publish","format-standard","has-post-thumbnail","hentry","category-regiones"],"yoast_head":"<!-- This site is optimized with the Yoast SEO plugin v27.1.1 - https:\/\/yoast.com\/product\/yoast-seo-wordpress\/ -->\n<title>Tribunal de Cundinamarca ordena aplazar marchas del 28 de abril y 1 de mayo de 2021, en todo el pa\u00eds. | P\u00e1gina10<\/title>\n<meta name=\"robots\" content=\"index, follow, max-snippet:-1, max-image-preview:large, max-video-preview:-1\" \/>\n<link rel=\"canonical\" href=\"https:\/\/pagina10.com\/web\/tribunal-de-cundinamarca-ordena-aplazar-marchas-del-28-de-abril-y-1-de-mayo-de-2021-en-todo-el-pais\/\" \/>\n<meta property=\"og:locale\" content=\"es_ES\" \/>\n<meta property=\"og:type\" content=\"article\" \/>\n<meta property=\"og:title\" content=\"Tribunal de Cundinamarca ordena aplazar marchas del 28 de abril y 1 de mayo de 2021, en todo el pa\u00eds. | P\u00e1gina10\" \/>\n<meta property=\"og:description\" content=\"Ante la medida cautelar de urgencia proferida por el TRIBUNAL ADMINISTRATIVO DE CUNDINAMARCA con fecha del 27 de abril de 2021, que deja sin efecto los permisos otorgados para la realizaci\u00f3n de marchas y movilizaciones, concedidos por las alcald\u00edas, en todo el pa\u00eds, las cuales se llevar\u00e1n a cabo este mi\u00e9rcoles 28 de abril y [&hellip;]\" \/>\n<meta property=\"og:url\" content=\"https:\/\/pagina10.com\/web\/tribunal-de-cundinamarca-ordena-aplazar-marchas-del-28-de-abril-y-1-de-mayo-de-2021-en-todo-el-pais\/\" \/>\n<meta property=\"og:site_name\" content=\"P\u00e1gina10\" \/>\n<meta property=\"article:publisher\" content=\"https:\/\/www.facebook.com\/pag10com\" \/>\n<meta property=\"article:published_time\" content=\"2021-04-28T14:16:53+00:00\" \/>\n<meta property=\"og:image\" content=\"https:\/\/pagina10.com\/web\/wp-content\/uploads\/2021\/04\/unnamed.png\" \/>\n\t<meta property=\"og:image:width\" content=\"339\" \/>\n\t<meta property=\"og:image:height\" content=\"149\" \/>\n\t<meta property=\"og:image:type\" content=\"image\/png\" \/>\n<meta name=\"author\" content=\"P\u00e1gina 10\" \/>\n<meta name=\"twitter:card\" content=\"summary_large_image\" \/>\n<meta name=\"twitter:creator\" content=\"@Pag10com\" \/>\n<meta name=\"twitter:site\" content=\"@Pag10com\" \/>\n<meta name=\"twitter:label1\" content=\"Escrito por\" \/>\n\t<meta name=\"twitter:data1\" content=\"P\u00e1gina 10\" \/>\n\t<meta name=\"twitter:label2\" content=\"Tiempo de lectura\" \/>\n\t<meta name=\"twitter:data2\" content=\"1 minuto\" \/>\n<script type=\"application\/ld+json\" class=\"yoast-schema-graph\">{\"@context\":\"https:\/\/schema.org\",\"@graph\":[{\"@type\":\"Article\",\"@id\":\"https:\/\/pagina10.com\/web\/tribunal-de-cundinamarca-ordena-aplazar-marchas-del-28-de-abril-y-1-de-mayo-de-2021-en-todo-el-pais\/#article\",\"isPartOf\":{\"@id\":\"https:\/\/pagina10.com\/web\/tribunal-de-cundinamarca-ordena-aplazar-marchas-del-28-de-abril-y-1-de-mayo-de-2021-en-todo-el-pais\/\"},\"author\":{\"name\":\"P\u00e1gina 10\",\"@id\":\"https:\/\/pagina10.com\/web\/#\/schema\/person\/2efc4a090d25b667d3bc796798a3a81b\"},\"headline\":\"Tribunal de Cundinamarca ordena aplazar marchas del 28 de abril y 1 de mayo de 2021, en todo el pa\u00eds.\",\"datePublished\":\"2021-04-28T14:16:53+00:00\",\"mainEntityOfPage\":{\"@id\":\"https:\/\/pagina10.com\/web\/tribunal-de-cundinamarca-ordena-aplazar-marchas-del-28-de-abril-y-1-de-mayo-de-2021-en-todo-el-pais\/\"},\"wordCount\":216,\"commentCount\":0,\"publisher\":{\"@id\":\"https:\/\/pagina10.com\/web\/#organization\"},\"image\":{\"@id\":\"https:\/\/pagina10.com\/web\/tribunal-de-cundinamarca-ordena-aplazar-marchas-del-28-de-abril-y-1-de-mayo-de-2021-en-todo-el-pais\/#primaryimage\"},\"thumbnailUrl\":\"https:\/\/pagina10.com\/web\/wp-content\/uploads\/2021\/04\/unnamed.png\",\"articleSection\":[\"Regiones\"],\"inLanguage\":\"es\",\"potentialAction\":[{\"@type\":\"CommentAction\",\"name\":\"Comment\",\"target\":[\"https:\/\/pagina10.com\/web\/tribunal-de-cundinamarca-ordena-aplazar-marchas-del-28-de-abril-y-1-de-mayo-de-2021-en-todo-el-pais\/#respond\"]}]},{\"@type\":\"WebPage\",\"@id\":\"https:\/\/pagina10.com\/web\/tribunal-de-cundinamarca-ordena-aplazar-marchas-del-28-de-abril-y-1-de-mayo-de-2021-en-todo-el-pais\/\",\"url\":\"https:\/\/pagina10.com\/web\/tribunal-de-cundinamarca-ordena-aplazar-marchas-del-28-de-abril-y-1-de-mayo-de-2021-en-todo-el-pais\/\",\"name\":\"Tribunal de Cundinamarca ordena aplazar marchas del 28 de abril y 1 de mayo de 2021, en todo el pa\u00eds. | P\u00e1gina10\",\"isPartOf\":{\"@id\":\"https:\/\/pagina10.com\/web\/#website\"},\"primaryImageOfPage\":{\"@id\":\"https:\/\/pagina10.com\/web\/tribunal-de-cundinamarca-ordena-aplazar-marchas-del-28-de-abril-y-1-de-mayo-de-2021-en-todo-el-pais\/#primaryimage\"},\"image\":{\"@id\":\"https:\/\/pagina10.com\/web\/tribunal-de-cundinamarca-ordena-aplazar-marchas-del-28-de-abril-y-1-de-mayo-de-2021-en-todo-el-pais\/#primaryimage\"},\"thumbnailUrl\":\"https:\/\/pagina10.com\/web\/wp-content\/uploads\/2021\/04\/unnamed.png\",\"datePublished\":\"2021-04-28T14:16:53+00:00\",\"breadcrumb\":{\"@id\":\"https:\/\/pagina10.com\/web\/tribunal-de-cundinamarca-ordena-aplazar-marchas-del-28-de-abril-y-1-de-mayo-de-2021-en-todo-el-pais\/#breadcrumb\"},\"inLanguage\":\"es\",\"potentialAction\":[{\"@type\":\"ReadAction\",\"target\":[\"https:\/\/pagina10.com\/web\/tribunal-de-cundinamarca-ordena-aplazar-marchas-del-28-de-abril-y-1-de-mayo-de-2021-en-todo-el-pais\/\"]}]},{\"@type\":\"ImageObject\",\"inLanguage\":\"es\",\"@id\":\"https:\/\/pagina10.com\/web\/tribunal-de-cundinamarca-ordena-aplazar-marchas-del-28-de-abril-y-1-de-mayo-de-2021-en-todo-el-pais\/#primaryimage\",\"url\":\"https:\/\/pagina10.com\/web\/wp-content\/uploads\/2021\/04\/unnamed.png\",\"contentUrl\":\"https:\/\/pagina10.com\/web\/wp-content\/uploads\/2021\/04\/unnamed.png\",\"width\":339,\"height\":149},{\"@type\":\"BreadcrumbList\",\"@id\":\"https:\/\/pagina10.com\/web\/tribunal-de-cundinamarca-ordena-aplazar-marchas-del-28-de-abril-y-1-de-mayo-de-2021-en-todo-el-pais\/#breadcrumb\",\"itemListElement\":[{\"@type\":\"ListItem\",\"position\":1,\"name\":\"Portada\",\"item\":\"https:\/\/pagina10.com\/web\/\"},{\"@type\":\"ListItem\",\"position\":2,\"name\":\"Tribunal de Cundinamarca ordena aplazar marchas del 28 de abril y 1 de mayo de 2021, en todo el pa\u00eds.\"}]},{\"@type\":\"WebSite\",\"@id\":\"https:\/\/pagina10.com\/web\/#website\",\"url\":\"https:\/\/pagina10.com\/web\/\",\"name\":\"P\u00e1gina10\",\"description\":\"Peri\u00f3dico Regional\",\"publisher\":{\"@id\":\"https:\/\/pagina10.com\/web\/#organization\"},\"alternateName\":\"P\u00e1gina10 Peri\u00f3dico Regional\",\"potentialAction\":[{\"@type\":\"SearchAction\",\"target\":{\"@type\":\"EntryPoint\",\"urlTemplate\":\"https:\/\/pagina10.com\/web\/?s={search_term_string}\"},\"query-input\":{\"@type\":\"PropertyValueSpecification\",\"valueRequired\":true,\"valueName\":\"search_term_string\"}}],\"inLanguage\":\"es\"},{\"@type\":\"Organization\",\"@id\":\"https:\/\/pagina10.com\/web\/#organization\",\"name\":\"P\u00e1gina10\",\"alternateName\":\"P\u00e1gina10 Peri\u00f3dico Regional\",\"url\":\"https:\/\/pagina10.com\/web\/\",\"logo\":{\"@type\":\"ImageObject\",\"inLanguage\":\"es\",\"@id\":\"https:\/\/pagina10.com\/web\/#\/schema\/logo\/image\/\",\"url\":\"https:\/\/pagina10.com\/web\/wp-content\/uploads\/2024\/01\/40-pagina-10-periodico-regional-pasto.jpg\",\"contentUrl\":\"https:\/\/pagina10.com\/web\/wp-content\/uploads\/2024\/01\/40-pagina-10-periodico-regional-pasto.jpg\",\"width\":1280,\"height\":720,\"caption\":\"P\u00e1gina10\"},\"image\":{\"@id\":\"https:\/\/pagina10.com\/web\/#\/schema\/logo\/image\/\"},\"sameAs\":[\"https:\/\/www.facebook.com\/pag10com\",\"https:\/\/x.com\/Pag10com\",\"https:\/\/www.instagram.com\/pagina10col\/\",\"https:\/\/youtube.com\/channel\/pag10\",\"https:\/\/www.tiktok.com\/@p10col\"]},{\"@type\":\"Person\",\"@id\":\"https:\/\/pagina10.com\/web\/#\/schema\/person\/2efc4a090d25b667d3bc796798a3a81b\",\"name\":\"P\u00e1gina 10\",\"description\":\"P\u00e1gina 10 es un peri\u00f3dico regional que nace en Colombia, en el departamento de Nari\u00f1o, con un enfoque global, fundamentado en cuatro pilares esenciales: la libertad, el pluralismo, la inclusi\u00f3n y la independencia. P\u00e1gina 10 hace referencia a Nari\u00f1o como el d\u00e9cimo departamento creado en Colombia, despu\u00e9s de un proceso pol\u00edtico liderado por actores y actrices regionales con el fin de obtener la independencia y autonom\u00eda de nuestros territorios. Con la creaci\u00f3n de P\u00e1gina 10 se pretende abrir un escenario para el dialogo, la reflexi\u00f3n y el debate que se extienda a otras geograf\u00edas de Am\u00e9rica Latina y del planeta, en una apuesta por transformar colectivamente los desaf\u00edos de un mundo contempor\u00e1neo, m\u00e1s all\u00e1 de las fronteras impuestas.\",\"url\":\"https:\/\/pagina10.com\/web\/author\/pdiezadmin\/\"}]}<\/script>\n<!-- \/ Yoast SEO plugin. -->","yoast_head_json":{"title":"Tribunal de Cundinamarca ordena aplazar marchas del 28 de abril y 1 de mayo de 2021, en todo el pa\u00eds. | P\u00e1gina10","robots":{"index":"index","follow":"follow","max-snippet":"max-snippet:-1","max-image-preview":"max-image-preview:large","max-video-preview":"max-video-preview:-1"},"canonical":"https:\/\/pagina10.com\/web\/tribunal-de-cundinamarca-ordena-aplazar-marchas-del-28-de-abril-y-1-de-mayo-de-2021-en-todo-el-pais\/","og_locale":"es_ES","og_type":"article","og_title":"Tribunal de Cundinamarca ordena aplazar marchas del 28 de abril y 1 de mayo de 2021, en todo el pa\u00eds. | P\u00e1gina10","og_description":"Ante la medida cautelar de urgencia proferida por el TRIBUNAL ADMINISTRATIVO DE CUNDINAMARCA con fecha del 27 de abril de 2021, que deja sin efecto los permisos otorgados para la realizaci\u00f3n de marchas y movilizaciones, concedidos por las alcald\u00edas, en todo el pa\u00eds, las cuales se llevar\u00e1n a cabo este mi\u00e9rcoles 28 de abril y [&hellip;]","og_url":"https:\/\/pagina10.com\/web\/tribunal-de-cundinamarca-ordena-aplazar-marchas-del-28-de-abril-y-1-de-mayo-de-2021-en-todo-el-pais\/","og_site_name":"P\u00e1gina10","article_publisher":"https:\/\/www.facebook.com\/pag10com","article_published_time":"2021-04-28T14:16:53+00:00","og_image":[{"width":339,"height":149,"url":"https:\/\/pagina10.com\/web\/wp-content\/uploads\/2021\/04\/unnamed.png","type":"image\/png"}],"author":"P\u00e1gina 10","twitter_card":"summary_large_image","twitter_creator":"@Pag10com","twitter_site":"@Pag10com","twitter_misc":{"Escrito por":"P\u00e1gina 10","Tiempo de lectura":"1 minuto"},"schema":{"@context":"https:\/\/schema.org","@graph":[{"@type":"Article","@id":"https:\/\/pagina10.com\/web\/tribunal-de-cundinamarca-ordena-aplazar-marchas-del-28-de-abril-y-1-de-mayo-de-2021-en-todo-el-pais\/#article","isPartOf":{"@id":"https:\/\/pagina10.com\/web\/tribunal-de-cundinamarca-ordena-aplazar-marchas-del-28-de-abril-y-1-de-mayo-de-2021-en-todo-el-pais\/"},"author":{"name":"P\u00e1gina 10","@id":"https:\/\/pagina10.com\/web\/#\/schema\/person\/2efc4a090d25b667d3bc796798a3a81b"},"headline":"Tribunal de Cundinamarca ordena aplazar marchas del 28 de abril y 1 de mayo de 2021, en todo el pa\u00eds.","datePublished":"2021-04-28T14:16:53+00:00","mainEntityOfPage":{"@id":"https:\/\/pagina10.com\/web\/tribunal-de-cundinamarca-ordena-aplazar-marchas-del-28-de-abril-y-1-de-mayo-de-2021-en-todo-el-pais\/"},"wordCount":216,"commentCount":0,"publisher":{"@id":"https:\/\/pagina10.com\/web\/#organization"},"image":{"@id":"https:\/\/pagina10.com\/web\/tribunal-de-cundinamarca-ordena-aplazar-marchas-del-28-de-abril-y-1-de-mayo-de-2021-en-todo-el-pais\/#primaryimage"},"thumbnailUrl":"https:\/\/pagina10.com\/web\/wp-content\/uploads\/2021\/04\/unnamed.png","articleSection":["Regiones"],"inLanguage":"es","potentialAction":[{"@type":"CommentAction","name":"Comment","target":["https:\/\/pagina10.com\/web\/tribunal-de-cundinamarca-ordena-aplazar-marchas-del-28-de-abril-y-1-de-mayo-de-2021-en-todo-el-pais\/#respond"]}]},{"@type":"WebPage","@id":"https:\/\/pagina10.com\/web\/tribunal-de-cundinamarca-ordena-aplazar-marchas-del-28-de-abril-y-1-de-mayo-de-2021-en-todo-el-pais\/","url":"https:\/\/pagina10.com\/web\/tribunal-de-cundinamarca-ordena-aplazar-marchas-del-28-de-abril-y-1-de-mayo-de-2021-en-todo-el-pais\/","name":"Tribunal de Cundinamarca ordena aplazar marchas del 28 de abril y 1 de mayo de 2021, en todo el pa\u00eds. | P\u00e1gina10","isPartOf":{"@id":"https:\/\/pagina10.com\/web\/#website"},"primaryImageOfPage":{"@id":"https:\/\/pagina10.com\/web\/tribunal-de-cundinamarca-ordena-aplazar-marchas-del-28-de-abril-y-1-de-mayo-de-2021-en-todo-el-pais\/#primaryimage"},"image":{"@id":"https:\/\/pagina10.com\/web\/tribunal-de-cundinamarca-ordena-aplazar-marchas-del-28-de-abril-y-1-de-mayo-de-2021-en-todo-el-pais\/#primaryimage"},"thumbnailUrl":"https:\/\/pagina10.com\/web\/wp-content\/uploads\/2021\/04\/unnamed.png","datePublished":"2021-04-28T14:16:53+00:00","breadcrumb":{"@id":"https:\/\/pagina10.com\/web\/tribunal-de-cundinamarca-ordena-aplazar-marchas-del-28-de-abril-y-1-de-mayo-de-2021-en-todo-el-pais\/#breadcrumb"},"inLanguage":"es","potentialAction":[{"@type":"ReadAction","target":["https:\/\/pagina10.com\/web\/tribunal-de-cundinamarca-ordena-aplazar-marchas-del-28-de-abril-y-1-de-mayo-de-2021-en-todo-el-pais\/"]}]},{"@type":"ImageObject","inLanguage":"es","@id":"https:\/\/pagina10.com\/web\/tribunal-de-cundinamarca-ordena-aplazar-marchas-del-28-de-abril-y-1-de-mayo-de-2021-en-todo-el-pais\/#primaryimage","url":"https:\/\/pagina10.com\/web\/wp-content\/uploads\/2021\/04\/unnamed.png","contentUrl":"https:\/\/pagina10.com\/web\/wp-content\/uploads\/2021\/04\/unnamed.png","width":339,"height":149},{"@type":"BreadcrumbList","@id":"https:\/\/pagina10.com\/web\/tribunal-de-cundinamarca-ordena-aplazar-marchas-del-28-de-abril-y-1-de-mayo-de-2021-en-todo-el-pais\/#breadcrumb","itemListElement":[{"@type":"ListItem","position":1,"name":"Portada","item":"https:\/\/pagina10.com\/web\/"},{"@type":"ListItem","position":2,"name":"Tribunal de Cundinamarca ordena aplazar marchas del 28 de abril y 1 de mayo de 2021, en todo el pa\u00eds."}]},{"@type":"WebSite","@id":"https:\/\/pagina10.com\/web\/#website","url":"https:\/\/pagina10.com\/web\/","name":"P\u00e1gina10","description":"Peri\u00f3dico Regional","publisher":{"@id":"https:\/\/pagina10.com\/web\/#organization"},"alternateName":"P\u00e1gina10 Peri\u00f3dico Regional","potentialAction":[{"@type":"SearchAction","target":{"@type":"EntryPoint","urlTemplate":"https:\/\/pagina10.com\/web\/?s={search_term_string}"},"query-input":{"@type":"PropertyValueSpecification","valueRequired":true,"valueName":"search_term_string"}}],"inLanguage":"es"},{"@type":"Organization","@id":"https:\/\/pagina10.com\/web\/#organization","name":"P\u00e1gina10","alternateName":"P\u00e1gina10 Peri\u00f3dico Regional","url":"https:\/\/pagina10.com\/web\/","logo":{"@type":"ImageObject","inLanguage":"es","@id":"https:\/\/pagina10.com\/web\/#\/schema\/logo\/image\/","url":"https:\/\/pagina10.com\/web\/wp-content\/uploads\/2024\/01\/40-pagina-10-periodico-regional-pasto.jpg","contentUrl":"https:\/\/pagina10.com\/web\/wp-content\/uploads\/2024\/01\/40-pagina-10-periodico-regional-pasto.jpg","width":1280,"height":720,"caption":"P\u00e1gina10"},"image":{"@id":"https:\/\/pagina10.com\/web\/#\/schema\/logo\/image\/"},"sameAs":["https:\/\/www.facebook.com\/pag10com","https:\/\/x.com\/Pag10com","https:\/\/www.instagram.com\/pagina10col\/","https:\/\/youtube.com\/channel\/pag10","https:\/\/www.tiktok.com\/@p10col"]},{"@type":"Person","@id":"https:\/\/pagina10.com\/web\/#\/schema\/person\/2efc4a090d25b667d3bc796798a3a81b","name":"P\u00e1gina 10","description":"P\u00e1gina 10 es un peri\u00f3dico regional que nace en Colombia, en el departamento de Nari\u00f1o, con un enfoque global, fundamentado en cuatro pilares esenciales: la libertad, el pluralismo, la inclusi\u00f3n y la independencia. P\u00e1gina 10 hace referencia a Nari\u00f1o como el d\u00e9cimo departamento creado en Colombia, despu\u00e9s de un proceso pol\u00edtico liderado por actores y actrices regionales con el fin de obtener la independencia y autonom\u00eda de nuestros territorios. Con la creaci\u00f3n de P\u00e1gina 10 se pretende abrir un escenario para el dialogo, la reflexi\u00f3n y el debate que se extienda a otras geograf\u00edas de Am\u00e9rica Latina y del planeta, en una apuesta por transformar colectivamente los desaf\u00edos de un mundo contempor\u00e1neo, m\u00e1s all\u00e1 de las fronteras impuestas.","url":"https:\/\/pagina10.com\/web\/author\/pdiezadmin\/"}]}},"_links":{"self":[{"href":"https:\/\/pagina10.com\/web\/wp-json\/wp\/v2\/posts\/52088","targetHints":{"allow":["GET"]}}],"collection":[{"href":"https:\/\/pagina10.com\/web\/wp-json\/wp\/v2\/posts"}],"about":[{"href":"https:\/\/pagina10.com\/web\/wp-json\/wp\/v2\/types\/post"}],"author":[{"embeddable":true,"href":"https:\/\/pagina10.com\/web\/wp-json\/wp\/v2\/users\/1"}],"replies":[{"embeddable":true,"href":"https:\/\/pagina10.com\/web\/wp-json\/wp\/v2\/comments?post=52088"}],"version-history":[{"count":1,"href":"https:\/\/pagina10.com\/web\/wp-json\/wp\/v2\/posts\/52088\/revisions"}],"predecessor-version":[{"id":52090,"href":"https:\/\/pagina10.com\/web\/wp-json\/wp\/v2\/posts\/52088\/revisions\/52090"}],"wp:featuredmedia":[{"embeddable":true,"href":"https:\/\/pagina10.com\/web\/wp-json\/wp\/v2\/media\/52089"}],"wp:attachment":[{"href":"https:\/\/pagina10.com\/web\/wp-json\/wp\/v2\/media?parent=52088"}],"wp:term":[{"taxonomy":"category","embeddable":true,"href":"https:\/\/pagina10.com\/web\/wp-json\/wp\/v2\/categories?post=52088"},{"taxonomy":"post_tag","embeddable":true,"href":"https:\/\/pagina10.com\/web\/wp-json\/wp\/v2\/tags?post=52088"}],"curies":[{"name":"wp","href":"https:\/\/api.w.org\/{rel}","templated":true}]}}