{"id":52091,"date":"2021-04-28T09:43:39","date_gmt":"2021-04-28T14:43:39","guid":{"rendered":"https:\/\/pagina10.com\/web\/?p=52091"},"modified":"2021-04-28T09:43:39","modified_gmt":"2021-04-28T14:43:39","slug":"un-artefacto-sin-identificar-exploto-esta-madrugada-en-las-instalaciones-de-la-alcaldia-de-pupiales","status":"publish","type":"post","link":"https:\/\/pagina10.com\/web\/un-artefacto-sin-identificar-exploto-esta-madrugada-en-las-instalaciones-de-la-alcaldia-de-pupiales\/","title":{"rendered":"Un artefacto, sin identificar, explot\u00f3 esta madrugada en las instalaciones de la Alcald\u00eda de Pupiales."},"content":{"rendered":"<p style=\"text-align: justify;\">El alcalde del municipio de Pupiales inform\u00f3 que sobre la madrugada de este mi\u00e9rcoles, explot\u00f3 un artefacto, sin identificar, \u00a0en las instalaciones de la Alcald\u00eda del municipio. Por fortuna, la explosi\u00f3n no ocasion\u00f3 ning\u00fan tipo de da\u00f1o f\u00edsico ni humano.<\/p>\n<p style=\"text-align: justify;\">En el lugar de los hechos hizo presencia integrantes de la Polic\u00eda Nacional, de los Bomberos Voluntarios y Funcionarios de la Alcald\u00eda.<\/p>\n<p style=\"text-align: justify;\">El alcalde del municipio se\u00f1al\u00f3 que hasta el momento tienen bajo control la situaci\u00f3n,\u00a0 e hizo un llamado a la comunidad Pupiale\u00f1a a actuar,\u00a0 con tranquilidad y prudencia.<\/p>\n","protected":false},"excerpt":{"rendered":"<p>El alcalde del municipio de Pupiales inform\u00f3 que sobre la madrugada de este mi\u00e9rcoles, explot\u00f3 un artefacto, sin identificar, \u00a0en las instalaciones de la Alcald\u00eda del municipio. Por fortuna, la explosi\u00f3n no ocasion\u00f3 ning\u00fan tipo de da\u00f1o f\u00edsico ni humano. En el lugar de los hechos hizo presencia integrantes de la Polic\u00eda Nacional, de los [&hellip;]<\/p>\n","protected":false},"author":1,"featured_media":52092,"comment_status":"open","ping_status":"open","sticky":false,"template":"","format":"standard","meta":{"footnotes":""},"categories":[53],"tags":[],"class_list":["post-52091","post","type-post","status-publish","format-standard","has-post-thumbnail","hentry","category-regiones"],"yoast_head":"<!-- This site is optimized with the Yoast SEO plugin v27.1.1 - https:\/\/yoast.com\/product\/yoast-seo-wordpress\/ -->\n<title>Un artefacto, sin identificar, explot\u00f3 esta madrugada en las instalaciones de la Alcald\u00eda de Pupiales. | P\u00e1gina10<\/title>\n<meta name=\"robots\" content=\"index, follow, max-snippet:-1, max-image-preview:large, max-video-preview:-1\" \/>\n<link rel=\"canonical\" href=\"https:\/\/pagina10.com\/web\/un-artefacto-sin-identificar-exploto-esta-madrugada-en-las-instalaciones-de-la-alcaldia-de-pupiales\/\" \/>\n<meta property=\"og:locale\" content=\"es_ES\" \/>\n<meta property=\"og:type\" content=\"article\" \/>\n<meta property=\"og:title\" content=\"Un artefacto, sin identificar, explot\u00f3 esta madrugada en las instalaciones de la Alcald\u00eda de Pupiales. | P\u00e1gina10\" \/>\n<meta property=\"og:description\" content=\"El alcalde del municipio de Pupiales inform\u00f3 que sobre la madrugada de este mi\u00e9rcoles, explot\u00f3 un artefacto, sin identificar, en las instalaciones de la Alcald\u00eda del municipio. Por fortuna, la explosi\u00f3n no ocasion\u00f3 ning\u00fan tipo de da\u00f1o f\u00edsico ni humano. En el lugar de los hechos hizo presencia integrantes de la Polic\u00eda Nacional, de los [&hellip;]\" \/>\n<meta property=\"og:url\" content=\"https:\/\/pagina10.com\/web\/un-artefacto-sin-identificar-exploto-esta-madrugada-en-las-instalaciones-de-la-alcaldia-de-pupiales\/\" \/>\n<meta property=\"og:site_name\" content=\"P\u00e1gina10\" \/>\n<meta property=\"article:publisher\" content=\"https:\/\/www.facebook.com\/pag10com\" \/>\n<meta property=\"article:published_time\" content=\"2021-04-28T14:43:39+00:00\" \/>\n<meta property=\"og:image\" content=\"https:\/\/pagina10.com\/web\/wp-content\/uploads\/2021\/04\/pupiales.jpg\" \/>\n\t<meta property=\"og:image:width\" content=\"700\" \/>\n\t<meta property=\"og:image:height\" content=\"500\" \/>\n\t<meta property=\"og:image:type\" content=\"image\/jpeg\" \/>\n<meta name=\"author\" content=\"P\u00e1gina 10\" \/>\n<meta name=\"twitter:card\" content=\"summary_large_image\" \/>\n<meta name=\"twitter:creator\" content=\"@Pag10com\" \/>\n<meta name=\"twitter:site\" content=\"@Pag10com\" \/>\n<meta name=\"twitter:label1\" content=\"Escrito por\" \/>\n\t<meta name=\"twitter:data1\" content=\"P\u00e1gina 10\" \/>\n\t<meta name=\"twitter:label2\" content=\"Tiempo de lectura\" \/>\n\t<meta name=\"twitter:data2\" content=\"1 minuto\" \/>\n<script type=\"application\/ld+json\" class=\"yoast-schema-graph\">{\"@context\":\"https:\/\/schema.org\",\"@graph\":[{\"@type\":\"Article\",\"@id\":\"https:\/\/pagina10.com\/web\/un-artefacto-sin-identificar-exploto-esta-madrugada-en-las-instalaciones-de-la-alcaldia-de-pupiales\/#article\",\"isPartOf\":{\"@id\":\"https:\/\/pagina10.com\/web\/un-artefacto-sin-identificar-exploto-esta-madrugada-en-las-instalaciones-de-la-alcaldia-de-pupiales\/\"},\"author\":{\"name\":\"P\u00e1gina 10\",\"@id\":\"https:\/\/pagina10.com\/web\/#\/schema\/person\/2efc4a090d25b667d3bc796798a3a81b\"},\"headline\":\"Un artefacto, sin identificar, explot\u00f3 esta madrugada en las instalaciones de la Alcald\u00eda de Pupiales.\",\"datePublished\":\"2021-04-28T14:43:39+00:00\",\"mainEntityOfPage\":{\"@id\":\"https:\/\/pagina10.com\/web\/un-artefacto-sin-identificar-exploto-esta-madrugada-en-las-instalaciones-de-la-alcaldia-de-pupiales\/\"},\"wordCount\":117,\"commentCount\":0,\"publisher\":{\"@id\":\"https:\/\/pagina10.com\/web\/#organization\"},\"image\":{\"@id\":\"https:\/\/pagina10.com\/web\/un-artefacto-sin-identificar-exploto-esta-madrugada-en-las-instalaciones-de-la-alcaldia-de-pupiales\/#primaryimage\"},\"thumbnailUrl\":\"https:\/\/pagina10.com\/web\/wp-content\/uploads\/2021\/04\/pupiales.jpg\",\"articleSection\":[\"Regiones\"],\"inLanguage\":\"es\",\"potentialAction\":[{\"@type\":\"CommentAction\",\"name\":\"Comment\",\"target\":[\"https:\/\/pagina10.com\/web\/un-artefacto-sin-identificar-exploto-esta-madrugada-en-las-instalaciones-de-la-alcaldia-de-pupiales\/#respond\"]}]},{\"@type\":\"WebPage\",\"@id\":\"https:\/\/pagina10.com\/web\/un-artefacto-sin-identificar-exploto-esta-madrugada-en-las-instalaciones-de-la-alcaldia-de-pupiales\/\",\"url\":\"https:\/\/pagina10.com\/web\/un-artefacto-sin-identificar-exploto-esta-madrugada-en-las-instalaciones-de-la-alcaldia-de-pupiales\/\",\"name\":\"Un artefacto, sin identificar, explot\u00f3 esta madrugada en las instalaciones de la Alcald\u00eda de Pupiales. | P\u00e1gina10\",\"isPartOf\":{\"@id\":\"https:\/\/pagina10.com\/web\/#website\"},\"primaryImageOfPage\":{\"@id\":\"https:\/\/pagina10.com\/web\/un-artefacto-sin-identificar-exploto-esta-madrugada-en-las-instalaciones-de-la-alcaldia-de-pupiales\/#primaryimage\"},\"image\":{\"@id\":\"https:\/\/pagina10.com\/web\/un-artefacto-sin-identificar-exploto-esta-madrugada-en-las-instalaciones-de-la-alcaldia-de-pupiales\/#primaryimage\"},\"thumbnailUrl\":\"https:\/\/pagina10.com\/web\/wp-content\/uploads\/2021\/04\/pupiales.jpg\",\"datePublished\":\"2021-04-28T14:43:39+00:00\",\"breadcrumb\":{\"@id\":\"https:\/\/pagina10.com\/web\/un-artefacto-sin-identificar-exploto-esta-madrugada-en-las-instalaciones-de-la-alcaldia-de-pupiales\/#breadcrumb\"},\"inLanguage\":\"es\",\"potentialAction\":[{\"@type\":\"ReadAction\",\"target\":[\"https:\/\/pagina10.com\/web\/un-artefacto-sin-identificar-exploto-esta-madrugada-en-las-instalaciones-de-la-alcaldia-de-pupiales\/\"]}]},{\"@type\":\"ImageObject\",\"inLanguage\":\"es\",\"@id\":\"https:\/\/pagina10.com\/web\/un-artefacto-sin-identificar-exploto-esta-madrugada-en-las-instalaciones-de-la-alcaldia-de-pupiales\/#primaryimage\",\"url\":\"https:\/\/pagina10.com\/web\/wp-content\/uploads\/2021\/04\/pupiales.jpg\",\"contentUrl\":\"https:\/\/pagina10.com\/web\/wp-content\/uploads\/2021\/04\/pupiales.jpg\",\"width\":700,\"height\":500},{\"@type\":\"BreadcrumbList\",\"@id\":\"https:\/\/pagina10.com\/web\/un-artefacto-sin-identificar-exploto-esta-madrugada-en-las-instalaciones-de-la-alcaldia-de-pupiales\/#breadcrumb\",\"itemListElement\":[{\"@type\":\"ListItem\",\"position\":1,\"name\":\"Portada\",\"item\":\"https:\/\/pagina10.com\/web\/\"},{\"@type\":\"ListItem\",\"position\":2,\"name\":\"Un artefacto, sin identificar, explot\u00f3 esta madrugada en las instalaciones de la Alcald\u00eda de Pupiales.\"}]},{\"@type\":\"WebSite\",\"@id\":\"https:\/\/pagina10.com\/web\/#website\",\"url\":\"https:\/\/pagina10.com\/web\/\",\"name\":\"P\u00e1gina10\",\"description\":\"Peri\u00f3dico Regional\",\"publisher\":{\"@id\":\"https:\/\/pagina10.com\/web\/#organization\"},\"alternateName\":\"P\u00e1gina10 Peri\u00f3dico Regional\",\"potentialAction\":[{\"@type\":\"SearchAction\",\"target\":{\"@type\":\"EntryPoint\",\"urlTemplate\":\"https:\/\/pagina10.com\/web\/?s={search_term_string}\"},\"query-input\":{\"@type\":\"PropertyValueSpecification\",\"valueRequired\":true,\"valueName\":\"search_term_string\"}}],\"inLanguage\":\"es\"},{\"@type\":\"Organization\",\"@id\":\"https:\/\/pagina10.com\/web\/#organization\",\"name\":\"P\u00e1gina10\",\"alternateName\":\"P\u00e1gina10 Peri\u00f3dico Regional\",\"url\":\"https:\/\/pagina10.com\/web\/\",\"logo\":{\"@type\":\"ImageObject\",\"inLanguage\":\"es\",\"@id\":\"https:\/\/pagina10.com\/web\/#\/schema\/logo\/image\/\",\"url\":\"https:\/\/pagina10.com\/web\/wp-content\/uploads\/2024\/01\/40-pagina-10-periodico-regional-pasto.jpg\",\"contentUrl\":\"https:\/\/pagina10.com\/web\/wp-content\/uploads\/2024\/01\/40-pagina-10-periodico-regional-pasto.jpg\",\"width\":1280,\"height\":720,\"caption\":\"P\u00e1gina10\"},\"image\":{\"@id\":\"https:\/\/pagina10.com\/web\/#\/schema\/logo\/image\/\"},\"sameAs\":[\"https:\/\/www.facebook.com\/pag10com\",\"https:\/\/x.com\/Pag10com\",\"https:\/\/www.instagram.com\/pagina10col\/\",\"https:\/\/youtube.com\/channel\/pag10\",\"https:\/\/www.tiktok.com\/@p10col\"]},{\"@type\":\"Person\",\"@id\":\"https:\/\/pagina10.com\/web\/#\/schema\/person\/2efc4a090d25b667d3bc796798a3a81b\",\"name\":\"P\u00e1gina 10\",\"description\":\"P\u00e1gina 10 es un peri\u00f3dico regional que nace en Colombia, en el departamento de Nari\u00f1o, con un enfoque global, fundamentado en cuatro pilares esenciales: la libertad, el pluralismo, la inclusi\u00f3n y la independencia. P\u00e1gina 10 hace referencia a Nari\u00f1o como el d\u00e9cimo departamento creado en Colombia, despu\u00e9s de un proceso pol\u00edtico liderado por actores y actrices regionales con el fin de obtener la independencia y autonom\u00eda de nuestros territorios. Con la creaci\u00f3n de P\u00e1gina 10 se pretende abrir un escenario para el dialogo, la reflexi\u00f3n y el debate que se extienda a otras geograf\u00edas de Am\u00e9rica Latina y del planeta, en una apuesta por transformar colectivamente los desaf\u00edos de un mundo contempor\u00e1neo, m\u00e1s all\u00e1 de las fronteras impuestas.\",\"url\":\"https:\/\/pagina10.com\/web\/author\/pdiezadmin\/\"}]}<\/script>\n<!-- \/ Yoast SEO plugin. -->","yoast_head_json":{"title":"Un artefacto, sin identificar, explot\u00f3 esta madrugada en las instalaciones de la Alcald\u00eda de Pupiales. | P\u00e1gina10","robots":{"index":"index","follow":"follow","max-snippet":"max-snippet:-1","max-image-preview":"max-image-preview:large","max-video-preview":"max-video-preview:-1"},"canonical":"https:\/\/pagina10.com\/web\/un-artefacto-sin-identificar-exploto-esta-madrugada-en-las-instalaciones-de-la-alcaldia-de-pupiales\/","og_locale":"es_ES","og_type":"article","og_title":"Un artefacto, sin identificar, explot\u00f3 esta madrugada en las instalaciones de la Alcald\u00eda de Pupiales. | P\u00e1gina10","og_description":"El alcalde del municipio de Pupiales inform\u00f3 que sobre la madrugada de este mi\u00e9rcoles, explot\u00f3 un artefacto, sin identificar, en las instalaciones de la Alcald\u00eda del municipio. Por fortuna, la explosi\u00f3n no ocasion\u00f3 ning\u00fan tipo de da\u00f1o f\u00edsico ni humano. En el lugar de los hechos hizo presencia integrantes de la Polic\u00eda Nacional, de los [&hellip;]","og_url":"https:\/\/pagina10.com\/web\/un-artefacto-sin-identificar-exploto-esta-madrugada-en-las-instalaciones-de-la-alcaldia-de-pupiales\/","og_site_name":"P\u00e1gina10","article_publisher":"https:\/\/www.facebook.com\/pag10com","article_published_time":"2021-04-28T14:43:39+00:00","og_image":[{"width":700,"height":500,"url":"https:\/\/pagina10.com\/web\/wp-content\/uploads\/2021\/04\/pupiales.jpg","type":"image\/jpeg"}],"author":"P\u00e1gina 10","twitter_card":"summary_large_image","twitter_creator":"@Pag10com","twitter_site":"@Pag10com","twitter_misc":{"Escrito por":"P\u00e1gina 10","Tiempo de lectura":"1 minuto"},"schema":{"@context":"https:\/\/schema.org","@graph":[{"@type":"Article","@id":"https:\/\/pagina10.com\/web\/un-artefacto-sin-identificar-exploto-esta-madrugada-en-las-instalaciones-de-la-alcaldia-de-pupiales\/#article","isPartOf":{"@id":"https:\/\/pagina10.com\/web\/un-artefacto-sin-identificar-exploto-esta-madrugada-en-las-instalaciones-de-la-alcaldia-de-pupiales\/"},"author":{"name":"P\u00e1gina 10","@id":"https:\/\/pagina10.com\/web\/#\/schema\/person\/2efc4a090d25b667d3bc796798a3a81b"},"headline":"Un artefacto, sin identificar, explot\u00f3 esta madrugada en las instalaciones de la Alcald\u00eda de Pupiales.","datePublished":"2021-04-28T14:43:39+00:00","mainEntityOfPage":{"@id":"https:\/\/pagina10.com\/web\/un-artefacto-sin-identificar-exploto-esta-madrugada-en-las-instalaciones-de-la-alcaldia-de-pupiales\/"},"wordCount":117,"commentCount":0,"publisher":{"@id":"https:\/\/pagina10.com\/web\/#organization"},"image":{"@id":"https:\/\/pagina10.com\/web\/un-artefacto-sin-identificar-exploto-esta-madrugada-en-las-instalaciones-de-la-alcaldia-de-pupiales\/#primaryimage"},"thumbnailUrl":"https:\/\/pagina10.com\/web\/wp-content\/uploads\/2021\/04\/pupiales.jpg","articleSection":["Regiones"],"inLanguage":"es","potentialAction":[{"@type":"CommentAction","name":"Comment","target":["https:\/\/pagina10.com\/web\/un-artefacto-sin-identificar-exploto-esta-madrugada-en-las-instalaciones-de-la-alcaldia-de-pupiales\/#respond"]}]},{"@type":"WebPage","@id":"https:\/\/pagina10.com\/web\/un-artefacto-sin-identificar-exploto-esta-madrugada-en-las-instalaciones-de-la-alcaldia-de-pupiales\/","url":"https:\/\/pagina10.com\/web\/un-artefacto-sin-identificar-exploto-esta-madrugada-en-las-instalaciones-de-la-alcaldia-de-pupiales\/","name":"Un artefacto, sin identificar, explot\u00f3 esta madrugada en las instalaciones de la Alcald\u00eda de Pupiales. | P\u00e1gina10","isPartOf":{"@id":"https:\/\/pagina10.com\/web\/#website"},"primaryImageOfPage":{"@id":"https:\/\/pagina10.com\/web\/un-artefacto-sin-identificar-exploto-esta-madrugada-en-las-instalaciones-de-la-alcaldia-de-pupiales\/#primaryimage"},"image":{"@id":"https:\/\/pagina10.com\/web\/un-artefacto-sin-identificar-exploto-esta-madrugada-en-las-instalaciones-de-la-alcaldia-de-pupiales\/#primaryimage"},"thumbnailUrl":"https:\/\/pagina10.com\/web\/wp-content\/uploads\/2021\/04\/pupiales.jpg","datePublished":"2021-04-28T14:43:39+00:00","breadcrumb":{"@id":"https:\/\/pagina10.com\/web\/un-artefacto-sin-identificar-exploto-esta-madrugada-en-las-instalaciones-de-la-alcaldia-de-pupiales\/#breadcrumb"},"inLanguage":"es","potentialAction":[{"@type":"ReadAction","target":["https:\/\/pagina10.com\/web\/un-artefacto-sin-identificar-exploto-esta-madrugada-en-las-instalaciones-de-la-alcaldia-de-pupiales\/"]}]},{"@type":"ImageObject","inLanguage":"es","@id":"https:\/\/pagina10.com\/web\/un-artefacto-sin-identificar-exploto-esta-madrugada-en-las-instalaciones-de-la-alcaldia-de-pupiales\/#primaryimage","url":"https:\/\/pagina10.com\/web\/wp-content\/uploads\/2021\/04\/pupiales.jpg","contentUrl":"https:\/\/pagina10.com\/web\/wp-content\/uploads\/2021\/04\/pupiales.jpg","width":700,"height":500},{"@type":"BreadcrumbList","@id":"https:\/\/pagina10.com\/web\/un-artefacto-sin-identificar-exploto-esta-madrugada-en-las-instalaciones-de-la-alcaldia-de-pupiales\/#breadcrumb","itemListElement":[{"@type":"ListItem","position":1,"name":"Portada","item":"https:\/\/pagina10.com\/web\/"},{"@type":"ListItem","position":2,"name":"Un artefacto, sin identificar, explot\u00f3 esta madrugada en las instalaciones de la Alcald\u00eda de Pupiales."}]},{"@type":"WebSite","@id":"https:\/\/pagina10.com\/web\/#website","url":"https:\/\/pagina10.com\/web\/","name":"P\u00e1gina10","description":"Peri\u00f3dico Regional","publisher":{"@id":"https:\/\/pagina10.com\/web\/#organization"},"alternateName":"P\u00e1gina10 Peri\u00f3dico Regional","potentialAction":[{"@type":"SearchAction","target":{"@type":"EntryPoint","urlTemplate":"https:\/\/pagina10.com\/web\/?s={search_term_string}"},"query-input":{"@type":"PropertyValueSpecification","valueRequired":true,"valueName":"search_term_string"}}],"inLanguage":"es"},{"@type":"Organization","@id":"https:\/\/pagina10.com\/web\/#organization","name":"P\u00e1gina10","alternateName":"P\u00e1gina10 Peri\u00f3dico Regional","url":"https:\/\/pagina10.com\/web\/","logo":{"@type":"ImageObject","inLanguage":"es","@id":"https:\/\/pagina10.com\/web\/#\/schema\/logo\/image\/","url":"https:\/\/pagina10.com\/web\/wp-content\/uploads\/2024\/01\/40-pagina-10-periodico-regional-pasto.jpg","contentUrl":"https:\/\/pagina10.com\/web\/wp-content\/uploads\/2024\/01\/40-pagina-10-periodico-regional-pasto.jpg","width":1280,"height":720,"caption":"P\u00e1gina10"},"image":{"@id":"https:\/\/pagina10.com\/web\/#\/schema\/logo\/image\/"},"sameAs":["https:\/\/www.facebook.com\/pag10com","https:\/\/x.com\/Pag10com","https:\/\/www.instagram.com\/pagina10col\/","https:\/\/youtube.com\/channel\/pag10","https:\/\/www.tiktok.com\/@p10col"]},{"@type":"Person","@id":"https:\/\/pagina10.com\/web\/#\/schema\/person\/2efc4a090d25b667d3bc796798a3a81b","name":"P\u00e1gina 10","description":"P\u00e1gina 10 es un peri\u00f3dico regional que nace en Colombia, en el departamento de Nari\u00f1o, con un enfoque global, fundamentado en cuatro pilares esenciales: la libertad, el pluralismo, la inclusi\u00f3n y la independencia. P\u00e1gina 10 hace referencia a Nari\u00f1o como el d\u00e9cimo departamento creado en Colombia, despu\u00e9s de un proceso pol\u00edtico liderado por actores y actrices regionales con el fin de obtener la independencia y autonom\u00eda de nuestros territorios. Con la creaci\u00f3n de P\u00e1gina 10 se pretende abrir un escenario para el dialogo, la reflexi\u00f3n y el debate que se extienda a otras geograf\u00edas de Am\u00e9rica Latina y del planeta, en una apuesta por transformar colectivamente los desaf\u00edos de un mundo contempor\u00e1neo, m\u00e1s all\u00e1 de las fronteras impuestas.","url":"https:\/\/pagina10.com\/web\/author\/pdiezadmin\/"}]}},"_links":{"self":[{"href":"https:\/\/pagina10.com\/web\/wp-json\/wp\/v2\/posts\/52091","targetHints":{"allow":["GET"]}}],"collection":[{"href":"https:\/\/pagina10.com\/web\/wp-json\/wp\/v2\/posts"}],"about":[{"href":"https:\/\/pagina10.com\/web\/wp-json\/wp\/v2\/types\/post"}],"author":[{"embeddable":true,"href":"https:\/\/pagina10.com\/web\/wp-json\/wp\/v2\/users\/1"}],"replies":[{"embeddable":true,"href":"https:\/\/pagina10.com\/web\/wp-json\/wp\/v2\/comments?post=52091"}],"version-history":[{"count":1,"href":"https:\/\/pagina10.com\/web\/wp-json\/wp\/v2\/posts\/52091\/revisions"}],"predecessor-version":[{"id":52093,"href":"https:\/\/pagina10.com\/web\/wp-json\/wp\/v2\/posts\/52091\/revisions\/52093"}],"wp:featuredmedia":[{"embeddable":true,"href":"https:\/\/pagina10.com\/web\/wp-json\/wp\/v2\/media\/52092"}],"wp:attachment":[{"href":"https:\/\/pagina10.com\/web\/wp-json\/wp\/v2\/media?parent=52091"}],"wp:term":[{"taxonomy":"category","embeddable":true,"href":"https:\/\/pagina10.com\/web\/wp-json\/wp\/v2\/categories?post=52091"},{"taxonomy":"post_tag","embeddable":true,"href":"https:\/\/pagina10.com\/web\/wp-json\/wp\/v2\/tags?post=52091"}],"curies":[{"name":"wp","href":"https:\/\/api.w.org\/{rel}","templated":true}]}}