{"id":52224,"date":"2021-05-03T14:15:43","date_gmt":"2021-05-03T19:15:43","guid":{"rendered":"https:\/\/pagina10.com\/web\/?p=52224"},"modified":"2021-05-07T14:26:44","modified_gmt":"2021-05-07T19:26:44","slug":"en-la-corte-suprema-de-justicia-se-dio-continuidad-a-la-audiencia-contra-el-exgobernador-camilo-romero","status":"publish","type":"post","link":"https:\/\/pagina10.com\/web\/en-la-corte-suprema-de-justicia-se-dio-continuidad-a-la-audiencia-contra-el-exgobernador-camilo-romero\/","title":{"rendered":"En la Corte Suprema de Justicia se dio continuidad a la audiencia contra el exgobernador Camilo Romero."},"content":{"rendered":"<p style=\"text-align: justify;\">Durante la ma\u00f1ana de este lunes, se llev\u00f3 a cabo, en la sala de primera instancia de la Corte Suprema de Justicia, la continuidad de la audiencia preparatoria contra el exgobernador de Nari\u00f1o, Camilo Romero, y su exsecretario de Hacienda, Mario Benavides.<\/p>\n<p style=\"text-align: justify;\">El exgobernador y hoy precandidato presidencial por la Coalici\u00f3n de la Esperanza, enfrenta al igual que su exsecretario, una acusaci\u00f3n hecha por la Fiscal\u00eda General de la Naci\u00f3n por posibles irregularidades en contratos para comercializar aguardiente Nari\u00f1o en el departamento.<\/p>\n","protected":false},"excerpt":{"rendered":"<p>Durante la ma\u00f1ana de este lunes, se llev\u00f3 a cabo, en la sala de primera instancia de la Corte Suprema de Justicia, la continuidad de la audiencia preparatoria contra el exgobernador de Nari\u00f1o, Camilo Romero, y su exsecretario de Hacienda, Mario Benavides. El exgobernador y hoy precandidato presidencial por la Coalici\u00f3n de la Esperanza, enfrenta [&hellip;]<\/p>\n","protected":false},"author":1,"featured_media":52225,"comment_status":"open","ping_status":"open","sticky":false,"template":"","format":"standard","meta":{"footnotes":""},"categories":[61],"tags":[],"class_list":["post-52224","post","type-post","status-publish","format-standard","has-post-thumbnail","hentry","category-judicial"],"yoast_head":"<!-- This site is optimized with the Yoast SEO plugin v27.1.1 - https:\/\/yoast.com\/product\/yoast-seo-wordpress\/ -->\n<title>En la Corte Suprema de Justicia se dio continuidad a la audiencia contra el exgobernador Camilo Romero. | P\u00e1gina10<\/title>\n<meta name=\"robots\" content=\"index, follow, max-snippet:-1, max-image-preview:large, max-video-preview:-1\" \/>\n<link rel=\"canonical\" href=\"https:\/\/pagina10.com\/web\/en-la-corte-suprema-de-justicia-se-dio-continuidad-a-la-audiencia-contra-el-exgobernador-camilo-romero\/\" \/>\n<meta property=\"og:locale\" content=\"es_ES\" \/>\n<meta property=\"og:type\" content=\"article\" \/>\n<meta property=\"og:title\" content=\"En la Corte Suprema de Justicia se dio continuidad a la audiencia contra el exgobernador Camilo Romero. | P\u00e1gina10\" \/>\n<meta property=\"og:description\" content=\"Durante la ma\u00f1ana de este lunes, se llev\u00f3 a cabo, en la sala de primera instancia de la Corte Suprema de Justicia, la continuidad de la audiencia preparatoria contra el exgobernador de Nari\u00f1o, Camilo Romero, y su exsecretario de Hacienda, Mario Benavides. El exgobernador y hoy precandidato presidencial por la Coalici\u00f3n de la Esperanza, enfrenta [&hellip;]\" \/>\n<meta property=\"og:url\" content=\"https:\/\/pagina10.com\/web\/en-la-corte-suprema-de-justicia-se-dio-continuidad-a-la-audiencia-contra-el-exgobernador-camilo-romero\/\" \/>\n<meta property=\"og:site_name\" content=\"P\u00e1gina10\" \/>\n<meta property=\"article:publisher\" content=\"https:\/\/www.facebook.com\/pag10com\" \/>\n<meta property=\"article:published_time\" content=\"2021-05-03T19:15:43+00:00\" \/>\n<meta property=\"article:modified_time\" content=\"2021-05-07T19:26:44+00:00\" \/>\n<meta property=\"og:image\" content=\"https:\/\/pagina10.com\/web\/wp-content\/uploads\/2021\/05\/5c1fa1bb720d4.jpeg\" \/>\n\t<meta property=\"og:image:width\" content=\"640\" \/>\n\t<meta property=\"og:image:height\" content=\"428\" \/>\n\t<meta property=\"og:image:type\" content=\"image\/jpeg\" \/>\n<meta name=\"author\" content=\"P\u00e1gina 10\" \/>\n<meta name=\"twitter:card\" content=\"summary_large_image\" \/>\n<meta name=\"twitter:creator\" content=\"@Pag10com\" \/>\n<meta name=\"twitter:site\" content=\"@Pag10com\" \/>\n<meta name=\"twitter:label1\" content=\"Escrito por\" \/>\n\t<meta name=\"twitter:data1\" content=\"P\u00e1gina 10\" \/>\n<script type=\"application\/ld+json\" class=\"yoast-schema-graph\">{\"@context\":\"https:\/\/schema.org\",\"@graph\":[{\"@type\":\"Article\",\"@id\":\"https:\/\/pagina10.com\/web\/en-la-corte-suprema-de-justicia-se-dio-continuidad-a-la-audiencia-contra-el-exgobernador-camilo-romero\/#article\",\"isPartOf\":{\"@id\":\"https:\/\/pagina10.com\/web\/en-la-corte-suprema-de-justicia-se-dio-continuidad-a-la-audiencia-contra-el-exgobernador-camilo-romero\/\"},\"author\":{\"name\":\"P\u00e1gina 10\",\"@id\":\"https:\/\/pagina10.com\/web\/#\/schema\/person\/2efc4a090d25b667d3bc796798a3a81b\"},\"headline\":\"En la Corte Suprema de Justicia se dio continuidad a la audiencia contra el exgobernador Camilo Romero.\",\"datePublished\":\"2021-05-03T19:15:43+00:00\",\"dateModified\":\"2021-05-07T19:26:44+00:00\",\"mainEntityOfPage\":{\"@id\":\"https:\/\/pagina10.com\/web\/en-la-corte-suprema-de-justicia-se-dio-continuidad-a-la-audiencia-contra-el-exgobernador-camilo-romero\/\"},\"wordCount\":106,\"commentCount\":0,\"publisher\":{\"@id\":\"https:\/\/pagina10.com\/web\/#organization\"},\"image\":{\"@id\":\"https:\/\/pagina10.com\/web\/en-la-corte-suprema-de-justicia-se-dio-continuidad-a-la-audiencia-contra-el-exgobernador-camilo-romero\/#primaryimage\"},\"thumbnailUrl\":\"https:\/\/pagina10.com\/web\/wp-content\/uploads\/2021\/05\/5c1fa1bb720d4.jpeg\",\"articleSection\":[\"Judicial\"],\"inLanguage\":\"es\",\"potentialAction\":[{\"@type\":\"CommentAction\",\"name\":\"Comment\",\"target\":[\"https:\/\/pagina10.com\/web\/en-la-corte-suprema-de-justicia-se-dio-continuidad-a-la-audiencia-contra-el-exgobernador-camilo-romero\/#respond\"]}]},{\"@type\":\"WebPage\",\"@id\":\"https:\/\/pagina10.com\/web\/en-la-corte-suprema-de-justicia-se-dio-continuidad-a-la-audiencia-contra-el-exgobernador-camilo-romero\/\",\"url\":\"https:\/\/pagina10.com\/web\/en-la-corte-suprema-de-justicia-se-dio-continuidad-a-la-audiencia-contra-el-exgobernador-camilo-romero\/\",\"name\":\"En la Corte Suprema de Justicia se dio continuidad a la audiencia contra el exgobernador Camilo Romero. | P\u00e1gina10\",\"isPartOf\":{\"@id\":\"https:\/\/pagina10.com\/web\/#website\"},\"primaryImageOfPage\":{\"@id\":\"https:\/\/pagina10.com\/web\/en-la-corte-suprema-de-justicia-se-dio-continuidad-a-la-audiencia-contra-el-exgobernador-camilo-romero\/#primaryimage\"},\"image\":{\"@id\":\"https:\/\/pagina10.com\/web\/en-la-corte-suprema-de-justicia-se-dio-continuidad-a-la-audiencia-contra-el-exgobernador-camilo-romero\/#primaryimage\"},\"thumbnailUrl\":\"https:\/\/pagina10.com\/web\/wp-content\/uploads\/2021\/05\/5c1fa1bb720d4.jpeg\",\"datePublished\":\"2021-05-03T19:15:43+00:00\",\"dateModified\":\"2021-05-07T19:26:44+00:00\",\"breadcrumb\":{\"@id\":\"https:\/\/pagina10.com\/web\/en-la-corte-suprema-de-justicia-se-dio-continuidad-a-la-audiencia-contra-el-exgobernador-camilo-romero\/#breadcrumb\"},\"inLanguage\":\"es\",\"potentialAction\":[{\"@type\":\"ReadAction\",\"target\":[\"https:\/\/pagina10.com\/web\/en-la-corte-suprema-de-justicia-se-dio-continuidad-a-la-audiencia-contra-el-exgobernador-camilo-romero\/\"]}]},{\"@type\":\"ImageObject\",\"inLanguage\":\"es\",\"@id\":\"https:\/\/pagina10.com\/web\/en-la-corte-suprema-de-justicia-se-dio-continuidad-a-la-audiencia-contra-el-exgobernador-camilo-romero\/#primaryimage\",\"url\":\"https:\/\/pagina10.com\/web\/wp-content\/uploads\/2021\/05\/5c1fa1bb720d4.jpeg\",\"contentUrl\":\"https:\/\/pagina10.com\/web\/wp-content\/uploads\/2021\/05\/5c1fa1bb720d4.jpeg\",\"width\":640,\"height\":428},{\"@type\":\"BreadcrumbList\",\"@id\":\"https:\/\/pagina10.com\/web\/en-la-corte-suprema-de-justicia-se-dio-continuidad-a-la-audiencia-contra-el-exgobernador-camilo-romero\/#breadcrumb\",\"itemListElement\":[{\"@type\":\"ListItem\",\"position\":1,\"name\":\"Portada\",\"item\":\"https:\/\/pagina10.com\/web\/\"},{\"@type\":\"ListItem\",\"position\":2,\"name\":\"En la Corte Suprema de Justicia se dio continuidad a la audiencia contra el exgobernador Camilo Romero.\"}]},{\"@type\":\"WebSite\",\"@id\":\"https:\/\/pagina10.com\/web\/#website\",\"url\":\"https:\/\/pagina10.com\/web\/\",\"name\":\"P\u00e1gina10\",\"description\":\"Peri\u00f3dico Regional\",\"publisher\":{\"@id\":\"https:\/\/pagina10.com\/web\/#organization\"},\"alternateName\":\"P\u00e1gina10 Peri\u00f3dico Regional\",\"potentialAction\":[{\"@type\":\"SearchAction\",\"target\":{\"@type\":\"EntryPoint\",\"urlTemplate\":\"https:\/\/pagina10.com\/web\/?s={search_term_string}\"},\"query-input\":{\"@type\":\"PropertyValueSpecification\",\"valueRequired\":true,\"valueName\":\"search_term_string\"}}],\"inLanguage\":\"es\"},{\"@type\":\"Organization\",\"@id\":\"https:\/\/pagina10.com\/web\/#organization\",\"name\":\"P\u00e1gina10\",\"alternateName\":\"P\u00e1gina10 Peri\u00f3dico Regional\",\"url\":\"https:\/\/pagina10.com\/web\/\",\"logo\":{\"@type\":\"ImageObject\",\"inLanguage\":\"es\",\"@id\":\"https:\/\/pagina10.com\/web\/#\/schema\/logo\/image\/\",\"url\":\"https:\/\/pagina10.com\/web\/wp-content\/uploads\/2024\/01\/40-pagina-10-periodico-regional-pasto.jpg\",\"contentUrl\":\"https:\/\/pagina10.com\/web\/wp-content\/uploads\/2024\/01\/40-pagina-10-periodico-regional-pasto.jpg\",\"width\":1280,\"height\":720,\"caption\":\"P\u00e1gina10\"},\"image\":{\"@id\":\"https:\/\/pagina10.com\/web\/#\/schema\/logo\/image\/\"},\"sameAs\":[\"https:\/\/www.facebook.com\/pag10com\",\"https:\/\/x.com\/Pag10com\",\"https:\/\/www.instagram.com\/pagina10col\/\",\"https:\/\/youtube.com\/channel\/pag10\",\"https:\/\/www.tiktok.com\/@p10col\"]},{\"@type\":\"Person\",\"@id\":\"https:\/\/pagina10.com\/web\/#\/schema\/person\/2efc4a090d25b667d3bc796798a3a81b\",\"name\":\"P\u00e1gina 10\",\"description\":\"P\u00e1gina 10 es un peri\u00f3dico regional que nace en Colombia, en el departamento de Nari\u00f1o, con un enfoque global, fundamentado en cuatro pilares esenciales: la libertad, el pluralismo, la inclusi\u00f3n y la independencia. P\u00e1gina 10 hace referencia a Nari\u00f1o como el d\u00e9cimo departamento creado en Colombia, despu\u00e9s de un proceso pol\u00edtico liderado por actores y actrices regionales con el fin de obtener la independencia y autonom\u00eda de nuestros territorios. Con la creaci\u00f3n de P\u00e1gina 10 se pretende abrir un escenario para el dialogo, la reflexi\u00f3n y el debate que se extienda a otras geograf\u00edas de Am\u00e9rica Latina y del planeta, en una apuesta por transformar colectivamente los desaf\u00edos de un mundo contempor\u00e1neo, m\u00e1s all\u00e1 de las fronteras impuestas.\",\"url\":\"https:\/\/pagina10.com\/web\/author\/pdiezadmin\/\"}]}<\/script>\n<!-- \/ Yoast SEO plugin. -->","yoast_head_json":{"title":"En la Corte Suprema de Justicia se dio continuidad a la audiencia contra el exgobernador Camilo Romero. | P\u00e1gina10","robots":{"index":"index","follow":"follow","max-snippet":"max-snippet:-1","max-image-preview":"max-image-preview:large","max-video-preview":"max-video-preview:-1"},"canonical":"https:\/\/pagina10.com\/web\/en-la-corte-suprema-de-justicia-se-dio-continuidad-a-la-audiencia-contra-el-exgobernador-camilo-romero\/","og_locale":"es_ES","og_type":"article","og_title":"En la Corte Suprema de Justicia se dio continuidad a la audiencia contra el exgobernador Camilo Romero. | P\u00e1gina10","og_description":"Durante la ma\u00f1ana de este lunes, se llev\u00f3 a cabo, en la sala de primera instancia de la Corte Suprema de Justicia, la continuidad de la audiencia preparatoria contra el exgobernador de Nari\u00f1o, Camilo Romero, y su exsecretario de Hacienda, Mario Benavides. El exgobernador y hoy precandidato presidencial por la Coalici\u00f3n de la Esperanza, enfrenta [&hellip;]","og_url":"https:\/\/pagina10.com\/web\/en-la-corte-suprema-de-justicia-se-dio-continuidad-a-la-audiencia-contra-el-exgobernador-camilo-romero\/","og_site_name":"P\u00e1gina10","article_publisher":"https:\/\/www.facebook.com\/pag10com","article_published_time":"2021-05-03T19:15:43+00:00","article_modified_time":"2021-05-07T19:26:44+00:00","og_image":[{"width":640,"height":428,"url":"https:\/\/pagina10.com\/web\/wp-content\/uploads\/2021\/05\/5c1fa1bb720d4.jpeg","type":"image\/jpeg"}],"author":"P\u00e1gina 10","twitter_card":"summary_large_image","twitter_creator":"@Pag10com","twitter_site":"@Pag10com","twitter_misc":{"Escrito por":"P\u00e1gina 10"},"schema":{"@context":"https:\/\/schema.org","@graph":[{"@type":"Article","@id":"https:\/\/pagina10.com\/web\/en-la-corte-suprema-de-justicia-se-dio-continuidad-a-la-audiencia-contra-el-exgobernador-camilo-romero\/#article","isPartOf":{"@id":"https:\/\/pagina10.com\/web\/en-la-corte-suprema-de-justicia-se-dio-continuidad-a-la-audiencia-contra-el-exgobernador-camilo-romero\/"},"author":{"name":"P\u00e1gina 10","@id":"https:\/\/pagina10.com\/web\/#\/schema\/person\/2efc4a090d25b667d3bc796798a3a81b"},"headline":"En la Corte Suprema de Justicia se dio continuidad a la audiencia contra el exgobernador Camilo Romero.","datePublished":"2021-05-03T19:15:43+00:00","dateModified":"2021-05-07T19:26:44+00:00","mainEntityOfPage":{"@id":"https:\/\/pagina10.com\/web\/en-la-corte-suprema-de-justicia-se-dio-continuidad-a-la-audiencia-contra-el-exgobernador-camilo-romero\/"},"wordCount":106,"commentCount":0,"publisher":{"@id":"https:\/\/pagina10.com\/web\/#organization"},"image":{"@id":"https:\/\/pagina10.com\/web\/en-la-corte-suprema-de-justicia-se-dio-continuidad-a-la-audiencia-contra-el-exgobernador-camilo-romero\/#primaryimage"},"thumbnailUrl":"https:\/\/pagina10.com\/web\/wp-content\/uploads\/2021\/05\/5c1fa1bb720d4.jpeg","articleSection":["Judicial"],"inLanguage":"es","potentialAction":[{"@type":"CommentAction","name":"Comment","target":["https:\/\/pagina10.com\/web\/en-la-corte-suprema-de-justicia-se-dio-continuidad-a-la-audiencia-contra-el-exgobernador-camilo-romero\/#respond"]}]},{"@type":"WebPage","@id":"https:\/\/pagina10.com\/web\/en-la-corte-suprema-de-justicia-se-dio-continuidad-a-la-audiencia-contra-el-exgobernador-camilo-romero\/","url":"https:\/\/pagina10.com\/web\/en-la-corte-suprema-de-justicia-se-dio-continuidad-a-la-audiencia-contra-el-exgobernador-camilo-romero\/","name":"En la Corte Suprema de Justicia se dio continuidad a la audiencia contra el exgobernador Camilo Romero. | P\u00e1gina10","isPartOf":{"@id":"https:\/\/pagina10.com\/web\/#website"},"primaryImageOfPage":{"@id":"https:\/\/pagina10.com\/web\/en-la-corte-suprema-de-justicia-se-dio-continuidad-a-la-audiencia-contra-el-exgobernador-camilo-romero\/#primaryimage"},"image":{"@id":"https:\/\/pagina10.com\/web\/en-la-corte-suprema-de-justicia-se-dio-continuidad-a-la-audiencia-contra-el-exgobernador-camilo-romero\/#primaryimage"},"thumbnailUrl":"https:\/\/pagina10.com\/web\/wp-content\/uploads\/2021\/05\/5c1fa1bb720d4.jpeg","datePublished":"2021-05-03T19:15:43+00:00","dateModified":"2021-05-07T19:26:44+00:00","breadcrumb":{"@id":"https:\/\/pagina10.com\/web\/en-la-corte-suprema-de-justicia-se-dio-continuidad-a-la-audiencia-contra-el-exgobernador-camilo-romero\/#breadcrumb"},"inLanguage":"es","potentialAction":[{"@type":"ReadAction","target":["https:\/\/pagina10.com\/web\/en-la-corte-suprema-de-justicia-se-dio-continuidad-a-la-audiencia-contra-el-exgobernador-camilo-romero\/"]}]},{"@type":"ImageObject","inLanguage":"es","@id":"https:\/\/pagina10.com\/web\/en-la-corte-suprema-de-justicia-se-dio-continuidad-a-la-audiencia-contra-el-exgobernador-camilo-romero\/#primaryimage","url":"https:\/\/pagina10.com\/web\/wp-content\/uploads\/2021\/05\/5c1fa1bb720d4.jpeg","contentUrl":"https:\/\/pagina10.com\/web\/wp-content\/uploads\/2021\/05\/5c1fa1bb720d4.jpeg","width":640,"height":428},{"@type":"BreadcrumbList","@id":"https:\/\/pagina10.com\/web\/en-la-corte-suprema-de-justicia-se-dio-continuidad-a-la-audiencia-contra-el-exgobernador-camilo-romero\/#breadcrumb","itemListElement":[{"@type":"ListItem","position":1,"name":"Portada","item":"https:\/\/pagina10.com\/web\/"},{"@type":"ListItem","position":2,"name":"En la Corte Suprema de Justicia se dio continuidad a la audiencia contra el exgobernador Camilo Romero."}]},{"@type":"WebSite","@id":"https:\/\/pagina10.com\/web\/#website","url":"https:\/\/pagina10.com\/web\/","name":"P\u00e1gina10","description":"Peri\u00f3dico Regional","publisher":{"@id":"https:\/\/pagina10.com\/web\/#organization"},"alternateName":"P\u00e1gina10 Peri\u00f3dico Regional","potentialAction":[{"@type":"SearchAction","target":{"@type":"EntryPoint","urlTemplate":"https:\/\/pagina10.com\/web\/?s={search_term_string}"},"query-input":{"@type":"PropertyValueSpecification","valueRequired":true,"valueName":"search_term_string"}}],"inLanguage":"es"},{"@type":"Organization","@id":"https:\/\/pagina10.com\/web\/#organization","name":"P\u00e1gina10","alternateName":"P\u00e1gina10 Peri\u00f3dico Regional","url":"https:\/\/pagina10.com\/web\/","logo":{"@type":"ImageObject","inLanguage":"es","@id":"https:\/\/pagina10.com\/web\/#\/schema\/logo\/image\/","url":"https:\/\/pagina10.com\/web\/wp-content\/uploads\/2024\/01\/40-pagina-10-periodico-regional-pasto.jpg","contentUrl":"https:\/\/pagina10.com\/web\/wp-content\/uploads\/2024\/01\/40-pagina-10-periodico-regional-pasto.jpg","width":1280,"height":720,"caption":"P\u00e1gina10"},"image":{"@id":"https:\/\/pagina10.com\/web\/#\/schema\/logo\/image\/"},"sameAs":["https:\/\/www.facebook.com\/pag10com","https:\/\/x.com\/Pag10com","https:\/\/www.instagram.com\/pagina10col\/","https:\/\/youtube.com\/channel\/pag10","https:\/\/www.tiktok.com\/@p10col"]},{"@type":"Person","@id":"https:\/\/pagina10.com\/web\/#\/schema\/person\/2efc4a090d25b667d3bc796798a3a81b","name":"P\u00e1gina 10","description":"P\u00e1gina 10 es un peri\u00f3dico regional que nace en Colombia, en el departamento de Nari\u00f1o, con un enfoque global, fundamentado en cuatro pilares esenciales: la libertad, el pluralismo, la inclusi\u00f3n y la independencia. P\u00e1gina 10 hace referencia a Nari\u00f1o como el d\u00e9cimo departamento creado en Colombia, despu\u00e9s de un proceso pol\u00edtico liderado por actores y actrices regionales con el fin de obtener la independencia y autonom\u00eda de nuestros territorios. Con la creaci\u00f3n de P\u00e1gina 10 se pretende abrir un escenario para el dialogo, la reflexi\u00f3n y el debate que se extienda a otras geograf\u00edas de Am\u00e9rica Latina y del planeta, en una apuesta por transformar colectivamente los desaf\u00edos de un mundo contempor\u00e1neo, m\u00e1s all\u00e1 de las fronteras impuestas.","url":"https:\/\/pagina10.com\/web\/author\/pdiezadmin\/"}]}},"_links":{"self":[{"href":"https:\/\/pagina10.com\/web\/wp-json\/wp\/v2\/posts\/52224","targetHints":{"allow":["GET"]}}],"collection":[{"href":"https:\/\/pagina10.com\/web\/wp-json\/wp\/v2\/posts"}],"about":[{"href":"https:\/\/pagina10.com\/web\/wp-json\/wp\/v2\/types\/post"}],"author":[{"embeddable":true,"href":"https:\/\/pagina10.com\/web\/wp-json\/wp\/v2\/users\/1"}],"replies":[{"embeddable":true,"href":"https:\/\/pagina10.com\/web\/wp-json\/wp\/v2\/comments?post=52224"}],"version-history":[{"count":2,"href":"https:\/\/pagina10.com\/web\/wp-json\/wp\/v2\/posts\/52224\/revisions"}],"predecessor-version":[{"id":52294,"href":"https:\/\/pagina10.com\/web\/wp-json\/wp\/v2\/posts\/52224\/revisions\/52294"}],"wp:featuredmedia":[{"embeddable":true,"href":"https:\/\/pagina10.com\/web\/wp-json\/wp\/v2\/media\/52225"}],"wp:attachment":[{"href":"https:\/\/pagina10.com\/web\/wp-json\/wp\/v2\/media?parent=52224"}],"wp:term":[{"taxonomy":"category","embeddable":true,"href":"https:\/\/pagina10.com\/web\/wp-json\/wp\/v2\/categories?post=52224"},{"taxonomy":"post_tag","embeddable":true,"href":"https:\/\/pagina10.com\/web\/wp-json\/wp\/v2\/tags?post=52224"}],"curies":[{"name":"wp","href":"https:\/\/api.w.org\/{rel}","templated":true}]}}