{"id":52291,"date":"2021-05-07T14:24:57","date_gmt":"2021-05-07T19:24:57","guid":{"rendered":"https:\/\/pagina10.com\/web\/?p=52291"},"modified":"2021-05-07T14:24:57","modified_gmt":"2021-05-07T19:24:57","slug":"los-testigos-claves-en-contra-del-exgobernador-camilo-romero","status":"publish","type":"post","link":"https:\/\/pagina10.com\/web\/los-testigos-claves-en-contra-del-exgobernador-camilo-romero\/","title":{"rendered":"Los testigos claves en contra del exgobernador Camilo Romero."},"content":{"rendered":"<p style=\"text-align: justify;\">El lunes 3 de mayo en la sala de primera instancia de la Corte Suprema de Justicia se dio continuidad a la audiencia preparatoria en contra del exgobernador Camilo Romero y su exsecretario de hacienda, Mario Benavides.<br \/>\nDurante la audiencia, el abogado Carlos Velazco, uno de los testigos en el caso, se\u00f1al\u00f3 que \u201cPedro Rodr\u00edguez como director de la oficina jur\u00eddica del departamento y Mario Fernando Benavides como secretario de Hacienda y gobernador encargado, conocieron de la ilegalidad de la venta del aguardiente a trav\u00e9s del decreto desde antes de consumar el negocio porque personalmente y por correo les dio a conocer su concepto y el del abogado Matallana y que no obstante persistieron en llevarlo a cabo\u201d.<br \/>\nCont\u00f3 tambi\u00e9n que con los documentos que los funcionarios presentaron se pretend\u00eda dar apariencia de legalidad al negocio, enga\u00f1ando con ello hasta un juez de constitucionalidad.<br \/>\nLa fiscal\u00eda se\u00f1al\u00f3 que Andr\u00e9s Felipe Arango Romero, primo del exgobernador y unos de los testigos de cargo por la participaci\u00f3n en los delitos materia de investigaci\u00f3n, deber\u00e1 poner en conocimiento de la Corte sobre la instrucci\u00f3n que dio el Gobernador para que fuera el gobernador encargado quien suscribiera el decreto que sacara a la venta el licor, para que se cristalizara el negocio, y el conocimiento que este tuvo de todo por lo cual le permitir\u00e1 a la Fiscal\u00eda probar la responsabilidad de los acusados en los delitos ya mencionados.<br \/>\nEl Fiscal, Hern\u00e1n D\u00edaz Soto, se\u00f1al\u00f3 que Tatiana Escobar Velazco, abogada contratista en la Gobernaci\u00f3n de la administraci\u00f3n de Romero, bajo el juramento de rigor dar\u00e1 cuenta tambi\u00e9n de la existencia de una orden del exgobernador, \u201cen el sentido de que todo documento que pueda traer una complicaci\u00f3n para \u00e9l como titular de la gobernaci\u00f3n fuera firmado preferiblemente cuando hubiese gobernador encargado, reafirmando con ella la raz\u00f3n que el decreto 364 del 24 de agosto de 2016 fuera suscrito por Mario Fernando Benavides como gobernador encargado\u201d.<br \/>\nCabe aclarar finalmente que Romero y su exsecretario de Hacienda, no aceptaron los cargos. A punto de terminar la lectura de pruebas el Fiscal D\u00edaz Soto pidi\u00f3 la suspensi\u00f3n de la audiencia ante la Corte Suprema de Justicia por problemas de salud, por lo cual el magistrado Ariel Torres convoc\u00f3 de nuevo a los intervinientes para el jueves 13 de mayo a las 8:30 am.<\/p>\n","protected":false},"excerpt":{"rendered":"<p>El lunes 3 de mayo en la sala de primera instancia de la Corte Suprema de Justicia se dio continuidad a la audiencia preparatoria en contra del exgobernador Camilo Romero y su exsecretario de hacienda, Mario Benavides. Durante la audiencia, el abogado Carlos Velazco, uno de los testigos en el caso, se\u00f1al\u00f3 que \u201cPedro Rodr\u00edguez [&hellip;]<\/p>\n","protected":false},"author":1,"featured_media":52292,"comment_status":"open","ping_status":"open","sticky":false,"template":"","format":"standard","meta":{"footnotes":""},"categories":[61],"tags":[],"class_list":["post-52291","post","type-post","status-publish","format-standard","has-post-thumbnail","hentry","category-judicial"],"yoast_head":"<!-- This site is optimized with the Yoast SEO plugin v27.1.1 - https:\/\/yoast.com\/product\/yoast-seo-wordpress\/ -->\n<title>Los testigos claves en contra del exgobernador Camilo Romero. | P\u00e1gina10<\/title>\n<meta name=\"robots\" content=\"index, follow, max-snippet:-1, max-image-preview:large, max-video-preview:-1\" \/>\n<link rel=\"canonical\" href=\"https:\/\/pagina10.com\/web\/los-testigos-claves-en-contra-del-exgobernador-camilo-romero\/\" \/>\n<meta property=\"og:locale\" content=\"es_ES\" \/>\n<meta property=\"og:type\" content=\"article\" \/>\n<meta property=\"og:title\" content=\"Los testigos claves en contra del exgobernador Camilo Romero. | P\u00e1gina10\" \/>\n<meta property=\"og:description\" content=\"El lunes 3 de mayo en la sala de primera instancia de la Corte Suprema de Justicia se dio continuidad a la audiencia preparatoria en contra del exgobernador Camilo Romero y su exsecretario de hacienda, Mario Benavides. Durante la audiencia, el abogado Carlos Velazco, uno de los testigos en el caso, se\u00f1al\u00f3 que \u201cPedro Rodr\u00edguez [&hellip;]\" \/>\n<meta property=\"og:url\" content=\"https:\/\/pagina10.com\/web\/los-testigos-claves-en-contra-del-exgobernador-camilo-romero\/\" \/>\n<meta property=\"og:site_name\" content=\"P\u00e1gina10\" \/>\n<meta property=\"article:publisher\" content=\"https:\/\/www.facebook.com\/pag10com\" \/>\n<meta property=\"article:published_time\" content=\"2021-05-07T19:24:57+00:00\" \/>\n<meta property=\"og:image\" content=\"https:\/\/pagina10.com\/web\/wp-content\/uploads\/2021\/05\/camiloromero.jpg\" \/>\n\t<meta property=\"og:image:width\" content=\"600\" \/>\n\t<meta property=\"og:image:height\" content=\"300\" \/>\n\t<meta property=\"og:image:type\" content=\"image\/jpeg\" \/>\n<meta name=\"author\" content=\"P\u00e1gina 10\" \/>\n<meta name=\"twitter:card\" content=\"summary_large_image\" \/>\n<meta name=\"twitter:creator\" content=\"@Pag10com\" \/>\n<meta name=\"twitter:site\" content=\"@Pag10com\" \/>\n<meta name=\"twitter:label1\" content=\"Escrito por\" \/>\n\t<meta name=\"twitter:data1\" content=\"P\u00e1gina 10\" \/>\n\t<meta name=\"twitter:label2\" content=\"Tiempo de lectura\" \/>\n\t<meta name=\"twitter:data2\" content=\"2 minutos\" \/>\n<script type=\"application\/ld+json\" class=\"yoast-schema-graph\">{\"@context\":\"https:\/\/schema.org\",\"@graph\":[{\"@type\":\"Article\",\"@id\":\"https:\/\/pagina10.com\/web\/los-testigos-claves-en-contra-del-exgobernador-camilo-romero\/#article\",\"isPartOf\":{\"@id\":\"https:\/\/pagina10.com\/web\/los-testigos-claves-en-contra-del-exgobernador-camilo-romero\/\"},\"author\":{\"name\":\"P\u00e1gina 10\",\"@id\":\"https:\/\/pagina10.com\/web\/#\/schema\/person\/2efc4a090d25b667d3bc796798a3a81b\"},\"headline\":\"Los testigos claves en contra del exgobernador Camilo Romero.\",\"datePublished\":\"2021-05-07T19:24:57+00:00\",\"mainEntityOfPage\":{\"@id\":\"https:\/\/pagina10.com\/web\/los-testigos-claves-en-contra-del-exgobernador-camilo-romero\/\"},\"wordCount\":414,\"commentCount\":0,\"publisher\":{\"@id\":\"https:\/\/pagina10.com\/web\/#organization\"},\"image\":{\"@id\":\"https:\/\/pagina10.com\/web\/los-testigos-claves-en-contra-del-exgobernador-camilo-romero\/#primaryimage\"},\"thumbnailUrl\":\"https:\/\/pagina10.com\/web\/wp-content\/uploads\/2021\/05\/camiloromero.jpg\",\"articleSection\":[\"Judicial\"],\"inLanguage\":\"es\",\"potentialAction\":[{\"@type\":\"CommentAction\",\"name\":\"Comment\",\"target\":[\"https:\/\/pagina10.com\/web\/los-testigos-claves-en-contra-del-exgobernador-camilo-romero\/#respond\"]}]},{\"@type\":\"WebPage\",\"@id\":\"https:\/\/pagina10.com\/web\/los-testigos-claves-en-contra-del-exgobernador-camilo-romero\/\",\"url\":\"https:\/\/pagina10.com\/web\/los-testigos-claves-en-contra-del-exgobernador-camilo-romero\/\",\"name\":\"Los testigos claves en contra del exgobernador Camilo Romero. | P\u00e1gina10\",\"isPartOf\":{\"@id\":\"https:\/\/pagina10.com\/web\/#website\"},\"primaryImageOfPage\":{\"@id\":\"https:\/\/pagina10.com\/web\/los-testigos-claves-en-contra-del-exgobernador-camilo-romero\/#primaryimage\"},\"image\":{\"@id\":\"https:\/\/pagina10.com\/web\/los-testigos-claves-en-contra-del-exgobernador-camilo-romero\/#primaryimage\"},\"thumbnailUrl\":\"https:\/\/pagina10.com\/web\/wp-content\/uploads\/2021\/05\/camiloromero.jpg\",\"datePublished\":\"2021-05-07T19:24:57+00:00\",\"breadcrumb\":{\"@id\":\"https:\/\/pagina10.com\/web\/los-testigos-claves-en-contra-del-exgobernador-camilo-romero\/#breadcrumb\"},\"inLanguage\":\"es\",\"potentialAction\":[{\"@type\":\"ReadAction\",\"target\":[\"https:\/\/pagina10.com\/web\/los-testigos-claves-en-contra-del-exgobernador-camilo-romero\/\"]}]},{\"@type\":\"ImageObject\",\"inLanguage\":\"es\",\"@id\":\"https:\/\/pagina10.com\/web\/los-testigos-claves-en-contra-del-exgobernador-camilo-romero\/#primaryimage\",\"url\":\"https:\/\/pagina10.com\/web\/wp-content\/uploads\/2021\/05\/camiloromero.jpg\",\"contentUrl\":\"https:\/\/pagina10.com\/web\/wp-content\/uploads\/2021\/05\/camiloromero.jpg\",\"width\":600,\"height\":300},{\"@type\":\"BreadcrumbList\",\"@id\":\"https:\/\/pagina10.com\/web\/los-testigos-claves-en-contra-del-exgobernador-camilo-romero\/#breadcrumb\",\"itemListElement\":[{\"@type\":\"ListItem\",\"position\":1,\"name\":\"Portada\",\"item\":\"https:\/\/pagina10.com\/web\/\"},{\"@type\":\"ListItem\",\"position\":2,\"name\":\"Los testigos claves en contra del exgobernador Camilo Romero.\"}]},{\"@type\":\"WebSite\",\"@id\":\"https:\/\/pagina10.com\/web\/#website\",\"url\":\"https:\/\/pagina10.com\/web\/\",\"name\":\"P\u00e1gina10\",\"description\":\"Peri\u00f3dico Regional\",\"publisher\":{\"@id\":\"https:\/\/pagina10.com\/web\/#organization\"},\"alternateName\":\"P\u00e1gina10 Peri\u00f3dico Regional\",\"potentialAction\":[{\"@type\":\"SearchAction\",\"target\":{\"@type\":\"EntryPoint\",\"urlTemplate\":\"https:\/\/pagina10.com\/web\/?s={search_term_string}\"},\"query-input\":{\"@type\":\"PropertyValueSpecification\",\"valueRequired\":true,\"valueName\":\"search_term_string\"}}],\"inLanguage\":\"es\"},{\"@type\":\"Organization\",\"@id\":\"https:\/\/pagina10.com\/web\/#organization\",\"name\":\"P\u00e1gina10\",\"alternateName\":\"P\u00e1gina10 Peri\u00f3dico Regional\",\"url\":\"https:\/\/pagina10.com\/web\/\",\"logo\":{\"@type\":\"ImageObject\",\"inLanguage\":\"es\",\"@id\":\"https:\/\/pagina10.com\/web\/#\/schema\/logo\/image\/\",\"url\":\"https:\/\/pagina10.com\/web\/wp-content\/uploads\/2024\/01\/40-pagina-10-periodico-regional-pasto.jpg\",\"contentUrl\":\"https:\/\/pagina10.com\/web\/wp-content\/uploads\/2024\/01\/40-pagina-10-periodico-regional-pasto.jpg\",\"width\":1280,\"height\":720,\"caption\":\"P\u00e1gina10\"},\"image\":{\"@id\":\"https:\/\/pagina10.com\/web\/#\/schema\/logo\/image\/\"},\"sameAs\":[\"https:\/\/www.facebook.com\/pag10com\",\"https:\/\/x.com\/Pag10com\",\"https:\/\/www.instagram.com\/pagina10col\/\",\"https:\/\/youtube.com\/channel\/pag10\",\"https:\/\/www.tiktok.com\/@p10col\"]},{\"@type\":\"Person\",\"@id\":\"https:\/\/pagina10.com\/web\/#\/schema\/person\/2efc4a090d25b667d3bc796798a3a81b\",\"name\":\"P\u00e1gina 10\",\"description\":\"P\u00e1gina 10 es un peri\u00f3dico regional que nace en Colombia, en el departamento de Nari\u00f1o, con un enfoque global, fundamentado en cuatro pilares esenciales: la libertad, el pluralismo, la inclusi\u00f3n y la independencia. P\u00e1gina 10 hace referencia a Nari\u00f1o como el d\u00e9cimo departamento creado en Colombia, despu\u00e9s de un proceso pol\u00edtico liderado por actores y actrices regionales con el fin de obtener la independencia y autonom\u00eda de nuestros territorios. Con la creaci\u00f3n de P\u00e1gina 10 se pretende abrir un escenario para el dialogo, la reflexi\u00f3n y el debate que se extienda a otras geograf\u00edas de Am\u00e9rica Latina y del planeta, en una apuesta por transformar colectivamente los desaf\u00edos de un mundo contempor\u00e1neo, m\u00e1s all\u00e1 de las fronteras impuestas.\",\"url\":\"https:\/\/pagina10.com\/web\/author\/pdiezadmin\/\"}]}<\/script>\n<!-- \/ Yoast SEO plugin. -->","yoast_head_json":{"title":"Los testigos claves en contra del exgobernador Camilo Romero. | P\u00e1gina10","robots":{"index":"index","follow":"follow","max-snippet":"max-snippet:-1","max-image-preview":"max-image-preview:large","max-video-preview":"max-video-preview:-1"},"canonical":"https:\/\/pagina10.com\/web\/los-testigos-claves-en-contra-del-exgobernador-camilo-romero\/","og_locale":"es_ES","og_type":"article","og_title":"Los testigos claves en contra del exgobernador Camilo Romero. | P\u00e1gina10","og_description":"El lunes 3 de mayo en la sala de primera instancia de la Corte Suprema de Justicia se dio continuidad a la audiencia preparatoria en contra del exgobernador Camilo Romero y su exsecretario de hacienda, Mario Benavides. Durante la audiencia, el abogado Carlos Velazco, uno de los testigos en el caso, se\u00f1al\u00f3 que \u201cPedro Rodr\u00edguez [&hellip;]","og_url":"https:\/\/pagina10.com\/web\/los-testigos-claves-en-contra-del-exgobernador-camilo-romero\/","og_site_name":"P\u00e1gina10","article_publisher":"https:\/\/www.facebook.com\/pag10com","article_published_time":"2021-05-07T19:24:57+00:00","og_image":[{"width":600,"height":300,"url":"https:\/\/pagina10.com\/web\/wp-content\/uploads\/2021\/05\/camiloromero.jpg","type":"image\/jpeg"}],"author":"P\u00e1gina 10","twitter_card":"summary_large_image","twitter_creator":"@Pag10com","twitter_site":"@Pag10com","twitter_misc":{"Escrito por":"P\u00e1gina 10","Tiempo de lectura":"2 minutos"},"schema":{"@context":"https:\/\/schema.org","@graph":[{"@type":"Article","@id":"https:\/\/pagina10.com\/web\/los-testigos-claves-en-contra-del-exgobernador-camilo-romero\/#article","isPartOf":{"@id":"https:\/\/pagina10.com\/web\/los-testigos-claves-en-contra-del-exgobernador-camilo-romero\/"},"author":{"name":"P\u00e1gina 10","@id":"https:\/\/pagina10.com\/web\/#\/schema\/person\/2efc4a090d25b667d3bc796798a3a81b"},"headline":"Los testigos claves en contra del exgobernador Camilo Romero.","datePublished":"2021-05-07T19:24:57+00:00","mainEntityOfPage":{"@id":"https:\/\/pagina10.com\/web\/los-testigos-claves-en-contra-del-exgobernador-camilo-romero\/"},"wordCount":414,"commentCount":0,"publisher":{"@id":"https:\/\/pagina10.com\/web\/#organization"},"image":{"@id":"https:\/\/pagina10.com\/web\/los-testigos-claves-en-contra-del-exgobernador-camilo-romero\/#primaryimage"},"thumbnailUrl":"https:\/\/pagina10.com\/web\/wp-content\/uploads\/2021\/05\/camiloromero.jpg","articleSection":["Judicial"],"inLanguage":"es","potentialAction":[{"@type":"CommentAction","name":"Comment","target":["https:\/\/pagina10.com\/web\/los-testigos-claves-en-contra-del-exgobernador-camilo-romero\/#respond"]}]},{"@type":"WebPage","@id":"https:\/\/pagina10.com\/web\/los-testigos-claves-en-contra-del-exgobernador-camilo-romero\/","url":"https:\/\/pagina10.com\/web\/los-testigos-claves-en-contra-del-exgobernador-camilo-romero\/","name":"Los testigos claves en contra del exgobernador Camilo Romero. | P\u00e1gina10","isPartOf":{"@id":"https:\/\/pagina10.com\/web\/#website"},"primaryImageOfPage":{"@id":"https:\/\/pagina10.com\/web\/los-testigos-claves-en-contra-del-exgobernador-camilo-romero\/#primaryimage"},"image":{"@id":"https:\/\/pagina10.com\/web\/los-testigos-claves-en-contra-del-exgobernador-camilo-romero\/#primaryimage"},"thumbnailUrl":"https:\/\/pagina10.com\/web\/wp-content\/uploads\/2021\/05\/camiloromero.jpg","datePublished":"2021-05-07T19:24:57+00:00","breadcrumb":{"@id":"https:\/\/pagina10.com\/web\/los-testigos-claves-en-contra-del-exgobernador-camilo-romero\/#breadcrumb"},"inLanguage":"es","potentialAction":[{"@type":"ReadAction","target":["https:\/\/pagina10.com\/web\/los-testigos-claves-en-contra-del-exgobernador-camilo-romero\/"]}]},{"@type":"ImageObject","inLanguage":"es","@id":"https:\/\/pagina10.com\/web\/los-testigos-claves-en-contra-del-exgobernador-camilo-romero\/#primaryimage","url":"https:\/\/pagina10.com\/web\/wp-content\/uploads\/2021\/05\/camiloromero.jpg","contentUrl":"https:\/\/pagina10.com\/web\/wp-content\/uploads\/2021\/05\/camiloromero.jpg","width":600,"height":300},{"@type":"BreadcrumbList","@id":"https:\/\/pagina10.com\/web\/los-testigos-claves-en-contra-del-exgobernador-camilo-romero\/#breadcrumb","itemListElement":[{"@type":"ListItem","position":1,"name":"Portada","item":"https:\/\/pagina10.com\/web\/"},{"@type":"ListItem","position":2,"name":"Los testigos claves en contra del exgobernador Camilo Romero."}]},{"@type":"WebSite","@id":"https:\/\/pagina10.com\/web\/#website","url":"https:\/\/pagina10.com\/web\/","name":"P\u00e1gina10","description":"Peri\u00f3dico Regional","publisher":{"@id":"https:\/\/pagina10.com\/web\/#organization"},"alternateName":"P\u00e1gina10 Peri\u00f3dico Regional","potentialAction":[{"@type":"SearchAction","target":{"@type":"EntryPoint","urlTemplate":"https:\/\/pagina10.com\/web\/?s={search_term_string}"},"query-input":{"@type":"PropertyValueSpecification","valueRequired":true,"valueName":"search_term_string"}}],"inLanguage":"es"},{"@type":"Organization","@id":"https:\/\/pagina10.com\/web\/#organization","name":"P\u00e1gina10","alternateName":"P\u00e1gina10 Peri\u00f3dico Regional","url":"https:\/\/pagina10.com\/web\/","logo":{"@type":"ImageObject","inLanguage":"es","@id":"https:\/\/pagina10.com\/web\/#\/schema\/logo\/image\/","url":"https:\/\/pagina10.com\/web\/wp-content\/uploads\/2024\/01\/40-pagina-10-periodico-regional-pasto.jpg","contentUrl":"https:\/\/pagina10.com\/web\/wp-content\/uploads\/2024\/01\/40-pagina-10-periodico-regional-pasto.jpg","width":1280,"height":720,"caption":"P\u00e1gina10"},"image":{"@id":"https:\/\/pagina10.com\/web\/#\/schema\/logo\/image\/"},"sameAs":["https:\/\/www.facebook.com\/pag10com","https:\/\/x.com\/Pag10com","https:\/\/www.instagram.com\/pagina10col\/","https:\/\/youtube.com\/channel\/pag10","https:\/\/www.tiktok.com\/@p10col"]},{"@type":"Person","@id":"https:\/\/pagina10.com\/web\/#\/schema\/person\/2efc4a090d25b667d3bc796798a3a81b","name":"P\u00e1gina 10","description":"P\u00e1gina 10 es un peri\u00f3dico regional que nace en Colombia, en el departamento de Nari\u00f1o, con un enfoque global, fundamentado en cuatro pilares esenciales: la libertad, el pluralismo, la inclusi\u00f3n y la independencia. P\u00e1gina 10 hace referencia a Nari\u00f1o como el d\u00e9cimo departamento creado en Colombia, despu\u00e9s de un proceso pol\u00edtico liderado por actores y actrices regionales con el fin de obtener la independencia y autonom\u00eda de nuestros territorios. Con la creaci\u00f3n de P\u00e1gina 10 se pretende abrir un escenario para el dialogo, la reflexi\u00f3n y el debate que se extienda a otras geograf\u00edas de Am\u00e9rica Latina y del planeta, en una apuesta por transformar colectivamente los desaf\u00edos de un mundo contempor\u00e1neo, m\u00e1s all\u00e1 de las fronteras impuestas.","url":"https:\/\/pagina10.com\/web\/author\/pdiezadmin\/"}]}},"_links":{"self":[{"href":"https:\/\/pagina10.com\/web\/wp-json\/wp\/v2\/posts\/52291","targetHints":{"allow":["GET"]}}],"collection":[{"href":"https:\/\/pagina10.com\/web\/wp-json\/wp\/v2\/posts"}],"about":[{"href":"https:\/\/pagina10.com\/web\/wp-json\/wp\/v2\/types\/post"}],"author":[{"embeddable":true,"href":"https:\/\/pagina10.com\/web\/wp-json\/wp\/v2\/users\/1"}],"replies":[{"embeddable":true,"href":"https:\/\/pagina10.com\/web\/wp-json\/wp\/v2\/comments?post=52291"}],"version-history":[{"count":1,"href":"https:\/\/pagina10.com\/web\/wp-json\/wp\/v2\/posts\/52291\/revisions"}],"predecessor-version":[{"id":52293,"href":"https:\/\/pagina10.com\/web\/wp-json\/wp\/v2\/posts\/52291\/revisions\/52293"}],"wp:featuredmedia":[{"embeddable":true,"href":"https:\/\/pagina10.com\/web\/wp-json\/wp\/v2\/media\/52292"}],"wp:attachment":[{"href":"https:\/\/pagina10.com\/web\/wp-json\/wp\/v2\/media?parent=52291"}],"wp:term":[{"taxonomy":"category","embeddable":true,"href":"https:\/\/pagina10.com\/web\/wp-json\/wp\/v2\/categories?post=52291"},{"taxonomy":"post_tag","embeddable":true,"href":"https:\/\/pagina10.com\/web\/wp-json\/wp\/v2\/tags?post=52291"}],"curies":[{"name":"wp","href":"https:\/\/api.w.org\/{rel}","templated":true}]}}