{"id":52306,"date":"2021-05-08T11:23:13","date_gmt":"2021-05-08T16:23:13","guid":{"rendered":"https:\/\/pagina10.com\/web\/?p=52306"},"modified":"2021-05-08T11:23:13","modified_gmt":"2021-05-08T16:23:13","slug":"la-satisfaccion-con-la-democracia-atraviesa-su-nivel-mas-bajo-en-el-pais","status":"publish","type":"post","link":"https:\/\/pagina10.com\/web\/la-satisfaccion-con-la-democracia-atraviesa-su-nivel-mas-bajo-en-el-pais\/","title":{"rendered":"La satisfacci\u00f3n con la democracia atraviesa su nivel m\u00e1s bajo en el pa\u00eds."},"content":{"rendered":"<p style=\"text-align: justify;\">De acuerdo al \u00faltimo informe del Observatorio de la Democracia, de la Universidad de Los Andes: Colombia 2020, un pa\u00eds en medio de la pandemia, la satisfacci\u00f3n de los colombianos con la democracia cay\u00f3 a su nivel m\u00e1s bajo en los \u00faltimos 17 a\u00f1os, solo un 18 % de los encuestados se mostr\u00f3 satisfecho.<\/p>\n<p style=\"text-align: justify;\">\u201cEso de alguna forma muestra un sentimiento antisistema pol\u00edtico muy grande en Colombia que podr\u00eda ser aprovechado por l\u00edderes antipol\u00edticos que agraven la situaci\u00f3n\u201d, explic\u00f3 Juan Carlos Rodr\u00edguez Raga, codirector del Observatorio.<\/p>\n<p style=\"text-align: justify;\">Junto a este resultado tambi\u00e9n se registran niveles bajos de confianza en tres ramas del poder: el presidente, el sistema de justicia y el Congreso. Ninguno de los resultados alcanza un porcentaje del 40 %.<\/p>\n<p style=\"text-align: justify;\">Esta actitud en contra de la pol\u00edtica tradicional, de los partidos y de las instituciones es, sin duda, un campo f\u00e9rtil para las propuestas populistas en \u00e9poca de elecciones, afirma Rodr\u00edguez Raga, quien pone sobre la mesa la importancia de que las instituciones recuperen la legitimidad, al igual que los partidos pol\u00edticos para que no se abran espacio propuestas antipartidos para el 2022.<br \/>\nPara el desarrollo del estudio se realizaron 3.200 entrevistas a personas mayores de 18 a\u00f1os en seis regiones del pa\u00eds: Caribe, Bogot\u00e1, central, pac\u00edfica, oriental y Amazon\u00eda-Orinoqu\u00eda; durante los meses de agosto a noviembre del 2020.<br \/>\nEn la investigaci\u00f3n tambi\u00e9n se logr\u00f3 concluir que el 35,6 % de los encuestados respondi\u00f3 que el principal problema del pa\u00eds es la salud y un 22,9 % de los encuestados se\u00f1alaron que la econom\u00eda del pa\u00eds era la segunda preocupaci\u00f3n de la ciudadan\u00eda. Se evidencio una disminuci\u00f3n considerable frente a la corrupci\u00f3n y al conflicto armado en pa\u00eds, a diferencia de otros a\u00f1os solo el 8,6 % y 15,8 %, respectivamente, consider\u00f3 que estos fen\u00f3menos eran los principales problemas del pa\u00eds.<\/p>\n<p style=\"text-align: justify;\">Por otra parte, el estudio evidencia que tres de cada cuatro colombianos cree que la llegada de migrantes venezolanos impacta negativamente la econom\u00eda nacional y un 68 % no duda en afirmar que la inseguridad se increment\u00f3 por su presencia. Adem\u00e1s, m\u00e1s de un 70 % asegura que la cultura colombiana se debilita con la llegada de esta poblaci\u00f3n. Sin embargo, el an\u00e1lisis del Observatorio de la Democracia explica tambi\u00e9n que esas actitudes xen\u00f3fobas no son tan espont\u00e1neas, sino que se relacionan con discursos de las \u00e9lites y los medios de comunicaci\u00f3n que refuerzan los estereotipos.<\/p>\n<p>Fuente: Universidad de Los Andes.<\/p>\n","protected":false},"excerpt":{"rendered":"<p>De acuerdo al \u00faltimo informe del Observatorio de la Democracia, de la Universidad de Los Andes: Colombia 2020, un pa\u00eds en medio de la pandemia, la satisfacci\u00f3n de los colombianos con la democracia cay\u00f3 a su nivel m\u00e1s bajo en los \u00faltimos 17 a\u00f1os, solo un 18 % de los encuestados se mostr\u00f3 satisfecho. \u201cEso [&hellip;]<\/p>\n","protected":false},"author":1,"featured_media":52307,"comment_status":"open","ping_status":"open","sticky":false,"template":"","format":"standard","meta":{"footnotes":""},"categories":[24],"tags":[],"class_list":["post-52306","post","type-post","status-publish","format-standard","has-post-thumbnail","hentry","category-nacional"],"yoast_head":"<!-- This site is optimized with the Yoast SEO plugin v27.1.1 - https:\/\/yoast.com\/product\/yoast-seo-wordpress\/ -->\n<title>La satisfacci\u00f3n con la democracia atraviesa su nivel m\u00e1s bajo en el pa\u00eds. | P\u00e1gina10<\/title>\n<meta name=\"robots\" content=\"index, follow, max-snippet:-1, max-image-preview:large, max-video-preview:-1\" \/>\n<link rel=\"canonical\" href=\"https:\/\/pagina10.com\/web\/la-satisfaccion-con-la-democracia-atraviesa-su-nivel-mas-bajo-en-el-pais\/\" \/>\n<meta property=\"og:locale\" content=\"es_ES\" \/>\n<meta property=\"og:type\" content=\"article\" \/>\n<meta property=\"og:title\" content=\"La satisfacci\u00f3n con la democracia atraviesa su nivel m\u00e1s bajo en el pa\u00eds. | P\u00e1gina10\" \/>\n<meta property=\"og:description\" content=\"De acuerdo al \u00faltimo informe del Observatorio de la Democracia, de la Universidad de Los Andes: Colombia 2020, un pa\u00eds en medio de la pandemia, la satisfacci\u00f3n de los colombianos con la democracia cay\u00f3 a su nivel m\u00e1s bajo en los \u00faltimos 17 a\u00f1os, solo un 18 % de los encuestados se mostr\u00f3 satisfecho. \u201cEso [&hellip;]\" \/>\n<meta property=\"og:url\" content=\"https:\/\/pagina10.com\/web\/la-satisfaccion-con-la-democracia-atraviesa-su-nivel-mas-bajo-en-el-pais\/\" \/>\n<meta property=\"og:site_name\" content=\"P\u00e1gina10\" \/>\n<meta property=\"article:publisher\" content=\"https:\/\/www.facebook.com\/pag10com\" \/>\n<meta property=\"article:published_time\" content=\"2021-05-08T16:23:13+00:00\" \/>\n<meta property=\"og:image\" content=\"https:\/\/pagina10.com\/web\/wp-content\/uploads\/2021\/05\/31B4VOTACION.jpg\" \/>\n\t<meta property=\"og:image:width\" content=\"480\" \/>\n\t<meta property=\"og:image:height\" content=\"272\" \/>\n\t<meta property=\"og:image:type\" content=\"image\/jpeg\" \/>\n<meta name=\"author\" content=\"P\u00e1gina 10\" \/>\n<meta name=\"twitter:card\" content=\"summary_large_image\" \/>\n<meta name=\"twitter:creator\" content=\"@Pag10com\" \/>\n<meta name=\"twitter:site\" content=\"@Pag10com\" \/>\n<meta name=\"twitter:label1\" content=\"Escrito por\" \/>\n\t<meta name=\"twitter:data1\" content=\"P\u00e1gina 10\" \/>\n\t<meta name=\"twitter:label2\" content=\"Tiempo de lectura\" \/>\n\t<meta name=\"twitter:data2\" content=\"2 minutos\" \/>\n<script type=\"application\/ld+json\" class=\"yoast-schema-graph\">{\"@context\":\"https:\/\/schema.org\",\"@graph\":[{\"@type\":\"Article\",\"@id\":\"https:\/\/pagina10.com\/web\/la-satisfaccion-con-la-democracia-atraviesa-su-nivel-mas-bajo-en-el-pais\/#article\",\"isPartOf\":{\"@id\":\"https:\/\/pagina10.com\/web\/la-satisfaccion-con-la-democracia-atraviesa-su-nivel-mas-bajo-en-el-pais\/\"},\"author\":{\"name\":\"P\u00e1gina 10\",\"@id\":\"https:\/\/pagina10.com\/web\/#\/schema\/person\/2efc4a090d25b667d3bc796798a3a81b\"},\"headline\":\"La satisfacci\u00f3n con la democracia atraviesa su nivel m\u00e1s bajo en el pa\u00eds.\",\"datePublished\":\"2021-05-08T16:23:13+00:00\",\"mainEntityOfPage\":{\"@id\":\"https:\/\/pagina10.com\/web\/la-satisfaccion-con-la-democracia-atraviesa-su-nivel-mas-bajo-en-el-pais\/\"},\"wordCount\":440,\"commentCount\":0,\"publisher\":{\"@id\":\"https:\/\/pagina10.com\/web\/#organization\"},\"image\":{\"@id\":\"https:\/\/pagina10.com\/web\/la-satisfaccion-con-la-democracia-atraviesa-su-nivel-mas-bajo-en-el-pais\/#primaryimage\"},\"thumbnailUrl\":\"https:\/\/pagina10.com\/web\/wp-content\/uploads\/2021\/05\/31B4VOTACION.jpg\",\"articleSection\":[\"Nacional\"],\"inLanguage\":\"es\",\"potentialAction\":[{\"@type\":\"CommentAction\",\"name\":\"Comment\",\"target\":[\"https:\/\/pagina10.com\/web\/la-satisfaccion-con-la-democracia-atraviesa-su-nivel-mas-bajo-en-el-pais\/#respond\"]}]},{\"@type\":\"WebPage\",\"@id\":\"https:\/\/pagina10.com\/web\/la-satisfaccion-con-la-democracia-atraviesa-su-nivel-mas-bajo-en-el-pais\/\",\"url\":\"https:\/\/pagina10.com\/web\/la-satisfaccion-con-la-democracia-atraviesa-su-nivel-mas-bajo-en-el-pais\/\",\"name\":\"La satisfacci\u00f3n con la democracia atraviesa su nivel m\u00e1s bajo en el pa\u00eds. | P\u00e1gina10\",\"isPartOf\":{\"@id\":\"https:\/\/pagina10.com\/web\/#website\"},\"primaryImageOfPage\":{\"@id\":\"https:\/\/pagina10.com\/web\/la-satisfaccion-con-la-democracia-atraviesa-su-nivel-mas-bajo-en-el-pais\/#primaryimage\"},\"image\":{\"@id\":\"https:\/\/pagina10.com\/web\/la-satisfaccion-con-la-democracia-atraviesa-su-nivel-mas-bajo-en-el-pais\/#primaryimage\"},\"thumbnailUrl\":\"https:\/\/pagina10.com\/web\/wp-content\/uploads\/2021\/05\/31B4VOTACION.jpg\",\"datePublished\":\"2021-05-08T16:23:13+00:00\",\"breadcrumb\":{\"@id\":\"https:\/\/pagina10.com\/web\/la-satisfaccion-con-la-democracia-atraviesa-su-nivel-mas-bajo-en-el-pais\/#breadcrumb\"},\"inLanguage\":\"es\",\"potentialAction\":[{\"@type\":\"ReadAction\",\"target\":[\"https:\/\/pagina10.com\/web\/la-satisfaccion-con-la-democracia-atraviesa-su-nivel-mas-bajo-en-el-pais\/\"]}]},{\"@type\":\"ImageObject\",\"inLanguage\":\"es\",\"@id\":\"https:\/\/pagina10.com\/web\/la-satisfaccion-con-la-democracia-atraviesa-su-nivel-mas-bajo-en-el-pais\/#primaryimage\",\"url\":\"https:\/\/pagina10.com\/web\/wp-content\/uploads\/2021\/05\/31B4VOTACION.jpg\",\"contentUrl\":\"https:\/\/pagina10.com\/web\/wp-content\/uploads\/2021\/05\/31B4VOTACION.jpg\",\"width\":480,\"height\":272,\"caption\":\"(Colprensa \/ Foto El Pa\u00eds).\"},{\"@type\":\"BreadcrumbList\",\"@id\":\"https:\/\/pagina10.com\/web\/la-satisfaccion-con-la-democracia-atraviesa-su-nivel-mas-bajo-en-el-pais\/#breadcrumb\",\"itemListElement\":[{\"@type\":\"ListItem\",\"position\":1,\"name\":\"Portada\",\"item\":\"https:\/\/pagina10.com\/web\/\"},{\"@type\":\"ListItem\",\"position\":2,\"name\":\"La satisfacci\u00f3n con la democracia atraviesa su nivel m\u00e1s bajo en el pa\u00eds.\"}]},{\"@type\":\"WebSite\",\"@id\":\"https:\/\/pagina10.com\/web\/#website\",\"url\":\"https:\/\/pagina10.com\/web\/\",\"name\":\"P\u00e1gina10\",\"description\":\"Peri\u00f3dico Regional\",\"publisher\":{\"@id\":\"https:\/\/pagina10.com\/web\/#organization\"},\"alternateName\":\"P\u00e1gina10 Peri\u00f3dico Regional\",\"potentialAction\":[{\"@type\":\"SearchAction\",\"target\":{\"@type\":\"EntryPoint\",\"urlTemplate\":\"https:\/\/pagina10.com\/web\/?s={search_term_string}\"},\"query-input\":{\"@type\":\"PropertyValueSpecification\",\"valueRequired\":true,\"valueName\":\"search_term_string\"}}],\"inLanguage\":\"es\"},{\"@type\":\"Organization\",\"@id\":\"https:\/\/pagina10.com\/web\/#organization\",\"name\":\"P\u00e1gina10\",\"alternateName\":\"P\u00e1gina10 Peri\u00f3dico Regional\",\"url\":\"https:\/\/pagina10.com\/web\/\",\"logo\":{\"@type\":\"ImageObject\",\"inLanguage\":\"es\",\"@id\":\"https:\/\/pagina10.com\/web\/#\/schema\/logo\/image\/\",\"url\":\"https:\/\/pagina10.com\/web\/wp-content\/uploads\/2024\/01\/40-pagina-10-periodico-regional-pasto.jpg\",\"contentUrl\":\"https:\/\/pagina10.com\/web\/wp-content\/uploads\/2024\/01\/40-pagina-10-periodico-regional-pasto.jpg\",\"width\":1280,\"height\":720,\"caption\":\"P\u00e1gina10\"},\"image\":{\"@id\":\"https:\/\/pagina10.com\/web\/#\/schema\/logo\/image\/\"},\"sameAs\":[\"https:\/\/www.facebook.com\/pag10com\",\"https:\/\/x.com\/Pag10com\",\"https:\/\/www.instagram.com\/pagina10col\/\",\"https:\/\/youtube.com\/channel\/pag10\",\"https:\/\/www.tiktok.com\/@p10col\"]},{\"@type\":\"Person\",\"@id\":\"https:\/\/pagina10.com\/web\/#\/schema\/person\/2efc4a090d25b667d3bc796798a3a81b\",\"name\":\"P\u00e1gina 10\",\"description\":\"P\u00e1gina 10 es un peri\u00f3dico regional que nace en Colombia, en el departamento de Nari\u00f1o, con un enfoque global, fundamentado en cuatro pilares esenciales: la libertad, el pluralismo, la inclusi\u00f3n y la independencia. P\u00e1gina 10 hace referencia a Nari\u00f1o como el d\u00e9cimo departamento creado en Colombia, despu\u00e9s de un proceso pol\u00edtico liderado por actores y actrices regionales con el fin de obtener la independencia y autonom\u00eda de nuestros territorios. Con la creaci\u00f3n de P\u00e1gina 10 se pretende abrir un escenario para el dialogo, la reflexi\u00f3n y el debate que se extienda a otras geograf\u00edas de Am\u00e9rica Latina y del planeta, en una apuesta por transformar colectivamente los desaf\u00edos de un mundo contempor\u00e1neo, m\u00e1s all\u00e1 de las fronteras impuestas.\",\"url\":\"https:\/\/pagina10.com\/web\/author\/pdiezadmin\/\"}]}<\/script>\n<!-- \/ Yoast SEO plugin. -->","yoast_head_json":{"title":"La satisfacci\u00f3n con la democracia atraviesa su nivel m\u00e1s bajo en el pa\u00eds. | P\u00e1gina10","robots":{"index":"index","follow":"follow","max-snippet":"max-snippet:-1","max-image-preview":"max-image-preview:large","max-video-preview":"max-video-preview:-1"},"canonical":"https:\/\/pagina10.com\/web\/la-satisfaccion-con-la-democracia-atraviesa-su-nivel-mas-bajo-en-el-pais\/","og_locale":"es_ES","og_type":"article","og_title":"La satisfacci\u00f3n con la democracia atraviesa su nivel m\u00e1s bajo en el pa\u00eds. | P\u00e1gina10","og_description":"De acuerdo al \u00faltimo informe del Observatorio de la Democracia, de la Universidad de Los Andes: Colombia 2020, un pa\u00eds en medio de la pandemia, la satisfacci\u00f3n de los colombianos con la democracia cay\u00f3 a su nivel m\u00e1s bajo en los \u00faltimos 17 a\u00f1os, solo un 18 % de los encuestados se mostr\u00f3 satisfecho. \u201cEso [&hellip;]","og_url":"https:\/\/pagina10.com\/web\/la-satisfaccion-con-la-democracia-atraviesa-su-nivel-mas-bajo-en-el-pais\/","og_site_name":"P\u00e1gina10","article_publisher":"https:\/\/www.facebook.com\/pag10com","article_published_time":"2021-05-08T16:23:13+00:00","og_image":[{"width":480,"height":272,"url":"https:\/\/pagina10.com\/web\/wp-content\/uploads\/2021\/05\/31B4VOTACION.jpg","type":"image\/jpeg"}],"author":"P\u00e1gina 10","twitter_card":"summary_large_image","twitter_creator":"@Pag10com","twitter_site":"@Pag10com","twitter_misc":{"Escrito por":"P\u00e1gina 10","Tiempo de lectura":"2 minutos"},"schema":{"@context":"https:\/\/schema.org","@graph":[{"@type":"Article","@id":"https:\/\/pagina10.com\/web\/la-satisfaccion-con-la-democracia-atraviesa-su-nivel-mas-bajo-en-el-pais\/#article","isPartOf":{"@id":"https:\/\/pagina10.com\/web\/la-satisfaccion-con-la-democracia-atraviesa-su-nivel-mas-bajo-en-el-pais\/"},"author":{"name":"P\u00e1gina 10","@id":"https:\/\/pagina10.com\/web\/#\/schema\/person\/2efc4a090d25b667d3bc796798a3a81b"},"headline":"La satisfacci\u00f3n con la democracia atraviesa su nivel m\u00e1s bajo en el pa\u00eds.","datePublished":"2021-05-08T16:23:13+00:00","mainEntityOfPage":{"@id":"https:\/\/pagina10.com\/web\/la-satisfaccion-con-la-democracia-atraviesa-su-nivel-mas-bajo-en-el-pais\/"},"wordCount":440,"commentCount":0,"publisher":{"@id":"https:\/\/pagina10.com\/web\/#organization"},"image":{"@id":"https:\/\/pagina10.com\/web\/la-satisfaccion-con-la-democracia-atraviesa-su-nivel-mas-bajo-en-el-pais\/#primaryimage"},"thumbnailUrl":"https:\/\/pagina10.com\/web\/wp-content\/uploads\/2021\/05\/31B4VOTACION.jpg","articleSection":["Nacional"],"inLanguage":"es","potentialAction":[{"@type":"CommentAction","name":"Comment","target":["https:\/\/pagina10.com\/web\/la-satisfaccion-con-la-democracia-atraviesa-su-nivel-mas-bajo-en-el-pais\/#respond"]}]},{"@type":"WebPage","@id":"https:\/\/pagina10.com\/web\/la-satisfaccion-con-la-democracia-atraviesa-su-nivel-mas-bajo-en-el-pais\/","url":"https:\/\/pagina10.com\/web\/la-satisfaccion-con-la-democracia-atraviesa-su-nivel-mas-bajo-en-el-pais\/","name":"La satisfacci\u00f3n con la democracia atraviesa su nivel m\u00e1s bajo en el pa\u00eds. | P\u00e1gina10","isPartOf":{"@id":"https:\/\/pagina10.com\/web\/#website"},"primaryImageOfPage":{"@id":"https:\/\/pagina10.com\/web\/la-satisfaccion-con-la-democracia-atraviesa-su-nivel-mas-bajo-en-el-pais\/#primaryimage"},"image":{"@id":"https:\/\/pagina10.com\/web\/la-satisfaccion-con-la-democracia-atraviesa-su-nivel-mas-bajo-en-el-pais\/#primaryimage"},"thumbnailUrl":"https:\/\/pagina10.com\/web\/wp-content\/uploads\/2021\/05\/31B4VOTACION.jpg","datePublished":"2021-05-08T16:23:13+00:00","breadcrumb":{"@id":"https:\/\/pagina10.com\/web\/la-satisfaccion-con-la-democracia-atraviesa-su-nivel-mas-bajo-en-el-pais\/#breadcrumb"},"inLanguage":"es","potentialAction":[{"@type":"ReadAction","target":["https:\/\/pagina10.com\/web\/la-satisfaccion-con-la-democracia-atraviesa-su-nivel-mas-bajo-en-el-pais\/"]}]},{"@type":"ImageObject","inLanguage":"es","@id":"https:\/\/pagina10.com\/web\/la-satisfaccion-con-la-democracia-atraviesa-su-nivel-mas-bajo-en-el-pais\/#primaryimage","url":"https:\/\/pagina10.com\/web\/wp-content\/uploads\/2021\/05\/31B4VOTACION.jpg","contentUrl":"https:\/\/pagina10.com\/web\/wp-content\/uploads\/2021\/05\/31B4VOTACION.jpg","width":480,"height":272,"caption":"(Colprensa \/ Foto El Pa\u00eds)."},{"@type":"BreadcrumbList","@id":"https:\/\/pagina10.com\/web\/la-satisfaccion-con-la-democracia-atraviesa-su-nivel-mas-bajo-en-el-pais\/#breadcrumb","itemListElement":[{"@type":"ListItem","position":1,"name":"Portada","item":"https:\/\/pagina10.com\/web\/"},{"@type":"ListItem","position":2,"name":"La satisfacci\u00f3n con la democracia atraviesa su nivel m\u00e1s bajo en el pa\u00eds."}]},{"@type":"WebSite","@id":"https:\/\/pagina10.com\/web\/#website","url":"https:\/\/pagina10.com\/web\/","name":"P\u00e1gina10","description":"Peri\u00f3dico Regional","publisher":{"@id":"https:\/\/pagina10.com\/web\/#organization"},"alternateName":"P\u00e1gina10 Peri\u00f3dico Regional","potentialAction":[{"@type":"SearchAction","target":{"@type":"EntryPoint","urlTemplate":"https:\/\/pagina10.com\/web\/?s={search_term_string}"},"query-input":{"@type":"PropertyValueSpecification","valueRequired":true,"valueName":"search_term_string"}}],"inLanguage":"es"},{"@type":"Organization","@id":"https:\/\/pagina10.com\/web\/#organization","name":"P\u00e1gina10","alternateName":"P\u00e1gina10 Peri\u00f3dico Regional","url":"https:\/\/pagina10.com\/web\/","logo":{"@type":"ImageObject","inLanguage":"es","@id":"https:\/\/pagina10.com\/web\/#\/schema\/logo\/image\/","url":"https:\/\/pagina10.com\/web\/wp-content\/uploads\/2024\/01\/40-pagina-10-periodico-regional-pasto.jpg","contentUrl":"https:\/\/pagina10.com\/web\/wp-content\/uploads\/2024\/01\/40-pagina-10-periodico-regional-pasto.jpg","width":1280,"height":720,"caption":"P\u00e1gina10"},"image":{"@id":"https:\/\/pagina10.com\/web\/#\/schema\/logo\/image\/"},"sameAs":["https:\/\/www.facebook.com\/pag10com","https:\/\/x.com\/Pag10com","https:\/\/www.instagram.com\/pagina10col\/","https:\/\/youtube.com\/channel\/pag10","https:\/\/www.tiktok.com\/@p10col"]},{"@type":"Person","@id":"https:\/\/pagina10.com\/web\/#\/schema\/person\/2efc4a090d25b667d3bc796798a3a81b","name":"P\u00e1gina 10","description":"P\u00e1gina 10 es un peri\u00f3dico regional que nace en Colombia, en el departamento de Nari\u00f1o, con un enfoque global, fundamentado en cuatro pilares esenciales: la libertad, el pluralismo, la inclusi\u00f3n y la independencia. P\u00e1gina 10 hace referencia a Nari\u00f1o como el d\u00e9cimo departamento creado en Colombia, despu\u00e9s de un proceso pol\u00edtico liderado por actores y actrices regionales con el fin de obtener la independencia y autonom\u00eda de nuestros territorios. Con la creaci\u00f3n de P\u00e1gina 10 se pretende abrir un escenario para el dialogo, la reflexi\u00f3n y el debate que se extienda a otras geograf\u00edas de Am\u00e9rica Latina y del planeta, en una apuesta por transformar colectivamente los desaf\u00edos de un mundo contempor\u00e1neo, m\u00e1s all\u00e1 de las fronteras impuestas.","url":"https:\/\/pagina10.com\/web\/author\/pdiezadmin\/"}]}},"_links":{"self":[{"href":"https:\/\/pagina10.com\/web\/wp-json\/wp\/v2\/posts\/52306","targetHints":{"allow":["GET"]}}],"collection":[{"href":"https:\/\/pagina10.com\/web\/wp-json\/wp\/v2\/posts"}],"about":[{"href":"https:\/\/pagina10.com\/web\/wp-json\/wp\/v2\/types\/post"}],"author":[{"embeddable":true,"href":"https:\/\/pagina10.com\/web\/wp-json\/wp\/v2\/users\/1"}],"replies":[{"embeddable":true,"href":"https:\/\/pagina10.com\/web\/wp-json\/wp\/v2\/comments?post=52306"}],"version-history":[{"count":1,"href":"https:\/\/pagina10.com\/web\/wp-json\/wp\/v2\/posts\/52306\/revisions"}],"predecessor-version":[{"id":52308,"href":"https:\/\/pagina10.com\/web\/wp-json\/wp\/v2\/posts\/52306\/revisions\/52308"}],"wp:featuredmedia":[{"embeddable":true,"href":"https:\/\/pagina10.com\/web\/wp-json\/wp\/v2\/media\/52307"}],"wp:attachment":[{"href":"https:\/\/pagina10.com\/web\/wp-json\/wp\/v2\/media?parent=52306"}],"wp:term":[{"taxonomy":"category","embeddable":true,"href":"https:\/\/pagina10.com\/web\/wp-json\/wp\/v2\/categories?post=52306"},{"taxonomy":"post_tag","embeddable":true,"href":"https:\/\/pagina10.com\/web\/wp-json\/wp\/v2\/tags?post=52306"}],"curies":[{"name":"wp","href":"https:\/\/api.w.org\/{rel}","templated":true}]}}