{"id":52309,"date":"2021-05-08T11:58:19","date_gmt":"2021-05-08T16:58:19","guid":{"rendered":"https:\/\/pagina10.com\/web\/?p=52309"},"modified":"2021-05-08T11:58:19","modified_gmt":"2021-05-08T16:58:19","slug":"se-aprobo-en-la-camara-la-proposicion-de-crear-mesa-de-dialogo-nacional-con-los-jovenes-del-pais","status":"publish","type":"post","link":"https:\/\/pagina10.com\/web\/se-aprobo-en-la-camara-la-proposicion-de-crear-mesa-de-dialogo-nacional-con-los-jovenes-del-pais\/","title":{"rendered":"Se aprob\u00f3 en la C\u00e1mara la proposici\u00f3n de crear mesa de dialogo nacional con los j\u00f3venes del pa\u00eds."},"content":{"rendered":"<p style=\"text-align: justify;\">En plenaria de la C\u00e1mara se aprob\u00f3 ayer la proposici\u00f3n hecha por varios Representantes de crear espacios de dialogo con las y los j\u00f3venes colombianos con el fin de conocer de manera amplia y profunda sus necesidades.<\/p>\n<p style=\"text-align: justify;\">\nEsta propuesta que ser\u00e1 liderada por la C\u00e1mara de Representantes tiene como objetivo fortalecer la confianza en la institucionalidad en los m\u00e1s de 10 millones de j\u00f3venes colombianos, pues de acuerdo al estudio \u201cQu\u00e9 piensan, sienten y quieren los j\u00f3venes\u201d publicado por la Universidad del Rosario en el a\u00f1o 2020, \u201ctan solo el 12% de los encuestados manifestaron que si conf\u00edan en el Congreso de la Rep\u00fablica, de ah\u00ed la urgencia de adoptar espacios para escucharlos y atender las demandas juveniles. que hoy siendo expresados a trav\u00e9s de la protesta social, la cual si bien es un escenario id\u00f3neo al desarrollarse con legitimas intereses, es el dialogo el instrumento que permita abordar de manera integral sus necesidades\u201d se\u00f1ala el documento presentado al presidente de la C\u00e1mara de Representantes, German Alcides Blanco.<br \/>\nCon la previa aprobaci\u00f3n de esta propuesta se crear\u00e1 una mesa de concertaci\u00f3n nacional con las organizaciones regionales de j\u00f3venes, con el fin de garantizar una interlocuci\u00f3n directa con los j\u00f3venes, en aras de escuchar sus problem\u00e1ticas y propuestas. En este escenario deber\u00e1n participar as\u00ed mismo, las autoridades competentes de la rama ejecutiva.<\/p>\n<p style=\"text-align: justify;\">\nPor otra parte, el proyecto solicitar\u00e1 a la Mesa Directiva de la Plenaria de la C\u00e1mara de Representantes, el estudio de la posibilidad de institucionalizar el 12 de agosto de cada a\u00f1o, como fecha insignia, para escuchar a los j\u00f3venes colombianos. Esta jornada dar\u00e1 conocimiento sobre sus principales necesidades y le permitir\u00e1 a los Representantes de la C\u00e1mara establecer acciones y crear estrategias que promuevan y garanticen los derechos de la juventud colombiana.<\/p>\n","protected":false},"excerpt":{"rendered":"<p>En plenaria de la C\u00e1mara se aprob\u00f3 ayer la proposici\u00f3n hecha por varios Representantes de crear espacios de dialogo con las y los j\u00f3venes colombianos con el fin de conocer de manera amplia y profunda sus necesidades. Esta propuesta que ser\u00e1 liderada por la C\u00e1mara de Representantes tiene como objetivo fortalecer la confianza en la [&hellip;]<\/p>\n","protected":false},"author":1,"featured_media":52310,"comment_status":"open","ping_status":"open","sticky":false,"template":"","format":"standard","meta":{"footnotes":""},"categories":[24],"tags":[],"class_list":["post-52309","post","type-post","status-publish","format-standard","has-post-thumbnail","hentry","category-nacional"],"yoast_head":"<!-- This site is optimized with the Yoast SEO plugin v27.1.1 - https:\/\/yoast.com\/product\/yoast-seo-wordpress\/ -->\n<title>Se aprob\u00f3 en la C\u00e1mara la proposici\u00f3n de crear mesa de dialogo nacional con los j\u00f3venes del pa\u00eds. | P\u00e1gina10<\/title>\n<meta name=\"robots\" content=\"index, follow, max-snippet:-1, max-image-preview:large, max-video-preview:-1\" \/>\n<link rel=\"canonical\" href=\"https:\/\/pagina10.com\/web\/se-aprobo-en-la-camara-la-proposicion-de-crear-mesa-de-dialogo-nacional-con-los-jovenes-del-pais\/\" \/>\n<meta property=\"og:locale\" content=\"es_ES\" \/>\n<meta property=\"og:type\" content=\"article\" \/>\n<meta property=\"og:title\" content=\"Se aprob\u00f3 en la C\u00e1mara la proposici\u00f3n de crear mesa de dialogo nacional con los j\u00f3venes del pa\u00eds. | P\u00e1gina10\" \/>\n<meta property=\"og:description\" content=\"En plenaria de la C\u00e1mara se aprob\u00f3 ayer la proposici\u00f3n hecha por varios Representantes de crear espacios de dialogo con las y los j\u00f3venes colombianos con el fin de conocer de manera amplia y profunda sus necesidades. Esta propuesta que ser\u00e1 liderada por la C\u00e1mara de Representantes tiene como objetivo fortalecer la confianza en la [&hellip;]\" \/>\n<meta property=\"og:url\" content=\"https:\/\/pagina10.com\/web\/se-aprobo-en-la-camara-la-proposicion-de-crear-mesa-de-dialogo-nacional-con-los-jovenes-del-pais\/\" \/>\n<meta property=\"og:site_name\" content=\"P\u00e1gina10\" \/>\n<meta property=\"article:publisher\" content=\"https:\/\/www.facebook.com\/pag10com\" \/>\n<meta property=\"article:published_time\" content=\"2021-05-08T16:58:19+00:00\" \/>\n<meta property=\"og:image\" content=\"https:\/\/pagina10.com\/web\/wp-content\/uploads\/2021\/05\/1575670958_160477_1575675005_noticia_normal.jpg\" \/>\n\t<meta property=\"og:image:width\" content=\"980\" \/>\n\t<meta property=\"og:image:height\" content=\"655\" \/>\n\t<meta property=\"og:image:type\" content=\"image\/jpeg\" \/>\n<meta name=\"author\" content=\"P\u00e1gina 10\" \/>\n<meta name=\"twitter:card\" content=\"summary_large_image\" \/>\n<meta name=\"twitter:creator\" content=\"@Pag10com\" \/>\n<meta name=\"twitter:site\" content=\"@Pag10com\" \/>\n<meta name=\"twitter:label1\" content=\"Escrito por\" \/>\n\t<meta name=\"twitter:data1\" content=\"P\u00e1gina 10\" \/>\n\t<meta name=\"twitter:label2\" content=\"Tiempo de lectura\" \/>\n\t<meta name=\"twitter:data2\" content=\"2 minutos\" \/>\n<script type=\"application\/ld+json\" class=\"yoast-schema-graph\">{\"@context\":\"https:\/\/schema.org\",\"@graph\":[{\"@type\":\"Article\",\"@id\":\"https:\/\/pagina10.com\/web\/se-aprobo-en-la-camara-la-proposicion-de-crear-mesa-de-dialogo-nacional-con-los-jovenes-del-pais\/#article\",\"isPartOf\":{\"@id\":\"https:\/\/pagina10.com\/web\/se-aprobo-en-la-camara-la-proposicion-de-crear-mesa-de-dialogo-nacional-con-los-jovenes-del-pais\/\"},\"author\":{\"name\":\"P\u00e1gina 10\",\"@id\":\"https:\/\/pagina10.com\/web\/#\/schema\/person\/2efc4a090d25b667d3bc796798a3a81b\"},\"headline\":\"Se aprob\u00f3 en la C\u00e1mara la proposici\u00f3n de crear mesa de dialogo nacional con los j\u00f3venes del pa\u00eds.\",\"datePublished\":\"2021-05-08T16:58:19+00:00\",\"mainEntityOfPage\":{\"@id\":\"https:\/\/pagina10.com\/web\/se-aprobo-en-la-camara-la-proposicion-de-crear-mesa-de-dialogo-nacional-con-los-jovenes-del-pais\/\"},\"wordCount\":337,\"commentCount\":0,\"publisher\":{\"@id\":\"https:\/\/pagina10.com\/web\/#organization\"},\"image\":{\"@id\":\"https:\/\/pagina10.com\/web\/se-aprobo-en-la-camara-la-proposicion-de-crear-mesa-de-dialogo-nacional-con-los-jovenes-del-pais\/#primaryimage\"},\"thumbnailUrl\":\"https:\/\/pagina10.com\/web\/wp-content\/uploads\/2021\/05\/1575670958_160477_1575675005_noticia_normal.jpg\",\"articleSection\":[\"Nacional\"],\"inLanguage\":\"es\",\"potentialAction\":[{\"@type\":\"CommentAction\",\"name\":\"Comment\",\"target\":[\"https:\/\/pagina10.com\/web\/se-aprobo-en-la-camara-la-proposicion-de-crear-mesa-de-dialogo-nacional-con-los-jovenes-del-pais\/#respond\"]}]},{\"@type\":\"WebPage\",\"@id\":\"https:\/\/pagina10.com\/web\/se-aprobo-en-la-camara-la-proposicion-de-crear-mesa-de-dialogo-nacional-con-los-jovenes-del-pais\/\",\"url\":\"https:\/\/pagina10.com\/web\/se-aprobo-en-la-camara-la-proposicion-de-crear-mesa-de-dialogo-nacional-con-los-jovenes-del-pais\/\",\"name\":\"Se aprob\u00f3 en la C\u00e1mara la proposici\u00f3n de crear mesa de dialogo nacional con los j\u00f3venes del pa\u00eds. | P\u00e1gina10\",\"isPartOf\":{\"@id\":\"https:\/\/pagina10.com\/web\/#website\"},\"primaryImageOfPage\":{\"@id\":\"https:\/\/pagina10.com\/web\/se-aprobo-en-la-camara-la-proposicion-de-crear-mesa-de-dialogo-nacional-con-los-jovenes-del-pais\/#primaryimage\"},\"image\":{\"@id\":\"https:\/\/pagina10.com\/web\/se-aprobo-en-la-camara-la-proposicion-de-crear-mesa-de-dialogo-nacional-con-los-jovenes-del-pais\/#primaryimage\"},\"thumbnailUrl\":\"https:\/\/pagina10.com\/web\/wp-content\/uploads\/2021\/05\/1575670958_160477_1575675005_noticia_normal.jpg\",\"datePublished\":\"2021-05-08T16:58:19+00:00\",\"breadcrumb\":{\"@id\":\"https:\/\/pagina10.com\/web\/se-aprobo-en-la-camara-la-proposicion-de-crear-mesa-de-dialogo-nacional-con-los-jovenes-del-pais\/#breadcrumb\"},\"inLanguage\":\"es\",\"potentialAction\":[{\"@type\":\"ReadAction\",\"target\":[\"https:\/\/pagina10.com\/web\/se-aprobo-en-la-camara-la-proposicion-de-crear-mesa-de-dialogo-nacional-con-los-jovenes-del-pais\/\"]}]},{\"@type\":\"ImageObject\",\"inLanguage\":\"es\",\"@id\":\"https:\/\/pagina10.com\/web\/se-aprobo-en-la-camara-la-proposicion-de-crear-mesa-de-dialogo-nacional-con-los-jovenes-del-pais\/#primaryimage\",\"url\":\"https:\/\/pagina10.com\/web\/wp-content\/uploads\/2021\/05\/1575670958_160477_1575675005_noticia_normal.jpg\",\"contentUrl\":\"https:\/\/pagina10.com\/web\/wp-content\/uploads\/2021\/05\/1575670958_160477_1575675005_noticia_normal.jpg\",\"width\":980,\"height\":655},{\"@type\":\"BreadcrumbList\",\"@id\":\"https:\/\/pagina10.com\/web\/se-aprobo-en-la-camara-la-proposicion-de-crear-mesa-de-dialogo-nacional-con-los-jovenes-del-pais\/#breadcrumb\",\"itemListElement\":[{\"@type\":\"ListItem\",\"position\":1,\"name\":\"Portada\",\"item\":\"https:\/\/pagina10.com\/web\/\"},{\"@type\":\"ListItem\",\"position\":2,\"name\":\"Se aprob\u00f3 en la C\u00e1mara la proposici\u00f3n de crear mesa de dialogo nacional con los j\u00f3venes del pa\u00eds.\"}]},{\"@type\":\"WebSite\",\"@id\":\"https:\/\/pagina10.com\/web\/#website\",\"url\":\"https:\/\/pagina10.com\/web\/\",\"name\":\"P\u00e1gina10\",\"description\":\"Peri\u00f3dico Regional\",\"publisher\":{\"@id\":\"https:\/\/pagina10.com\/web\/#organization\"},\"alternateName\":\"P\u00e1gina10 Peri\u00f3dico Regional\",\"potentialAction\":[{\"@type\":\"SearchAction\",\"target\":{\"@type\":\"EntryPoint\",\"urlTemplate\":\"https:\/\/pagina10.com\/web\/?s={search_term_string}\"},\"query-input\":{\"@type\":\"PropertyValueSpecification\",\"valueRequired\":true,\"valueName\":\"search_term_string\"}}],\"inLanguage\":\"es\"},{\"@type\":\"Organization\",\"@id\":\"https:\/\/pagina10.com\/web\/#organization\",\"name\":\"P\u00e1gina10\",\"alternateName\":\"P\u00e1gina10 Peri\u00f3dico Regional\",\"url\":\"https:\/\/pagina10.com\/web\/\",\"logo\":{\"@type\":\"ImageObject\",\"inLanguage\":\"es\",\"@id\":\"https:\/\/pagina10.com\/web\/#\/schema\/logo\/image\/\",\"url\":\"https:\/\/pagina10.com\/web\/wp-content\/uploads\/2024\/01\/40-pagina-10-periodico-regional-pasto.jpg\",\"contentUrl\":\"https:\/\/pagina10.com\/web\/wp-content\/uploads\/2024\/01\/40-pagina-10-periodico-regional-pasto.jpg\",\"width\":1280,\"height\":720,\"caption\":\"P\u00e1gina10\"},\"image\":{\"@id\":\"https:\/\/pagina10.com\/web\/#\/schema\/logo\/image\/\"},\"sameAs\":[\"https:\/\/www.facebook.com\/pag10com\",\"https:\/\/x.com\/Pag10com\",\"https:\/\/www.instagram.com\/pagina10col\/\",\"https:\/\/youtube.com\/channel\/pag10\",\"https:\/\/www.tiktok.com\/@p10col\"]},{\"@type\":\"Person\",\"@id\":\"https:\/\/pagina10.com\/web\/#\/schema\/person\/2efc4a090d25b667d3bc796798a3a81b\",\"name\":\"P\u00e1gina 10\",\"description\":\"P\u00e1gina 10 es un peri\u00f3dico regional que nace en Colombia, en el departamento de Nari\u00f1o, con un enfoque global, fundamentado en cuatro pilares esenciales: la libertad, el pluralismo, la inclusi\u00f3n y la independencia. P\u00e1gina 10 hace referencia a Nari\u00f1o como el d\u00e9cimo departamento creado en Colombia, despu\u00e9s de un proceso pol\u00edtico liderado por actores y actrices regionales con el fin de obtener la independencia y autonom\u00eda de nuestros territorios. Con la creaci\u00f3n de P\u00e1gina 10 se pretende abrir un escenario para el dialogo, la reflexi\u00f3n y el debate que se extienda a otras geograf\u00edas de Am\u00e9rica Latina y del planeta, en una apuesta por transformar colectivamente los desaf\u00edos de un mundo contempor\u00e1neo, m\u00e1s all\u00e1 de las fronteras impuestas.\",\"url\":\"https:\/\/pagina10.com\/web\/author\/pdiezadmin\/\"}]}<\/script>\n<!-- \/ Yoast SEO plugin. -->","yoast_head_json":{"title":"Se aprob\u00f3 en la C\u00e1mara la proposici\u00f3n de crear mesa de dialogo nacional con los j\u00f3venes del pa\u00eds. | P\u00e1gina10","robots":{"index":"index","follow":"follow","max-snippet":"max-snippet:-1","max-image-preview":"max-image-preview:large","max-video-preview":"max-video-preview:-1"},"canonical":"https:\/\/pagina10.com\/web\/se-aprobo-en-la-camara-la-proposicion-de-crear-mesa-de-dialogo-nacional-con-los-jovenes-del-pais\/","og_locale":"es_ES","og_type":"article","og_title":"Se aprob\u00f3 en la C\u00e1mara la proposici\u00f3n de crear mesa de dialogo nacional con los j\u00f3venes del pa\u00eds. | P\u00e1gina10","og_description":"En plenaria de la C\u00e1mara se aprob\u00f3 ayer la proposici\u00f3n hecha por varios Representantes de crear espacios de dialogo con las y los j\u00f3venes colombianos con el fin de conocer de manera amplia y profunda sus necesidades. Esta propuesta que ser\u00e1 liderada por la C\u00e1mara de Representantes tiene como objetivo fortalecer la confianza en la [&hellip;]","og_url":"https:\/\/pagina10.com\/web\/se-aprobo-en-la-camara-la-proposicion-de-crear-mesa-de-dialogo-nacional-con-los-jovenes-del-pais\/","og_site_name":"P\u00e1gina10","article_publisher":"https:\/\/www.facebook.com\/pag10com","article_published_time":"2021-05-08T16:58:19+00:00","og_image":[{"width":980,"height":655,"url":"https:\/\/pagina10.com\/web\/wp-content\/uploads\/2021\/05\/1575670958_160477_1575675005_noticia_normal.jpg","type":"image\/jpeg"}],"author":"P\u00e1gina 10","twitter_card":"summary_large_image","twitter_creator":"@Pag10com","twitter_site":"@Pag10com","twitter_misc":{"Escrito por":"P\u00e1gina 10","Tiempo de lectura":"2 minutos"},"schema":{"@context":"https:\/\/schema.org","@graph":[{"@type":"Article","@id":"https:\/\/pagina10.com\/web\/se-aprobo-en-la-camara-la-proposicion-de-crear-mesa-de-dialogo-nacional-con-los-jovenes-del-pais\/#article","isPartOf":{"@id":"https:\/\/pagina10.com\/web\/se-aprobo-en-la-camara-la-proposicion-de-crear-mesa-de-dialogo-nacional-con-los-jovenes-del-pais\/"},"author":{"name":"P\u00e1gina 10","@id":"https:\/\/pagina10.com\/web\/#\/schema\/person\/2efc4a090d25b667d3bc796798a3a81b"},"headline":"Se aprob\u00f3 en la C\u00e1mara la proposici\u00f3n de crear mesa de dialogo nacional con los j\u00f3venes del pa\u00eds.","datePublished":"2021-05-08T16:58:19+00:00","mainEntityOfPage":{"@id":"https:\/\/pagina10.com\/web\/se-aprobo-en-la-camara-la-proposicion-de-crear-mesa-de-dialogo-nacional-con-los-jovenes-del-pais\/"},"wordCount":337,"commentCount":0,"publisher":{"@id":"https:\/\/pagina10.com\/web\/#organization"},"image":{"@id":"https:\/\/pagina10.com\/web\/se-aprobo-en-la-camara-la-proposicion-de-crear-mesa-de-dialogo-nacional-con-los-jovenes-del-pais\/#primaryimage"},"thumbnailUrl":"https:\/\/pagina10.com\/web\/wp-content\/uploads\/2021\/05\/1575670958_160477_1575675005_noticia_normal.jpg","articleSection":["Nacional"],"inLanguage":"es","potentialAction":[{"@type":"CommentAction","name":"Comment","target":["https:\/\/pagina10.com\/web\/se-aprobo-en-la-camara-la-proposicion-de-crear-mesa-de-dialogo-nacional-con-los-jovenes-del-pais\/#respond"]}]},{"@type":"WebPage","@id":"https:\/\/pagina10.com\/web\/se-aprobo-en-la-camara-la-proposicion-de-crear-mesa-de-dialogo-nacional-con-los-jovenes-del-pais\/","url":"https:\/\/pagina10.com\/web\/se-aprobo-en-la-camara-la-proposicion-de-crear-mesa-de-dialogo-nacional-con-los-jovenes-del-pais\/","name":"Se aprob\u00f3 en la C\u00e1mara la proposici\u00f3n de crear mesa de dialogo nacional con los j\u00f3venes del pa\u00eds. | P\u00e1gina10","isPartOf":{"@id":"https:\/\/pagina10.com\/web\/#website"},"primaryImageOfPage":{"@id":"https:\/\/pagina10.com\/web\/se-aprobo-en-la-camara-la-proposicion-de-crear-mesa-de-dialogo-nacional-con-los-jovenes-del-pais\/#primaryimage"},"image":{"@id":"https:\/\/pagina10.com\/web\/se-aprobo-en-la-camara-la-proposicion-de-crear-mesa-de-dialogo-nacional-con-los-jovenes-del-pais\/#primaryimage"},"thumbnailUrl":"https:\/\/pagina10.com\/web\/wp-content\/uploads\/2021\/05\/1575670958_160477_1575675005_noticia_normal.jpg","datePublished":"2021-05-08T16:58:19+00:00","breadcrumb":{"@id":"https:\/\/pagina10.com\/web\/se-aprobo-en-la-camara-la-proposicion-de-crear-mesa-de-dialogo-nacional-con-los-jovenes-del-pais\/#breadcrumb"},"inLanguage":"es","potentialAction":[{"@type":"ReadAction","target":["https:\/\/pagina10.com\/web\/se-aprobo-en-la-camara-la-proposicion-de-crear-mesa-de-dialogo-nacional-con-los-jovenes-del-pais\/"]}]},{"@type":"ImageObject","inLanguage":"es","@id":"https:\/\/pagina10.com\/web\/se-aprobo-en-la-camara-la-proposicion-de-crear-mesa-de-dialogo-nacional-con-los-jovenes-del-pais\/#primaryimage","url":"https:\/\/pagina10.com\/web\/wp-content\/uploads\/2021\/05\/1575670958_160477_1575675005_noticia_normal.jpg","contentUrl":"https:\/\/pagina10.com\/web\/wp-content\/uploads\/2021\/05\/1575670958_160477_1575675005_noticia_normal.jpg","width":980,"height":655},{"@type":"BreadcrumbList","@id":"https:\/\/pagina10.com\/web\/se-aprobo-en-la-camara-la-proposicion-de-crear-mesa-de-dialogo-nacional-con-los-jovenes-del-pais\/#breadcrumb","itemListElement":[{"@type":"ListItem","position":1,"name":"Portada","item":"https:\/\/pagina10.com\/web\/"},{"@type":"ListItem","position":2,"name":"Se aprob\u00f3 en la C\u00e1mara la proposici\u00f3n de crear mesa de dialogo nacional con los j\u00f3venes del pa\u00eds."}]},{"@type":"WebSite","@id":"https:\/\/pagina10.com\/web\/#website","url":"https:\/\/pagina10.com\/web\/","name":"P\u00e1gina10","description":"Peri\u00f3dico Regional","publisher":{"@id":"https:\/\/pagina10.com\/web\/#organization"},"alternateName":"P\u00e1gina10 Peri\u00f3dico Regional","potentialAction":[{"@type":"SearchAction","target":{"@type":"EntryPoint","urlTemplate":"https:\/\/pagina10.com\/web\/?s={search_term_string}"},"query-input":{"@type":"PropertyValueSpecification","valueRequired":true,"valueName":"search_term_string"}}],"inLanguage":"es"},{"@type":"Organization","@id":"https:\/\/pagina10.com\/web\/#organization","name":"P\u00e1gina10","alternateName":"P\u00e1gina10 Peri\u00f3dico Regional","url":"https:\/\/pagina10.com\/web\/","logo":{"@type":"ImageObject","inLanguage":"es","@id":"https:\/\/pagina10.com\/web\/#\/schema\/logo\/image\/","url":"https:\/\/pagina10.com\/web\/wp-content\/uploads\/2024\/01\/40-pagina-10-periodico-regional-pasto.jpg","contentUrl":"https:\/\/pagina10.com\/web\/wp-content\/uploads\/2024\/01\/40-pagina-10-periodico-regional-pasto.jpg","width":1280,"height":720,"caption":"P\u00e1gina10"},"image":{"@id":"https:\/\/pagina10.com\/web\/#\/schema\/logo\/image\/"},"sameAs":["https:\/\/www.facebook.com\/pag10com","https:\/\/x.com\/Pag10com","https:\/\/www.instagram.com\/pagina10col\/","https:\/\/youtube.com\/channel\/pag10","https:\/\/www.tiktok.com\/@p10col"]},{"@type":"Person","@id":"https:\/\/pagina10.com\/web\/#\/schema\/person\/2efc4a090d25b667d3bc796798a3a81b","name":"P\u00e1gina 10","description":"P\u00e1gina 10 es un peri\u00f3dico regional que nace en Colombia, en el departamento de Nari\u00f1o, con un enfoque global, fundamentado en cuatro pilares esenciales: la libertad, el pluralismo, la inclusi\u00f3n y la independencia. P\u00e1gina 10 hace referencia a Nari\u00f1o como el d\u00e9cimo departamento creado en Colombia, despu\u00e9s de un proceso pol\u00edtico liderado por actores y actrices regionales con el fin de obtener la independencia y autonom\u00eda de nuestros territorios. Con la creaci\u00f3n de P\u00e1gina 10 se pretende abrir un escenario para el dialogo, la reflexi\u00f3n y el debate que se extienda a otras geograf\u00edas de Am\u00e9rica Latina y del planeta, en una apuesta por transformar colectivamente los desaf\u00edos de un mundo contempor\u00e1neo, m\u00e1s all\u00e1 de las fronteras impuestas.","url":"https:\/\/pagina10.com\/web\/author\/pdiezadmin\/"}]}},"_links":{"self":[{"href":"https:\/\/pagina10.com\/web\/wp-json\/wp\/v2\/posts\/52309","targetHints":{"allow":["GET"]}}],"collection":[{"href":"https:\/\/pagina10.com\/web\/wp-json\/wp\/v2\/posts"}],"about":[{"href":"https:\/\/pagina10.com\/web\/wp-json\/wp\/v2\/types\/post"}],"author":[{"embeddable":true,"href":"https:\/\/pagina10.com\/web\/wp-json\/wp\/v2\/users\/1"}],"replies":[{"embeddable":true,"href":"https:\/\/pagina10.com\/web\/wp-json\/wp\/v2\/comments?post=52309"}],"version-history":[{"count":1,"href":"https:\/\/pagina10.com\/web\/wp-json\/wp\/v2\/posts\/52309\/revisions"}],"predecessor-version":[{"id":52311,"href":"https:\/\/pagina10.com\/web\/wp-json\/wp\/v2\/posts\/52309\/revisions\/52311"}],"wp:featuredmedia":[{"embeddable":true,"href":"https:\/\/pagina10.com\/web\/wp-json\/wp\/v2\/media\/52310"}],"wp:attachment":[{"href":"https:\/\/pagina10.com\/web\/wp-json\/wp\/v2\/media?parent=52309"}],"wp:term":[{"taxonomy":"category","embeddable":true,"href":"https:\/\/pagina10.com\/web\/wp-json\/wp\/v2\/categories?post=52309"},{"taxonomy":"post_tag","embeddable":true,"href":"https:\/\/pagina10.com\/web\/wp-json\/wp\/v2\/tags?post=52309"}],"curies":[{"name":"wp","href":"https:\/\/api.w.org\/{rel}","templated":true}]}}