{"id":52312,"date":"2021-05-08T14:12:28","date_gmt":"2021-05-08T19:12:28","guid":{"rendered":"https:\/\/pagina10.com\/web\/?p=52312"},"modified":"2021-05-08T14:12:28","modified_gmt":"2021-05-08T19:12:28","slug":"gobiernos-departamentales-abriran-espacios-de-dialogo-con-las-comunidades-y-juventudes","status":"publish","type":"post","link":"https:\/\/pagina10.com\/web\/gobiernos-departamentales-abriran-espacios-de-dialogo-con-las-comunidades-y-juventudes\/","title":{"rendered":"Gobiernos departamentales abrir\u00e1n espacios de dialogo con las comunidades  y juventudes."},"content":{"rendered":"<p style=\"text-align: justify;\">Hoy en la Casa de Nari\u00f1o se llev\u00f3 a cabo una reuni\u00f3n entre el Gobierno Nacional y los diferentes gobernadores del pa\u00eds con el fin de buscar consensos que lleven a dar soluci\u00f3n a la actual situaci\u00f3n por la que est\u00e1 atravesando el pa\u00eds. Al t\u00e9rmino de la reuni\u00f3n se dio a conocer a la opini\u00f3n p\u00fablica los puntos que tuvieron lugar y las conclusiones a las que se llegaron en el desarrollo de dicho evento.<\/p>\n<p style=\"text-align: justify;\">El gobernador de Cundinamarca, Nicol\u00e1s Garc\u00eda, se\u00f1al\u00f3 que se iniciaran espacios de dialogo social regional con comunidades y otros sectores sociales para buscar soluciones en torno a la generaci\u00f3n de empleos, la participaci\u00f3n de la juventud y las comunidades \u00e9tnicas, as\u00ed como la protecci\u00f3n a lo m\u00e1s vulnerables.<\/p>\n<p style=\"text-align: justify;\">El funcionario hizo un llamo al levantamiento de los bloqueos que est\u00e1n afectando a millones de familias, productores campesinos, transportadores, comerciantes y empelados en general.<\/p>\n<p style=\"text-align: justify;\">\u201cEl gobierno nacional como el departamental ratifican la intenci\u00f3n e inter\u00e9s de dialogar con j\u00f3venes en todos los territorios y motivar su participaci\u00f3n para la b\u00fasqueda de consensos\u201d se\u00f1al\u00f3 el funcionario.<\/p>\n<p style=\"text-align: justify;\">Toda la institucionalidad coincide en la intenci\u00f3n de avanzar en el desarrollo de la vacunaci\u00f3n masiva en todo el territorio nacional con el fin de preservar la salud y la vida de los colombianos.<\/p>\n<p style=\"text-align: justify;\">Por su parte, el presidente Iv\u00e1n Duque, se\u00f1al\u00f3 que su gobierno reconoce el derecho a la protesta pac\u00edfica y que esta es una oportunidad para que la institucionalidad rechace categ\u00f3ricamente cualquier forma de violencia contra el ciudadano y contra miembros de la fuerza p\u00fablica. \u201cEn los dos casos, ese rechazo contundente a la violencia es fundamental\u201d dijo en Mandatario.<\/p>\n<p style=\"text-align: justify;\">Inform\u00f3 que los gobernadores en uni\u00f3n con el gobierno nacional, van a propiciar en los territorios espacios para dialogar con los ciudadanos sobre temas como la protecci\u00f3n de los m\u00e1s vulnerables y la b\u00fasqueda de soluciones pr\u00e1cticas y efectivas para los sectores que han sido los m\u00e1s golpeados durante esta pandemia.<\/p>\n<p style=\"text-align: justify;\">Agreg\u00f3 que igualmente se crearan espacios para aproximarse a la juventud colombiana, reconocer sus necesidades y sus problemas y dijo que adelantaran junto con los gobiernos departamentales la elecci\u00f3n de los representantes de los Consejos de Juventud.<\/p>\n<p style=\"text-align: justify;\">Nuevamente hizo un llamado levantamiento de los bloqueos. \u201cLos bloqueos est\u00e1n afectando a millones de colombianos que no est\u00e1n recibiendo su alimentaci\u00f3n, que est\u00e1n dificultando la llegada de medicamentos y afectando el proceso de vacunaci\u00f3n\u201d manifest\u00f3 Duque.<\/p>\n","protected":false},"excerpt":{"rendered":"<p>Hoy en la Casa de Nari\u00f1o se llev\u00f3 a cabo una reuni\u00f3n entre el Gobierno Nacional y los diferentes gobernadores del pa\u00eds con el fin de buscar consensos que lleven a dar soluci\u00f3n a la actual situaci\u00f3n por la que est\u00e1 atravesando el pa\u00eds. Al t\u00e9rmino de la reuni\u00f3n se dio a conocer a la [&hellip;]<\/p>\n","protected":false},"author":1,"featured_media":52313,"comment_status":"open","ping_status":"open","sticky":false,"template":"","format":"standard","meta":{"footnotes":""},"categories":[24],"tags":[],"class_list":["post-52312","post","type-post","status-publish","format-standard","has-post-thumbnail","hentry","category-nacional"],"yoast_head":"<!-- This site is optimized with the Yoast SEO plugin v27.1.1 - https:\/\/yoast.com\/product\/yoast-seo-wordpress\/ -->\n<title>Gobiernos departamentales abrir\u00e1n espacios de dialogo con las comunidades y juventudes. | P\u00e1gina10<\/title>\n<meta name=\"robots\" content=\"index, follow, max-snippet:-1, max-image-preview:large, max-video-preview:-1\" \/>\n<link rel=\"canonical\" href=\"https:\/\/pagina10.com\/web\/gobiernos-departamentales-abriran-espacios-de-dialogo-con-las-comunidades-y-juventudes\/\" \/>\n<meta property=\"og:locale\" content=\"es_ES\" \/>\n<meta property=\"og:type\" content=\"article\" \/>\n<meta property=\"og:title\" content=\"Gobiernos departamentales abrir\u00e1n espacios de dialogo con las comunidades y juventudes. | P\u00e1gina10\" \/>\n<meta property=\"og:description\" content=\"Hoy en la Casa de Nari\u00f1o se llev\u00f3 a cabo una reuni\u00f3n entre el Gobierno Nacional y los diferentes gobernadores del pa\u00eds con el fin de buscar consensos que lleven a dar soluci\u00f3n a la actual situaci\u00f3n por la que est\u00e1 atravesando el pa\u00eds. Al t\u00e9rmino de la reuni\u00f3n se dio a conocer a la [&hellip;]\" \/>\n<meta property=\"og:url\" content=\"https:\/\/pagina10.com\/web\/gobiernos-departamentales-abriran-espacios-de-dialogo-con-las-comunidades-y-juventudes\/\" \/>\n<meta property=\"og:site_name\" content=\"P\u00e1gina10\" \/>\n<meta property=\"article:publisher\" content=\"https:\/\/www.facebook.com\/pag10com\" \/>\n<meta property=\"article:published_time\" content=\"2021-05-08T19:12:28+00:00\" \/>\n<meta property=\"og:image\" content=\"https:\/\/pagina10.com\/web\/wp-content\/uploads\/2021\/05\/E04pa27XsAEbZqW.jpeg\" \/>\n\t<meta property=\"og:image:width\" content=\"1280\" \/>\n\t<meta property=\"og:image:height\" content=\"853\" \/>\n\t<meta property=\"og:image:type\" content=\"image\/jpeg\" \/>\n<meta name=\"author\" content=\"P\u00e1gina 10\" \/>\n<meta name=\"twitter:card\" content=\"summary_large_image\" \/>\n<meta name=\"twitter:creator\" content=\"@Pag10com\" \/>\n<meta name=\"twitter:site\" content=\"@Pag10com\" \/>\n<meta name=\"twitter:label1\" content=\"Escrito por\" \/>\n\t<meta name=\"twitter:data1\" content=\"P\u00e1gina 10\" \/>\n\t<meta name=\"twitter:label2\" content=\"Tiempo de lectura\" \/>\n\t<meta name=\"twitter:data2\" content=\"2 minutos\" \/>\n<script type=\"application\/ld+json\" class=\"yoast-schema-graph\">{\"@context\":\"https:\/\/schema.org\",\"@graph\":[{\"@type\":\"Article\",\"@id\":\"https:\/\/pagina10.com\/web\/gobiernos-departamentales-abriran-espacios-de-dialogo-con-las-comunidades-y-juventudes\/#article\",\"isPartOf\":{\"@id\":\"https:\/\/pagina10.com\/web\/gobiernos-departamentales-abriran-espacios-de-dialogo-con-las-comunidades-y-juventudes\/\"},\"author\":{\"name\":\"P\u00e1gina 10\",\"@id\":\"https:\/\/pagina10.com\/web\/#\/schema\/person\/2efc4a090d25b667d3bc796798a3a81b\"},\"headline\":\"Gobiernos departamentales abrir\u00e1n espacios de dialogo con las comunidades y juventudes.\",\"datePublished\":\"2021-05-08T19:12:28+00:00\",\"mainEntityOfPage\":{\"@id\":\"https:\/\/pagina10.com\/web\/gobiernos-departamentales-abriran-espacios-de-dialogo-con-las-comunidades-y-juventudes\/\"},\"wordCount\":453,\"commentCount\":0,\"publisher\":{\"@id\":\"https:\/\/pagina10.com\/web\/#organization\"},\"image\":{\"@id\":\"https:\/\/pagina10.com\/web\/gobiernos-departamentales-abriran-espacios-de-dialogo-con-las-comunidades-y-juventudes\/#primaryimage\"},\"thumbnailUrl\":\"https:\/\/pagina10.com\/web\/wp-content\/uploads\/2021\/05\/E04pa27XsAEbZqW.jpeg\",\"articleSection\":[\"Nacional\"],\"inLanguage\":\"es\",\"potentialAction\":[{\"@type\":\"CommentAction\",\"name\":\"Comment\",\"target\":[\"https:\/\/pagina10.com\/web\/gobiernos-departamentales-abriran-espacios-de-dialogo-con-las-comunidades-y-juventudes\/#respond\"]}]},{\"@type\":\"WebPage\",\"@id\":\"https:\/\/pagina10.com\/web\/gobiernos-departamentales-abriran-espacios-de-dialogo-con-las-comunidades-y-juventudes\/\",\"url\":\"https:\/\/pagina10.com\/web\/gobiernos-departamentales-abriran-espacios-de-dialogo-con-las-comunidades-y-juventudes\/\",\"name\":\"Gobiernos departamentales abrir\u00e1n espacios de dialogo con las comunidades y juventudes. | P\u00e1gina10\",\"isPartOf\":{\"@id\":\"https:\/\/pagina10.com\/web\/#website\"},\"primaryImageOfPage\":{\"@id\":\"https:\/\/pagina10.com\/web\/gobiernos-departamentales-abriran-espacios-de-dialogo-con-las-comunidades-y-juventudes\/#primaryimage\"},\"image\":{\"@id\":\"https:\/\/pagina10.com\/web\/gobiernos-departamentales-abriran-espacios-de-dialogo-con-las-comunidades-y-juventudes\/#primaryimage\"},\"thumbnailUrl\":\"https:\/\/pagina10.com\/web\/wp-content\/uploads\/2021\/05\/E04pa27XsAEbZqW.jpeg\",\"datePublished\":\"2021-05-08T19:12:28+00:00\",\"breadcrumb\":{\"@id\":\"https:\/\/pagina10.com\/web\/gobiernos-departamentales-abriran-espacios-de-dialogo-con-las-comunidades-y-juventudes\/#breadcrumb\"},\"inLanguage\":\"es\",\"potentialAction\":[{\"@type\":\"ReadAction\",\"target\":[\"https:\/\/pagina10.com\/web\/gobiernos-departamentales-abriran-espacios-de-dialogo-con-las-comunidades-y-juventudes\/\"]}]},{\"@type\":\"ImageObject\",\"inLanguage\":\"es\",\"@id\":\"https:\/\/pagina10.com\/web\/gobiernos-departamentales-abriran-espacios-de-dialogo-con-las-comunidades-y-juventudes\/#primaryimage\",\"url\":\"https:\/\/pagina10.com\/web\/wp-content\/uploads\/2021\/05\/E04pa27XsAEbZqW.jpeg\",\"contentUrl\":\"https:\/\/pagina10.com\/web\/wp-content\/uploads\/2021\/05\/E04pa27XsAEbZqW.jpeg\",\"width\":1280,\"height\":853},{\"@type\":\"BreadcrumbList\",\"@id\":\"https:\/\/pagina10.com\/web\/gobiernos-departamentales-abriran-espacios-de-dialogo-con-las-comunidades-y-juventudes\/#breadcrumb\",\"itemListElement\":[{\"@type\":\"ListItem\",\"position\":1,\"name\":\"Portada\",\"item\":\"https:\/\/pagina10.com\/web\/\"},{\"@type\":\"ListItem\",\"position\":2,\"name\":\"Gobiernos departamentales abrir\u00e1n espacios de dialogo con las comunidades y juventudes.\"}]},{\"@type\":\"WebSite\",\"@id\":\"https:\/\/pagina10.com\/web\/#website\",\"url\":\"https:\/\/pagina10.com\/web\/\",\"name\":\"P\u00e1gina10\",\"description\":\"Peri\u00f3dico Regional\",\"publisher\":{\"@id\":\"https:\/\/pagina10.com\/web\/#organization\"},\"alternateName\":\"P\u00e1gina10 Peri\u00f3dico Regional\",\"potentialAction\":[{\"@type\":\"SearchAction\",\"target\":{\"@type\":\"EntryPoint\",\"urlTemplate\":\"https:\/\/pagina10.com\/web\/?s={search_term_string}\"},\"query-input\":{\"@type\":\"PropertyValueSpecification\",\"valueRequired\":true,\"valueName\":\"search_term_string\"}}],\"inLanguage\":\"es\"},{\"@type\":\"Organization\",\"@id\":\"https:\/\/pagina10.com\/web\/#organization\",\"name\":\"P\u00e1gina10\",\"alternateName\":\"P\u00e1gina10 Peri\u00f3dico Regional\",\"url\":\"https:\/\/pagina10.com\/web\/\",\"logo\":{\"@type\":\"ImageObject\",\"inLanguage\":\"es\",\"@id\":\"https:\/\/pagina10.com\/web\/#\/schema\/logo\/image\/\",\"url\":\"https:\/\/pagina10.com\/web\/wp-content\/uploads\/2024\/01\/40-pagina-10-periodico-regional-pasto.jpg\",\"contentUrl\":\"https:\/\/pagina10.com\/web\/wp-content\/uploads\/2024\/01\/40-pagina-10-periodico-regional-pasto.jpg\",\"width\":1280,\"height\":720,\"caption\":\"P\u00e1gina10\"},\"image\":{\"@id\":\"https:\/\/pagina10.com\/web\/#\/schema\/logo\/image\/\"},\"sameAs\":[\"https:\/\/www.facebook.com\/pag10com\",\"https:\/\/x.com\/Pag10com\",\"https:\/\/www.instagram.com\/pagina10col\/\",\"https:\/\/youtube.com\/channel\/pag10\",\"https:\/\/www.tiktok.com\/@p10col\"]},{\"@type\":\"Person\",\"@id\":\"https:\/\/pagina10.com\/web\/#\/schema\/person\/2efc4a090d25b667d3bc796798a3a81b\",\"name\":\"P\u00e1gina 10\",\"description\":\"P\u00e1gina 10 es un peri\u00f3dico regional que nace en Colombia, en el departamento de Nari\u00f1o, con un enfoque global, fundamentado en cuatro pilares esenciales: la libertad, el pluralismo, la inclusi\u00f3n y la independencia. P\u00e1gina 10 hace referencia a Nari\u00f1o como el d\u00e9cimo departamento creado en Colombia, despu\u00e9s de un proceso pol\u00edtico liderado por actores y actrices regionales con el fin de obtener la independencia y autonom\u00eda de nuestros territorios. Con la creaci\u00f3n de P\u00e1gina 10 se pretende abrir un escenario para el dialogo, la reflexi\u00f3n y el debate que se extienda a otras geograf\u00edas de Am\u00e9rica Latina y del planeta, en una apuesta por transformar colectivamente los desaf\u00edos de un mundo contempor\u00e1neo, m\u00e1s all\u00e1 de las fronteras impuestas.\",\"url\":\"https:\/\/pagina10.com\/web\/author\/pdiezadmin\/\"}]}<\/script>\n<!-- \/ Yoast SEO plugin. -->","yoast_head_json":{"title":"Gobiernos departamentales abrir\u00e1n espacios de dialogo con las comunidades y juventudes. | P\u00e1gina10","robots":{"index":"index","follow":"follow","max-snippet":"max-snippet:-1","max-image-preview":"max-image-preview:large","max-video-preview":"max-video-preview:-1"},"canonical":"https:\/\/pagina10.com\/web\/gobiernos-departamentales-abriran-espacios-de-dialogo-con-las-comunidades-y-juventudes\/","og_locale":"es_ES","og_type":"article","og_title":"Gobiernos departamentales abrir\u00e1n espacios de dialogo con las comunidades y juventudes. | P\u00e1gina10","og_description":"Hoy en la Casa de Nari\u00f1o se llev\u00f3 a cabo una reuni\u00f3n entre el Gobierno Nacional y los diferentes gobernadores del pa\u00eds con el fin de buscar consensos que lleven a dar soluci\u00f3n a la actual situaci\u00f3n por la que est\u00e1 atravesando el pa\u00eds. Al t\u00e9rmino de la reuni\u00f3n se dio a conocer a la [&hellip;]","og_url":"https:\/\/pagina10.com\/web\/gobiernos-departamentales-abriran-espacios-de-dialogo-con-las-comunidades-y-juventudes\/","og_site_name":"P\u00e1gina10","article_publisher":"https:\/\/www.facebook.com\/pag10com","article_published_time":"2021-05-08T19:12:28+00:00","og_image":[{"width":1280,"height":853,"url":"https:\/\/pagina10.com\/web\/wp-content\/uploads\/2021\/05\/E04pa27XsAEbZqW.jpeg","type":"image\/jpeg"}],"author":"P\u00e1gina 10","twitter_card":"summary_large_image","twitter_creator":"@Pag10com","twitter_site":"@Pag10com","twitter_misc":{"Escrito por":"P\u00e1gina 10","Tiempo de lectura":"2 minutos"},"schema":{"@context":"https:\/\/schema.org","@graph":[{"@type":"Article","@id":"https:\/\/pagina10.com\/web\/gobiernos-departamentales-abriran-espacios-de-dialogo-con-las-comunidades-y-juventudes\/#article","isPartOf":{"@id":"https:\/\/pagina10.com\/web\/gobiernos-departamentales-abriran-espacios-de-dialogo-con-las-comunidades-y-juventudes\/"},"author":{"name":"P\u00e1gina 10","@id":"https:\/\/pagina10.com\/web\/#\/schema\/person\/2efc4a090d25b667d3bc796798a3a81b"},"headline":"Gobiernos departamentales abrir\u00e1n espacios de dialogo con las comunidades y juventudes.","datePublished":"2021-05-08T19:12:28+00:00","mainEntityOfPage":{"@id":"https:\/\/pagina10.com\/web\/gobiernos-departamentales-abriran-espacios-de-dialogo-con-las-comunidades-y-juventudes\/"},"wordCount":453,"commentCount":0,"publisher":{"@id":"https:\/\/pagina10.com\/web\/#organization"},"image":{"@id":"https:\/\/pagina10.com\/web\/gobiernos-departamentales-abriran-espacios-de-dialogo-con-las-comunidades-y-juventudes\/#primaryimage"},"thumbnailUrl":"https:\/\/pagina10.com\/web\/wp-content\/uploads\/2021\/05\/E04pa27XsAEbZqW.jpeg","articleSection":["Nacional"],"inLanguage":"es","potentialAction":[{"@type":"CommentAction","name":"Comment","target":["https:\/\/pagina10.com\/web\/gobiernos-departamentales-abriran-espacios-de-dialogo-con-las-comunidades-y-juventudes\/#respond"]}]},{"@type":"WebPage","@id":"https:\/\/pagina10.com\/web\/gobiernos-departamentales-abriran-espacios-de-dialogo-con-las-comunidades-y-juventudes\/","url":"https:\/\/pagina10.com\/web\/gobiernos-departamentales-abriran-espacios-de-dialogo-con-las-comunidades-y-juventudes\/","name":"Gobiernos departamentales abrir\u00e1n espacios de dialogo con las comunidades y juventudes. | P\u00e1gina10","isPartOf":{"@id":"https:\/\/pagina10.com\/web\/#website"},"primaryImageOfPage":{"@id":"https:\/\/pagina10.com\/web\/gobiernos-departamentales-abriran-espacios-de-dialogo-con-las-comunidades-y-juventudes\/#primaryimage"},"image":{"@id":"https:\/\/pagina10.com\/web\/gobiernos-departamentales-abriran-espacios-de-dialogo-con-las-comunidades-y-juventudes\/#primaryimage"},"thumbnailUrl":"https:\/\/pagina10.com\/web\/wp-content\/uploads\/2021\/05\/E04pa27XsAEbZqW.jpeg","datePublished":"2021-05-08T19:12:28+00:00","breadcrumb":{"@id":"https:\/\/pagina10.com\/web\/gobiernos-departamentales-abriran-espacios-de-dialogo-con-las-comunidades-y-juventudes\/#breadcrumb"},"inLanguage":"es","potentialAction":[{"@type":"ReadAction","target":["https:\/\/pagina10.com\/web\/gobiernos-departamentales-abriran-espacios-de-dialogo-con-las-comunidades-y-juventudes\/"]}]},{"@type":"ImageObject","inLanguage":"es","@id":"https:\/\/pagina10.com\/web\/gobiernos-departamentales-abriran-espacios-de-dialogo-con-las-comunidades-y-juventudes\/#primaryimage","url":"https:\/\/pagina10.com\/web\/wp-content\/uploads\/2021\/05\/E04pa27XsAEbZqW.jpeg","contentUrl":"https:\/\/pagina10.com\/web\/wp-content\/uploads\/2021\/05\/E04pa27XsAEbZqW.jpeg","width":1280,"height":853},{"@type":"BreadcrumbList","@id":"https:\/\/pagina10.com\/web\/gobiernos-departamentales-abriran-espacios-de-dialogo-con-las-comunidades-y-juventudes\/#breadcrumb","itemListElement":[{"@type":"ListItem","position":1,"name":"Portada","item":"https:\/\/pagina10.com\/web\/"},{"@type":"ListItem","position":2,"name":"Gobiernos departamentales abrir\u00e1n espacios de dialogo con las comunidades y juventudes."}]},{"@type":"WebSite","@id":"https:\/\/pagina10.com\/web\/#website","url":"https:\/\/pagina10.com\/web\/","name":"P\u00e1gina10","description":"Peri\u00f3dico Regional","publisher":{"@id":"https:\/\/pagina10.com\/web\/#organization"},"alternateName":"P\u00e1gina10 Peri\u00f3dico Regional","potentialAction":[{"@type":"SearchAction","target":{"@type":"EntryPoint","urlTemplate":"https:\/\/pagina10.com\/web\/?s={search_term_string}"},"query-input":{"@type":"PropertyValueSpecification","valueRequired":true,"valueName":"search_term_string"}}],"inLanguage":"es"},{"@type":"Organization","@id":"https:\/\/pagina10.com\/web\/#organization","name":"P\u00e1gina10","alternateName":"P\u00e1gina10 Peri\u00f3dico Regional","url":"https:\/\/pagina10.com\/web\/","logo":{"@type":"ImageObject","inLanguage":"es","@id":"https:\/\/pagina10.com\/web\/#\/schema\/logo\/image\/","url":"https:\/\/pagina10.com\/web\/wp-content\/uploads\/2024\/01\/40-pagina-10-periodico-regional-pasto.jpg","contentUrl":"https:\/\/pagina10.com\/web\/wp-content\/uploads\/2024\/01\/40-pagina-10-periodico-regional-pasto.jpg","width":1280,"height":720,"caption":"P\u00e1gina10"},"image":{"@id":"https:\/\/pagina10.com\/web\/#\/schema\/logo\/image\/"},"sameAs":["https:\/\/www.facebook.com\/pag10com","https:\/\/x.com\/Pag10com","https:\/\/www.instagram.com\/pagina10col\/","https:\/\/youtube.com\/channel\/pag10","https:\/\/www.tiktok.com\/@p10col"]},{"@type":"Person","@id":"https:\/\/pagina10.com\/web\/#\/schema\/person\/2efc4a090d25b667d3bc796798a3a81b","name":"P\u00e1gina 10","description":"P\u00e1gina 10 es un peri\u00f3dico regional que nace en Colombia, en el departamento de Nari\u00f1o, con un enfoque global, fundamentado en cuatro pilares esenciales: la libertad, el pluralismo, la inclusi\u00f3n y la independencia. P\u00e1gina 10 hace referencia a Nari\u00f1o como el d\u00e9cimo departamento creado en Colombia, despu\u00e9s de un proceso pol\u00edtico liderado por actores y actrices regionales con el fin de obtener la independencia y autonom\u00eda de nuestros territorios. Con la creaci\u00f3n de P\u00e1gina 10 se pretende abrir un escenario para el dialogo, la reflexi\u00f3n y el debate que se extienda a otras geograf\u00edas de Am\u00e9rica Latina y del planeta, en una apuesta por transformar colectivamente los desaf\u00edos de un mundo contempor\u00e1neo, m\u00e1s all\u00e1 de las fronteras impuestas.","url":"https:\/\/pagina10.com\/web\/author\/pdiezadmin\/"}]}},"_links":{"self":[{"href":"https:\/\/pagina10.com\/web\/wp-json\/wp\/v2\/posts\/52312","targetHints":{"allow":["GET"]}}],"collection":[{"href":"https:\/\/pagina10.com\/web\/wp-json\/wp\/v2\/posts"}],"about":[{"href":"https:\/\/pagina10.com\/web\/wp-json\/wp\/v2\/types\/post"}],"author":[{"embeddable":true,"href":"https:\/\/pagina10.com\/web\/wp-json\/wp\/v2\/users\/1"}],"replies":[{"embeddable":true,"href":"https:\/\/pagina10.com\/web\/wp-json\/wp\/v2\/comments?post=52312"}],"version-history":[{"count":1,"href":"https:\/\/pagina10.com\/web\/wp-json\/wp\/v2\/posts\/52312\/revisions"}],"predecessor-version":[{"id":52314,"href":"https:\/\/pagina10.com\/web\/wp-json\/wp\/v2\/posts\/52312\/revisions\/52314"}],"wp:featuredmedia":[{"embeddable":true,"href":"https:\/\/pagina10.com\/web\/wp-json\/wp\/v2\/media\/52313"}],"wp:attachment":[{"href":"https:\/\/pagina10.com\/web\/wp-json\/wp\/v2\/media?parent=52312"}],"wp:term":[{"taxonomy":"category","embeddable":true,"href":"https:\/\/pagina10.com\/web\/wp-json\/wp\/v2\/categories?post=52312"},{"taxonomy":"post_tag","embeddable":true,"href":"https:\/\/pagina10.com\/web\/wp-json\/wp\/v2\/tags?post=52312"}],"curies":[{"name":"wp","href":"https:\/\/api.w.org\/{rel}","templated":true}]}}