{"id":52326,"date":"2021-05-09T18:00:21","date_gmt":"2021-05-09T23:00:21","guid":{"rendered":"https:\/\/pagina10.com\/web\/?p=52326"},"modified":"2021-05-09T18:00:21","modified_gmt":"2021-05-09T23:00:21","slug":"duque-no-hara-presencia-en-cali-y-pide-a-los-indigenas-volver-a-sus-resguardos","status":"publish","type":"post","link":"https:\/\/pagina10.com\/web\/duque-no-hara-presencia-en-cali-y-pide-a-los-indigenas-volver-a-sus-resguardos\/","title":{"rendered":"Duque no har\u00e1 presencia en Cali y pide a los ind\u00edgenas volver a sus resguardos."},"content":{"rendered":"<p style=\"text-align: justify;\">El presidente Iv\u00e1n Duque anunci\u00f3 este domingo que por la dif\u00edcil situaci\u00f3n que se vive en Cali, ha tomado la decisi\u00f3n de no hacer presencia en la capital vallecaucana.\u00a0En la ciudad se han presentado varios enfrentamientos en las \u00faltimas horas entre ind\u00edgenas del Consejo Regional Ind\u00edgena del Cauca (CRIC) y habitantes de la ciudad.<\/p>\n<p style=\"text-align: justify;\">&#8220;Para evitar confrontaciones innecesarias, yo quiero hacerles un llamado a los se\u00f1ores del Consejo Regional Ind\u00edgena del Cauca, CRIC,\u00a0 para que retornen nuevamente a sus resguardos&#8221;, anunci\u00f3 Duque. &#8220;He tomado la decisi\u00f3n, por prudencia, de no hacer presencia en este momento para no entorpecer la labor de la Fuerza P\u00fablica que debe hacer presencia en el territorio&#8221;, agreg\u00f3.<\/p>\n<p style=\"text-align: justify;\">&#8220;Le he pedido al se\u00f1or ministro del Interior que entre en contacto con ellos, no para limitar la movilidad sino para que se entienda que este no es el momento de generar provocaciones o confrontaciones con la sociedad&#8221;, anunci\u00f3 el jefe de Estado.<\/p>\n<p style=\"text-align: justify;\">Anunci\u00f3 finalmente que en los pr\u00f3ximos d\u00edas se establecer\u00e1 una mesa de dialogo con el Consejo Regional Ind\u00edgena del Cauca.<\/p>\n<p style=\"text-align: justify;\">\n","protected":false},"excerpt":{"rendered":"<p>El presidente Iv\u00e1n Duque anunci\u00f3 este domingo que por la dif\u00edcil situaci\u00f3n que se vive en Cali, ha tomado la decisi\u00f3n de no hacer presencia en la capital vallecaucana.\u00a0En la ciudad se han presentado varios enfrentamientos en las \u00faltimas horas entre ind\u00edgenas del Consejo Regional Ind\u00edgena del Cauca (CRIC) y habitantes de la ciudad. &#8220;Para [&hellip;]<\/p>\n","protected":false},"author":1,"featured_media":52327,"comment_status":"open","ping_status":"open","sticky":false,"template":"","format":"standard","meta":{"footnotes":""},"categories":[24],"tags":[],"class_list":["post-52326","post","type-post","status-publish","format-standard","has-post-thumbnail","hentry","category-nacional"],"yoast_head":"<!-- This site is optimized with the Yoast SEO plugin v27.1.1 - https:\/\/yoast.com\/product\/yoast-seo-wordpress\/ -->\n<title>Duque no har\u00e1 presencia en Cali y pide a los ind\u00edgenas volver a sus resguardos. | P\u00e1gina10<\/title>\n<meta name=\"robots\" content=\"index, follow, max-snippet:-1, max-image-preview:large, max-video-preview:-1\" \/>\n<link rel=\"canonical\" href=\"https:\/\/pagina10.com\/web\/duque-no-hara-presencia-en-cali-y-pide-a-los-indigenas-volver-a-sus-resguardos\/\" \/>\n<meta property=\"og:locale\" content=\"es_ES\" \/>\n<meta property=\"og:type\" content=\"article\" \/>\n<meta property=\"og:title\" content=\"Duque no har\u00e1 presencia en Cali y pide a los ind\u00edgenas volver a sus resguardos. | P\u00e1gina10\" \/>\n<meta property=\"og:description\" content=\"El presidente Iv\u00e1n Duque anunci\u00f3 este domingo que por la dif\u00edcil situaci\u00f3n que se vive en Cali, ha tomado la decisi\u00f3n de no hacer presencia en la capital vallecaucana.\u00a0En la ciudad se han presentado varios enfrentamientos en las \u00faltimas horas entre ind\u00edgenas del Consejo Regional Ind\u00edgena del Cauca (CRIC) y habitantes de la ciudad. &#8220;Para [&hellip;]\" \/>\n<meta property=\"og:url\" content=\"https:\/\/pagina10.com\/web\/duque-no-hara-presencia-en-cali-y-pide-a-los-indigenas-volver-a-sus-resguardos\/\" \/>\n<meta property=\"og:site_name\" content=\"P\u00e1gina10\" \/>\n<meta property=\"article:publisher\" content=\"https:\/\/www.facebook.com\/pag10com\" \/>\n<meta property=\"article:published_time\" content=\"2021-05-09T23:00:21+00:00\" \/>\n<meta property=\"og:image\" content=\"https:\/\/pagina10.com\/web\/wp-content\/uploads\/2021\/05\/VZ4YHSKFHJBIRFNT6SNXRNCJ7Q-1.jpeg\" \/>\n\t<meta property=\"og:image:width\" content=\"1200\" \/>\n\t<meta property=\"og:image:height\" content=\"675\" \/>\n\t<meta property=\"og:image:type\" content=\"image\/jpeg\" \/>\n<meta name=\"author\" content=\"P\u00e1gina 10\" \/>\n<meta name=\"twitter:card\" content=\"summary_large_image\" \/>\n<meta name=\"twitter:creator\" content=\"@Pag10com\" \/>\n<meta name=\"twitter:site\" content=\"@Pag10com\" \/>\n<meta name=\"twitter:label1\" content=\"Escrito por\" \/>\n\t<meta name=\"twitter:data1\" content=\"P\u00e1gina 10\" \/>\n\t<meta name=\"twitter:label2\" content=\"Tiempo de lectura\" \/>\n\t<meta name=\"twitter:data2\" content=\"1 minuto\" \/>\n<script type=\"application\/ld+json\" class=\"yoast-schema-graph\">{\"@context\":\"https:\/\/schema.org\",\"@graph\":[{\"@type\":\"Article\",\"@id\":\"https:\/\/pagina10.com\/web\/duque-no-hara-presencia-en-cali-y-pide-a-los-indigenas-volver-a-sus-resguardos\/#article\",\"isPartOf\":{\"@id\":\"https:\/\/pagina10.com\/web\/duque-no-hara-presencia-en-cali-y-pide-a-los-indigenas-volver-a-sus-resguardos\/\"},\"author\":{\"name\":\"P\u00e1gina 10\",\"@id\":\"https:\/\/pagina10.com\/web\/#\/schema\/person\/2efc4a090d25b667d3bc796798a3a81b\"},\"headline\":\"Duque no har\u00e1 presencia en Cali y pide a los ind\u00edgenas volver a sus resguardos.\",\"datePublished\":\"2021-05-09T23:00:21+00:00\",\"mainEntityOfPage\":{\"@id\":\"https:\/\/pagina10.com\/web\/duque-no-hara-presencia-en-cali-y-pide-a-los-indigenas-volver-a-sus-resguardos\/\"},\"wordCount\":206,\"commentCount\":0,\"publisher\":{\"@id\":\"https:\/\/pagina10.com\/web\/#organization\"},\"image\":{\"@id\":\"https:\/\/pagina10.com\/web\/duque-no-hara-presencia-en-cali-y-pide-a-los-indigenas-volver-a-sus-resguardos\/#primaryimage\"},\"thumbnailUrl\":\"https:\/\/pagina10.com\/web\/wp-content\/uploads\/2021\/05\/VZ4YHSKFHJBIRFNT6SNXRNCJ7Q-1.jpeg\",\"articleSection\":[\"Nacional\"],\"inLanguage\":\"es\",\"potentialAction\":[{\"@type\":\"CommentAction\",\"name\":\"Comment\",\"target\":[\"https:\/\/pagina10.com\/web\/duque-no-hara-presencia-en-cali-y-pide-a-los-indigenas-volver-a-sus-resguardos\/#respond\"]}]},{\"@type\":\"WebPage\",\"@id\":\"https:\/\/pagina10.com\/web\/duque-no-hara-presencia-en-cali-y-pide-a-los-indigenas-volver-a-sus-resguardos\/\",\"url\":\"https:\/\/pagina10.com\/web\/duque-no-hara-presencia-en-cali-y-pide-a-los-indigenas-volver-a-sus-resguardos\/\",\"name\":\"Duque no har\u00e1 presencia en Cali y pide a los ind\u00edgenas volver a sus resguardos. | P\u00e1gina10\",\"isPartOf\":{\"@id\":\"https:\/\/pagina10.com\/web\/#website\"},\"primaryImageOfPage\":{\"@id\":\"https:\/\/pagina10.com\/web\/duque-no-hara-presencia-en-cali-y-pide-a-los-indigenas-volver-a-sus-resguardos\/#primaryimage\"},\"image\":{\"@id\":\"https:\/\/pagina10.com\/web\/duque-no-hara-presencia-en-cali-y-pide-a-los-indigenas-volver-a-sus-resguardos\/#primaryimage\"},\"thumbnailUrl\":\"https:\/\/pagina10.com\/web\/wp-content\/uploads\/2021\/05\/VZ4YHSKFHJBIRFNT6SNXRNCJ7Q-1.jpeg\",\"datePublished\":\"2021-05-09T23:00:21+00:00\",\"breadcrumb\":{\"@id\":\"https:\/\/pagina10.com\/web\/duque-no-hara-presencia-en-cali-y-pide-a-los-indigenas-volver-a-sus-resguardos\/#breadcrumb\"},\"inLanguage\":\"es\",\"potentialAction\":[{\"@type\":\"ReadAction\",\"target\":[\"https:\/\/pagina10.com\/web\/duque-no-hara-presencia-en-cali-y-pide-a-los-indigenas-volver-a-sus-resguardos\/\"]}]},{\"@type\":\"ImageObject\",\"inLanguage\":\"es\",\"@id\":\"https:\/\/pagina10.com\/web\/duque-no-hara-presencia-en-cali-y-pide-a-los-indigenas-volver-a-sus-resguardos\/#primaryimage\",\"url\":\"https:\/\/pagina10.com\/web\/wp-content\/uploads\/2021\/05\/VZ4YHSKFHJBIRFNT6SNXRNCJ7Q-1.jpeg\",\"contentUrl\":\"https:\/\/pagina10.com\/web\/wp-content\/uploads\/2021\/05\/VZ4YHSKFHJBIRFNT6SNXRNCJ7Q-1.jpeg\",\"width\":1200,\"height\":675},{\"@type\":\"BreadcrumbList\",\"@id\":\"https:\/\/pagina10.com\/web\/duque-no-hara-presencia-en-cali-y-pide-a-los-indigenas-volver-a-sus-resguardos\/#breadcrumb\",\"itemListElement\":[{\"@type\":\"ListItem\",\"position\":1,\"name\":\"Portada\",\"item\":\"https:\/\/pagina10.com\/web\/\"},{\"@type\":\"ListItem\",\"position\":2,\"name\":\"Duque no har\u00e1 presencia en Cali y pide a los ind\u00edgenas volver a sus resguardos.\"}]},{\"@type\":\"WebSite\",\"@id\":\"https:\/\/pagina10.com\/web\/#website\",\"url\":\"https:\/\/pagina10.com\/web\/\",\"name\":\"P\u00e1gina10\",\"description\":\"Peri\u00f3dico Regional\",\"publisher\":{\"@id\":\"https:\/\/pagina10.com\/web\/#organization\"},\"alternateName\":\"P\u00e1gina10 Peri\u00f3dico Regional\",\"potentialAction\":[{\"@type\":\"SearchAction\",\"target\":{\"@type\":\"EntryPoint\",\"urlTemplate\":\"https:\/\/pagina10.com\/web\/?s={search_term_string}\"},\"query-input\":{\"@type\":\"PropertyValueSpecification\",\"valueRequired\":true,\"valueName\":\"search_term_string\"}}],\"inLanguage\":\"es\"},{\"@type\":\"Organization\",\"@id\":\"https:\/\/pagina10.com\/web\/#organization\",\"name\":\"P\u00e1gina10\",\"alternateName\":\"P\u00e1gina10 Peri\u00f3dico Regional\",\"url\":\"https:\/\/pagina10.com\/web\/\",\"logo\":{\"@type\":\"ImageObject\",\"inLanguage\":\"es\",\"@id\":\"https:\/\/pagina10.com\/web\/#\/schema\/logo\/image\/\",\"url\":\"https:\/\/pagina10.com\/web\/wp-content\/uploads\/2024\/01\/40-pagina-10-periodico-regional-pasto.jpg\",\"contentUrl\":\"https:\/\/pagina10.com\/web\/wp-content\/uploads\/2024\/01\/40-pagina-10-periodico-regional-pasto.jpg\",\"width\":1280,\"height\":720,\"caption\":\"P\u00e1gina10\"},\"image\":{\"@id\":\"https:\/\/pagina10.com\/web\/#\/schema\/logo\/image\/\"},\"sameAs\":[\"https:\/\/www.facebook.com\/pag10com\",\"https:\/\/x.com\/Pag10com\",\"https:\/\/www.instagram.com\/pagina10col\/\",\"https:\/\/youtube.com\/channel\/pag10\",\"https:\/\/www.tiktok.com\/@p10col\"]},{\"@type\":\"Person\",\"@id\":\"https:\/\/pagina10.com\/web\/#\/schema\/person\/2efc4a090d25b667d3bc796798a3a81b\",\"name\":\"P\u00e1gina 10\",\"description\":\"P\u00e1gina 10 es un peri\u00f3dico regional que nace en Colombia, en el departamento de Nari\u00f1o, con un enfoque global, fundamentado en cuatro pilares esenciales: la libertad, el pluralismo, la inclusi\u00f3n y la independencia. P\u00e1gina 10 hace referencia a Nari\u00f1o como el d\u00e9cimo departamento creado en Colombia, despu\u00e9s de un proceso pol\u00edtico liderado por actores y actrices regionales con el fin de obtener la independencia y autonom\u00eda de nuestros territorios. Con la creaci\u00f3n de P\u00e1gina 10 se pretende abrir un escenario para el dialogo, la reflexi\u00f3n y el debate que se extienda a otras geograf\u00edas de Am\u00e9rica Latina y del planeta, en una apuesta por transformar colectivamente los desaf\u00edos de un mundo contempor\u00e1neo, m\u00e1s all\u00e1 de las fronteras impuestas.\",\"url\":\"https:\/\/pagina10.com\/web\/author\/pdiezadmin\/\"}]}<\/script>\n<!-- \/ Yoast SEO plugin. -->","yoast_head_json":{"title":"Duque no har\u00e1 presencia en Cali y pide a los ind\u00edgenas volver a sus resguardos. | P\u00e1gina10","robots":{"index":"index","follow":"follow","max-snippet":"max-snippet:-1","max-image-preview":"max-image-preview:large","max-video-preview":"max-video-preview:-1"},"canonical":"https:\/\/pagina10.com\/web\/duque-no-hara-presencia-en-cali-y-pide-a-los-indigenas-volver-a-sus-resguardos\/","og_locale":"es_ES","og_type":"article","og_title":"Duque no har\u00e1 presencia en Cali y pide a los ind\u00edgenas volver a sus resguardos. | P\u00e1gina10","og_description":"El presidente Iv\u00e1n Duque anunci\u00f3 este domingo que por la dif\u00edcil situaci\u00f3n que se vive en Cali, ha tomado la decisi\u00f3n de no hacer presencia en la capital vallecaucana.\u00a0En la ciudad se han presentado varios enfrentamientos en las \u00faltimas horas entre ind\u00edgenas del Consejo Regional Ind\u00edgena del Cauca (CRIC) y habitantes de la ciudad. &#8220;Para [&hellip;]","og_url":"https:\/\/pagina10.com\/web\/duque-no-hara-presencia-en-cali-y-pide-a-los-indigenas-volver-a-sus-resguardos\/","og_site_name":"P\u00e1gina10","article_publisher":"https:\/\/www.facebook.com\/pag10com","article_published_time":"2021-05-09T23:00:21+00:00","og_image":[{"width":1200,"height":675,"url":"https:\/\/pagina10.com\/web\/wp-content\/uploads\/2021\/05\/VZ4YHSKFHJBIRFNT6SNXRNCJ7Q-1.jpeg","type":"image\/jpeg"}],"author":"P\u00e1gina 10","twitter_card":"summary_large_image","twitter_creator":"@Pag10com","twitter_site":"@Pag10com","twitter_misc":{"Escrito por":"P\u00e1gina 10","Tiempo de lectura":"1 minuto"},"schema":{"@context":"https:\/\/schema.org","@graph":[{"@type":"Article","@id":"https:\/\/pagina10.com\/web\/duque-no-hara-presencia-en-cali-y-pide-a-los-indigenas-volver-a-sus-resguardos\/#article","isPartOf":{"@id":"https:\/\/pagina10.com\/web\/duque-no-hara-presencia-en-cali-y-pide-a-los-indigenas-volver-a-sus-resguardos\/"},"author":{"name":"P\u00e1gina 10","@id":"https:\/\/pagina10.com\/web\/#\/schema\/person\/2efc4a090d25b667d3bc796798a3a81b"},"headline":"Duque no har\u00e1 presencia en Cali y pide a los ind\u00edgenas volver a sus resguardos.","datePublished":"2021-05-09T23:00:21+00:00","mainEntityOfPage":{"@id":"https:\/\/pagina10.com\/web\/duque-no-hara-presencia-en-cali-y-pide-a-los-indigenas-volver-a-sus-resguardos\/"},"wordCount":206,"commentCount":0,"publisher":{"@id":"https:\/\/pagina10.com\/web\/#organization"},"image":{"@id":"https:\/\/pagina10.com\/web\/duque-no-hara-presencia-en-cali-y-pide-a-los-indigenas-volver-a-sus-resguardos\/#primaryimage"},"thumbnailUrl":"https:\/\/pagina10.com\/web\/wp-content\/uploads\/2021\/05\/VZ4YHSKFHJBIRFNT6SNXRNCJ7Q-1.jpeg","articleSection":["Nacional"],"inLanguage":"es","potentialAction":[{"@type":"CommentAction","name":"Comment","target":["https:\/\/pagina10.com\/web\/duque-no-hara-presencia-en-cali-y-pide-a-los-indigenas-volver-a-sus-resguardos\/#respond"]}]},{"@type":"WebPage","@id":"https:\/\/pagina10.com\/web\/duque-no-hara-presencia-en-cali-y-pide-a-los-indigenas-volver-a-sus-resguardos\/","url":"https:\/\/pagina10.com\/web\/duque-no-hara-presencia-en-cali-y-pide-a-los-indigenas-volver-a-sus-resguardos\/","name":"Duque no har\u00e1 presencia en Cali y pide a los ind\u00edgenas volver a sus resguardos. | P\u00e1gina10","isPartOf":{"@id":"https:\/\/pagina10.com\/web\/#website"},"primaryImageOfPage":{"@id":"https:\/\/pagina10.com\/web\/duque-no-hara-presencia-en-cali-y-pide-a-los-indigenas-volver-a-sus-resguardos\/#primaryimage"},"image":{"@id":"https:\/\/pagina10.com\/web\/duque-no-hara-presencia-en-cali-y-pide-a-los-indigenas-volver-a-sus-resguardos\/#primaryimage"},"thumbnailUrl":"https:\/\/pagina10.com\/web\/wp-content\/uploads\/2021\/05\/VZ4YHSKFHJBIRFNT6SNXRNCJ7Q-1.jpeg","datePublished":"2021-05-09T23:00:21+00:00","breadcrumb":{"@id":"https:\/\/pagina10.com\/web\/duque-no-hara-presencia-en-cali-y-pide-a-los-indigenas-volver-a-sus-resguardos\/#breadcrumb"},"inLanguage":"es","potentialAction":[{"@type":"ReadAction","target":["https:\/\/pagina10.com\/web\/duque-no-hara-presencia-en-cali-y-pide-a-los-indigenas-volver-a-sus-resguardos\/"]}]},{"@type":"ImageObject","inLanguage":"es","@id":"https:\/\/pagina10.com\/web\/duque-no-hara-presencia-en-cali-y-pide-a-los-indigenas-volver-a-sus-resguardos\/#primaryimage","url":"https:\/\/pagina10.com\/web\/wp-content\/uploads\/2021\/05\/VZ4YHSKFHJBIRFNT6SNXRNCJ7Q-1.jpeg","contentUrl":"https:\/\/pagina10.com\/web\/wp-content\/uploads\/2021\/05\/VZ4YHSKFHJBIRFNT6SNXRNCJ7Q-1.jpeg","width":1200,"height":675},{"@type":"BreadcrumbList","@id":"https:\/\/pagina10.com\/web\/duque-no-hara-presencia-en-cali-y-pide-a-los-indigenas-volver-a-sus-resguardos\/#breadcrumb","itemListElement":[{"@type":"ListItem","position":1,"name":"Portada","item":"https:\/\/pagina10.com\/web\/"},{"@type":"ListItem","position":2,"name":"Duque no har\u00e1 presencia en Cali y pide a los ind\u00edgenas volver a sus resguardos."}]},{"@type":"WebSite","@id":"https:\/\/pagina10.com\/web\/#website","url":"https:\/\/pagina10.com\/web\/","name":"P\u00e1gina10","description":"Peri\u00f3dico Regional","publisher":{"@id":"https:\/\/pagina10.com\/web\/#organization"},"alternateName":"P\u00e1gina10 Peri\u00f3dico Regional","potentialAction":[{"@type":"SearchAction","target":{"@type":"EntryPoint","urlTemplate":"https:\/\/pagina10.com\/web\/?s={search_term_string}"},"query-input":{"@type":"PropertyValueSpecification","valueRequired":true,"valueName":"search_term_string"}}],"inLanguage":"es"},{"@type":"Organization","@id":"https:\/\/pagina10.com\/web\/#organization","name":"P\u00e1gina10","alternateName":"P\u00e1gina10 Peri\u00f3dico Regional","url":"https:\/\/pagina10.com\/web\/","logo":{"@type":"ImageObject","inLanguage":"es","@id":"https:\/\/pagina10.com\/web\/#\/schema\/logo\/image\/","url":"https:\/\/pagina10.com\/web\/wp-content\/uploads\/2024\/01\/40-pagina-10-periodico-regional-pasto.jpg","contentUrl":"https:\/\/pagina10.com\/web\/wp-content\/uploads\/2024\/01\/40-pagina-10-periodico-regional-pasto.jpg","width":1280,"height":720,"caption":"P\u00e1gina10"},"image":{"@id":"https:\/\/pagina10.com\/web\/#\/schema\/logo\/image\/"},"sameAs":["https:\/\/www.facebook.com\/pag10com","https:\/\/x.com\/Pag10com","https:\/\/www.instagram.com\/pagina10col\/","https:\/\/youtube.com\/channel\/pag10","https:\/\/www.tiktok.com\/@p10col"]},{"@type":"Person","@id":"https:\/\/pagina10.com\/web\/#\/schema\/person\/2efc4a090d25b667d3bc796798a3a81b","name":"P\u00e1gina 10","description":"P\u00e1gina 10 es un peri\u00f3dico regional que nace en Colombia, en el departamento de Nari\u00f1o, con un enfoque global, fundamentado en cuatro pilares esenciales: la libertad, el pluralismo, la inclusi\u00f3n y la independencia. P\u00e1gina 10 hace referencia a Nari\u00f1o como el d\u00e9cimo departamento creado en Colombia, despu\u00e9s de un proceso pol\u00edtico liderado por actores y actrices regionales con el fin de obtener la independencia y autonom\u00eda de nuestros territorios. Con la creaci\u00f3n de P\u00e1gina 10 se pretende abrir un escenario para el dialogo, la reflexi\u00f3n y el debate que se extienda a otras geograf\u00edas de Am\u00e9rica Latina y del planeta, en una apuesta por transformar colectivamente los desaf\u00edos de un mundo contempor\u00e1neo, m\u00e1s all\u00e1 de las fronteras impuestas.","url":"https:\/\/pagina10.com\/web\/author\/pdiezadmin\/"}]}},"_links":{"self":[{"href":"https:\/\/pagina10.com\/web\/wp-json\/wp\/v2\/posts\/52326","targetHints":{"allow":["GET"]}}],"collection":[{"href":"https:\/\/pagina10.com\/web\/wp-json\/wp\/v2\/posts"}],"about":[{"href":"https:\/\/pagina10.com\/web\/wp-json\/wp\/v2\/types\/post"}],"author":[{"embeddable":true,"href":"https:\/\/pagina10.com\/web\/wp-json\/wp\/v2\/users\/1"}],"replies":[{"embeddable":true,"href":"https:\/\/pagina10.com\/web\/wp-json\/wp\/v2\/comments?post=52326"}],"version-history":[{"count":1,"href":"https:\/\/pagina10.com\/web\/wp-json\/wp\/v2\/posts\/52326\/revisions"}],"predecessor-version":[{"id":52328,"href":"https:\/\/pagina10.com\/web\/wp-json\/wp\/v2\/posts\/52326\/revisions\/52328"}],"wp:featuredmedia":[{"embeddable":true,"href":"https:\/\/pagina10.com\/web\/wp-json\/wp\/v2\/media\/52327"}],"wp:attachment":[{"href":"https:\/\/pagina10.com\/web\/wp-json\/wp\/v2\/media?parent=52326"}],"wp:term":[{"taxonomy":"category","embeddable":true,"href":"https:\/\/pagina10.com\/web\/wp-json\/wp\/v2\/categories?post=52326"},{"taxonomy":"post_tag","embeddable":true,"href":"https:\/\/pagina10.com\/web\/wp-json\/wp\/v2\/tags?post=52326"}],"curies":[{"name":"wp","href":"https:\/\/api.w.org\/{rel}","templated":true}]}}