{"id":52439,"date":"2021-05-14T15:11:35","date_gmt":"2021-05-14T20:11:35","guid":{"rendered":"https:\/\/pagina10.com\/web\/?p=52439"},"modified":"2021-05-14T15:11:35","modified_gmt":"2021-05-14T20:11:35","slug":"corte-suprema-de-justicia-avalo-la-extradicion-a-estados-unidos-de-jesus-santrich","status":"publish","type":"post","link":"https:\/\/pagina10.com\/web\/corte-suprema-de-justicia-avalo-la-extradicion-a-estados-unidos-de-jesus-santrich\/","title":{"rendered":"Corte Suprema de Justicia aval\u00f3 la extradici\u00f3n a Estados Unidos de &#8216;Jes\u00fas Santrich&#8217;."},"content":{"rendered":"<p style=\"text-align: justify;\">La Corte Suprema de Justicia emiti\u00f3 ayer un concepto favorable para que el disidente guerrillero Seuxis Paucias Hernandez Solarte, alias \u2018Jes\u00fas Santrich\u2019 sea extraditado a los Estados Unidos.<\/p>\n<p style=\"text-align: justify;\">Jes\u00fas Santrich deber\u00e1 comparecer ante la Corte para el Distrito Sur de Nueva York por los delitos de tr\u00e1fico de estupefacientes y concierto para delinquir agravado. Estos delitos, de acuerdo a lo citado por la Corte Suprema de Justicia fueron cometidos \u201centre junio de 2017 y abril de 2018, cuando presuntamente hizo parte de una organizaci\u00f3n de narcotr\u00e1fico que oper\u00f3 desde Colombia para el env\u00edo de coca\u00edna hacia los Estados Unidos\u201d.<\/p>\n<p style=\"text-align: justify;\">La Corte se\u00f1al\u00f3 que en el caso de Jes\u00fas Santrich no opera la prohibici\u00f3n de extraditar a exintegrantes de la desmovilizada guerrilla de las Farc por cuenta del proceso de paz, pues su condici\u00f3n de desertor del proceso de paz hizo que este perdiera todos los beneficios de la justicia transicional.<\/p>\n<p style=\"text-align: justify;\">Agreg\u00f3 finalmente que si llega a presentar una nueva captura, en territorio nacional, contra el exintegrante de las antiguas Farc-EP, quedar\u00e1 supeditada la utilizaci\u00f3n del concepto de extradici\u00f3n emitido por esta Corporaci\u00f3n.<\/p>\n<p style=\"text-align: justify;\">\n<p style=\"text-align: justify;\">\n","protected":false},"excerpt":{"rendered":"<p>La Corte Suprema de Justicia emiti\u00f3 ayer un concepto favorable para que el disidente guerrillero Seuxis Paucias Hernandez Solarte, alias \u2018Jes\u00fas Santrich\u2019 sea extraditado a los Estados Unidos. Jes\u00fas Santrich deber\u00e1 comparecer ante la Corte para el Distrito Sur de Nueva York por los delitos de tr\u00e1fico de estupefacientes y concierto para delinquir agravado. Estos [&hellip;]<\/p>\n","protected":false},"author":1,"featured_media":52440,"comment_status":"open","ping_status":"open","sticky":false,"template":"","format":"standard","meta":{"footnotes":""},"categories":[61],"tags":[],"class_list":["post-52439","post","type-post","status-publish","format-standard","has-post-thumbnail","hentry","category-judicial"],"yoast_head":"<!-- This site is optimized with the Yoast SEO plugin v27.1.1 - https:\/\/yoast.com\/product\/yoast-seo-wordpress\/ -->\n<title>Corte Suprema de Justicia aval\u00f3 la extradici\u00f3n a Estados Unidos de &#039;Jes\u00fas Santrich&#039;. | P\u00e1gina10<\/title>\n<meta name=\"robots\" content=\"index, follow, max-snippet:-1, max-image-preview:large, max-video-preview:-1\" \/>\n<link rel=\"canonical\" href=\"https:\/\/pagina10.com\/web\/corte-suprema-de-justicia-avalo-la-extradicion-a-estados-unidos-de-jesus-santrich\/\" \/>\n<meta property=\"og:locale\" content=\"es_ES\" \/>\n<meta property=\"og:type\" content=\"article\" \/>\n<meta property=\"og:title\" content=\"Corte Suprema de Justicia aval\u00f3 la extradici\u00f3n a Estados Unidos de &#039;Jes\u00fas Santrich&#039;. | P\u00e1gina10\" \/>\n<meta property=\"og:description\" content=\"La Corte Suprema de Justicia emiti\u00f3 ayer un concepto favorable para que el disidente guerrillero Seuxis Paucias Hernandez Solarte, alias \u2018Jes\u00fas Santrich\u2019 sea extraditado a los Estados Unidos. Jes\u00fas Santrich deber\u00e1 comparecer ante la Corte para el Distrito Sur de Nueva York por los delitos de tr\u00e1fico de estupefacientes y concierto para delinquir agravado. Estos [&hellip;]\" \/>\n<meta property=\"og:url\" content=\"https:\/\/pagina10.com\/web\/corte-suprema-de-justicia-avalo-la-extradicion-a-estados-unidos-de-jesus-santrich\/\" \/>\n<meta property=\"og:site_name\" content=\"P\u00e1gina10\" \/>\n<meta property=\"article:publisher\" content=\"https:\/\/www.facebook.com\/pag10com\" \/>\n<meta property=\"article:published_time\" content=\"2021-05-14T20:11:35+00:00\" \/>\n<meta property=\"og:image\" content=\"https:\/\/pagina10.com\/web\/wp-content\/uploads\/2021\/05\/descarga-3.jpeg\" \/>\n\t<meta property=\"og:image:width\" content=\"275\" \/>\n\t<meta property=\"og:image:height\" content=\"183\" \/>\n\t<meta property=\"og:image:type\" content=\"image\/jpeg\" \/>\n<meta name=\"author\" content=\"P\u00e1gina 10\" \/>\n<meta name=\"twitter:card\" content=\"summary_large_image\" \/>\n<meta name=\"twitter:creator\" content=\"@Pag10com\" \/>\n<meta name=\"twitter:site\" content=\"@Pag10com\" \/>\n<meta name=\"twitter:label1\" content=\"Escrito por\" \/>\n\t<meta name=\"twitter:data1\" content=\"P\u00e1gina 10\" \/>\n\t<meta name=\"twitter:label2\" content=\"Tiempo de lectura\" \/>\n\t<meta name=\"twitter:data2\" content=\"1 minuto\" \/>\n<script type=\"application\/ld+json\" class=\"yoast-schema-graph\">{\"@context\":\"https:\/\/schema.org\",\"@graph\":[{\"@type\":\"Article\",\"@id\":\"https:\/\/pagina10.com\/web\/corte-suprema-de-justicia-avalo-la-extradicion-a-estados-unidos-de-jesus-santrich\/#article\",\"isPartOf\":{\"@id\":\"https:\/\/pagina10.com\/web\/corte-suprema-de-justicia-avalo-la-extradicion-a-estados-unidos-de-jesus-santrich\/\"},\"author\":{\"name\":\"P\u00e1gina 10\",\"@id\":\"https:\/\/pagina10.com\/web\/#\/schema\/person\/2efc4a090d25b667d3bc796798a3a81b\"},\"headline\":\"Corte Suprema de Justicia aval\u00f3 la extradici\u00f3n a Estados Unidos de &#8216;Jes\u00fas Santrich&#8217;.\",\"datePublished\":\"2021-05-14T20:11:35+00:00\",\"mainEntityOfPage\":{\"@id\":\"https:\/\/pagina10.com\/web\/corte-suprema-de-justicia-avalo-la-extradicion-a-estados-unidos-de-jesus-santrich\/\"},\"wordCount\":209,\"commentCount\":0,\"publisher\":{\"@id\":\"https:\/\/pagina10.com\/web\/#organization\"},\"image\":{\"@id\":\"https:\/\/pagina10.com\/web\/corte-suprema-de-justicia-avalo-la-extradicion-a-estados-unidos-de-jesus-santrich\/#primaryimage\"},\"thumbnailUrl\":\"https:\/\/pagina10.com\/web\/wp-content\/uploads\/2021\/05\/descarga-3.jpeg\",\"articleSection\":[\"Judicial\"],\"inLanguage\":\"es\",\"potentialAction\":[{\"@type\":\"CommentAction\",\"name\":\"Comment\",\"target\":[\"https:\/\/pagina10.com\/web\/corte-suprema-de-justicia-avalo-la-extradicion-a-estados-unidos-de-jesus-santrich\/#respond\"]}]},{\"@type\":\"WebPage\",\"@id\":\"https:\/\/pagina10.com\/web\/corte-suprema-de-justicia-avalo-la-extradicion-a-estados-unidos-de-jesus-santrich\/\",\"url\":\"https:\/\/pagina10.com\/web\/corte-suprema-de-justicia-avalo-la-extradicion-a-estados-unidos-de-jesus-santrich\/\",\"name\":\"Corte Suprema de Justicia aval\u00f3 la extradici\u00f3n a Estados Unidos de 'Jes\u00fas Santrich'. | P\u00e1gina10\",\"isPartOf\":{\"@id\":\"https:\/\/pagina10.com\/web\/#website\"},\"primaryImageOfPage\":{\"@id\":\"https:\/\/pagina10.com\/web\/corte-suprema-de-justicia-avalo-la-extradicion-a-estados-unidos-de-jesus-santrich\/#primaryimage\"},\"image\":{\"@id\":\"https:\/\/pagina10.com\/web\/corte-suprema-de-justicia-avalo-la-extradicion-a-estados-unidos-de-jesus-santrich\/#primaryimage\"},\"thumbnailUrl\":\"https:\/\/pagina10.com\/web\/wp-content\/uploads\/2021\/05\/descarga-3.jpeg\",\"datePublished\":\"2021-05-14T20:11:35+00:00\",\"breadcrumb\":{\"@id\":\"https:\/\/pagina10.com\/web\/corte-suprema-de-justicia-avalo-la-extradicion-a-estados-unidos-de-jesus-santrich\/#breadcrumb\"},\"inLanguage\":\"es\",\"potentialAction\":[{\"@type\":\"ReadAction\",\"target\":[\"https:\/\/pagina10.com\/web\/corte-suprema-de-justicia-avalo-la-extradicion-a-estados-unidos-de-jesus-santrich\/\"]}]},{\"@type\":\"ImageObject\",\"inLanguage\":\"es\",\"@id\":\"https:\/\/pagina10.com\/web\/corte-suprema-de-justicia-avalo-la-extradicion-a-estados-unidos-de-jesus-santrich\/#primaryimage\",\"url\":\"https:\/\/pagina10.com\/web\/wp-content\/uploads\/2021\/05\/descarga-3.jpeg\",\"contentUrl\":\"https:\/\/pagina10.com\/web\/wp-content\/uploads\/2021\/05\/descarga-3.jpeg\",\"width\":275,\"height\":183},{\"@type\":\"BreadcrumbList\",\"@id\":\"https:\/\/pagina10.com\/web\/corte-suprema-de-justicia-avalo-la-extradicion-a-estados-unidos-de-jesus-santrich\/#breadcrumb\",\"itemListElement\":[{\"@type\":\"ListItem\",\"position\":1,\"name\":\"Portada\",\"item\":\"https:\/\/pagina10.com\/web\/\"},{\"@type\":\"ListItem\",\"position\":2,\"name\":\"Corte Suprema de Justicia aval\u00f3 la extradici\u00f3n a Estados Unidos de &#8216;Jes\u00fas Santrich&#8217;.\"}]},{\"@type\":\"WebSite\",\"@id\":\"https:\/\/pagina10.com\/web\/#website\",\"url\":\"https:\/\/pagina10.com\/web\/\",\"name\":\"P\u00e1gina10\",\"description\":\"Peri\u00f3dico Regional\",\"publisher\":{\"@id\":\"https:\/\/pagina10.com\/web\/#organization\"},\"alternateName\":\"P\u00e1gina10 Peri\u00f3dico Regional\",\"potentialAction\":[{\"@type\":\"SearchAction\",\"target\":{\"@type\":\"EntryPoint\",\"urlTemplate\":\"https:\/\/pagina10.com\/web\/?s={search_term_string}\"},\"query-input\":{\"@type\":\"PropertyValueSpecification\",\"valueRequired\":true,\"valueName\":\"search_term_string\"}}],\"inLanguage\":\"es\"},{\"@type\":\"Organization\",\"@id\":\"https:\/\/pagina10.com\/web\/#organization\",\"name\":\"P\u00e1gina10\",\"alternateName\":\"P\u00e1gina10 Peri\u00f3dico Regional\",\"url\":\"https:\/\/pagina10.com\/web\/\",\"logo\":{\"@type\":\"ImageObject\",\"inLanguage\":\"es\",\"@id\":\"https:\/\/pagina10.com\/web\/#\/schema\/logo\/image\/\",\"url\":\"https:\/\/pagina10.com\/web\/wp-content\/uploads\/2024\/01\/40-pagina-10-periodico-regional-pasto.jpg\",\"contentUrl\":\"https:\/\/pagina10.com\/web\/wp-content\/uploads\/2024\/01\/40-pagina-10-periodico-regional-pasto.jpg\",\"width\":1280,\"height\":720,\"caption\":\"P\u00e1gina10\"},\"image\":{\"@id\":\"https:\/\/pagina10.com\/web\/#\/schema\/logo\/image\/\"},\"sameAs\":[\"https:\/\/www.facebook.com\/pag10com\",\"https:\/\/x.com\/Pag10com\",\"https:\/\/www.instagram.com\/pagina10col\/\",\"https:\/\/youtube.com\/channel\/pag10\",\"https:\/\/www.tiktok.com\/@p10col\"]},{\"@type\":\"Person\",\"@id\":\"https:\/\/pagina10.com\/web\/#\/schema\/person\/2efc4a090d25b667d3bc796798a3a81b\",\"name\":\"P\u00e1gina 10\",\"description\":\"P\u00e1gina 10 es un peri\u00f3dico regional que nace en Colombia, en el departamento de Nari\u00f1o, con un enfoque global, fundamentado en cuatro pilares esenciales: la libertad, el pluralismo, la inclusi\u00f3n y la independencia. P\u00e1gina 10 hace referencia a Nari\u00f1o como el d\u00e9cimo departamento creado en Colombia, despu\u00e9s de un proceso pol\u00edtico liderado por actores y actrices regionales con el fin de obtener la independencia y autonom\u00eda de nuestros territorios. Con la creaci\u00f3n de P\u00e1gina 10 se pretende abrir un escenario para el dialogo, la reflexi\u00f3n y el debate que se extienda a otras geograf\u00edas de Am\u00e9rica Latina y del planeta, en una apuesta por transformar colectivamente los desaf\u00edos de un mundo contempor\u00e1neo, m\u00e1s all\u00e1 de las fronteras impuestas.\",\"url\":\"https:\/\/pagina10.com\/web\/author\/pdiezadmin\/\"}]}<\/script>\n<!-- \/ Yoast SEO plugin. -->","yoast_head_json":{"title":"Corte Suprema de Justicia aval\u00f3 la extradici\u00f3n a Estados Unidos de 'Jes\u00fas Santrich'. | P\u00e1gina10","robots":{"index":"index","follow":"follow","max-snippet":"max-snippet:-1","max-image-preview":"max-image-preview:large","max-video-preview":"max-video-preview:-1"},"canonical":"https:\/\/pagina10.com\/web\/corte-suprema-de-justicia-avalo-la-extradicion-a-estados-unidos-de-jesus-santrich\/","og_locale":"es_ES","og_type":"article","og_title":"Corte Suprema de Justicia aval\u00f3 la extradici\u00f3n a Estados Unidos de 'Jes\u00fas Santrich'. | P\u00e1gina10","og_description":"La Corte Suprema de Justicia emiti\u00f3 ayer un concepto favorable para que el disidente guerrillero Seuxis Paucias Hernandez Solarte, alias \u2018Jes\u00fas Santrich\u2019 sea extraditado a los Estados Unidos. Jes\u00fas Santrich deber\u00e1 comparecer ante la Corte para el Distrito Sur de Nueva York por los delitos de tr\u00e1fico de estupefacientes y concierto para delinquir agravado. Estos [&hellip;]","og_url":"https:\/\/pagina10.com\/web\/corte-suprema-de-justicia-avalo-la-extradicion-a-estados-unidos-de-jesus-santrich\/","og_site_name":"P\u00e1gina10","article_publisher":"https:\/\/www.facebook.com\/pag10com","article_published_time":"2021-05-14T20:11:35+00:00","og_image":[{"width":275,"height":183,"url":"https:\/\/pagina10.com\/web\/wp-content\/uploads\/2021\/05\/descarga-3.jpeg","type":"image\/jpeg"}],"author":"P\u00e1gina 10","twitter_card":"summary_large_image","twitter_creator":"@Pag10com","twitter_site":"@Pag10com","twitter_misc":{"Escrito por":"P\u00e1gina 10","Tiempo de lectura":"1 minuto"},"schema":{"@context":"https:\/\/schema.org","@graph":[{"@type":"Article","@id":"https:\/\/pagina10.com\/web\/corte-suprema-de-justicia-avalo-la-extradicion-a-estados-unidos-de-jesus-santrich\/#article","isPartOf":{"@id":"https:\/\/pagina10.com\/web\/corte-suprema-de-justicia-avalo-la-extradicion-a-estados-unidos-de-jesus-santrich\/"},"author":{"name":"P\u00e1gina 10","@id":"https:\/\/pagina10.com\/web\/#\/schema\/person\/2efc4a090d25b667d3bc796798a3a81b"},"headline":"Corte Suprema de Justicia aval\u00f3 la extradici\u00f3n a Estados Unidos de &#8216;Jes\u00fas Santrich&#8217;.","datePublished":"2021-05-14T20:11:35+00:00","mainEntityOfPage":{"@id":"https:\/\/pagina10.com\/web\/corte-suprema-de-justicia-avalo-la-extradicion-a-estados-unidos-de-jesus-santrich\/"},"wordCount":209,"commentCount":0,"publisher":{"@id":"https:\/\/pagina10.com\/web\/#organization"},"image":{"@id":"https:\/\/pagina10.com\/web\/corte-suprema-de-justicia-avalo-la-extradicion-a-estados-unidos-de-jesus-santrich\/#primaryimage"},"thumbnailUrl":"https:\/\/pagina10.com\/web\/wp-content\/uploads\/2021\/05\/descarga-3.jpeg","articleSection":["Judicial"],"inLanguage":"es","potentialAction":[{"@type":"CommentAction","name":"Comment","target":["https:\/\/pagina10.com\/web\/corte-suprema-de-justicia-avalo-la-extradicion-a-estados-unidos-de-jesus-santrich\/#respond"]}]},{"@type":"WebPage","@id":"https:\/\/pagina10.com\/web\/corte-suprema-de-justicia-avalo-la-extradicion-a-estados-unidos-de-jesus-santrich\/","url":"https:\/\/pagina10.com\/web\/corte-suprema-de-justicia-avalo-la-extradicion-a-estados-unidos-de-jesus-santrich\/","name":"Corte Suprema de Justicia aval\u00f3 la extradici\u00f3n a Estados Unidos de 'Jes\u00fas Santrich'. | P\u00e1gina10","isPartOf":{"@id":"https:\/\/pagina10.com\/web\/#website"},"primaryImageOfPage":{"@id":"https:\/\/pagina10.com\/web\/corte-suprema-de-justicia-avalo-la-extradicion-a-estados-unidos-de-jesus-santrich\/#primaryimage"},"image":{"@id":"https:\/\/pagina10.com\/web\/corte-suprema-de-justicia-avalo-la-extradicion-a-estados-unidos-de-jesus-santrich\/#primaryimage"},"thumbnailUrl":"https:\/\/pagina10.com\/web\/wp-content\/uploads\/2021\/05\/descarga-3.jpeg","datePublished":"2021-05-14T20:11:35+00:00","breadcrumb":{"@id":"https:\/\/pagina10.com\/web\/corte-suprema-de-justicia-avalo-la-extradicion-a-estados-unidos-de-jesus-santrich\/#breadcrumb"},"inLanguage":"es","potentialAction":[{"@type":"ReadAction","target":["https:\/\/pagina10.com\/web\/corte-suprema-de-justicia-avalo-la-extradicion-a-estados-unidos-de-jesus-santrich\/"]}]},{"@type":"ImageObject","inLanguage":"es","@id":"https:\/\/pagina10.com\/web\/corte-suprema-de-justicia-avalo-la-extradicion-a-estados-unidos-de-jesus-santrich\/#primaryimage","url":"https:\/\/pagina10.com\/web\/wp-content\/uploads\/2021\/05\/descarga-3.jpeg","contentUrl":"https:\/\/pagina10.com\/web\/wp-content\/uploads\/2021\/05\/descarga-3.jpeg","width":275,"height":183},{"@type":"BreadcrumbList","@id":"https:\/\/pagina10.com\/web\/corte-suprema-de-justicia-avalo-la-extradicion-a-estados-unidos-de-jesus-santrich\/#breadcrumb","itemListElement":[{"@type":"ListItem","position":1,"name":"Portada","item":"https:\/\/pagina10.com\/web\/"},{"@type":"ListItem","position":2,"name":"Corte Suprema de Justicia aval\u00f3 la extradici\u00f3n a Estados Unidos de &#8216;Jes\u00fas Santrich&#8217;."}]},{"@type":"WebSite","@id":"https:\/\/pagina10.com\/web\/#website","url":"https:\/\/pagina10.com\/web\/","name":"P\u00e1gina10","description":"Peri\u00f3dico Regional","publisher":{"@id":"https:\/\/pagina10.com\/web\/#organization"},"alternateName":"P\u00e1gina10 Peri\u00f3dico Regional","potentialAction":[{"@type":"SearchAction","target":{"@type":"EntryPoint","urlTemplate":"https:\/\/pagina10.com\/web\/?s={search_term_string}"},"query-input":{"@type":"PropertyValueSpecification","valueRequired":true,"valueName":"search_term_string"}}],"inLanguage":"es"},{"@type":"Organization","@id":"https:\/\/pagina10.com\/web\/#organization","name":"P\u00e1gina10","alternateName":"P\u00e1gina10 Peri\u00f3dico Regional","url":"https:\/\/pagina10.com\/web\/","logo":{"@type":"ImageObject","inLanguage":"es","@id":"https:\/\/pagina10.com\/web\/#\/schema\/logo\/image\/","url":"https:\/\/pagina10.com\/web\/wp-content\/uploads\/2024\/01\/40-pagina-10-periodico-regional-pasto.jpg","contentUrl":"https:\/\/pagina10.com\/web\/wp-content\/uploads\/2024\/01\/40-pagina-10-periodico-regional-pasto.jpg","width":1280,"height":720,"caption":"P\u00e1gina10"},"image":{"@id":"https:\/\/pagina10.com\/web\/#\/schema\/logo\/image\/"},"sameAs":["https:\/\/www.facebook.com\/pag10com","https:\/\/x.com\/Pag10com","https:\/\/www.instagram.com\/pagina10col\/","https:\/\/youtube.com\/channel\/pag10","https:\/\/www.tiktok.com\/@p10col"]},{"@type":"Person","@id":"https:\/\/pagina10.com\/web\/#\/schema\/person\/2efc4a090d25b667d3bc796798a3a81b","name":"P\u00e1gina 10","description":"P\u00e1gina 10 es un peri\u00f3dico regional que nace en Colombia, en el departamento de Nari\u00f1o, con un enfoque global, fundamentado en cuatro pilares esenciales: la libertad, el pluralismo, la inclusi\u00f3n y la independencia. P\u00e1gina 10 hace referencia a Nari\u00f1o como el d\u00e9cimo departamento creado en Colombia, despu\u00e9s de un proceso pol\u00edtico liderado por actores y actrices regionales con el fin de obtener la independencia y autonom\u00eda de nuestros territorios. Con la creaci\u00f3n de P\u00e1gina 10 se pretende abrir un escenario para el dialogo, la reflexi\u00f3n y el debate que se extienda a otras geograf\u00edas de Am\u00e9rica Latina y del planeta, en una apuesta por transformar colectivamente los desaf\u00edos de un mundo contempor\u00e1neo, m\u00e1s all\u00e1 de las fronteras impuestas.","url":"https:\/\/pagina10.com\/web\/author\/pdiezadmin\/"}]}},"_links":{"self":[{"href":"https:\/\/pagina10.com\/web\/wp-json\/wp\/v2\/posts\/52439","targetHints":{"allow":["GET"]}}],"collection":[{"href":"https:\/\/pagina10.com\/web\/wp-json\/wp\/v2\/posts"}],"about":[{"href":"https:\/\/pagina10.com\/web\/wp-json\/wp\/v2\/types\/post"}],"author":[{"embeddable":true,"href":"https:\/\/pagina10.com\/web\/wp-json\/wp\/v2\/users\/1"}],"replies":[{"embeddable":true,"href":"https:\/\/pagina10.com\/web\/wp-json\/wp\/v2\/comments?post=52439"}],"version-history":[{"count":1,"href":"https:\/\/pagina10.com\/web\/wp-json\/wp\/v2\/posts\/52439\/revisions"}],"predecessor-version":[{"id":52441,"href":"https:\/\/pagina10.com\/web\/wp-json\/wp\/v2\/posts\/52439\/revisions\/52441"}],"wp:featuredmedia":[{"embeddable":true,"href":"https:\/\/pagina10.com\/web\/wp-json\/wp\/v2\/media\/52440"}],"wp:attachment":[{"href":"https:\/\/pagina10.com\/web\/wp-json\/wp\/v2\/media?parent=52439"}],"wp:term":[{"taxonomy":"category","embeddable":true,"href":"https:\/\/pagina10.com\/web\/wp-json\/wp\/v2\/categories?post=52439"},{"taxonomy":"post_tag","embeddable":true,"href":"https:\/\/pagina10.com\/web\/wp-json\/wp\/v2\/tags?post=52439"}],"curies":[{"name":"wp","href":"https:\/\/api.w.org\/{rel}","templated":true}]}}