{"id":52457,"date":"2021-05-15T11:23:51","date_gmt":"2021-05-15T16:23:51","guid":{"rendered":"https:\/\/pagina10.com\/web\/?p=52457"},"modified":"2021-05-15T11:23:51","modified_gmt":"2021-05-15T16:23:51","slug":"la-economia-colombiana-crecio-en-el-primer-trimestre-y-empieza-la-senda-de-la-recuperacion-ivan-duque","status":"publish","type":"post","link":"https:\/\/pagina10.com\/web\/la-economia-colombiana-crecio-en-el-primer-trimestre-y-empieza-la-senda-de-la-recuperacion-ivan-duque\/","title":{"rendered":"&#8220;La econom\u00eda colombiana creci\u00f3 en el primer trimestre y empieza la senda de la recuperaci\u00f3n&#8221;: Iv\u00e1n Duque"},"content":{"rendered":"<p style=\"text-align: justify;\">El Presidente Iv\u00e1n Duque anunci\u00f3 este viernes que la econom\u00eda colombiana creci\u00f3 en el primer trimestre y que ahora el pa\u00eds se encamina por la senda de la recuperaci\u00f3n, luego de que el Departamento Administrativo Nacional de Estad\u00edsticas (DANE) revel\u00f3 que el PIB se expandi\u00f3 un 1,1% en el periodo enero-marzo del 2021 frente a igual periodo del a\u00f1o pasado.<\/p>\n<p style=\"text-align: justify;\">\u201cEl a\u00f1o pasado pusimos en marcha el programa de reactivaci\u00f3n y hoy podemos decir que, en el primer trimestre del a\u00f1o 2021, el crecimiento de nuestra econom\u00eda fue positivo, por encima de todas las expectativas. Eso quiere decir que la recesi\u00f3n como tal ha terminado y empieza la senda de recuperaci\u00f3n de nuestra econom\u00eda\u201d, dijo el Jefe de Estado en una declaraci\u00f3n a los medios de comunicaci\u00f3n desde la Casa de Nari\u00f1o.<\/p>\n<p style=\"text-align: justify;\">La econom\u00eda concluye as\u00ed tres trimestres consecutivos de contracci\u00f3n econ\u00f3mica. El desempe\u00f1o estuvo muy por encima de las previsiones de los expertos, que fijaron sus estimaciones entre una contracci\u00f3n de 1,9 por ciento, como la m\u00e1s pesimista, a una expansi\u00f3n de apenas 0,1, con lo que el comportamiento del PIB super\u00f3 incluso las estimaciones m\u00e1s optimistas.<\/p>\n<p style=\"text-align: justify;\">La industria manufacturera, con una expansi\u00f3n de 7%, fue la m\u00e1s din\u00e1mica, y contribuy\u00f3 con 0,9 puntos porcentuales a la cifra del primer trimestre. Tambi\u00e9n fueron destacables los desempe\u00f1os en los establecimientos financieros y en las empresas relacionadas con entretenimiento.<\/p>\n<p style=\"text-align: justify;\">\u201cEl reto que tenemos todos los colombianos es que esta reactivaci\u00f3n siga din\u00e1mica, que en nuestro segundo trimestre de este a\u00f1o y en todo lo que nos queda de este a\u00f1o reactivemos a Colombia, porque de eso depende la generaci\u00f3n de empleo, la generaci\u00f3n de oportunidades, la generaci\u00f3n de bienestar \u201c, expres\u00f3.<\/p>\n<p style=\"text-align: justify;\">El Mandatario invit\u00f3 igualmente a los colombianos a expresar un rechazo total a los bloqueos de las v\u00edas. \u201cY este es un llamado muy claro para que todos los colombianos, con m\u00e1s fuerza que nunca, digamos: no m\u00e1s bloqueos. Porque estos bloqueos pueden hacernos perder todo lo que hemos avanzado para la reactivaci\u00f3n de nuestro pa\u00eds. Que todos digamos que no hay raz\u00f3n alguna para quitarle a ning\u00fan colombiano el derecho a comer, el derecho a movilizarse y el derecho a trabajar\u201d.<\/p>\n<p style=\"text-align: justify;\">Record\u00f3 que ha expresado en distintas oportunidades que el Gobierno est\u00e1 listo a reunirse con los miembros del Comit\u00e9 del Paro para avanzar en negociaciones y en construcci\u00f3n de acuerdos.<\/p>\n<p>Fuente: Presidencia de la Rep\u00fablica.<\/p>\n<p style=\"text-align: justify;\">\n","protected":false},"excerpt":{"rendered":"<p>El Presidente Iv\u00e1n Duque anunci\u00f3 este viernes que la econom\u00eda colombiana creci\u00f3 en el primer trimestre y que ahora el pa\u00eds se encamina por la senda de la recuperaci\u00f3n, luego de que el Departamento Administrativo Nacional de Estad\u00edsticas (DANE) revel\u00f3 que el PIB se expandi\u00f3 un 1,1% en el periodo enero-marzo del 2021 frente a [&hellip;]<\/p>\n","protected":false},"author":1,"featured_media":52458,"comment_status":"open","ping_status":"open","sticky":false,"template":"","format":"standard","meta":{"footnotes":""},"categories":[13],"tags":[],"class_list":["post-52457","post","type-post","status-publish","format-standard","has-post-thumbnail","hentry","category-economia"],"yoast_head":"<!-- This site is optimized with the Yoast SEO plugin v27.1.1 - https:\/\/yoast.com\/product\/yoast-seo-wordpress\/ -->\n<title>&quot;La econom\u00eda colombiana creci\u00f3 en el primer trimestre y empieza la senda de la recuperaci\u00f3n&quot;: Iv\u00e1n Duque | P\u00e1gina10<\/title>\n<meta name=\"robots\" content=\"index, follow, max-snippet:-1, max-image-preview:large, max-video-preview:-1\" \/>\n<link rel=\"canonical\" href=\"https:\/\/pagina10.com\/web\/la-economia-colombiana-crecio-en-el-primer-trimestre-y-empieza-la-senda-de-la-recuperacion-ivan-duque\/\" \/>\n<meta property=\"og:locale\" content=\"es_ES\" \/>\n<meta property=\"og:type\" content=\"article\" \/>\n<meta property=\"og:title\" content=\"&quot;La econom\u00eda colombiana creci\u00f3 en el primer trimestre y empieza la senda de la recuperaci\u00f3n&quot;: Iv\u00e1n Duque | P\u00e1gina10\" \/>\n<meta property=\"og:description\" content=\"El Presidente Iv\u00e1n Duque anunci\u00f3 este viernes que la econom\u00eda colombiana creci\u00f3 en el primer trimestre y que ahora el pa\u00eds se encamina por la senda de la recuperaci\u00f3n, luego de que el Departamento Administrativo Nacional de Estad\u00edsticas (DANE) revel\u00f3 que el PIB se expandi\u00f3 un 1,1% en el periodo enero-marzo del 2021 frente a [&hellip;]\" \/>\n<meta property=\"og:url\" content=\"https:\/\/pagina10.com\/web\/la-economia-colombiana-crecio-en-el-primer-trimestre-y-empieza-la-senda-de-la-recuperacion-ivan-duque\/\" \/>\n<meta property=\"og:site_name\" content=\"P\u00e1gina10\" \/>\n<meta property=\"article:publisher\" content=\"https:\/\/www.facebook.com\/pag10com\" \/>\n<meta property=\"article:published_time\" content=\"2021-05-15T16:23:51+00:00\" \/>\n<meta property=\"og:image\" content=\"https:\/\/pagina10.com\/web\/wp-content\/uploads\/2021\/05\/Captura-de-pantalla-282.png\" \/>\n\t<meta property=\"og:image:width\" content=\"753\" \/>\n\t<meta property=\"og:image:height\" content=\"423\" \/>\n\t<meta property=\"og:image:type\" content=\"image\/png\" \/>\n<meta name=\"author\" content=\"P\u00e1gina 10\" \/>\n<meta name=\"twitter:card\" content=\"summary_large_image\" \/>\n<meta name=\"twitter:creator\" content=\"@Pag10com\" \/>\n<meta name=\"twitter:site\" content=\"@Pag10com\" \/>\n<meta name=\"twitter:label1\" content=\"Escrito por\" \/>\n\t<meta name=\"twitter:data1\" content=\"P\u00e1gina 10\" \/>\n\t<meta name=\"twitter:label2\" content=\"Tiempo de lectura\" \/>\n\t<meta name=\"twitter:data2\" content=\"2 minutos\" \/>\n<script type=\"application\/ld+json\" class=\"yoast-schema-graph\">{\"@context\":\"https:\/\/schema.org\",\"@graph\":[{\"@type\":\"Article\",\"@id\":\"https:\/\/pagina10.com\/web\/la-economia-colombiana-crecio-en-el-primer-trimestre-y-empieza-la-senda-de-la-recuperacion-ivan-duque\/#article\",\"isPartOf\":{\"@id\":\"https:\/\/pagina10.com\/web\/la-economia-colombiana-crecio-en-el-primer-trimestre-y-empieza-la-senda-de-la-recuperacion-ivan-duque\/\"},\"author\":{\"name\":\"P\u00e1gina 10\",\"@id\":\"https:\/\/pagina10.com\/web\/#\/schema\/person\/2efc4a090d25b667d3bc796798a3a81b\"},\"headline\":\"&#8220;La econom\u00eda colombiana creci\u00f3 en el primer trimestre y empieza la senda de la recuperaci\u00f3n&#8221;: Iv\u00e1n Duque\",\"datePublished\":\"2021-05-15T16:23:51+00:00\",\"mainEntityOfPage\":{\"@id\":\"https:\/\/pagina10.com\/web\/la-economia-colombiana-crecio-en-el-primer-trimestre-y-empieza-la-senda-de-la-recuperacion-ivan-duque\/\"},\"wordCount\":454,\"commentCount\":0,\"publisher\":{\"@id\":\"https:\/\/pagina10.com\/web\/#organization\"},\"image\":{\"@id\":\"https:\/\/pagina10.com\/web\/la-economia-colombiana-crecio-en-el-primer-trimestre-y-empieza-la-senda-de-la-recuperacion-ivan-duque\/#primaryimage\"},\"thumbnailUrl\":\"https:\/\/pagina10.com\/web\/wp-content\/uploads\/2021\/05\/Captura-de-pantalla-282.png\",\"articleSection\":[\"Econom\u00eda\"],\"inLanguage\":\"es\",\"potentialAction\":[{\"@type\":\"CommentAction\",\"name\":\"Comment\",\"target\":[\"https:\/\/pagina10.com\/web\/la-economia-colombiana-crecio-en-el-primer-trimestre-y-empieza-la-senda-de-la-recuperacion-ivan-duque\/#respond\"]}]},{\"@type\":\"WebPage\",\"@id\":\"https:\/\/pagina10.com\/web\/la-economia-colombiana-crecio-en-el-primer-trimestre-y-empieza-la-senda-de-la-recuperacion-ivan-duque\/\",\"url\":\"https:\/\/pagina10.com\/web\/la-economia-colombiana-crecio-en-el-primer-trimestre-y-empieza-la-senda-de-la-recuperacion-ivan-duque\/\",\"name\":\"\\\"La econom\u00eda colombiana creci\u00f3 en el primer trimestre y empieza la senda de la recuperaci\u00f3n\\\": Iv\u00e1n Duque | P\u00e1gina10\",\"isPartOf\":{\"@id\":\"https:\/\/pagina10.com\/web\/#website\"},\"primaryImageOfPage\":{\"@id\":\"https:\/\/pagina10.com\/web\/la-economia-colombiana-crecio-en-el-primer-trimestre-y-empieza-la-senda-de-la-recuperacion-ivan-duque\/#primaryimage\"},\"image\":{\"@id\":\"https:\/\/pagina10.com\/web\/la-economia-colombiana-crecio-en-el-primer-trimestre-y-empieza-la-senda-de-la-recuperacion-ivan-duque\/#primaryimage\"},\"thumbnailUrl\":\"https:\/\/pagina10.com\/web\/wp-content\/uploads\/2021\/05\/Captura-de-pantalla-282.png\",\"datePublished\":\"2021-05-15T16:23:51+00:00\",\"breadcrumb\":{\"@id\":\"https:\/\/pagina10.com\/web\/la-economia-colombiana-crecio-en-el-primer-trimestre-y-empieza-la-senda-de-la-recuperacion-ivan-duque\/#breadcrumb\"},\"inLanguage\":\"es\",\"potentialAction\":[{\"@type\":\"ReadAction\",\"target\":[\"https:\/\/pagina10.com\/web\/la-economia-colombiana-crecio-en-el-primer-trimestre-y-empieza-la-senda-de-la-recuperacion-ivan-duque\/\"]}]},{\"@type\":\"ImageObject\",\"inLanguage\":\"es\",\"@id\":\"https:\/\/pagina10.com\/web\/la-economia-colombiana-crecio-en-el-primer-trimestre-y-empieza-la-senda-de-la-recuperacion-ivan-duque\/#primaryimage\",\"url\":\"https:\/\/pagina10.com\/web\/wp-content\/uploads\/2021\/05\/Captura-de-pantalla-282.png\",\"contentUrl\":\"https:\/\/pagina10.com\/web\/wp-content\/uploads\/2021\/05\/Captura-de-pantalla-282.png\",\"width\":753,\"height\":423},{\"@type\":\"BreadcrumbList\",\"@id\":\"https:\/\/pagina10.com\/web\/la-economia-colombiana-crecio-en-el-primer-trimestre-y-empieza-la-senda-de-la-recuperacion-ivan-duque\/#breadcrumb\",\"itemListElement\":[{\"@type\":\"ListItem\",\"position\":1,\"name\":\"Portada\",\"item\":\"https:\/\/pagina10.com\/web\/\"},{\"@type\":\"ListItem\",\"position\":2,\"name\":\"&#8220;La econom\u00eda colombiana creci\u00f3 en el primer trimestre y empieza la senda de la recuperaci\u00f3n&#8221;: Iv\u00e1n Duque\"}]},{\"@type\":\"WebSite\",\"@id\":\"https:\/\/pagina10.com\/web\/#website\",\"url\":\"https:\/\/pagina10.com\/web\/\",\"name\":\"P\u00e1gina10\",\"description\":\"Peri\u00f3dico Regional\",\"publisher\":{\"@id\":\"https:\/\/pagina10.com\/web\/#organization\"},\"alternateName\":\"P\u00e1gina10 Peri\u00f3dico Regional\",\"potentialAction\":[{\"@type\":\"SearchAction\",\"target\":{\"@type\":\"EntryPoint\",\"urlTemplate\":\"https:\/\/pagina10.com\/web\/?s={search_term_string}\"},\"query-input\":{\"@type\":\"PropertyValueSpecification\",\"valueRequired\":true,\"valueName\":\"search_term_string\"}}],\"inLanguage\":\"es\"},{\"@type\":\"Organization\",\"@id\":\"https:\/\/pagina10.com\/web\/#organization\",\"name\":\"P\u00e1gina10\",\"alternateName\":\"P\u00e1gina10 Peri\u00f3dico Regional\",\"url\":\"https:\/\/pagina10.com\/web\/\",\"logo\":{\"@type\":\"ImageObject\",\"inLanguage\":\"es\",\"@id\":\"https:\/\/pagina10.com\/web\/#\/schema\/logo\/image\/\",\"url\":\"https:\/\/pagina10.com\/web\/wp-content\/uploads\/2024\/01\/40-pagina-10-periodico-regional-pasto.jpg\",\"contentUrl\":\"https:\/\/pagina10.com\/web\/wp-content\/uploads\/2024\/01\/40-pagina-10-periodico-regional-pasto.jpg\",\"width\":1280,\"height\":720,\"caption\":\"P\u00e1gina10\"},\"image\":{\"@id\":\"https:\/\/pagina10.com\/web\/#\/schema\/logo\/image\/\"},\"sameAs\":[\"https:\/\/www.facebook.com\/pag10com\",\"https:\/\/x.com\/Pag10com\",\"https:\/\/www.instagram.com\/pagina10col\/\",\"https:\/\/youtube.com\/channel\/pag10\",\"https:\/\/www.tiktok.com\/@p10col\"]},{\"@type\":\"Person\",\"@id\":\"https:\/\/pagina10.com\/web\/#\/schema\/person\/2efc4a090d25b667d3bc796798a3a81b\",\"name\":\"P\u00e1gina 10\",\"description\":\"P\u00e1gina 10 es un peri\u00f3dico regional que nace en Colombia, en el departamento de Nari\u00f1o, con un enfoque global, fundamentado en cuatro pilares esenciales: la libertad, el pluralismo, la inclusi\u00f3n y la independencia. P\u00e1gina 10 hace referencia a Nari\u00f1o como el d\u00e9cimo departamento creado en Colombia, despu\u00e9s de un proceso pol\u00edtico liderado por actores y actrices regionales con el fin de obtener la independencia y autonom\u00eda de nuestros territorios. Con la creaci\u00f3n de P\u00e1gina 10 se pretende abrir un escenario para el dialogo, la reflexi\u00f3n y el debate que se extienda a otras geograf\u00edas de Am\u00e9rica Latina y del planeta, en una apuesta por transformar colectivamente los desaf\u00edos de un mundo contempor\u00e1neo, m\u00e1s all\u00e1 de las fronteras impuestas.\",\"url\":\"https:\/\/pagina10.com\/web\/author\/pdiezadmin\/\"}]}<\/script>\n<!-- \/ Yoast SEO plugin. -->","yoast_head_json":{"title":"\"La econom\u00eda colombiana creci\u00f3 en el primer trimestre y empieza la senda de la recuperaci\u00f3n\": Iv\u00e1n Duque | P\u00e1gina10","robots":{"index":"index","follow":"follow","max-snippet":"max-snippet:-1","max-image-preview":"max-image-preview:large","max-video-preview":"max-video-preview:-1"},"canonical":"https:\/\/pagina10.com\/web\/la-economia-colombiana-crecio-en-el-primer-trimestre-y-empieza-la-senda-de-la-recuperacion-ivan-duque\/","og_locale":"es_ES","og_type":"article","og_title":"\"La econom\u00eda colombiana creci\u00f3 en el primer trimestre y empieza la senda de la recuperaci\u00f3n\": Iv\u00e1n Duque | P\u00e1gina10","og_description":"El Presidente Iv\u00e1n Duque anunci\u00f3 este viernes que la econom\u00eda colombiana creci\u00f3 en el primer trimestre y que ahora el pa\u00eds se encamina por la senda de la recuperaci\u00f3n, luego de que el Departamento Administrativo Nacional de Estad\u00edsticas (DANE) revel\u00f3 que el PIB se expandi\u00f3 un 1,1% en el periodo enero-marzo del 2021 frente a [&hellip;]","og_url":"https:\/\/pagina10.com\/web\/la-economia-colombiana-crecio-en-el-primer-trimestre-y-empieza-la-senda-de-la-recuperacion-ivan-duque\/","og_site_name":"P\u00e1gina10","article_publisher":"https:\/\/www.facebook.com\/pag10com","article_published_time":"2021-05-15T16:23:51+00:00","og_image":[{"width":753,"height":423,"url":"https:\/\/pagina10.com\/web\/wp-content\/uploads\/2021\/05\/Captura-de-pantalla-282.png","type":"image\/png"}],"author":"P\u00e1gina 10","twitter_card":"summary_large_image","twitter_creator":"@Pag10com","twitter_site":"@Pag10com","twitter_misc":{"Escrito por":"P\u00e1gina 10","Tiempo de lectura":"2 minutos"},"schema":{"@context":"https:\/\/schema.org","@graph":[{"@type":"Article","@id":"https:\/\/pagina10.com\/web\/la-economia-colombiana-crecio-en-el-primer-trimestre-y-empieza-la-senda-de-la-recuperacion-ivan-duque\/#article","isPartOf":{"@id":"https:\/\/pagina10.com\/web\/la-economia-colombiana-crecio-en-el-primer-trimestre-y-empieza-la-senda-de-la-recuperacion-ivan-duque\/"},"author":{"name":"P\u00e1gina 10","@id":"https:\/\/pagina10.com\/web\/#\/schema\/person\/2efc4a090d25b667d3bc796798a3a81b"},"headline":"&#8220;La econom\u00eda colombiana creci\u00f3 en el primer trimestre y empieza la senda de la recuperaci\u00f3n&#8221;: Iv\u00e1n Duque","datePublished":"2021-05-15T16:23:51+00:00","mainEntityOfPage":{"@id":"https:\/\/pagina10.com\/web\/la-economia-colombiana-crecio-en-el-primer-trimestre-y-empieza-la-senda-de-la-recuperacion-ivan-duque\/"},"wordCount":454,"commentCount":0,"publisher":{"@id":"https:\/\/pagina10.com\/web\/#organization"},"image":{"@id":"https:\/\/pagina10.com\/web\/la-economia-colombiana-crecio-en-el-primer-trimestre-y-empieza-la-senda-de-la-recuperacion-ivan-duque\/#primaryimage"},"thumbnailUrl":"https:\/\/pagina10.com\/web\/wp-content\/uploads\/2021\/05\/Captura-de-pantalla-282.png","articleSection":["Econom\u00eda"],"inLanguage":"es","potentialAction":[{"@type":"CommentAction","name":"Comment","target":["https:\/\/pagina10.com\/web\/la-economia-colombiana-crecio-en-el-primer-trimestre-y-empieza-la-senda-de-la-recuperacion-ivan-duque\/#respond"]}]},{"@type":"WebPage","@id":"https:\/\/pagina10.com\/web\/la-economia-colombiana-crecio-en-el-primer-trimestre-y-empieza-la-senda-de-la-recuperacion-ivan-duque\/","url":"https:\/\/pagina10.com\/web\/la-economia-colombiana-crecio-en-el-primer-trimestre-y-empieza-la-senda-de-la-recuperacion-ivan-duque\/","name":"\"La econom\u00eda colombiana creci\u00f3 en el primer trimestre y empieza la senda de la recuperaci\u00f3n\": Iv\u00e1n Duque | P\u00e1gina10","isPartOf":{"@id":"https:\/\/pagina10.com\/web\/#website"},"primaryImageOfPage":{"@id":"https:\/\/pagina10.com\/web\/la-economia-colombiana-crecio-en-el-primer-trimestre-y-empieza-la-senda-de-la-recuperacion-ivan-duque\/#primaryimage"},"image":{"@id":"https:\/\/pagina10.com\/web\/la-economia-colombiana-crecio-en-el-primer-trimestre-y-empieza-la-senda-de-la-recuperacion-ivan-duque\/#primaryimage"},"thumbnailUrl":"https:\/\/pagina10.com\/web\/wp-content\/uploads\/2021\/05\/Captura-de-pantalla-282.png","datePublished":"2021-05-15T16:23:51+00:00","breadcrumb":{"@id":"https:\/\/pagina10.com\/web\/la-economia-colombiana-crecio-en-el-primer-trimestre-y-empieza-la-senda-de-la-recuperacion-ivan-duque\/#breadcrumb"},"inLanguage":"es","potentialAction":[{"@type":"ReadAction","target":["https:\/\/pagina10.com\/web\/la-economia-colombiana-crecio-en-el-primer-trimestre-y-empieza-la-senda-de-la-recuperacion-ivan-duque\/"]}]},{"@type":"ImageObject","inLanguage":"es","@id":"https:\/\/pagina10.com\/web\/la-economia-colombiana-crecio-en-el-primer-trimestre-y-empieza-la-senda-de-la-recuperacion-ivan-duque\/#primaryimage","url":"https:\/\/pagina10.com\/web\/wp-content\/uploads\/2021\/05\/Captura-de-pantalla-282.png","contentUrl":"https:\/\/pagina10.com\/web\/wp-content\/uploads\/2021\/05\/Captura-de-pantalla-282.png","width":753,"height":423},{"@type":"BreadcrumbList","@id":"https:\/\/pagina10.com\/web\/la-economia-colombiana-crecio-en-el-primer-trimestre-y-empieza-la-senda-de-la-recuperacion-ivan-duque\/#breadcrumb","itemListElement":[{"@type":"ListItem","position":1,"name":"Portada","item":"https:\/\/pagina10.com\/web\/"},{"@type":"ListItem","position":2,"name":"&#8220;La econom\u00eda colombiana creci\u00f3 en el primer trimestre y empieza la senda de la recuperaci\u00f3n&#8221;: Iv\u00e1n Duque"}]},{"@type":"WebSite","@id":"https:\/\/pagina10.com\/web\/#website","url":"https:\/\/pagina10.com\/web\/","name":"P\u00e1gina10","description":"Peri\u00f3dico Regional","publisher":{"@id":"https:\/\/pagina10.com\/web\/#organization"},"alternateName":"P\u00e1gina10 Peri\u00f3dico Regional","potentialAction":[{"@type":"SearchAction","target":{"@type":"EntryPoint","urlTemplate":"https:\/\/pagina10.com\/web\/?s={search_term_string}"},"query-input":{"@type":"PropertyValueSpecification","valueRequired":true,"valueName":"search_term_string"}}],"inLanguage":"es"},{"@type":"Organization","@id":"https:\/\/pagina10.com\/web\/#organization","name":"P\u00e1gina10","alternateName":"P\u00e1gina10 Peri\u00f3dico Regional","url":"https:\/\/pagina10.com\/web\/","logo":{"@type":"ImageObject","inLanguage":"es","@id":"https:\/\/pagina10.com\/web\/#\/schema\/logo\/image\/","url":"https:\/\/pagina10.com\/web\/wp-content\/uploads\/2024\/01\/40-pagina-10-periodico-regional-pasto.jpg","contentUrl":"https:\/\/pagina10.com\/web\/wp-content\/uploads\/2024\/01\/40-pagina-10-periodico-regional-pasto.jpg","width":1280,"height":720,"caption":"P\u00e1gina10"},"image":{"@id":"https:\/\/pagina10.com\/web\/#\/schema\/logo\/image\/"},"sameAs":["https:\/\/www.facebook.com\/pag10com","https:\/\/x.com\/Pag10com","https:\/\/www.instagram.com\/pagina10col\/","https:\/\/youtube.com\/channel\/pag10","https:\/\/www.tiktok.com\/@p10col"]},{"@type":"Person","@id":"https:\/\/pagina10.com\/web\/#\/schema\/person\/2efc4a090d25b667d3bc796798a3a81b","name":"P\u00e1gina 10","description":"P\u00e1gina 10 es un peri\u00f3dico regional que nace en Colombia, en el departamento de Nari\u00f1o, con un enfoque global, fundamentado en cuatro pilares esenciales: la libertad, el pluralismo, la inclusi\u00f3n y la independencia. P\u00e1gina 10 hace referencia a Nari\u00f1o como el d\u00e9cimo departamento creado en Colombia, despu\u00e9s de un proceso pol\u00edtico liderado por actores y actrices regionales con el fin de obtener la independencia y autonom\u00eda de nuestros territorios. Con la creaci\u00f3n de P\u00e1gina 10 se pretende abrir un escenario para el dialogo, la reflexi\u00f3n y el debate que se extienda a otras geograf\u00edas de Am\u00e9rica Latina y del planeta, en una apuesta por transformar colectivamente los desaf\u00edos de un mundo contempor\u00e1neo, m\u00e1s all\u00e1 de las fronteras impuestas.","url":"https:\/\/pagina10.com\/web\/author\/pdiezadmin\/"}]}},"_links":{"self":[{"href":"https:\/\/pagina10.com\/web\/wp-json\/wp\/v2\/posts\/52457","targetHints":{"allow":["GET"]}}],"collection":[{"href":"https:\/\/pagina10.com\/web\/wp-json\/wp\/v2\/posts"}],"about":[{"href":"https:\/\/pagina10.com\/web\/wp-json\/wp\/v2\/types\/post"}],"author":[{"embeddable":true,"href":"https:\/\/pagina10.com\/web\/wp-json\/wp\/v2\/users\/1"}],"replies":[{"embeddable":true,"href":"https:\/\/pagina10.com\/web\/wp-json\/wp\/v2\/comments?post=52457"}],"version-history":[{"count":1,"href":"https:\/\/pagina10.com\/web\/wp-json\/wp\/v2\/posts\/52457\/revisions"}],"predecessor-version":[{"id":52459,"href":"https:\/\/pagina10.com\/web\/wp-json\/wp\/v2\/posts\/52457\/revisions\/52459"}],"wp:featuredmedia":[{"embeddable":true,"href":"https:\/\/pagina10.com\/web\/wp-json\/wp\/v2\/media\/52458"}],"wp:attachment":[{"href":"https:\/\/pagina10.com\/web\/wp-json\/wp\/v2\/media?parent=52457"}],"wp:term":[{"taxonomy":"category","embeddable":true,"href":"https:\/\/pagina10.com\/web\/wp-json\/wp\/v2\/categories?post=52457"},{"taxonomy":"post_tag","embeddable":true,"href":"https:\/\/pagina10.com\/web\/wp-json\/wp\/v2\/tags?post=52457"}],"curies":[{"name":"wp","href":"https:\/\/api.w.org\/{rel}","templated":true}]}}