{"id":52713,"date":"2021-05-25T15:54:31","date_gmt":"2021-05-25T20:54:31","guid":{"rendered":"https:\/\/pagina10.com\/web\/?p=52713"},"modified":"2021-05-25T15:55:30","modified_gmt":"2021-05-25T20:55:30","slug":"narino-con-graves-problemas-de-suministro-de-glp","status":"publish","type":"post","link":"https:\/\/pagina10.com\/web\/narino-con-graves-problemas-de-suministro-de-glp\/","title":{"rendered":"Nari\u00f1o con graves problemas de suministro de GLP"},"content":{"rendered":"<p style=\"text-align: justify;\">Por cuenta de los bloqueos que persisten en varios puntos del pa\u00eds y que obstaculizan el paso de los veh\u00edculos que distribuyen combustibles, el suministro de GLP se encuentra gravemente afectado en Nari\u00f1o, Antioquia y en varios departamentos del suroccidente colombiano (Cauca, Putumayo, Caquet\u00e1, Huila y Valle del Cauca).<\/p>\n<p style=\"text-align: justify;\">En el departamento de Nari\u00f1o, los pasados 20 y 23 de mayo se abrieron corredores de suministro que posibilitaron la distribuci\u00f3n durante 3 d\u00edas del producto que consumen los usuarios en esta regi\u00f3n. \u201cLa distribuci\u00f3n se har\u00e1 de manera tradicional en camiones con cilindros de gas y carrotanques a granel, durante la semana comprendida entre el 24 y 28 de mayo\u201d, aclar\u00f3 el presidente de la Asociaci\u00f3n Colombiana del GLP \u2013 GASNOVA, Alejandro Mart\u00ednez Villegas.<\/p>\n<p style=\"text-align: justify;\">Nari\u00f1o es el tercer departamento con el mayor consumo de GLP en Colombia, con un 9% del consumo nacional y una cobertura de 375.412 hogares \u2013es decir, 1\u2019201.318 personas\u2013. Por su parte, en los departamentos del suroccidente colombiano, se han visto afectadas 3\u2019482.593 personas.<\/p>\n<p style=\"text-align: justify;\">En Antioquia, por su parte, la situaci\u00f3n es cr\u00edtica, dado que solo hay inventarios de GLP hasta el d\u00eda de hoy. Antioquia ocupa el primer lugar en consumo de este servicio p\u00fablico en Colombia, con un 18% del total nacional y una cobertura de 758.729 hogares: es decir, 2\u2019427.932 personas.<\/p>\n<p style=\"text-align: justify;\">El dirigente gremial record\u00f3 que este servicio p\u00fablico domiciliario esencial no s\u00f3lo es utilizado en los hogares para cocinar alimentos sino tambi\u00e9n en hospitales, producci\u00f3n agropecuaria, panader\u00edas, restaurantes y hornos crematorios entre otros usos industriales y comerciales.<\/p>\n<p style=\"text-align: justify;\">El presidente de GASNOVA afirm\u00f3 que est\u00e1 en permanente contacto con diferentes entidades del Gobierno Nacional. \u201cEstamos trabajando de la mano con el se\u00f1or ministro de Minas y Energ\u00eda para que nuestros usuarios puedan ser atendidos a la mayor brevedad posible\u201d, reiter\u00f3 el dirigente gremial.<\/p>\n<p style=\"text-align: justify;\">Finalmente, censur\u00f3 las v\u00edas de hecho, e hizo un llamado a quienes est\u00e1n impidiendo el paso de combustibles, como lo es el GLP: \u201cEstos bloqueos son ilegales y est\u00e1n afectando a millones de colombianos en sus derechos fundamentales\u201d, puntualiz\u00f3.<\/p>\n","protected":false},"excerpt":{"rendered":"<p>Por cuenta de los bloqueos que persisten en varios puntos del pa\u00eds y que obstaculizan el paso de los veh\u00edculos que distribuyen combustibles, el suministro de GLP se encuentra gravemente afectado en Nari\u00f1o, Antioquia y en varios departamentos del suroccidente colombiano (Cauca, Putumayo, Caquet\u00e1, Huila y Valle del Cauca). En el departamento de Nari\u00f1o, los [&hellip;]<\/p>\n","protected":false},"author":1,"featured_media":52714,"comment_status":"open","ping_status":"open","sticky":false,"template":"","format":"standard","meta":{"footnotes":""},"categories":[53],"tags":[],"class_list":["post-52713","post","type-post","status-publish","format-standard","has-post-thumbnail","hentry","category-regiones"],"yoast_head":"<!-- This site is optimized with the Yoast SEO plugin v27.1.1 - https:\/\/yoast.com\/product\/yoast-seo-wordpress\/ -->\n<title>Nari\u00f1o con graves problemas de suministro de GLP | P\u00e1gina10<\/title>\n<meta name=\"robots\" content=\"index, follow, max-snippet:-1, max-image-preview:large, max-video-preview:-1\" \/>\n<link rel=\"canonical\" href=\"https:\/\/pagina10.com\/web\/narino-con-graves-problemas-de-suministro-de-glp\/\" \/>\n<meta property=\"og:locale\" content=\"es_ES\" \/>\n<meta property=\"og:type\" content=\"article\" \/>\n<meta property=\"og:title\" content=\"Nari\u00f1o con graves problemas de suministro de GLP | P\u00e1gina10\" \/>\n<meta property=\"og:description\" content=\"Por cuenta de los bloqueos que persisten en varios puntos del pa\u00eds y que obstaculizan el paso de los veh\u00edculos que distribuyen combustibles, el suministro de GLP se encuentra gravemente afectado en Nari\u00f1o, Antioquia y en varios departamentos del suroccidente colombiano (Cauca, Putumayo, Caquet\u00e1, Huila y Valle del Cauca). En el departamento de Nari\u00f1o, los [&hellip;]\" \/>\n<meta property=\"og:url\" content=\"https:\/\/pagina10.com\/web\/narino-con-graves-problemas-de-suministro-de-glp\/\" \/>\n<meta property=\"og:site_name\" content=\"P\u00e1gina10\" \/>\n<meta property=\"article:publisher\" content=\"https:\/\/www.facebook.com\/pag10com\" \/>\n<meta property=\"article:published_time\" content=\"2021-05-25T20:54:31+00:00\" \/>\n<meta property=\"article:modified_time\" content=\"2021-05-25T20:55:30+00:00\" \/>\n<meta property=\"og:image\" content=\"https:\/\/pagina10.com\/web\/wp-content\/uploads\/2021\/05\/Captura-de-Pantalla-2021-05-25-a-las-3.52.15-p.-m..png\" \/>\n\t<meta property=\"og:image:width\" content=\"1038\" \/>\n\t<meta property=\"og:image:height\" content=\"559\" \/>\n\t<meta property=\"og:image:type\" content=\"image\/png\" \/>\n<meta name=\"author\" content=\"P\u00e1gina 10\" \/>\n<meta name=\"twitter:card\" content=\"summary_large_image\" \/>\n<meta name=\"twitter:creator\" content=\"@Pag10com\" \/>\n<meta name=\"twitter:site\" content=\"@Pag10com\" \/>\n<meta name=\"twitter:label1\" content=\"Escrito por\" \/>\n\t<meta name=\"twitter:data1\" content=\"P\u00e1gina 10\" \/>\n\t<meta name=\"twitter:label2\" content=\"Tiempo de lectura\" \/>\n\t<meta name=\"twitter:data2\" content=\"2 minutos\" \/>\n<script type=\"application\/ld+json\" class=\"yoast-schema-graph\">{\"@context\":\"https:\/\/schema.org\",\"@graph\":[{\"@type\":\"Article\",\"@id\":\"https:\/\/pagina10.com\/web\/narino-con-graves-problemas-de-suministro-de-glp\/#article\",\"isPartOf\":{\"@id\":\"https:\/\/pagina10.com\/web\/narino-con-graves-problemas-de-suministro-de-glp\/\"},\"author\":{\"name\":\"P\u00e1gina 10\",\"@id\":\"https:\/\/pagina10.com\/web\/#\/schema\/person\/2efc4a090d25b667d3bc796798a3a81b\"},\"headline\":\"Nari\u00f1o con graves problemas de suministro de GLP\",\"datePublished\":\"2021-05-25T20:54:31+00:00\",\"dateModified\":\"2021-05-25T20:55:30+00:00\",\"mainEntityOfPage\":{\"@id\":\"https:\/\/pagina10.com\/web\/narino-con-graves-problemas-de-suministro-de-glp\/\"},\"wordCount\":360,\"commentCount\":0,\"publisher\":{\"@id\":\"https:\/\/pagina10.com\/web\/#organization\"},\"image\":{\"@id\":\"https:\/\/pagina10.com\/web\/narino-con-graves-problemas-de-suministro-de-glp\/#primaryimage\"},\"thumbnailUrl\":\"https:\/\/pagina10.com\/web\/wp-content\/uploads\/2021\/05\/Captura-de-Pantalla-2021-05-25-a-las-3.52.15-p.-m..png\",\"articleSection\":[\"Regiones\"],\"inLanguage\":\"es\",\"potentialAction\":[{\"@type\":\"CommentAction\",\"name\":\"Comment\",\"target\":[\"https:\/\/pagina10.com\/web\/narino-con-graves-problemas-de-suministro-de-glp\/#respond\"]}]},{\"@type\":\"WebPage\",\"@id\":\"https:\/\/pagina10.com\/web\/narino-con-graves-problemas-de-suministro-de-glp\/\",\"url\":\"https:\/\/pagina10.com\/web\/narino-con-graves-problemas-de-suministro-de-glp\/\",\"name\":\"Nari\u00f1o con graves problemas de suministro de GLP | P\u00e1gina10\",\"isPartOf\":{\"@id\":\"https:\/\/pagina10.com\/web\/#website\"},\"primaryImageOfPage\":{\"@id\":\"https:\/\/pagina10.com\/web\/narino-con-graves-problemas-de-suministro-de-glp\/#primaryimage\"},\"image\":{\"@id\":\"https:\/\/pagina10.com\/web\/narino-con-graves-problemas-de-suministro-de-glp\/#primaryimage\"},\"thumbnailUrl\":\"https:\/\/pagina10.com\/web\/wp-content\/uploads\/2021\/05\/Captura-de-Pantalla-2021-05-25-a-las-3.52.15-p.-m..png\",\"datePublished\":\"2021-05-25T20:54:31+00:00\",\"dateModified\":\"2021-05-25T20:55:30+00:00\",\"breadcrumb\":{\"@id\":\"https:\/\/pagina10.com\/web\/narino-con-graves-problemas-de-suministro-de-glp\/#breadcrumb\"},\"inLanguage\":\"es\",\"potentialAction\":[{\"@type\":\"ReadAction\",\"target\":[\"https:\/\/pagina10.com\/web\/narino-con-graves-problemas-de-suministro-de-glp\/\"]}]},{\"@type\":\"ImageObject\",\"inLanguage\":\"es\",\"@id\":\"https:\/\/pagina10.com\/web\/narino-con-graves-problemas-de-suministro-de-glp\/#primaryimage\",\"url\":\"https:\/\/pagina10.com\/web\/wp-content\/uploads\/2021\/05\/Captura-de-Pantalla-2021-05-25-a-las-3.52.15-p.-m..png\",\"contentUrl\":\"https:\/\/pagina10.com\/web\/wp-content\/uploads\/2021\/05\/Captura-de-Pantalla-2021-05-25-a-las-3.52.15-p.-m..png\",\"width\":1038,\"height\":559},{\"@type\":\"BreadcrumbList\",\"@id\":\"https:\/\/pagina10.com\/web\/narino-con-graves-problemas-de-suministro-de-glp\/#breadcrumb\",\"itemListElement\":[{\"@type\":\"ListItem\",\"position\":1,\"name\":\"Portada\",\"item\":\"https:\/\/pagina10.com\/web\/\"},{\"@type\":\"ListItem\",\"position\":2,\"name\":\"Nari\u00f1o con graves problemas de suministro de GLP\"}]},{\"@type\":\"WebSite\",\"@id\":\"https:\/\/pagina10.com\/web\/#website\",\"url\":\"https:\/\/pagina10.com\/web\/\",\"name\":\"P\u00e1gina10\",\"description\":\"Peri\u00f3dico Regional\",\"publisher\":{\"@id\":\"https:\/\/pagina10.com\/web\/#organization\"},\"alternateName\":\"P\u00e1gina10 Peri\u00f3dico Regional\",\"potentialAction\":[{\"@type\":\"SearchAction\",\"target\":{\"@type\":\"EntryPoint\",\"urlTemplate\":\"https:\/\/pagina10.com\/web\/?s={search_term_string}\"},\"query-input\":{\"@type\":\"PropertyValueSpecification\",\"valueRequired\":true,\"valueName\":\"search_term_string\"}}],\"inLanguage\":\"es\"},{\"@type\":\"Organization\",\"@id\":\"https:\/\/pagina10.com\/web\/#organization\",\"name\":\"P\u00e1gina10\",\"alternateName\":\"P\u00e1gina10 Peri\u00f3dico Regional\",\"url\":\"https:\/\/pagina10.com\/web\/\",\"logo\":{\"@type\":\"ImageObject\",\"inLanguage\":\"es\",\"@id\":\"https:\/\/pagina10.com\/web\/#\/schema\/logo\/image\/\",\"url\":\"https:\/\/pagina10.com\/web\/wp-content\/uploads\/2024\/01\/40-pagina-10-periodico-regional-pasto.jpg\",\"contentUrl\":\"https:\/\/pagina10.com\/web\/wp-content\/uploads\/2024\/01\/40-pagina-10-periodico-regional-pasto.jpg\",\"width\":1280,\"height\":720,\"caption\":\"P\u00e1gina10\"},\"image\":{\"@id\":\"https:\/\/pagina10.com\/web\/#\/schema\/logo\/image\/\"},\"sameAs\":[\"https:\/\/www.facebook.com\/pag10com\",\"https:\/\/x.com\/Pag10com\",\"https:\/\/www.instagram.com\/pagina10col\/\",\"https:\/\/youtube.com\/channel\/pag10\",\"https:\/\/www.tiktok.com\/@p10col\"]},{\"@type\":\"Person\",\"@id\":\"https:\/\/pagina10.com\/web\/#\/schema\/person\/2efc4a090d25b667d3bc796798a3a81b\",\"name\":\"P\u00e1gina 10\",\"description\":\"P\u00e1gina 10 es un peri\u00f3dico regional que nace en Colombia, en el departamento de Nari\u00f1o, con un enfoque global, fundamentado en cuatro pilares esenciales: la libertad, el pluralismo, la inclusi\u00f3n y la independencia. P\u00e1gina 10 hace referencia a Nari\u00f1o como el d\u00e9cimo departamento creado en Colombia, despu\u00e9s de un proceso pol\u00edtico liderado por actores y actrices regionales con el fin de obtener la independencia y autonom\u00eda de nuestros territorios. Con la creaci\u00f3n de P\u00e1gina 10 se pretende abrir un escenario para el dialogo, la reflexi\u00f3n y el debate que se extienda a otras geograf\u00edas de Am\u00e9rica Latina y del planeta, en una apuesta por transformar colectivamente los desaf\u00edos de un mundo contempor\u00e1neo, m\u00e1s all\u00e1 de las fronteras impuestas.\",\"url\":\"https:\/\/pagina10.com\/web\/author\/pdiezadmin\/\"}]}<\/script>\n<!-- \/ Yoast SEO plugin. -->","yoast_head_json":{"title":"Nari\u00f1o con graves problemas de suministro de GLP | P\u00e1gina10","robots":{"index":"index","follow":"follow","max-snippet":"max-snippet:-1","max-image-preview":"max-image-preview:large","max-video-preview":"max-video-preview:-1"},"canonical":"https:\/\/pagina10.com\/web\/narino-con-graves-problemas-de-suministro-de-glp\/","og_locale":"es_ES","og_type":"article","og_title":"Nari\u00f1o con graves problemas de suministro de GLP | P\u00e1gina10","og_description":"Por cuenta de los bloqueos que persisten en varios puntos del pa\u00eds y que obstaculizan el paso de los veh\u00edculos que distribuyen combustibles, el suministro de GLP se encuentra gravemente afectado en Nari\u00f1o, Antioquia y en varios departamentos del suroccidente colombiano (Cauca, Putumayo, Caquet\u00e1, Huila y Valle del Cauca). En el departamento de Nari\u00f1o, los [&hellip;]","og_url":"https:\/\/pagina10.com\/web\/narino-con-graves-problemas-de-suministro-de-glp\/","og_site_name":"P\u00e1gina10","article_publisher":"https:\/\/www.facebook.com\/pag10com","article_published_time":"2021-05-25T20:54:31+00:00","article_modified_time":"2021-05-25T20:55:30+00:00","og_image":[{"width":1038,"height":559,"url":"https:\/\/pagina10.com\/web\/wp-content\/uploads\/2021\/05\/Captura-de-Pantalla-2021-05-25-a-las-3.52.15-p.-m..png","type":"image\/png"}],"author":"P\u00e1gina 10","twitter_card":"summary_large_image","twitter_creator":"@Pag10com","twitter_site":"@Pag10com","twitter_misc":{"Escrito por":"P\u00e1gina 10","Tiempo de lectura":"2 minutos"},"schema":{"@context":"https:\/\/schema.org","@graph":[{"@type":"Article","@id":"https:\/\/pagina10.com\/web\/narino-con-graves-problemas-de-suministro-de-glp\/#article","isPartOf":{"@id":"https:\/\/pagina10.com\/web\/narino-con-graves-problemas-de-suministro-de-glp\/"},"author":{"name":"P\u00e1gina 10","@id":"https:\/\/pagina10.com\/web\/#\/schema\/person\/2efc4a090d25b667d3bc796798a3a81b"},"headline":"Nari\u00f1o con graves problemas de suministro de GLP","datePublished":"2021-05-25T20:54:31+00:00","dateModified":"2021-05-25T20:55:30+00:00","mainEntityOfPage":{"@id":"https:\/\/pagina10.com\/web\/narino-con-graves-problemas-de-suministro-de-glp\/"},"wordCount":360,"commentCount":0,"publisher":{"@id":"https:\/\/pagina10.com\/web\/#organization"},"image":{"@id":"https:\/\/pagina10.com\/web\/narino-con-graves-problemas-de-suministro-de-glp\/#primaryimage"},"thumbnailUrl":"https:\/\/pagina10.com\/web\/wp-content\/uploads\/2021\/05\/Captura-de-Pantalla-2021-05-25-a-las-3.52.15-p.-m..png","articleSection":["Regiones"],"inLanguage":"es","potentialAction":[{"@type":"CommentAction","name":"Comment","target":["https:\/\/pagina10.com\/web\/narino-con-graves-problemas-de-suministro-de-glp\/#respond"]}]},{"@type":"WebPage","@id":"https:\/\/pagina10.com\/web\/narino-con-graves-problemas-de-suministro-de-glp\/","url":"https:\/\/pagina10.com\/web\/narino-con-graves-problemas-de-suministro-de-glp\/","name":"Nari\u00f1o con graves problemas de suministro de GLP | P\u00e1gina10","isPartOf":{"@id":"https:\/\/pagina10.com\/web\/#website"},"primaryImageOfPage":{"@id":"https:\/\/pagina10.com\/web\/narino-con-graves-problemas-de-suministro-de-glp\/#primaryimage"},"image":{"@id":"https:\/\/pagina10.com\/web\/narino-con-graves-problemas-de-suministro-de-glp\/#primaryimage"},"thumbnailUrl":"https:\/\/pagina10.com\/web\/wp-content\/uploads\/2021\/05\/Captura-de-Pantalla-2021-05-25-a-las-3.52.15-p.-m..png","datePublished":"2021-05-25T20:54:31+00:00","dateModified":"2021-05-25T20:55:30+00:00","breadcrumb":{"@id":"https:\/\/pagina10.com\/web\/narino-con-graves-problemas-de-suministro-de-glp\/#breadcrumb"},"inLanguage":"es","potentialAction":[{"@type":"ReadAction","target":["https:\/\/pagina10.com\/web\/narino-con-graves-problemas-de-suministro-de-glp\/"]}]},{"@type":"ImageObject","inLanguage":"es","@id":"https:\/\/pagina10.com\/web\/narino-con-graves-problemas-de-suministro-de-glp\/#primaryimage","url":"https:\/\/pagina10.com\/web\/wp-content\/uploads\/2021\/05\/Captura-de-Pantalla-2021-05-25-a-las-3.52.15-p.-m..png","contentUrl":"https:\/\/pagina10.com\/web\/wp-content\/uploads\/2021\/05\/Captura-de-Pantalla-2021-05-25-a-las-3.52.15-p.-m..png","width":1038,"height":559},{"@type":"BreadcrumbList","@id":"https:\/\/pagina10.com\/web\/narino-con-graves-problemas-de-suministro-de-glp\/#breadcrumb","itemListElement":[{"@type":"ListItem","position":1,"name":"Portada","item":"https:\/\/pagina10.com\/web\/"},{"@type":"ListItem","position":2,"name":"Nari\u00f1o con graves problemas de suministro de GLP"}]},{"@type":"WebSite","@id":"https:\/\/pagina10.com\/web\/#website","url":"https:\/\/pagina10.com\/web\/","name":"P\u00e1gina10","description":"Peri\u00f3dico Regional","publisher":{"@id":"https:\/\/pagina10.com\/web\/#organization"},"alternateName":"P\u00e1gina10 Peri\u00f3dico Regional","potentialAction":[{"@type":"SearchAction","target":{"@type":"EntryPoint","urlTemplate":"https:\/\/pagina10.com\/web\/?s={search_term_string}"},"query-input":{"@type":"PropertyValueSpecification","valueRequired":true,"valueName":"search_term_string"}}],"inLanguage":"es"},{"@type":"Organization","@id":"https:\/\/pagina10.com\/web\/#organization","name":"P\u00e1gina10","alternateName":"P\u00e1gina10 Peri\u00f3dico Regional","url":"https:\/\/pagina10.com\/web\/","logo":{"@type":"ImageObject","inLanguage":"es","@id":"https:\/\/pagina10.com\/web\/#\/schema\/logo\/image\/","url":"https:\/\/pagina10.com\/web\/wp-content\/uploads\/2024\/01\/40-pagina-10-periodico-regional-pasto.jpg","contentUrl":"https:\/\/pagina10.com\/web\/wp-content\/uploads\/2024\/01\/40-pagina-10-periodico-regional-pasto.jpg","width":1280,"height":720,"caption":"P\u00e1gina10"},"image":{"@id":"https:\/\/pagina10.com\/web\/#\/schema\/logo\/image\/"},"sameAs":["https:\/\/www.facebook.com\/pag10com","https:\/\/x.com\/Pag10com","https:\/\/www.instagram.com\/pagina10col\/","https:\/\/youtube.com\/channel\/pag10","https:\/\/www.tiktok.com\/@p10col"]},{"@type":"Person","@id":"https:\/\/pagina10.com\/web\/#\/schema\/person\/2efc4a090d25b667d3bc796798a3a81b","name":"P\u00e1gina 10","description":"P\u00e1gina 10 es un peri\u00f3dico regional que nace en Colombia, en el departamento de Nari\u00f1o, con un enfoque global, fundamentado en cuatro pilares esenciales: la libertad, el pluralismo, la inclusi\u00f3n y la independencia. P\u00e1gina 10 hace referencia a Nari\u00f1o como el d\u00e9cimo departamento creado en Colombia, despu\u00e9s de un proceso pol\u00edtico liderado por actores y actrices regionales con el fin de obtener la independencia y autonom\u00eda de nuestros territorios. Con la creaci\u00f3n de P\u00e1gina 10 se pretende abrir un escenario para el dialogo, la reflexi\u00f3n y el debate que se extienda a otras geograf\u00edas de Am\u00e9rica Latina y del planeta, en una apuesta por transformar colectivamente los desaf\u00edos de un mundo contempor\u00e1neo, m\u00e1s all\u00e1 de las fronteras impuestas.","url":"https:\/\/pagina10.com\/web\/author\/pdiezadmin\/"}]}},"_links":{"self":[{"href":"https:\/\/pagina10.com\/web\/wp-json\/wp\/v2\/posts\/52713","targetHints":{"allow":["GET"]}}],"collection":[{"href":"https:\/\/pagina10.com\/web\/wp-json\/wp\/v2\/posts"}],"about":[{"href":"https:\/\/pagina10.com\/web\/wp-json\/wp\/v2\/types\/post"}],"author":[{"embeddable":true,"href":"https:\/\/pagina10.com\/web\/wp-json\/wp\/v2\/users\/1"}],"replies":[{"embeddable":true,"href":"https:\/\/pagina10.com\/web\/wp-json\/wp\/v2\/comments?post=52713"}],"version-history":[{"count":1,"href":"https:\/\/pagina10.com\/web\/wp-json\/wp\/v2\/posts\/52713\/revisions"}],"predecessor-version":[{"id":52715,"href":"https:\/\/pagina10.com\/web\/wp-json\/wp\/v2\/posts\/52713\/revisions\/52715"}],"wp:featuredmedia":[{"embeddable":true,"href":"https:\/\/pagina10.com\/web\/wp-json\/wp\/v2\/media\/52714"}],"wp:attachment":[{"href":"https:\/\/pagina10.com\/web\/wp-json\/wp\/v2\/media?parent=52713"}],"wp:term":[{"taxonomy":"category","embeddable":true,"href":"https:\/\/pagina10.com\/web\/wp-json\/wp\/v2\/categories?post=52713"},{"taxonomy":"post_tag","embeddable":true,"href":"https:\/\/pagina10.com\/web\/wp-json\/wp\/v2\/tags?post=52713"}],"curies":[{"name":"wp","href":"https:\/\/api.w.org\/{rel}","templated":true}]}}