{"id":52728,"date":"2021-05-26T06:53:43","date_gmt":"2021-05-26T11:53:43","guid":{"rendered":"https:\/\/pagina10.com\/web\/?p=52728"},"modified":"2021-05-26T06:53:43","modified_gmt":"2021-05-26T11:53:43","slug":"se-aprobo-el-proyecto-mas-ambicioso-en-cobertura-de-energia-electrica-la-interconexion-cauca-narino","status":"publish","type":"post","link":"https:\/\/pagina10.com\/web\/se-aprobo-el-proyecto-mas-ambicioso-en-cobertura-de-energia-electrica-la-interconexion-cauca-narino\/","title":{"rendered":"Se aprob\u00f3 el proyecto m\u00e1s ambicioso en cobertura de energ\u00eda el\u00e9ctrica: la Interconexi\u00f3n Cauca-Nari\u00f1o"},"content":{"rendered":"<div style=\"text-align: justify;\">En su visita a Florencia, Caquet\u00e1, el Viceministro de Energ\u00eda, Miguel Lotero, acompa\u00f1\u00f3 la aprobaci\u00f3n de 15 proyectos que permitir\u00e1n llevar, por primera vez, el servicio de energ\u00eda el\u00e9ctrica a 22.591 familias del pa\u00eds, con recursos de la Asignaci\u00f3n para la Paz del Sistema General de Regal\u00edas.<\/div>\n<div style=\"text-align: justify;\"><\/div>\n<div style=\"text-align: justify;\">Para estos proyectos fueron asignados m\u00e1s de $466.000 millones provenientes del Sistema General de Regal\u00edas, que beneficiar\u00e1n a 11 departamentos del pa\u00eds (Antioquia, Arauca, Caquet\u00e1, Putumayo, Cauca, Nari\u00f1o, Cesar, Choc\u00f3, La Guajira, Norte de Santander y Magdalena).<\/div>\n<div style=\"text-align: justify;\"><\/div>\n<div style=\"text-align: justify;\">&#8220;Esta asignaci\u00f3n del Ocad Paz demuestra que los recursos de regal\u00edas, que aportan los sectores de hidrocarburos y miner\u00eda, se convierten en obras que permiten mejorar de manera integral la calidad de vida de cada una de las familias beneficiadas. Estos proyectos permitir\u00e1n no solamente el acceso a la energ\u00eda, sino tambi\u00e9n a las comunicaciones, internet, entretenimiento, mejora en la educaci\u00f3n y nuevas oportunidades de emprendimientos&#8221;, asegur\u00f3 el Viceministro Lotero.<\/div>\n<div style=\"text-align: justify;\"><\/div>\n<div style=\"text-align: justify;\">Entre estos proyectos aprobados est\u00e1 el m\u00e1s ambicioso del sector en la historia del Sistema General de Regal\u00edas: la Interconexi\u00f3n Cauca-Nari\u00f1o, con el que se benefician 15.699 familias ubicadas en zonas rurales de los municipios PDET de Guapi, Timbiqu\u00ed, L\u00f3pez de Micay, en el departamento del Cauca y La Tola, El Charco, Iscuand\u00e9, Olaya Herrera, Mosquera, Francisco Pizarro y Tumaco en el departamento de Nari\u00f1o.<\/div>\n<div style=\"text-align: justify;\"><\/div>\n<div style=\"text-align: justify;\">El consejero presidencial para la Estabilizaci\u00f3n y la Consolidaci\u00f3n, Emilio Archila, destac\u00f3 que la destinaci\u00f3n de recursos para energ\u00eda en los municipios PDET representa un avance integral de la pol\u00edtica de paz con legalidad, en beneficio de los 6,6 millones de colombianos de los 170 municipios que carecen de este servicio b\u00e1sico.<\/div>\n<div style=\"text-align: justify;\"><\/div>\n<div style=\"text-align: justify;\">&#8220;Lograr llevar la energ\u00eda el\u00e9ctrica a una zona rural de municipios PDET siempre ser\u00e1 avanzar de cero a 100. Estas familias ven un cambio total en su vida, el hecho de que puedan conectar sus electrodom\u00e9sticos les cambia la perspectiva, e incluso, ayuda a mejorar su econom\u00eda ostensiblemente&#8221;, asegur\u00f3 el Consejero.<\/div>\n<div style=\"text-align: justify;\"><\/div>\n<div style=\"text-align: justify;\">De los 15 proyectos aprobados, 12 son soluciones solares aisladas individuales que beneficiar\u00e1n a 5.847 familias con una potencia pico de 4.4 MW (Megavatios); capacidad similar para alimentar a un municipio como Sop\u00f3, Cundinamarca. Los tres proyectos restantes corresponden a redes el\u00e9ctricas del Sistema Interconectado Nacional que beneficiar\u00e1n a 16.744 familias de los departamentos de Caquet\u00e1, Cauca y Nari\u00f1o.<\/div>\n<div style=\"text-align: justify;\"><\/div>\n<div style=\"text-align: justify;\">Por su parte, el director del Instituto de Planificaci\u00f3n y Promoci\u00f3n de Soluciones Energ\u00e9ticas para Zonas No Interconectadas (IPSE), Jos\u00e9 Insuasti, se\u00f1al\u00f3 que: &#8220;desde el Instituto acompa\u00f1amos la viabilizaci\u00f3n de 10 de estos proyectos, garantizando que cumplan con las caracter\u00edsticas t\u00e9cnicas y econ\u00f3micas de una soluci\u00f3n energ\u00e9tica integral que satisfaga las necesidades de la comunidad de forma eficiente y autosostenible&#8221;.<\/div>\n<div style=\"text-align: justify;\"><\/div>\n<div style=\"text-align: justify;\">Finalmente, desde el a\u00f1o 2018, el Ocad Paz alcanza 98 proyectos aprobados para la ampliaci\u00f3n de cobertura en el servicio p\u00fablico esencial de energ\u00eda el\u00e9ctrica con una inversi\u00f3n de m\u00e1s de un bill\u00f3n de pesos, para beneficiar a cerca de 45 mil familias de las zonas rurales del pa\u00eds, principalmente ubicadas en Cauca, Nari\u00f1o y Putumayo.<\/div>\n","protected":false},"excerpt":{"rendered":"<p>En su visita a Florencia, Caquet\u00e1, el Viceministro de Energ\u00eda, Miguel Lotero, acompa\u00f1\u00f3 la aprobaci\u00f3n de 15 proyectos que permitir\u00e1n llevar, por primera vez, el servicio de energ\u00eda el\u00e9ctrica a 22.591 familias del pa\u00eds, con recursos de la Asignaci\u00f3n para la Paz del Sistema General de Regal\u00edas. Para estos proyectos fueron asignados m\u00e1s de $466.000 [&hellip;]<\/p>\n","protected":false},"author":1,"featured_media":52729,"comment_status":"open","ping_status":"open","sticky":false,"template":"","format":"standard","meta":{"footnotes":""},"categories":[53],"tags":[],"class_list":["post-52728","post","type-post","status-publish","format-standard","has-post-thumbnail","hentry","category-regiones"],"yoast_head":"<!-- This site is optimized with the Yoast SEO plugin v27.1.1 - https:\/\/yoast.com\/product\/yoast-seo-wordpress\/ -->\n<title>Se aprob\u00f3 el proyecto m\u00e1s ambicioso en cobertura de energ\u00eda el\u00e9ctrica: la Interconexi\u00f3n Cauca-Nari\u00f1o | P\u00e1gina10<\/title>\n<meta name=\"robots\" content=\"index, follow, max-snippet:-1, max-image-preview:large, max-video-preview:-1\" \/>\n<link rel=\"canonical\" href=\"https:\/\/pagina10.com\/web\/se-aprobo-el-proyecto-mas-ambicioso-en-cobertura-de-energia-electrica-la-interconexion-cauca-narino\/\" \/>\n<meta property=\"og:locale\" content=\"es_ES\" \/>\n<meta property=\"og:type\" content=\"article\" \/>\n<meta property=\"og:title\" content=\"Se aprob\u00f3 el proyecto m\u00e1s ambicioso en cobertura de energ\u00eda el\u00e9ctrica: la Interconexi\u00f3n Cauca-Nari\u00f1o | P\u00e1gina10\" \/>\n<meta property=\"og:description\" content=\"En su visita a Florencia, Caquet\u00e1, el Viceministro de Energ\u00eda, Miguel Lotero, acompa\u00f1\u00f3 la aprobaci\u00f3n de 15 proyectos que permitir\u00e1n llevar, por primera vez, el servicio de energ\u00eda el\u00e9ctrica a 22.591 familias del pa\u00eds, con recursos de la Asignaci\u00f3n para la Paz del Sistema General de Regal\u00edas. Para estos proyectos fueron asignados m\u00e1s de $466.000 [&hellip;]\" \/>\n<meta property=\"og:url\" content=\"https:\/\/pagina10.com\/web\/se-aprobo-el-proyecto-mas-ambicioso-en-cobertura-de-energia-electrica-la-interconexion-cauca-narino\/\" \/>\n<meta property=\"og:site_name\" content=\"P\u00e1gina10\" \/>\n<meta property=\"article:publisher\" content=\"https:\/\/www.facebook.com\/pag10com\" \/>\n<meta property=\"article:published_time\" content=\"2021-05-26T11:53:43+00:00\" \/>\n<meta property=\"og:image\" content=\"https:\/\/pagina10.com\/web\/wp-content\/uploads\/2021\/05\/Captura-de-Pantalla-2021-05-26-a-las-6.53.05-a.-m..png\" \/>\n\t<meta property=\"og:image:width\" content=\"873\" \/>\n\t<meta property=\"og:image:height\" content=\"465\" \/>\n\t<meta property=\"og:image:type\" content=\"image\/png\" \/>\n<meta name=\"author\" content=\"P\u00e1gina 10\" \/>\n<meta name=\"twitter:card\" content=\"summary_large_image\" \/>\n<meta name=\"twitter:creator\" content=\"@Pag10com\" \/>\n<meta name=\"twitter:site\" content=\"@Pag10com\" \/>\n<meta name=\"twitter:label1\" content=\"Escrito por\" \/>\n\t<meta name=\"twitter:data1\" content=\"P\u00e1gina 10\" \/>\n\t<meta name=\"twitter:label2\" content=\"Tiempo de lectura\" \/>\n\t<meta name=\"twitter:data2\" content=\"3 minutos\" \/>\n<script type=\"application\/ld+json\" class=\"yoast-schema-graph\">{\"@context\":\"https:\/\/schema.org\",\"@graph\":[{\"@type\":\"Article\",\"@id\":\"https:\/\/pagina10.com\/web\/se-aprobo-el-proyecto-mas-ambicioso-en-cobertura-de-energia-electrica-la-interconexion-cauca-narino\/#article\",\"isPartOf\":{\"@id\":\"https:\/\/pagina10.com\/web\/se-aprobo-el-proyecto-mas-ambicioso-en-cobertura-de-energia-electrica-la-interconexion-cauca-narino\/\"},\"author\":{\"name\":\"P\u00e1gina 10\",\"@id\":\"https:\/\/pagina10.com\/web\/#\/schema\/person\/2efc4a090d25b667d3bc796798a3a81b\"},\"headline\":\"Se aprob\u00f3 el proyecto m\u00e1s ambicioso en cobertura de energ\u00eda el\u00e9ctrica: la Interconexi\u00f3n Cauca-Nari\u00f1o\",\"datePublished\":\"2021-05-26T11:53:43+00:00\",\"mainEntityOfPage\":{\"@id\":\"https:\/\/pagina10.com\/web\/se-aprobo-el-proyecto-mas-ambicioso-en-cobertura-de-energia-electrica-la-interconexion-cauca-narino\/\"},\"wordCount\":560,\"commentCount\":0,\"publisher\":{\"@id\":\"https:\/\/pagina10.com\/web\/#organization\"},\"image\":{\"@id\":\"https:\/\/pagina10.com\/web\/se-aprobo-el-proyecto-mas-ambicioso-en-cobertura-de-energia-electrica-la-interconexion-cauca-narino\/#primaryimage\"},\"thumbnailUrl\":\"https:\/\/pagina10.com\/web\/wp-content\/uploads\/2021\/05\/Captura-de-Pantalla-2021-05-26-a-las-6.53.05-a.-m..png\",\"articleSection\":[\"Regiones\"],\"inLanguage\":\"es\",\"potentialAction\":[{\"@type\":\"CommentAction\",\"name\":\"Comment\",\"target\":[\"https:\/\/pagina10.com\/web\/se-aprobo-el-proyecto-mas-ambicioso-en-cobertura-de-energia-electrica-la-interconexion-cauca-narino\/#respond\"]}]},{\"@type\":\"WebPage\",\"@id\":\"https:\/\/pagina10.com\/web\/se-aprobo-el-proyecto-mas-ambicioso-en-cobertura-de-energia-electrica-la-interconexion-cauca-narino\/\",\"url\":\"https:\/\/pagina10.com\/web\/se-aprobo-el-proyecto-mas-ambicioso-en-cobertura-de-energia-electrica-la-interconexion-cauca-narino\/\",\"name\":\"Se aprob\u00f3 el proyecto m\u00e1s ambicioso en cobertura de energ\u00eda el\u00e9ctrica: la Interconexi\u00f3n Cauca-Nari\u00f1o | P\u00e1gina10\",\"isPartOf\":{\"@id\":\"https:\/\/pagina10.com\/web\/#website\"},\"primaryImageOfPage\":{\"@id\":\"https:\/\/pagina10.com\/web\/se-aprobo-el-proyecto-mas-ambicioso-en-cobertura-de-energia-electrica-la-interconexion-cauca-narino\/#primaryimage\"},\"image\":{\"@id\":\"https:\/\/pagina10.com\/web\/se-aprobo-el-proyecto-mas-ambicioso-en-cobertura-de-energia-electrica-la-interconexion-cauca-narino\/#primaryimage\"},\"thumbnailUrl\":\"https:\/\/pagina10.com\/web\/wp-content\/uploads\/2021\/05\/Captura-de-Pantalla-2021-05-26-a-las-6.53.05-a.-m..png\",\"datePublished\":\"2021-05-26T11:53:43+00:00\",\"breadcrumb\":{\"@id\":\"https:\/\/pagina10.com\/web\/se-aprobo-el-proyecto-mas-ambicioso-en-cobertura-de-energia-electrica-la-interconexion-cauca-narino\/#breadcrumb\"},\"inLanguage\":\"es\",\"potentialAction\":[{\"@type\":\"ReadAction\",\"target\":[\"https:\/\/pagina10.com\/web\/se-aprobo-el-proyecto-mas-ambicioso-en-cobertura-de-energia-electrica-la-interconexion-cauca-narino\/\"]}]},{\"@type\":\"ImageObject\",\"inLanguage\":\"es\",\"@id\":\"https:\/\/pagina10.com\/web\/se-aprobo-el-proyecto-mas-ambicioso-en-cobertura-de-energia-electrica-la-interconexion-cauca-narino\/#primaryimage\",\"url\":\"https:\/\/pagina10.com\/web\/wp-content\/uploads\/2021\/05\/Captura-de-Pantalla-2021-05-26-a-las-6.53.05-a.-m..png\",\"contentUrl\":\"https:\/\/pagina10.com\/web\/wp-content\/uploads\/2021\/05\/Captura-de-Pantalla-2021-05-26-a-las-6.53.05-a.-m..png\",\"width\":873,\"height\":465},{\"@type\":\"BreadcrumbList\",\"@id\":\"https:\/\/pagina10.com\/web\/se-aprobo-el-proyecto-mas-ambicioso-en-cobertura-de-energia-electrica-la-interconexion-cauca-narino\/#breadcrumb\",\"itemListElement\":[{\"@type\":\"ListItem\",\"position\":1,\"name\":\"Portada\",\"item\":\"https:\/\/pagina10.com\/web\/\"},{\"@type\":\"ListItem\",\"position\":2,\"name\":\"Se aprob\u00f3 el proyecto m\u00e1s ambicioso en cobertura de energ\u00eda el\u00e9ctrica: la Interconexi\u00f3n Cauca-Nari\u00f1o\"}]},{\"@type\":\"WebSite\",\"@id\":\"https:\/\/pagina10.com\/web\/#website\",\"url\":\"https:\/\/pagina10.com\/web\/\",\"name\":\"P\u00e1gina10\",\"description\":\"Peri\u00f3dico Regional\",\"publisher\":{\"@id\":\"https:\/\/pagina10.com\/web\/#organization\"},\"alternateName\":\"P\u00e1gina10 Peri\u00f3dico Regional\",\"potentialAction\":[{\"@type\":\"SearchAction\",\"target\":{\"@type\":\"EntryPoint\",\"urlTemplate\":\"https:\/\/pagina10.com\/web\/?s={search_term_string}\"},\"query-input\":{\"@type\":\"PropertyValueSpecification\",\"valueRequired\":true,\"valueName\":\"search_term_string\"}}],\"inLanguage\":\"es\"},{\"@type\":\"Organization\",\"@id\":\"https:\/\/pagina10.com\/web\/#organization\",\"name\":\"P\u00e1gina10\",\"alternateName\":\"P\u00e1gina10 Peri\u00f3dico Regional\",\"url\":\"https:\/\/pagina10.com\/web\/\",\"logo\":{\"@type\":\"ImageObject\",\"inLanguage\":\"es\",\"@id\":\"https:\/\/pagina10.com\/web\/#\/schema\/logo\/image\/\",\"url\":\"https:\/\/pagina10.com\/web\/wp-content\/uploads\/2024\/01\/40-pagina-10-periodico-regional-pasto.jpg\",\"contentUrl\":\"https:\/\/pagina10.com\/web\/wp-content\/uploads\/2024\/01\/40-pagina-10-periodico-regional-pasto.jpg\",\"width\":1280,\"height\":720,\"caption\":\"P\u00e1gina10\"},\"image\":{\"@id\":\"https:\/\/pagina10.com\/web\/#\/schema\/logo\/image\/\"},\"sameAs\":[\"https:\/\/www.facebook.com\/pag10com\",\"https:\/\/x.com\/Pag10com\",\"https:\/\/www.instagram.com\/pagina10col\/\",\"https:\/\/youtube.com\/channel\/pag10\",\"https:\/\/www.tiktok.com\/@p10col\"]},{\"@type\":\"Person\",\"@id\":\"https:\/\/pagina10.com\/web\/#\/schema\/person\/2efc4a090d25b667d3bc796798a3a81b\",\"name\":\"P\u00e1gina 10\",\"description\":\"P\u00e1gina 10 es un peri\u00f3dico regional que nace en Colombia, en el departamento de Nari\u00f1o, con un enfoque global, fundamentado en cuatro pilares esenciales: la libertad, el pluralismo, la inclusi\u00f3n y la independencia. P\u00e1gina 10 hace referencia a Nari\u00f1o como el d\u00e9cimo departamento creado en Colombia, despu\u00e9s de un proceso pol\u00edtico liderado por actores y actrices regionales con el fin de obtener la independencia y autonom\u00eda de nuestros territorios. Con la creaci\u00f3n de P\u00e1gina 10 se pretende abrir un escenario para el dialogo, la reflexi\u00f3n y el debate que se extienda a otras geograf\u00edas de Am\u00e9rica Latina y del planeta, en una apuesta por transformar colectivamente los desaf\u00edos de un mundo contempor\u00e1neo, m\u00e1s all\u00e1 de las fronteras impuestas.\",\"url\":\"https:\/\/pagina10.com\/web\/author\/pdiezadmin\/\"}]}<\/script>\n<!-- \/ Yoast SEO plugin. -->","yoast_head_json":{"title":"Se aprob\u00f3 el proyecto m\u00e1s ambicioso en cobertura de energ\u00eda el\u00e9ctrica: la Interconexi\u00f3n Cauca-Nari\u00f1o | P\u00e1gina10","robots":{"index":"index","follow":"follow","max-snippet":"max-snippet:-1","max-image-preview":"max-image-preview:large","max-video-preview":"max-video-preview:-1"},"canonical":"https:\/\/pagina10.com\/web\/se-aprobo-el-proyecto-mas-ambicioso-en-cobertura-de-energia-electrica-la-interconexion-cauca-narino\/","og_locale":"es_ES","og_type":"article","og_title":"Se aprob\u00f3 el proyecto m\u00e1s ambicioso en cobertura de energ\u00eda el\u00e9ctrica: la Interconexi\u00f3n Cauca-Nari\u00f1o | P\u00e1gina10","og_description":"En su visita a Florencia, Caquet\u00e1, el Viceministro de Energ\u00eda, Miguel Lotero, acompa\u00f1\u00f3 la aprobaci\u00f3n de 15 proyectos que permitir\u00e1n llevar, por primera vez, el servicio de energ\u00eda el\u00e9ctrica a 22.591 familias del pa\u00eds, con recursos de la Asignaci\u00f3n para la Paz del Sistema General de Regal\u00edas. Para estos proyectos fueron asignados m\u00e1s de $466.000 [&hellip;]","og_url":"https:\/\/pagina10.com\/web\/se-aprobo-el-proyecto-mas-ambicioso-en-cobertura-de-energia-electrica-la-interconexion-cauca-narino\/","og_site_name":"P\u00e1gina10","article_publisher":"https:\/\/www.facebook.com\/pag10com","article_published_time":"2021-05-26T11:53:43+00:00","og_image":[{"width":873,"height":465,"url":"https:\/\/pagina10.com\/web\/wp-content\/uploads\/2021\/05\/Captura-de-Pantalla-2021-05-26-a-las-6.53.05-a.-m..png","type":"image\/png"}],"author":"P\u00e1gina 10","twitter_card":"summary_large_image","twitter_creator":"@Pag10com","twitter_site":"@Pag10com","twitter_misc":{"Escrito por":"P\u00e1gina 10","Tiempo de lectura":"3 minutos"},"schema":{"@context":"https:\/\/schema.org","@graph":[{"@type":"Article","@id":"https:\/\/pagina10.com\/web\/se-aprobo-el-proyecto-mas-ambicioso-en-cobertura-de-energia-electrica-la-interconexion-cauca-narino\/#article","isPartOf":{"@id":"https:\/\/pagina10.com\/web\/se-aprobo-el-proyecto-mas-ambicioso-en-cobertura-de-energia-electrica-la-interconexion-cauca-narino\/"},"author":{"name":"P\u00e1gina 10","@id":"https:\/\/pagina10.com\/web\/#\/schema\/person\/2efc4a090d25b667d3bc796798a3a81b"},"headline":"Se aprob\u00f3 el proyecto m\u00e1s ambicioso en cobertura de energ\u00eda el\u00e9ctrica: la Interconexi\u00f3n Cauca-Nari\u00f1o","datePublished":"2021-05-26T11:53:43+00:00","mainEntityOfPage":{"@id":"https:\/\/pagina10.com\/web\/se-aprobo-el-proyecto-mas-ambicioso-en-cobertura-de-energia-electrica-la-interconexion-cauca-narino\/"},"wordCount":560,"commentCount":0,"publisher":{"@id":"https:\/\/pagina10.com\/web\/#organization"},"image":{"@id":"https:\/\/pagina10.com\/web\/se-aprobo-el-proyecto-mas-ambicioso-en-cobertura-de-energia-electrica-la-interconexion-cauca-narino\/#primaryimage"},"thumbnailUrl":"https:\/\/pagina10.com\/web\/wp-content\/uploads\/2021\/05\/Captura-de-Pantalla-2021-05-26-a-las-6.53.05-a.-m..png","articleSection":["Regiones"],"inLanguage":"es","potentialAction":[{"@type":"CommentAction","name":"Comment","target":["https:\/\/pagina10.com\/web\/se-aprobo-el-proyecto-mas-ambicioso-en-cobertura-de-energia-electrica-la-interconexion-cauca-narino\/#respond"]}]},{"@type":"WebPage","@id":"https:\/\/pagina10.com\/web\/se-aprobo-el-proyecto-mas-ambicioso-en-cobertura-de-energia-electrica-la-interconexion-cauca-narino\/","url":"https:\/\/pagina10.com\/web\/se-aprobo-el-proyecto-mas-ambicioso-en-cobertura-de-energia-electrica-la-interconexion-cauca-narino\/","name":"Se aprob\u00f3 el proyecto m\u00e1s ambicioso en cobertura de energ\u00eda el\u00e9ctrica: la Interconexi\u00f3n Cauca-Nari\u00f1o | P\u00e1gina10","isPartOf":{"@id":"https:\/\/pagina10.com\/web\/#website"},"primaryImageOfPage":{"@id":"https:\/\/pagina10.com\/web\/se-aprobo-el-proyecto-mas-ambicioso-en-cobertura-de-energia-electrica-la-interconexion-cauca-narino\/#primaryimage"},"image":{"@id":"https:\/\/pagina10.com\/web\/se-aprobo-el-proyecto-mas-ambicioso-en-cobertura-de-energia-electrica-la-interconexion-cauca-narino\/#primaryimage"},"thumbnailUrl":"https:\/\/pagina10.com\/web\/wp-content\/uploads\/2021\/05\/Captura-de-Pantalla-2021-05-26-a-las-6.53.05-a.-m..png","datePublished":"2021-05-26T11:53:43+00:00","breadcrumb":{"@id":"https:\/\/pagina10.com\/web\/se-aprobo-el-proyecto-mas-ambicioso-en-cobertura-de-energia-electrica-la-interconexion-cauca-narino\/#breadcrumb"},"inLanguage":"es","potentialAction":[{"@type":"ReadAction","target":["https:\/\/pagina10.com\/web\/se-aprobo-el-proyecto-mas-ambicioso-en-cobertura-de-energia-electrica-la-interconexion-cauca-narino\/"]}]},{"@type":"ImageObject","inLanguage":"es","@id":"https:\/\/pagina10.com\/web\/se-aprobo-el-proyecto-mas-ambicioso-en-cobertura-de-energia-electrica-la-interconexion-cauca-narino\/#primaryimage","url":"https:\/\/pagina10.com\/web\/wp-content\/uploads\/2021\/05\/Captura-de-Pantalla-2021-05-26-a-las-6.53.05-a.-m..png","contentUrl":"https:\/\/pagina10.com\/web\/wp-content\/uploads\/2021\/05\/Captura-de-Pantalla-2021-05-26-a-las-6.53.05-a.-m..png","width":873,"height":465},{"@type":"BreadcrumbList","@id":"https:\/\/pagina10.com\/web\/se-aprobo-el-proyecto-mas-ambicioso-en-cobertura-de-energia-electrica-la-interconexion-cauca-narino\/#breadcrumb","itemListElement":[{"@type":"ListItem","position":1,"name":"Portada","item":"https:\/\/pagina10.com\/web\/"},{"@type":"ListItem","position":2,"name":"Se aprob\u00f3 el proyecto m\u00e1s ambicioso en cobertura de energ\u00eda el\u00e9ctrica: la Interconexi\u00f3n Cauca-Nari\u00f1o"}]},{"@type":"WebSite","@id":"https:\/\/pagina10.com\/web\/#website","url":"https:\/\/pagina10.com\/web\/","name":"P\u00e1gina10","description":"Peri\u00f3dico Regional","publisher":{"@id":"https:\/\/pagina10.com\/web\/#organization"},"alternateName":"P\u00e1gina10 Peri\u00f3dico Regional","potentialAction":[{"@type":"SearchAction","target":{"@type":"EntryPoint","urlTemplate":"https:\/\/pagina10.com\/web\/?s={search_term_string}"},"query-input":{"@type":"PropertyValueSpecification","valueRequired":true,"valueName":"search_term_string"}}],"inLanguage":"es"},{"@type":"Organization","@id":"https:\/\/pagina10.com\/web\/#organization","name":"P\u00e1gina10","alternateName":"P\u00e1gina10 Peri\u00f3dico Regional","url":"https:\/\/pagina10.com\/web\/","logo":{"@type":"ImageObject","inLanguage":"es","@id":"https:\/\/pagina10.com\/web\/#\/schema\/logo\/image\/","url":"https:\/\/pagina10.com\/web\/wp-content\/uploads\/2024\/01\/40-pagina-10-periodico-regional-pasto.jpg","contentUrl":"https:\/\/pagina10.com\/web\/wp-content\/uploads\/2024\/01\/40-pagina-10-periodico-regional-pasto.jpg","width":1280,"height":720,"caption":"P\u00e1gina10"},"image":{"@id":"https:\/\/pagina10.com\/web\/#\/schema\/logo\/image\/"},"sameAs":["https:\/\/www.facebook.com\/pag10com","https:\/\/x.com\/Pag10com","https:\/\/www.instagram.com\/pagina10col\/","https:\/\/youtube.com\/channel\/pag10","https:\/\/www.tiktok.com\/@p10col"]},{"@type":"Person","@id":"https:\/\/pagina10.com\/web\/#\/schema\/person\/2efc4a090d25b667d3bc796798a3a81b","name":"P\u00e1gina 10","description":"P\u00e1gina 10 es un peri\u00f3dico regional que nace en Colombia, en el departamento de Nari\u00f1o, con un enfoque global, fundamentado en cuatro pilares esenciales: la libertad, el pluralismo, la inclusi\u00f3n y la independencia. P\u00e1gina 10 hace referencia a Nari\u00f1o como el d\u00e9cimo departamento creado en Colombia, despu\u00e9s de un proceso pol\u00edtico liderado por actores y actrices regionales con el fin de obtener la independencia y autonom\u00eda de nuestros territorios. Con la creaci\u00f3n de P\u00e1gina 10 se pretende abrir un escenario para el dialogo, la reflexi\u00f3n y el debate que se extienda a otras geograf\u00edas de Am\u00e9rica Latina y del planeta, en una apuesta por transformar colectivamente los desaf\u00edos de un mundo contempor\u00e1neo, m\u00e1s all\u00e1 de las fronteras impuestas.","url":"https:\/\/pagina10.com\/web\/author\/pdiezadmin\/"}]}},"_links":{"self":[{"href":"https:\/\/pagina10.com\/web\/wp-json\/wp\/v2\/posts\/52728","targetHints":{"allow":["GET"]}}],"collection":[{"href":"https:\/\/pagina10.com\/web\/wp-json\/wp\/v2\/posts"}],"about":[{"href":"https:\/\/pagina10.com\/web\/wp-json\/wp\/v2\/types\/post"}],"author":[{"embeddable":true,"href":"https:\/\/pagina10.com\/web\/wp-json\/wp\/v2\/users\/1"}],"replies":[{"embeddable":true,"href":"https:\/\/pagina10.com\/web\/wp-json\/wp\/v2\/comments?post=52728"}],"version-history":[{"count":1,"href":"https:\/\/pagina10.com\/web\/wp-json\/wp\/v2\/posts\/52728\/revisions"}],"predecessor-version":[{"id":52730,"href":"https:\/\/pagina10.com\/web\/wp-json\/wp\/v2\/posts\/52728\/revisions\/52730"}],"wp:featuredmedia":[{"embeddable":true,"href":"https:\/\/pagina10.com\/web\/wp-json\/wp\/v2\/media\/52729"}],"wp:attachment":[{"href":"https:\/\/pagina10.com\/web\/wp-json\/wp\/v2\/media?parent=52728"}],"wp:term":[{"taxonomy":"category","embeddable":true,"href":"https:\/\/pagina10.com\/web\/wp-json\/wp\/v2\/categories?post=52728"},{"taxonomy":"post_tag","embeddable":true,"href":"https:\/\/pagina10.com\/web\/wp-json\/wp\/v2\/tags?post=52728"}],"curies":[{"name":"wp","href":"https:\/\/api.w.org\/{rel}","templated":true}]}}