{"id":52761,"date":"2021-05-28T18:19:32","date_gmt":"2021-05-28T23:19:32","guid":{"rendered":"https:\/\/pagina10.com\/web\/?p=52761"},"modified":"2021-05-28T18:19:32","modified_gmt":"2021-05-28T23:19:32","slug":"comunidad-de-la-cordillera-avanza-en-acuerdos-sobre-reconocimiento-de-mesa-de-dialogo-y-sustitucion-voluntaria","status":"publish","type":"post","link":"https:\/\/pagina10.com\/web\/comunidad-de-la-cordillera-avanza-en-acuerdos-sobre-reconocimiento-de-mesa-de-dialogo-y-sustitucion-voluntaria\/","title":{"rendered":"Comunidad de la Cordillera avanza en acuerdos sobre reconocimiento de Mesa de Di\u00e1logo y  sustituci\u00f3n voluntaria"},"content":{"rendered":"<p style=\"text-align: justify;\">Con un avance muy importante termin\u00f3 la sesi\u00f3n de la Mesa de Di\u00e1logo de las Comunidades \u00a0de la Cordillera \u00a0de Nari\u00f1o, cumplida ayer desde horas de la tarde y que se prolong\u00f3 hasta las madrugada de hoy viernes 28 de mayo, en la que participaron altos \u00a0funcionarios del gobierno Nacional El gobernador de Nari\u00f1o, alcaldes de la regi\u00f3n y entidades garantes<\/p>\n<p>Entre las conclusiones consignadas en el acta se destacan: Ante el Ministerio del Interior se solicitar\u00e1 la formalizaci\u00f3n de la instancia de di\u00e1logo y concertaci\u00f3n de las comunidades de la Cordillera, dicha gesti\u00f3n se cumplir\u00e1 por parte del gobernador de Nari\u00f1o Jhon Rojas, en la jornada de hoy programada en Tumaco.<\/p>\n<div style=\"text-align: justify;\">\n&#8220;El objetivo es que el Gobierno Nacional a trav\u00e9s de una resoluci\u00f3n que avale los acuerdos y compromisos suscritos en la mesa, est\u00e1 solicitud se elevar\u00e1 ante el \u00a0Viceministro para la Participaci\u00f3n e Igualdad de Derechos, Carlos Alberto Baena, durante la sesi\u00f3n que se cumplir\u00e1 hoy en Tumaco con las comunidades del Pac\u00edfico Nari\u00f1ense&#8221;, explic\u00f3 el gobernador de Nari\u00f1o Jhon Rojas.<\/p>\n<p>La jornada cont\u00f3 con la presencia de Hernando Londo\u00f1o, director de programa de sustituci\u00f3n de cultivos il\u00edcitos, adscrita a la Agencia Nacional de Renovaci\u00f3n del Territorio, con qui\u00e9n la comunidad iniciar\u00e1 el proceso de di\u00e1logo y concertaci\u00f3n para trazar la ruta y las condiciones en un eventual proceso concertado de sustituci\u00f3n de cultivos de uso il\u00edcito, aspecto solicitado por las comunidades que buscan la implementaci\u00f3n y desarrollo de los Acuerdo de Paz en especial el punto 1 y 4.<\/p>\n<p>Por el momento se mantiene abierto el corredor humanitario por parte de las comunidades para permitirle el libre ingreso y salida \u00a0de insumos, medicamentos, combustibles y alimentos desde y hacia Nari\u00f1o<\/p>\n<p>Tambi\u00e9n asistieron delegados del Ministerio del Interior, Consejer\u00eda Presidencial de Derechos Humanos, Agencia de Renovaci\u00f3n de Territorio, Consejer\u00eda Para la Estabilizaci\u00f3n y la Consolidaci\u00f3n, Direcci\u00f3n de la Pol\u00edtica de Drogas del Ministro de Justicia, Ministerio de Agricultura y la Unidad Para las V\u00edctimas, entre otros.<\/p>\n<p>Desde la Gobernaci\u00f3n de Nari\u00f1o se conformar\u00e1 una mesa de seguimiento a los acuerdos y al avance de los compromisos, en la cual se contar\u00e1 con los garantes que vienen acompa\u00f1ando el di\u00e1logo como Di\u00f3cesis de Pasto, Mapp OEA, ONU Derechos Humanos, UNDOC, Misi\u00f3n de Verificaci\u00f3n de Naciones Unidas y la Defensor\u00eda del Pueblo.<\/p><\/div>\n","protected":false},"excerpt":{"rendered":"<p>Con un avance muy importante termin\u00f3 la sesi\u00f3n de la Mesa de Di\u00e1logo de las Comunidades \u00a0de la Cordillera \u00a0de Nari\u00f1o, cumplida ayer desde horas de la tarde y que se prolong\u00f3 hasta las madrugada de hoy viernes 28 de mayo, en la que participaron altos \u00a0funcionarios del gobierno Nacional El gobernador de Nari\u00f1o, alcaldes [&hellip;]<\/p>\n","protected":false},"author":1,"featured_media":52762,"comment_status":"open","ping_status":"open","sticky":false,"template":"","format":"standard","meta":{"footnotes":""},"categories":[53],"tags":[],"class_list":["post-52761","post","type-post","status-publish","format-standard","has-post-thumbnail","hentry","category-regiones"],"yoast_head":"<!-- This site is optimized with the Yoast SEO plugin v27.1.1 - https:\/\/yoast.com\/product\/yoast-seo-wordpress\/ -->\n<title>Comunidad de la Cordillera avanza en acuerdos sobre reconocimiento de Mesa de Di\u00e1logo y sustituci\u00f3n voluntaria | P\u00e1gina10<\/title>\n<meta name=\"robots\" content=\"index, follow, max-snippet:-1, max-image-preview:large, max-video-preview:-1\" \/>\n<link rel=\"canonical\" href=\"https:\/\/pagina10.com\/web\/comunidad-de-la-cordillera-avanza-en-acuerdos-sobre-reconocimiento-de-mesa-de-dialogo-y-sustitucion-voluntaria\/\" \/>\n<meta property=\"og:locale\" content=\"es_ES\" \/>\n<meta property=\"og:type\" content=\"article\" \/>\n<meta property=\"og:title\" content=\"Comunidad de la Cordillera avanza en acuerdos sobre reconocimiento de Mesa de Di\u00e1logo y sustituci\u00f3n voluntaria | P\u00e1gina10\" \/>\n<meta property=\"og:description\" content=\"Con un avance muy importante termin\u00f3 la sesi\u00f3n de la Mesa de Di\u00e1logo de las Comunidades de la Cordillera de Nari\u00f1o, cumplida ayer desde horas de la tarde y que se prolong\u00f3 hasta las madrugada de hoy viernes 28 de mayo, en la que participaron altos funcionarios del gobierno Nacional El gobernador de Nari\u00f1o, alcaldes [&hellip;]\" \/>\n<meta property=\"og:url\" content=\"https:\/\/pagina10.com\/web\/comunidad-de-la-cordillera-avanza-en-acuerdos-sobre-reconocimiento-de-mesa-de-dialogo-y-sustitucion-voluntaria\/\" \/>\n<meta property=\"og:site_name\" content=\"P\u00e1gina10\" \/>\n<meta property=\"article:publisher\" content=\"https:\/\/www.facebook.com\/pag10com\" \/>\n<meta property=\"article:published_time\" content=\"2021-05-28T23:19:32+00:00\" \/>\n<meta property=\"og:image\" content=\"https:\/\/pagina10.com\/web\/wp-content\/uploads\/2021\/05\/Captura-de-Pantalla-2021-05-28-a-las-6.18.53-p.-m..png\" \/>\n\t<meta property=\"og:image:width\" content=\"632\" \/>\n\t<meta property=\"og:image:height\" content=\"350\" \/>\n\t<meta property=\"og:image:type\" content=\"image\/png\" \/>\n<meta name=\"author\" content=\"P\u00e1gina 10\" \/>\n<meta name=\"twitter:card\" content=\"summary_large_image\" \/>\n<meta name=\"twitter:creator\" content=\"@Pag10com\" \/>\n<meta name=\"twitter:site\" content=\"@Pag10com\" \/>\n<meta name=\"twitter:label1\" content=\"Escrito por\" \/>\n\t<meta name=\"twitter:data1\" content=\"P\u00e1gina 10\" \/>\n\t<meta name=\"twitter:label2\" content=\"Tiempo de lectura\" \/>\n\t<meta name=\"twitter:data2\" content=\"2 minutos\" \/>\n<script type=\"application\/ld+json\" class=\"yoast-schema-graph\">{\"@context\":\"https:\/\/schema.org\",\"@graph\":[{\"@type\":\"Article\",\"@id\":\"https:\/\/pagina10.com\/web\/comunidad-de-la-cordillera-avanza-en-acuerdos-sobre-reconocimiento-de-mesa-de-dialogo-y-sustitucion-voluntaria\/#article\",\"isPartOf\":{\"@id\":\"https:\/\/pagina10.com\/web\/comunidad-de-la-cordillera-avanza-en-acuerdos-sobre-reconocimiento-de-mesa-de-dialogo-y-sustitucion-voluntaria\/\"},\"author\":{\"name\":\"P\u00e1gina 10\",\"@id\":\"https:\/\/pagina10.com\/web\/#\/schema\/person\/2efc4a090d25b667d3bc796798a3a81b\"},\"headline\":\"Comunidad de la Cordillera avanza en acuerdos sobre reconocimiento de Mesa de Di\u00e1logo y sustituci\u00f3n voluntaria\",\"datePublished\":\"2021-05-28T23:19:32+00:00\",\"mainEntityOfPage\":{\"@id\":\"https:\/\/pagina10.com\/web\/comunidad-de-la-cordillera-avanza-en-acuerdos-sobre-reconocimiento-de-mesa-de-dialogo-y-sustitucion-voluntaria\/\"},\"wordCount\":442,\"commentCount\":0,\"publisher\":{\"@id\":\"https:\/\/pagina10.com\/web\/#organization\"},\"image\":{\"@id\":\"https:\/\/pagina10.com\/web\/comunidad-de-la-cordillera-avanza-en-acuerdos-sobre-reconocimiento-de-mesa-de-dialogo-y-sustitucion-voluntaria\/#primaryimage\"},\"thumbnailUrl\":\"https:\/\/pagina10.com\/web\/wp-content\/uploads\/2021\/05\/Captura-de-Pantalla-2021-05-28-a-las-6.18.53-p.-m..png\",\"articleSection\":[\"Regiones\"],\"inLanguage\":\"es\",\"potentialAction\":[{\"@type\":\"CommentAction\",\"name\":\"Comment\",\"target\":[\"https:\/\/pagina10.com\/web\/comunidad-de-la-cordillera-avanza-en-acuerdos-sobre-reconocimiento-de-mesa-de-dialogo-y-sustitucion-voluntaria\/#respond\"]}]},{\"@type\":\"WebPage\",\"@id\":\"https:\/\/pagina10.com\/web\/comunidad-de-la-cordillera-avanza-en-acuerdos-sobre-reconocimiento-de-mesa-de-dialogo-y-sustitucion-voluntaria\/\",\"url\":\"https:\/\/pagina10.com\/web\/comunidad-de-la-cordillera-avanza-en-acuerdos-sobre-reconocimiento-de-mesa-de-dialogo-y-sustitucion-voluntaria\/\",\"name\":\"Comunidad de la Cordillera avanza en acuerdos sobre reconocimiento de Mesa de Di\u00e1logo y sustituci\u00f3n voluntaria | P\u00e1gina10\",\"isPartOf\":{\"@id\":\"https:\/\/pagina10.com\/web\/#website\"},\"primaryImageOfPage\":{\"@id\":\"https:\/\/pagina10.com\/web\/comunidad-de-la-cordillera-avanza-en-acuerdos-sobre-reconocimiento-de-mesa-de-dialogo-y-sustitucion-voluntaria\/#primaryimage\"},\"image\":{\"@id\":\"https:\/\/pagina10.com\/web\/comunidad-de-la-cordillera-avanza-en-acuerdos-sobre-reconocimiento-de-mesa-de-dialogo-y-sustitucion-voluntaria\/#primaryimage\"},\"thumbnailUrl\":\"https:\/\/pagina10.com\/web\/wp-content\/uploads\/2021\/05\/Captura-de-Pantalla-2021-05-28-a-las-6.18.53-p.-m..png\",\"datePublished\":\"2021-05-28T23:19:32+00:00\",\"breadcrumb\":{\"@id\":\"https:\/\/pagina10.com\/web\/comunidad-de-la-cordillera-avanza-en-acuerdos-sobre-reconocimiento-de-mesa-de-dialogo-y-sustitucion-voluntaria\/#breadcrumb\"},\"inLanguage\":\"es\",\"potentialAction\":[{\"@type\":\"ReadAction\",\"target\":[\"https:\/\/pagina10.com\/web\/comunidad-de-la-cordillera-avanza-en-acuerdos-sobre-reconocimiento-de-mesa-de-dialogo-y-sustitucion-voluntaria\/\"]}]},{\"@type\":\"ImageObject\",\"inLanguage\":\"es\",\"@id\":\"https:\/\/pagina10.com\/web\/comunidad-de-la-cordillera-avanza-en-acuerdos-sobre-reconocimiento-de-mesa-de-dialogo-y-sustitucion-voluntaria\/#primaryimage\",\"url\":\"https:\/\/pagina10.com\/web\/wp-content\/uploads\/2021\/05\/Captura-de-Pantalla-2021-05-28-a-las-6.18.53-p.-m..png\",\"contentUrl\":\"https:\/\/pagina10.com\/web\/wp-content\/uploads\/2021\/05\/Captura-de-Pantalla-2021-05-28-a-las-6.18.53-p.-m..png\",\"width\":632,\"height\":350},{\"@type\":\"BreadcrumbList\",\"@id\":\"https:\/\/pagina10.com\/web\/comunidad-de-la-cordillera-avanza-en-acuerdos-sobre-reconocimiento-de-mesa-de-dialogo-y-sustitucion-voluntaria\/#breadcrumb\",\"itemListElement\":[{\"@type\":\"ListItem\",\"position\":1,\"name\":\"Portada\",\"item\":\"https:\/\/pagina10.com\/web\/\"},{\"@type\":\"ListItem\",\"position\":2,\"name\":\"Comunidad de la Cordillera avanza en acuerdos sobre reconocimiento de Mesa de Di\u00e1logo y sustituci\u00f3n voluntaria\"}]},{\"@type\":\"WebSite\",\"@id\":\"https:\/\/pagina10.com\/web\/#website\",\"url\":\"https:\/\/pagina10.com\/web\/\",\"name\":\"P\u00e1gina10\",\"description\":\"Peri\u00f3dico Regional\",\"publisher\":{\"@id\":\"https:\/\/pagina10.com\/web\/#organization\"},\"alternateName\":\"P\u00e1gina10 Peri\u00f3dico Regional\",\"potentialAction\":[{\"@type\":\"SearchAction\",\"target\":{\"@type\":\"EntryPoint\",\"urlTemplate\":\"https:\/\/pagina10.com\/web\/?s={search_term_string}\"},\"query-input\":{\"@type\":\"PropertyValueSpecification\",\"valueRequired\":true,\"valueName\":\"search_term_string\"}}],\"inLanguage\":\"es\"},{\"@type\":\"Organization\",\"@id\":\"https:\/\/pagina10.com\/web\/#organization\",\"name\":\"P\u00e1gina10\",\"alternateName\":\"P\u00e1gina10 Peri\u00f3dico Regional\",\"url\":\"https:\/\/pagina10.com\/web\/\",\"logo\":{\"@type\":\"ImageObject\",\"inLanguage\":\"es\",\"@id\":\"https:\/\/pagina10.com\/web\/#\/schema\/logo\/image\/\",\"url\":\"https:\/\/pagina10.com\/web\/wp-content\/uploads\/2024\/01\/40-pagina-10-periodico-regional-pasto.jpg\",\"contentUrl\":\"https:\/\/pagina10.com\/web\/wp-content\/uploads\/2024\/01\/40-pagina-10-periodico-regional-pasto.jpg\",\"width\":1280,\"height\":720,\"caption\":\"P\u00e1gina10\"},\"image\":{\"@id\":\"https:\/\/pagina10.com\/web\/#\/schema\/logo\/image\/\"},\"sameAs\":[\"https:\/\/www.facebook.com\/pag10com\",\"https:\/\/x.com\/Pag10com\",\"https:\/\/www.instagram.com\/pagina10col\/\",\"https:\/\/youtube.com\/channel\/pag10\",\"https:\/\/www.tiktok.com\/@p10col\"]},{\"@type\":\"Person\",\"@id\":\"https:\/\/pagina10.com\/web\/#\/schema\/person\/2efc4a090d25b667d3bc796798a3a81b\",\"name\":\"P\u00e1gina 10\",\"description\":\"P\u00e1gina 10 es un peri\u00f3dico regional que nace en Colombia, en el departamento de Nari\u00f1o, con un enfoque global, fundamentado en cuatro pilares esenciales: la libertad, el pluralismo, la inclusi\u00f3n y la independencia. P\u00e1gina 10 hace referencia a Nari\u00f1o como el d\u00e9cimo departamento creado en Colombia, despu\u00e9s de un proceso pol\u00edtico liderado por actores y actrices regionales con el fin de obtener la independencia y autonom\u00eda de nuestros territorios. Con la creaci\u00f3n de P\u00e1gina 10 se pretende abrir un escenario para el dialogo, la reflexi\u00f3n y el debate que se extienda a otras geograf\u00edas de Am\u00e9rica Latina y del planeta, en una apuesta por transformar colectivamente los desaf\u00edos de un mundo contempor\u00e1neo, m\u00e1s all\u00e1 de las fronteras impuestas.\",\"url\":\"https:\/\/pagina10.com\/web\/author\/pdiezadmin\/\"}]}<\/script>\n<!-- \/ Yoast SEO plugin. -->","yoast_head_json":{"title":"Comunidad de la Cordillera avanza en acuerdos sobre reconocimiento de Mesa de Di\u00e1logo y sustituci\u00f3n voluntaria | P\u00e1gina10","robots":{"index":"index","follow":"follow","max-snippet":"max-snippet:-1","max-image-preview":"max-image-preview:large","max-video-preview":"max-video-preview:-1"},"canonical":"https:\/\/pagina10.com\/web\/comunidad-de-la-cordillera-avanza-en-acuerdos-sobre-reconocimiento-de-mesa-de-dialogo-y-sustitucion-voluntaria\/","og_locale":"es_ES","og_type":"article","og_title":"Comunidad de la Cordillera avanza en acuerdos sobre reconocimiento de Mesa de Di\u00e1logo y sustituci\u00f3n voluntaria | P\u00e1gina10","og_description":"Con un avance muy importante termin\u00f3 la sesi\u00f3n de la Mesa de Di\u00e1logo de las Comunidades de la Cordillera de Nari\u00f1o, cumplida ayer desde horas de la tarde y que se prolong\u00f3 hasta las madrugada de hoy viernes 28 de mayo, en la que participaron altos funcionarios del gobierno Nacional El gobernador de Nari\u00f1o, alcaldes [&hellip;]","og_url":"https:\/\/pagina10.com\/web\/comunidad-de-la-cordillera-avanza-en-acuerdos-sobre-reconocimiento-de-mesa-de-dialogo-y-sustitucion-voluntaria\/","og_site_name":"P\u00e1gina10","article_publisher":"https:\/\/www.facebook.com\/pag10com","article_published_time":"2021-05-28T23:19:32+00:00","og_image":[{"width":632,"height":350,"url":"https:\/\/pagina10.com\/web\/wp-content\/uploads\/2021\/05\/Captura-de-Pantalla-2021-05-28-a-las-6.18.53-p.-m..png","type":"image\/png"}],"author":"P\u00e1gina 10","twitter_card":"summary_large_image","twitter_creator":"@Pag10com","twitter_site":"@Pag10com","twitter_misc":{"Escrito por":"P\u00e1gina 10","Tiempo de lectura":"2 minutos"},"schema":{"@context":"https:\/\/schema.org","@graph":[{"@type":"Article","@id":"https:\/\/pagina10.com\/web\/comunidad-de-la-cordillera-avanza-en-acuerdos-sobre-reconocimiento-de-mesa-de-dialogo-y-sustitucion-voluntaria\/#article","isPartOf":{"@id":"https:\/\/pagina10.com\/web\/comunidad-de-la-cordillera-avanza-en-acuerdos-sobre-reconocimiento-de-mesa-de-dialogo-y-sustitucion-voluntaria\/"},"author":{"name":"P\u00e1gina 10","@id":"https:\/\/pagina10.com\/web\/#\/schema\/person\/2efc4a090d25b667d3bc796798a3a81b"},"headline":"Comunidad de la Cordillera avanza en acuerdos sobre reconocimiento de Mesa de Di\u00e1logo y sustituci\u00f3n voluntaria","datePublished":"2021-05-28T23:19:32+00:00","mainEntityOfPage":{"@id":"https:\/\/pagina10.com\/web\/comunidad-de-la-cordillera-avanza-en-acuerdos-sobre-reconocimiento-de-mesa-de-dialogo-y-sustitucion-voluntaria\/"},"wordCount":442,"commentCount":0,"publisher":{"@id":"https:\/\/pagina10.com\/web\/#organization"},"image":{"@id":"https:\/\/pagina10.com\/web\/comunidad-de-la-cordillera-avanza-en-acuerdos-sobre-reconocimiento-de-mesa-de-dialogo-y-sustitucion-voluntaria\/#primaryimage"},"thumbnailUrl":"https:\/\/pagina10.com\/web\/wp-content\/uploads\/2021\/05\/Captura-de-Pantalla-2021-05-28-a-las-6.18.53-p.-m..png","articleSection":["Regiones"],"inLanguage":"es","potentialAction":[{"@type":"CommentAction","name":"Comment","target":["https:\/\/pagina10.com\/web\/comunidad-de-la-cordillera-avanza-en-acuerdos-sobre-reconocimiento-de-mesa-de-dialogo-y-sustitucion-voluntaria\/#respond"]}]},{"@type":"WebPage","@id":"https:\/\/pagina10.com\/web\/comunidad-de-la-cordillera-avanza-en-acuerdos-sobre-reconocimiento-de-mesa-de-dialogo-y-sustitucion-voluntaria\/","url":"https:\/\/pagina10.com\/web\/comunidad-de-la-cordillera-avanza-en-acuerdos-sobre-reconocimiento-de-mesa-de-dialogo-y-sustitucion-voluntaria\/","name":"Comunidad de la Cordillera avanza en acuerdos sobre reconocimiento de Mesa de Di\u00e1logo y sustituci\u00f3n voluntaria | P\u00e1gina10","isPartOf":{"@id":"https:\/\/pagina10.com\/web\/#website"},"primaryImageOfPage":{"@id":"https:\/\/pagina10.com\/web\/comunidad-de-la-cordillera-avanza-en-acuerdos-sobre-reconocimiento-de-mesa-de-dialogo-y-sustitucion-voluntaria\/#primaryimage"},"image":{"@id":"https:\/\/pagina10.com\/web\/comunidad-de-la-cordillera-avanza-en-acuerdos-sobre-reconocimiento-de-mesa-de-dialogo-y-sustitucion-voluntaria\/#primaryimage"},"thumbnailUrl":"https:\/\/pagina10.com\/web\/wp-content\/uploads\/2021\/05\/Captura-de-Pantalla-2021-05-28-a-las-6.18.53-p.-m..png","datePublished":"2021-05-28T23:19:32+00:00","breadcrumb":{"@id":"https:\/\/pagina10.com\/web\/comunidad-de-la-cordillera-avanza-en-acuerdos-sobre-reconocimiento-de-mesa-de-dialogo-y-sustitucion-voluntaria\/#breadcrumb"},"inLanguage":"es","potentialAction":[{"@type":"ReadAction","target":["https:\/\/pagina10.com\/web\/comunidad-de-la-cordillera-avanza-en-acuerdos-sobre-reconocimiento-de-mesa-de-dialogo-y-sustitucion-voluntaria\/"]}]},{"@type":"ImageObject","inLanguage":"es","@id":"https:\/\/pagina10.com\/web\/comunidad-de-la-cordillera-avanza-en-acuerdos-sobre-reconocimiento-de-mesa-de-dialogo-y-sustitucion-voluntaria\/#primaryimage","url":"https:\/\/pagina10.com\/web\/wp-content\/uploads\/2021\/05\/Captura-de-Pantalla-2021-05-28-a-las-6.18.53-p.-m..png","contentUrl":"https:\/\/pagina10.com\/web\/wp-content\/uploads\/2021\/05\/Captura-de-Pantalla-2021-05-28-a-las-6.18.53-p.-m..png","width":632,"height":350},{"@type":"BreadcrumbList","@id":"https:\/\/pagina10.com\/web\/comunidad-de-la-cordillera-avanza-en-acuerdos-sobre-reconocimiento-de-mesa-de-dialogo-y-sustitucion-voluntaria\/#breadcrumb","itemListElement":[{"@type":"ListItem","position":1,"name":"Portada","item":"https:\/\/pagina10.com\/web\/"},{"@type":"ListItem","position":2,"name":"Comunidad de la Cordillera avanza en acuerdos sobre reconocimiento de Mesa de Di\u00e1logo y sustituci\u00f3n voluntaria"}]},{"@type":"WebSite","@id":"https:\/\/pagina10.com\/web\/#website","url":"https:\/\/pagina10.com\/web\/","name":"P\u00e1gina10","description":"Peri\u00f3dico Regional","publisher":{"@id":"https:\/\/pagina10.com\/web\/#organization"},"alternateName":"P\u00e1gina10 Peri\u00f3dico Regional","potentialAction":[{"@type":"SearchAction","target":{"@type":"EntryPoint","urlTemplate":"https:\/\/pagina10.com\/web\/?s={search_term_string}"},"query-input":{"@type":"PropertyValueSpecification","valueRequired":true,"valueName":"search_term_string"}}],"inLanguage":"es"},{"@type":"Organization","@id":"https:\/\/pagina10.com\/web\/#organization","name":"P\u00e1gina10","alternateName":"P\u00e1gina10 Peri\u00f3dico Regional","url":"https:\/\/pagina10.com\/web\/","logo":{"@type":"ImageObject","inLanguage":"es","@id":"https:\/\/pagina10.com\/web\/#\/schema\/logo\/image\/","url":"https:\/\/pagina10.com\/web\/wp-content\/uploads\/2024\/01\/40-pagina-10-periodico-regional-pasto.jpg","contentUrl":"https:\/\/pagina10.com\/web\/wp-content\/uploads\/2024\/01\/40-pagina-10-periodico-regional-pasto.jpg","width":1280,"height":720,"caption":"P\u00e1gina10"},"image":{"@id":"https:\/\/pagina10.com\/web\/#\/schema\/logo\/image\/"},"sameAs":["https:\/\/www.facebook.com\/pag10com","https:\/\/x.com\/Pag10com","https:\/\/www.instagram.com\/pagina10col\/","https:\/\/youtube.com\/channel\/pag10","https:\/\/www.tiktok.com\/@p10col"]},{"@type":"Person","@id":"https:\/\/pagina10.com\/web\/#\/schema\/person\/2efc4a090d25b667d3bc796798a3a81b","name":"P\u00e1gina 10","description":"P\u00e1gina 10 es un peri\u00f3dico regional que nace en Colombia, en el departamento de Nari\u00f1o, con un enfoque global, fundamentado en cuatro pilares esenciales: la libertad, el pluralismo, la inclusi\u00f3n y la independencia. P\u00e1gina 10 hace referencia a Nari\u00f1o como el d\u00e9cimo departamento creado en Colombia, despu\u00e9s de un proceso pol\u00edtico liderado por actores y actrices regionales con el fin de obtener la independencia y autonom\u00eda de nuestros territorios. Con la creaci\u00f3n de P\u00e1gina 10 se pretende abrir un escenario para el dialogo, la reflexi\u00f3n y el debate que se extienda a otras geograf\u00edas de Am\u00e9rica Latina y del planeta, en una apuesta por transformar colectivamente los desaf\u00edos de un mundo contempor\u00e1neo, m\u00e1s all\u00e1 de las fronteras impuestas.","url":"https:\/\/pagina10.com\/web\/author\/pdiezadmin\/"}]}},"_links":{"self":[{"href":"https:\/\/pagina10.com\/web\/wp-json\/wp\/v2\/posts\/52761","targetHints":{"allow":["GET"]}}],"collection":[{"href":"https:\/\/pagina10.com\/web\/wp-json\/wp\/v2\/posts"}],"about":[{"href":"https:\/\/pagina10.com\/web\/wp-json\/wp\/v2\/types\/post"}],"author":[{"embeddable":true,"href":"https:\/\/pagina10.com\/web\/wp-json\/wp\/v2\/users\/1"}],"replies":[{"embeddable":true,"href":"https:\/\/pagina10.com\/web\/wp-json\/wp\/v2\/comments?post=52761"}],"version-history":[{"count":1,"href":"https:\/\/pagina10.com\/web\/wp-json\/wp\/v2\/posts\/52761\/revisions"}],"predecessor-version":[{"id":52763,"href":"https:\/\/pagina10.com\/web\/wp-json\/wp\/v2\/posts\/52761\/revisions\/52763"}],"wp:featuredmedia":[{"embeddable":true,"href":"https:\/\/pagina10.com\/web\/wp-json\/wp\/v2\/media\/52762"}],"wp:attachment":[{"href":"https:\/\/pagina10.com\/web\/wp-json\/wp\/v2\/media?parent=52761"}],"wp:term":[{"taxonomy":"category","embeddable":true,"href":"https:\/\/pagina10.com\/web\/wp-json\/wp\/v2\/categories?post=52761"},{"taxonomy":"post_tag","embeddable":true,"href":"https:\/\/pagina10.com\/web\/wp-json\/wp\/v2\/tags?post=52761"}],"curies":[{"name":"wp","href":"https:\/\/api.w.org\/{rel}","templated":true}]}}