{"id":52764,"date":"2021-05-29T07:42:22","date_gmt":"2021-05-29T12:42:22","guid":{"rendered":"https:\/\/pagina10.com\/web\/?p=52764"},"modified":"2021-05-29T07:49:40","modified_gmt":"2021-05-29T12:49:40","slug":"presidente-duque-decreta-asistencia-militar-para-narino","status":"publish","type":"post","link":"https:\/\/pagina10.com\/web\/presidente-duque-decreta-asistencia-militar-para-narino\/","title":{"rendered":"Presidente Duque decreta asistencia militar para Nari\u00f1o"},"content":{"rendered":"<p style=\"text-align: justify;\">Mediante el decreto 575 del 28 de mayo \u00a0de 2021 el presidente ordena a los gobernadores del Cauca, Valle del Cauca, Nari\u00f1o, Huila, Norte de Santander, Putumayo, Caquet\u00e1 y Risaralda, y a los alcaldes de Cali, Buenaventura, Pasto, Ipiales, Popay\u00e1n, Yumbo, Buga, Palmira, Bucaramanga, Pereira, Madrid, Facatativ\u00e1 y Neiva tomar medidas para la conservaci\u00f3n y restablecimiento del orden p\u00fablico.<\/p>\n<p>Las medidas que ordena el presidente son:<\/p>\n<ol>\n<li style=\"text-align: justify;\">Coordinar con las autoridades militares y de polic\u00eda del departamento la asistencia militar de que trata el art\u00edculo 170 de la Ley 1801 de 2016, de manera que el departamento, el distrito y los municipios, pongan en ejecuci\u00f3n este instrumento legal para afrontar y superar los hechos que dan lugar a la grave alteraci\u00f3n de la seguridad y la convivencia, en sus respectivas jurisdicciones.<\/li>\n<li style=\"text-align: justify;\">Adoptar las medidas necesarias, en coordinaci\u00f3n con la fuerza p\u00fablica, para levantar los bloqueos internos que actualmente se presentan en las v\u00edas de sus jurisdicciones, as\u00ed como tambi\u00e9n evitar la instalaci\u00f3n de nuevos bloqueos.<\/li>\n<li style=\"text-align: justify;\">Adoptar las medidas, e implementar los planes y ,acciones necesarias para reactivar la productividad y la movilidad en sus respectivas jurisdicciones, entre ellas, fortalecer los controles de seguridad en las v\u00edas y las caravanas.<\/li>\n<li style=\"text-align: justify;\">En virtud de los principios de colaboraci\u00f3n arm\u00f3nica de que trata el art\u00edculo 113 de la Constituci\u00f3n Pol\u00edtica brindar el apoyo y colaboraci\u00f3n, en el marco de sus competencias, a las autoridades pertinentes para lograr la mayor eficiencia, eficacia y celeridad en los procesos de captura y judicializaci\u00f3n de las personas que incurren en los actos delictivos que afectan el orden p\u00fablico, la seguridad y la convivencia ciudadana.<\/li>\n<li style=\"text-align: justify;\">Mantener informada a la opini\u00f3n p\u00fablica, nacional e internacional sobre los avances en el control del orden p\u00fablico y las denuncias de las agresiones sistem\u00e1ticas contra la poblaci\u00f3n, la fuerza p\u00fablica, los bienes p\u00fablicos y privados.<\/li>\n<li style=\"text-align: justify;\">Decretar toque de queda, frente a cualquier alteraci\u00f3n significativa del orden p\u00fablico y que, en tal virtud, resulte necesario.<\/li>\n<\/ol>\n<p style=\"text-align: justify;\"><img fetchpriority=\"high\" decoding=\"async\" class=\"aligncenter wp-image-52765\" src=\"https:\/\/pagina10.com\/web\/wp-content\/uploads\/2021\/05\/WhatsApp-Image-2021-05-29-at-7.30.54-AM-1.jpeg\" alt=\"\" width=\"645\" height=\"993\" srcset=\"https:\/\/pagina10.com\/web\/wp-content\/uploads\/2021\/05\/WhatsApp-Image-2021-05-29-at-7.30.54-AM-1.jpeg 831w, https:\/\/pagina10.com\/web\/wp-content\/uploads\/2021\/05\/WhatsApp-Image-2021-05-29-at-7.30.54-AM-1-195x300.jpeg 195w, https:\/\/pagina10.com\/web\/wp-content\/uploads\/2021\/05\/WhatsApp-Image-2021-05-29-at-7.30.54-AM-1-665x1024.jpeg 665w, https:\/\/pagina10.com\/web\/wp-content\/uploads\/2021\/05\/WhatsApp-Image-2021-05-29-at-7.30.54-AM-1-768x1183.jpeg 768w\" sizes=\"(max-width: 645px) 100vw, 645px\" \/><img decoding=\"async\" class=\"aligncenter wp-image-52766\" src=\"https:\/\/pagina10.com\/web\/wp-content\/uploads\/2021\/05\/WhatsApp-Image-2021-05-29-at-7.30.55-AM.jpeg\" alt=\"\" width=\"640\" height=\"968\" srcset=\"https:\/\/pagina10.com\/web\/wp-content\/uploads\/2021\/05\/WhatsApp-Image-2021-05-29-at-7.30.55-AM.jpeg 846w, https:\/\/pagina10.com\/web\/wp-content\/uploads\/2021\/05\/WhatsApp-Image-2021-05-29-at-7.30.55-AM-198x300.jpeg 198w, https:\/\/pagina10.com\/web\/wp-content\/uploads\/2021\/05\/WhatsApp-Image-2021-05-29-at-7.30.55-AM-677x1024.jpeg 677w, https:\/\/pagina10.com\/web\/wp-content\/uploads\/2021\/05\/WhatsApp-Image-2021-05-29-at-7.30.55-AM-768x1162.jpeg 768w\" sizes=\"(max-width: 640px) 100vw, 640px\" \/><img decoding=\"async\" class=\"aligncenter wp-image-52767\" src=\"https:\/\/pagina10.com\/web\/wp-content\/uploads\/2021\/05\/WhatsApp-Image-2021-05-29-at-7.30.54-AM.jpeg\" alt=\"\" width=\"649\" height=\"981\" srcset=\"https:\/\/pagina10.com\/web\/wp-content\/uploads\/2021\/05\/WhatsApp-Image-2021-05-29-at-7.30.54-AM.jpeg 847w, https:\/\/pagina10.com\/web\/wp-content\/uploads\/2021\/05\/WhatsApp-Image-2021-05-29-at-7.30.54-AM-199x300.jpeg 199w, https:\/\/pagina10.com\/web\/wp-content\/uploads\/2021\/05\/WhatsApp-Image-2021-05-29-at-7.30.54-AM-678x1024.jpeg 678w, https:\/\/pagina10.com\/web\/wp-content\/uploads\/2021\/05\/WhatsApp-Image-2021-05-29-at-7.30.54-AM-768x1161.jpeg 768w\" sizes=\"(max-width: 649px) 100vw, 649px\" \/><img loading=\"lazy\" decoding=\"async\" class=\"aligncenter wp-image-52768\" src=\"https:\/\/pagina10.com\/web\/wp-content\/uploads\/2021\/05\/WhatsApp-Image-2021-05-29-at-7.30.55-AM-1.jpeg\" alt=\"\" width=\"650\" height=\"988\" srcset=\"https:\/\/pagina10.com\/web\/wp-content\/uploads\/2021\/05\/WhatsApp-Image-2021-05-29-at-7.30.55-AM-1.jpeg 842w, https:\/\/pagina10.com\/web\/wp-content\/uploads\/2021\/05\/WhatsApp-Image-2021-05-29-at-7.30.55-AM-1-197x300.jpeg 197w, https:\/\/pagina10.com\/web\/wp-content\/uploads\/2021\/05\/WhatsApp-Image-2021-05-29-at-7.30.55-AM-1-674x1024.jpeg 674w, https:\/\/pagina10.com\/web\/wp-content\/uploads\/2021\/05\/WhatsApp-Image-2021-05-29-at-7.30.55-AM-1-768x1168.jpeg 768w\" sizes=\"(max-width: 650px) 100vw, 650px\" \/><\/p>\n","protected":false},"excerpt":{"rendered":"<p>Mediante el decreto 575 del 28 de mayo \u00a0de 2021 el presidente ordena a los gobernadores del Cauca, Valle del Cauca, Nari\u00f1o, Huila, Norte de Santander, Putumayo, Caquet\u00e1 y Risaralda, y a los alcaldes de Cali, Buenaventura, Pasto, Ipiales, Popay\u00e1n, Yumbo, Buga, Palmira, Bucaramanga, Pereira, Madrid, Facatativ\u00e1 y Neiva tomar medidas para la conservaci\u00f3n y [&hellip;]<\/p>\n","protected":false},"author":1,"featured_media":52769,"comment_status":"open","ping_status":"open","sticky":false,"template":"","format":"standard","meta":{"footnotes":""},"categories":[53],"tags":[],"class_list":["post-52764","post","type-post","status-publish","format-standard","has-post-thumbnail","hentry","category-regiones"],"yoast_head":"<!-- This site is optimized with the Yoast SEO plugin v27.1.1 - https:\/\/yoast.com\/product\/yoast-seo-wordpress\/ -->\n<title>Presidente Duque decreta asistencia militar para Nari\u00f1o | P\u00e1gina10<\/title>\n<meta name=\"robots\" content=\"index, follow, max-snippet:-1, max-image-preview:large, max-video-preview:-1\" \/>\n<link rel=\"canonical\" href=\"https:\/\/pagina10.com\/web\/presidente-duque-decreta-asistencia-militar-para-narino\/\" \/>\n<meta property=\"og:locale\" content=\"es_ES\" \/>\n<meta property=\"og:type\" content=\"article\" \/>\n<meta property=\"og:title\" content=\"Presidente Duque decreta asistencia militar para Nari\u00f1o | P\u00e1gina10\" \/>\n<meta property=\"og:description\" content=\"Mediante el decreto 575 del 28 de mayo de 2021 el presidente ordena a los gobernadores del Cauca, Valle del Cauca, Nari\u00f1o, Huila, Norte de Santander, Putumayo, Caquet\u00e1 y Risaralda, y a los alcaldes de Cali, Buenaventura, Pasto, Ipiales, Popay\u00e1n, Yumbo, Buga, Palmira, Bucaramanga, Pereira, Madrid, Facatativ\u00e1 y Neiva tomar medidas para la conservaci\u00f3n y [&hellip;]\" \/>\n<meta property=\"og:url\" content=\"https:\/\/pagina10.com\/web\/presidente-duque-decreta-asistencia-militar-para-narino\/\" \/>\n<meta property=\"og:site_name\" content=\"P\u00e1gina10\" \/>\n<meta property=\"article:publisher\" content=\"https:\/\/www.facebook.com\/pag10com\" \/>\n<meta property=\"article:published_time\" content=\"2021-05-29T12:42:22+00:00\" \/>\n<meta property=\"article:modified_time\" content=\"2021-05-29T12:49:40+00:00\" \/>\n<meta property=\"og:image\" content=\"https:\/\/pagina10.com\/web\/wp-content\/uploads\/2021\/05\/183161669_4053900998010749_4051478665155783672_n.jpg\" \/>\n\t<meta property=\"og:image:width\" content=\"828\" \/>\n\t<meta property=\"og:image:height\" content=\"552\" \/>\n\t<meta property=\"og:image:type\" content=\"image\/jpeg\" \/>\n<meta name=\"author\" content=\"P\u00e1gina 10\" \/>\n<meta name=\"twitter:card\" content=\"summary_large_image\" \/>\n<meta name=\"twitter:creator\" content=\"@Pag10com\" \/>\n<meta name=\"twitter:site\" content=\"@Pag10com\" \/>\n<meta name=\"twitter:label1\" content=\"Escrito por\" \/>\n\t<meta name=\"twitter:data1\" content=\"P\u00e1gina 10\" \/>\n\t<meta name=\"twitter:label2\" content=\"Tiempo de lectura\" \/>\n\t<meta name=\"twitter:data2\" content=\"2 minutos\" \/>\n<script type=\"application\/ld+json\" class=\"yoast-schema-graph\">{\"@context\":\"https:\/\/schema.org\",\"@graph\":[{\"@type\":\"Article\",\"@id\":\"https:\/\/pagina10.com\/web\/presidente-duque-decreta-asistencia-militar-para-narino\/#article\",\"isPartOf\":{\"@id\":\"https:\/\/pagina10.com\/web\/presidente-duque-decreta-asistencia-militar-para-narino\/\"},\"author\":{\"name\":\"P\u00e1gina 10\",\"@id\":\"https:\/\/pagina10.com\/web\/#\/schema\/person\/2efc4a090d25b667d3bc796798a3a81b\"},\"headline\":\"Presidente Duque decreta asistencia militar para Nari\u00f1o\",\"datePublished\":\"2021-05-29T12:42:22+00:00\",\"dateModified\":\"2021-05-29T12:49:40+00:00\",\"mainEntityOfPage\":{\"@id\":\"https:\/\/pagina10.com\/web\/presidente-duque-decreta-asistencia-militar-para-narino\/\"},\"wordCount\":353,\"commentCount\":0,\"publisher\":{\"@id\":\"https:\/\/pagina10.com\/web\/#organization\"},\"image\":{\"@id\":\"https:\/\/pagina10.com\/web\/presidente-duque-decreta-asistencia-militar-para-narino\/#primaryimage\"},\"thumbnailUrl\":\"https:\/\/pagina10.com\/web\/wp-content\/uploads\/2021\/05\/183161669_4053900998010749_4051478665155783672_n.jpg\",\"articleSection\":[\"Regiones\"],\"inLanguage\":\"es\",\"potentialAction\":[{\"@type\":\"CommentAction\",\"name\":\"Comment\",\"target\":[\"https:\/\/pagina10.com\/web\/presidente-duque-decreta-asistencia-militar-para-narino\/#respond\"]}]},{\"@type\":\"WebPage\",\"@id\":\"https:\/\/pagina10.com\/web\/presidente-duque-decreta-asistencia-militar-para-narino\/\",\"url\":\"https:\/\/pagina10.com\/web\/presidente-duque-decreta-asistencia-militar-para-narino\/\",\"name\":\"Presidente Duque decreta asistencia militar para Nari\u00f1o | P\u00e1gina10\",\"isPartOf\":{\"@id\":\"https:\/\/pagina10.com\/web\/#website\"},\"primaryImageOfPage\":{\"@id\":\"https:\/\/pagina10.com\/web\/presidente-duque-decreta-asistencia-militar-para-narino\/#primaryimage\"},\"image\":{\"@id\":\"https:\/\/pagina10.com\/web\/presidente-duque-decreta-asistencia-militar-para-narino\/#primaryimage\"},\"thumbnailUrl\":\"https:\/\/pagina10.com\/web\/wp-content\/uploads\/2021\/05\/183161669_4053900998010749_4051478665155783672_n.jpg\",\"datePublished\":\"2021-05-29T12:42:22+00:00\",\"dateModified\":\"2021-05-29T12:49:40+00:00\",\"breadcrumb\":{\"@id\":\"https:\/\/pagina10.com\/web\/presidente-duque-decreta-asistencia-militar-para-narino\/#breadcrumb\"},\"inLanguage\":\"es\",\"potentialAction\":[{\"@type\":\"ReadAction\",\"target\":[\"https:\/\/pagina10.com\/web\/presidente-duque-decreta-asistencia-militar-para-narino\/\"]}]},{\"@type\":\"ImageObject\",\"inLanguage\":\"es\",\"@id\":\"https:\/\/pagina10.com\/web\/presidente-duque-decreta-asistencia-militar-para-narino\/#primaryimage\",\"url\":\"https:\/\/pagina10.com\/web\/wp-content\/uploads\/2021\/05\/183161669_4053900998010749_4051478665155783672_n.jpg\",\"contentUrl\":\"https:\/\/pagina10.com\/web\/wp-content\/uploads\/2021\/05\/183161669_4053900998010749_4051478665155783672_n.jpg\",\"width\":828,\"height\":552},{\"@type\":\"BreadcrumbList\",\"@id\":\"https:\/\/pagina10.com\/web\/presidente-duque-decreta-asistencia-militar-para-narino\/#breadcrumb\",\"itemListElement\":[{\"@type\":\"ListItem\",\"position\":1,\"name\":\"Portada\",\"item\":\"https:\/\/pagina10.com\/web\/\"},{\"@type\":\"ListItem\",\"position\":2,\"name\":\"Presidente Duque decreta asistencia militar para Nari\u00f1o\"}]},{\"@type\":\"WebSite\",\"@id\":\"https:\/\/pagina10.com\/web\/#website\",\"url\":\"https:\/\/pagina10.com\/web\/\",\"name\":\"P\u00e1gina10\",\"description\":\"Peri\u00f3dico Regional\",\"publisher\":{\"@id\":\"https:\/\/pagina10.com\/web\/#organization\"},\"alternateName\":\"P\u00e1gina10 Peri\u00f3dico Regional\",\"potentialAction\":[{\"@type\":\"SearchAction\",\"target\":{\"@type\":\"EntryPoint\",\"urlTemplate\":\"https:\/\/pagina10.com\/web\/?s={search_term_string}\"},\"query-input\":{\"@type\":\"PropertyValueSpecification\",\"valueRequired\":true,\"valueName\":\"search_term_string\"}}],\"inLanguage\":\"es\"},{\"@type\":\"Organization\",\"@id\":\"https:\/\/pagina10.com\/web\/#organization\",\"name\":\"P\u00e1gina10\",\"alternateName\":\"P\u00e1gina10 Peri\u00f3dico Regional\",\"url\":\"https:\/\/pagina10.com\/web\/\",\"logo\":{\"@type\":\"ImageObject\",\"inLanguage\":\"es\",\"@id\":\"https:\/\/pagina10.com\/web\/#\/schema\/logo\/image\/\",\"url\":\"https:\/\/pagina10.com\/web\/wp-content\/uploads\/2024\/01\/40-pagina-10-periodico-regional-pasto.jpg\",\"contentUrl\":\"https:\/\/pagina10.com\/web\/wp-content\/uploads\/2024\/01\/40-pagina-10-periodico-regional-pasto.jpg\",\"width\":1280,\"height\":720,\"caption\":\"P\u00e1gina10\"},\"image\":{\"@id\":\"https:\/\/pagina10.com\/web\/#\/schema\/logo\/image\/\"},\"sameAs\":[\"https:\/\/www.facebook.com\/pag10com\",\"https:\/\/x.com\/Pag10com\",\"https:\/\/www.instagram.com\/pagina10col\/\",\"https:\/\/youtube.com\/channel\/pag10\",\"https:\/\/www.tiktok.com\/@p10col\"]},{\"@type\":\"Person\",\"@id\":\"https:\/\/pagina10.com\/web\/#\/schema\/person\/2efc4a090d25b667d3bc796798a3a81b\",\"name\":\"P\u00e1gina 10\",\"description\":\"P\u00e1gina 10 es un peri\u00f3dico regional que nace en Colombia, en el departamento de Nari\u00f1o, con un enfoque global, fundamentado en cuatro pilares esenciales: la libertad, el pluralismo, la inclusi\u00f3n y la independencia. P\u00e1gina 10 hace referencia a Nari\u00f1o como el d\u00e9cimo departamento creado en Colombia, despu\u00e9s de un proceso pol\u00edtico liderado por actores y actrices regionales con el fin de obtener la independencia y autonom\u00eda de nuestros territorios. Con la creaci\u00f3n de P\u00e1gina 10 se pretende abrir un escenario para el dialogo, la reflexi\u00f3n y el debate que se extienda a otras geograf\u00edas de Am\u00e9rica Latina y del planeta, en una apuesta por transformar colectivamente los desaf\u00edos de un mundo contempor\u00e1neo, m\u00e1s all\u00e1 de las fronteras impuestas.\",\"url\":\"https:\/\/pagina10.com\/web\/author\/pdiezadmin\/\"}]}<\/script>\n<!-- \/ Yoast SEO plugin. -->","yoast_head_json":{"title":"Presidente Duque decreta asistencia militar para Nari\u00f1o | P\u00e1gina10","robots":{"index":"index","follow":"follow","max-snippet":"max-snippet:-1","max-image-preview":"max-image-preview:large","max-video-preview":"max-video-preview:-1"},"canonical":"https:\/\/pagina10.com\/web\/presidente-duque-decreta-asistencia-militar-para-narino\/","og_locale":"es_ES","og_type":"article","og_title":"Presidente Duque decreta asistencia militar para Nari\u00f1o | P\u00e1gina10","og_description":"Mediante el decreto 575 del 28 de mayo de 2021 el presidente ordena a los gobernadores del Cauca, Valle del Cauca, Nari\u00f1o, Huila, Norte de Santander, Putumayo, Caquet\u00e1 y Risaralda, y a los alcaldes de Cali, Buenaventura, Pasto, Ipiales, Popay\u00e1n, Yumbo, Buga, Palmira, Bucaramanga, Pereira, Madrid, Facatativ\u00e1 y Neiva tomar medidas para la conservaci\u00f3n y [&hellip;]","og_url":"https:\/\/pagina10.com\/web\/presidente-duque-decreta-asistencia-militar-para-narino\/","og_site_name":"P\u00e1gina10","article_publisher":"https:\/\/www.facebook.com\/pag10com","article_published_time":"2021-05-29T12:42:22+00:00","article_modified_time":"2021-05-29T12:49:40+00:00","og_image":[{"width":828,"height":552,"url":"https:\/\/pagina10.com\/web\/wp-content\/uploads\/2021\/05\/183161669_4053900998010749_4051478665155783672_n.jpg","type":"image\/jpeg"}],"author":"P\u00e1gina 10","twitter_card":"summary_large_image","twitter_creator":"@Pag10com","twitter_site":"@Pag10com","twitter_misc":{"Escrito por":"P\u00e1gina 10","Tiempo de lectura":"2 minutos"},"schema":{"@context":"https:\/\/schema.org","@graph":[{"@type":"Article","@id":"https:\/\/pagina10.com\/web\/presidente-duque-decreta-asistencia-militar-para-narino\/#article","isPartOf":{"@id":"https:\/\/pagina10.com\/web\/presidente-duque-decreta-asistencia-militar-para-narino\/"},"author":{"name":"P\u00e1gina 10","@id":"https:\/\/pagina10.com\/web\/#\/schema\/person\/2efc4a090d25b667d3bc796798a3a81b"},"headline":"Presidente Duque decreta asistencia militar para Nari\u00f1o","datePublished":"2021-05-29T12:42:22+00:00","dateModified":"2021-05-29T12:49:40+00:00","mainEntityOfPage":{"@id":"https:\/\/pagina10.com\/web\/presidente-duque-decreta-asistencia-militar-para-narino\/"},"wordCount":353,"commentCount":0,"publisher":{"@id":"https:\/\/pagina10.com\/web\/#organization"},"image":{"@id":"https:\/\/pagina10.com\/web\/presidente-duque-decreta-asistencia-militar-para-narino\/#primaryimage"},"thumbnailUrl":"https:\/\/pagina10.com\/web\/wp-content\/uploads\/2021\/05\/183161669_4053900998010749_4051478665155783672_n.jpg","articleSection":["Regiones"],"inLanguage":"es","potentialAction":[{"@type":"CommentAction","name":"Comment","target":["https:\/\/pagina10.com\/web\/presidente-duque-decreta-asistencia-militar-para-narino\/#respond"]}]},{"@type":"WebPage","@id":"https:\/\/pagina10.com\/web\/presidente-duque-decreta-asistencia-militar-para-narino\/","url":"https:\/\/pagina10.com\/web\/presidente-duque-decreta-asistencia-militar-para-narino\/","name":"Presidente Duque decreta asistencia militar para Nari\u00f1o | P\u00e1gina10","isPartOf":{"@id":"https:\/\/pagina10.com\/web\/#website"},"primaryImageOfPage":{"@id":"https:\/\/pagina10.com\/web\/presidente-duque-decreta-asistencia-militar-para-narino\/#primaryimage"},"image":{"@id":"https:\/\/pagina10.com\/web\/presidente-duque-decreta-asistencia-militar-para-narino\/#primaryimage"},"thumbnailUrl":"https:\/\/pagina10.com\/web\/wp-content\/uploads\/2021\/05\/183161669_4053900998010749_4051478665155783672_n.jpg","datePublished":"2021-05-29T12:42:22+00:00","dateModified":"2021-05-29T12:49:40+00:00","breadcrumb":{"@id":"https:\/\/pagina10.com\/web\/presidente-duque-decreta-asistencia-militar-para-narino\/#breadcrumb"},"inLanguage":"es","potentialAction":[{"@type":"ReadAction","target":["https:\/\/pagina10.com\/web\/presidente-duque-decreta-asistencia-militar-para-narino\/"]}]},{"@type":"ImageObject","inLanguage":"es","@id":"https:\/\/pagina10.com\/web\/presidente-duque-decreta-asistencia-militar-para-narino\/#primaryimage","url":"https:\/\/pagina10.com\/web\/wp-content\/uploads\/2021\/05\/183161669_4053900998010749_4051478665155783672_n.jpg","contentUrl":"https:\/\/pagina10.com\/web\/wp-content\/uploads\/2021\/05\/183161669_4053900998010749_4051478665155783672_n.jpg","width":828,"height":552},{"@type":"BreadcrumbList","@id":"https:\/\/pagina10.com\/web\/presidente-duque-decreta-asistencia-militar-para-narino\/#breadcrumb","itemListElement":[{"@type":"ListItem","position":1,"name":"Portada","item":"https:\/\/pagina10.com\/web\/"},{"@type":"ListItem","position":2,"name":"Presidente Duque decreta asistencia militar para Nari\u00f1o"}]},{"@type":"WebSite","@id":"https:\/\/pagina10.com\/web\/#website","url":"https:\/\/pagina10.com\/web\/","name":"P\u00e1gina10","description":"Peri\u00f3dico Regional","publisher":{"@id":"https:\/\/pagina10.com\/web\/#organization"},"alternateName":"P\u00e1gina10 Peri\u00f3dico Regional","potentialAction":[{"@type":"SearchAction","target":{"@type":"EntryPoint","urlTemplate":"https:\/\/pagina10.com\/web\/?s={search_term_string}"},"query-input":{"@type":"PropertyValueSpecification","valueRequired":true,"valueName":"search_term_string"}}],"inLanguage":"es"},{"@type":"Organization","@id":"https:\/\/pagina10.com\/web\/#organization","name":"P\u00e1gina10","alternateName":"P\u00e1gina10 Peri\u00f3dico Regional","url":"https:\/\/pagina10.com\/web\/","logo":{"@type":"ImageObject","inLanguage":"es","@id":"https:\/\/pagina10.com\/web\/#\/schema\/logo\/image\/","url":"https:\/\/pagina10.com\/web\/wp-content\/uploads\/2024\/01\/40-pagina-10-periodico-regional-pasto.jpg","contentUrl":"https:\/\/pagina10.com\/web\/wp-content\/uploads\/2024\/01\/40-pagina-10-periodico-regional-pasto.jpg","width":1280,"height":720,"caption":"P\u00e1gina10"},"image":{"@id":"https:\/\/pagina10.com\/web\/#\/schema\/logo\/image\/"},"sameAs":["https:\/\/www.facebook.com\/pag10com","https:\/\/x.com\/Pag10com","https:\/\/www.instagram.com\/pagina10col\/","https:\/\/youtube.com\/channel\/pag10","https:\/\/www.tiktok.com\/@p10col"]},{"@type":"Person","@id":"https:\/\/pagina10.com\/web\/#\/schema\/person\/2efc4a090d25b667d3bc796798a3a81b","name":"P\u00e1gina 10","description":"P\u00e1gina 10 es un peri\u00f3dico regional que nace en Colombia, en el departamento de Nari\u00f1o, con un enfoque global, fundamentado en cuatro pilares esenciales: la libertad, el pluralismo, la inclusi\u00f3n y la independencia. P\u00e1gina 10 hace referencia a Nari\u00f1o como el d\u00e9cimo departamento creado en Colombia, despu\u00e9s de un proceso pol\u00edtico liderado por actores y actrices regionales con el fin de obtener la independencia y autonom\u00eda de nuestros territorios. Con la creaci\u00f3n de P\u00e1gina 10 se pretende abrir un escenario para el dialogo, la reflexi\u00f3n y el debate que se extienda a otras geograf\u00edas de Am\u00e9rica Latina y del planeta, en una apuesta por transformar colectivamente los desaf\u00edos de un mundo contempor\u00e1neo, m\u00e1s all\u00e1 de las fronteras impuestas.","url":"https:\/\/pagina10.com\/web\/author\/pdiezadmin\/"}]}},"_links":{"self":[{"href":"https:\/\/pagina10.com\/web\/wp-json\/wp\/v2\/posts\/52764","targetHints":{"allow":["GET"]}}],"collection":[{"href":"https:\/\/pagina10.com\/web\/wp-json\/wp\/v2\/posts"}],"about":[{"href":"https:\/\/pagina10.com\/web\/wp-json\/wp\/v2\/types\/post"}],"author":[{"embeddable":true,"href":"https:\/\/pagina10.com\/web\/wp-json\/wp\/v2\/users\/1"}],"replies":[{"embeddable":true,"href":"https:\/\/pagina10.com\/web\/wp-json\/wp\/v2\/comments?post=52764"}],"version-history":[{"count":3,"href":"https:\/\/pagina10.com\/web\/wp-json\/wp\/v2\/posts\/52764\/revisions"}],"predecessor-version":[{"id":52772,"href":"https:\/\/pagina10.com\/web\/wp-json\/wp\/v2\/posts\/52764\/revisions\/52772"}],"wp:featuredmedia":[{"embeddable":true,"href":"https:\/\/pagina10.com\/web\/wp-json\/wp\/v2\/media\/52769"}],"wp:attachment":[{"href":"https:\/\/pagina10.com\/web\/wp-json\/wp\/v2\/media?parent=52764"}],"wp:term":[{"taxonomy":"category","embeddable":true,"href":"https:\/\/pagina10.com\/web\/wp-json\/wp\/v2\/categories?post=52764"},{"taxonomy":"post_tag","embeddable":true,"href":"https:\/\/pagina10.com\/web\/wp-json\/wp\/v2\/tags?post=52764"}],"curies":[{"name":"wp","href":"https:\/\/api.w.org\/{rel}","templated":true}]}}