{"id":52793,"date":"2021-05-31T08:56:50","date_gmt":"2021-05-31T13:56:50","guid":{"rendered":"https:\/\/pagina10.com\/web\/?p=52793"},"modified":"2021-05-31T08:56:50","modified_gmt":"2021-05-31T13:56:50","slug":"narino-salio-de-los-ultimos-lugares-en-el-indice-de-desempeno-institucional","status":"publish","type":"post","link":"https:\/\/pagina10.com\/web\/narino-salio-de-los-ultimos-lugares-en-el-indice-de-desempeno-institucional\/","title":{"rendered":"Nari\u00f1o sali\u00f3 de los \u00faltimos lugares en el \u00cdndice de Desempe\u00f1o Institucional"},"content":{"rendered":"<p style=\"text-align: justify;\">M\u00e1s de 3.000 entidades participaron en el \u00edndice de desempe\u00f1o institucional DAFP- Colombia y tras revisar y evaluar los resultados de la medici\u00f3n del formulario \u00fanico de reportes y avances de gesti\u00f3n -FURAG, la Gobernaci\u00f3n de Nari\u00f1o se destac\u00f3 en la implementaci\u00f3n del modelo integrado de planeaci\u00f3n y gesti\u00f3n MIPG.<\/p>\n<div style=\"text-align: justify;\">\nEl resultado de las 7 dimensiones y 18 pol\u00edticas de MIPG, tuvo un resultado de 73, 5% subiendo en la escala de posici\u00f3n en su primer a\u00f1o de desempe\u00f1o institucional, en comparaci\u00f3n al a\u00f1o 2019 en donde se obtuvo un resultado del 58,4%, lo cual ubicaba a la Gobernaci\u00f3n de Nari\u00f1o en el puesto 29.<\/div>\n<p><img fetchpriority=\"high\" decoding=\"async\" class=\"aligncenter size-full wp-image-52794\" src=\"https:\/\/pagina10.com\/web\/wp-content\/uploads\/2021\/05\/Captura-de-Pantalla-2021-05-31-a-las-8.49.14-a.-m..png\" alt=\"\" width=\"1052\" height=\"408\" srcset=\"https:\/\/pagina10.com\/web\/wp-content\/uploads\/2021\/05\/Captura-de-Pantalla-2021-05-31-a-las-8.49.14-a.-m..png 1052w, https:\/\/pagina10.com\/web\/wp-content\/uploads\/2021\/05\/Captura-de-Pantalla-2021-05-31-a-las-8.49.14-a.-m.-300x116.png 300w, https:\/\/pagina10.com\/web\/wp-content\/uploads\/2021\/05\/Captura-de-Pantalla-2021-05-31-a-las-8.49.14-a.-m.-1024x397.png 1024w, https:\/\/pagina10.com\/web\/wp-content\/uploads\/2021\/05\/Captura-de-Pantalla-2021-05-31-a-las-8.49.14-a.-m.-768x298.png 768w\" sizes=\"(max-width: 1052px) 100vw, 1052px\" \/><\/p>\n<div style=\"text-align: justify;\">\n\u201cEstos resultados orientan nuestros procesos de gesti\u00f3n institucional hacia una mejor producci\u00f3n de bienes y prestaci\u00f3n de servicios, a fin de resolver efectivamente las necesidades y problemas de los ciudadanos con criterios de calidad y en el marco de la integridad, la legalidad y la transparencia, contribuyendo al cumplimiento de las metas establecidas en nuestro Plan de Desarrollo Departamental\u201d, se\u00f1al\u00f3 el Secretario de Planeaci\u00f3n Departamental, Euler Mart\u00ednez.<\/div>\n<div style=\"text-align: justify;\">\nEsta es una muestra que los objetivos planteados en el Plan de Desarrollo Departamental, \u00b4Mi Nari\u00f1o, en defensa de lo nuestro\u2019, en el \u00edtem fortalecimiento institucional, han avanzado satisfactoriamente logrado una gesti\u00f3n eficiente para el buen gobierno, garantizando la transparencia, la sensibilidad social y la administraci\u00f3n p\u00fablica eficiente.<\/div>\n<div style=\"text-align: justify;\"><img decoding=\"async\" class=\"aligncenter size-full wp-image-52795\" src=\"https:\/\/pagina10.com\/web\/wp-content\/uploads\/2021\/05\/Captura-de-Pantalla-2021-05-31-a-las-8.52.38-a.-m..png\" alt=\"\" width=\"1046\" height=\"293\" srcset=\"https:\/\/pagina10.com\/web\/wp-content\/uploads\/2021\/05\/Captura-de-Pantalla-2021-05-31-a-las-8.52.38-a.-m..png 1046w, https:\/\/pagina10.com\/web\/wp-content\/uploads\/2021\/05\/Captura-de-Pantalla-2021-05-31-a-las-8.52.38-a.-m.-300x84.png 300w, https:\/\/pagina10.com\/web\/wp-content\/uploads\/2021\/05\/Captura-de-Pantalla-2021-05-31-a-las-8.52.38-a.-m.-1024x287.png 1024w, https:\/\/pagina10.com\/web\/wp-content\/uploads\/2021\/05\/Captura-de-Pantalla-2021-05-31-a-las-8.52.38-a.-m.-768x215.png 768w\" sizes=\"(max-width: 1046px) 100vw, 1046px\" \/>\n<\/div>\n","protected":false},"excerpt":{"rendered":"<p>M\u00e1s de 3.000 entidades participaron en el \u00edndice de desempe\u00f1o institucional DAFP- Colombia y tras revisar y evaluar los resultados de la medici\u00f3n del formulario \u00fanico de reportes y avances de gesti\u00f3n -FURAG, la Gobernaci\u00f3n de Nari\u00f1o se destac\u00f3 en la implementaci\u00f3n del modelo integrado de planeaci\u00f3n y gesti\u00f3n MIPG. El resultado de las 7 [&hellip;]<\/p>\n","protected":false},"author":1,"featured_media":52796,"comment_status":"open","ping_status":"open","sticky":false,"template":"","format":"standard","meta":{"footnotes":""},"categories":[53],"tags":[],"class_list":["post-52793","post","type-post","status-publish","format-standard","has-post-thumbnail","hentry","category-regiones"],"yoast_head":"<!-- This site is optimized with the Yoast SEO plugin v27.1.1 - https:\/\/yoast.com\/product\/yoast-seo-wordpress\/ -->\n<title>Nari\u00f1o sali\u00f3 de los \u00faltimos lugares en el \u00cdndice de Desempe\u00f1o Institucional | P\u00e1gina10<\/title>\n<meta name=\"robots\" content=\"index, follow, max-snippet:-1, max-image-preview:large, max-video-preview:-1\" \/>\n<link rel=\"canonical\" href=\"https:\/\/pagina10.com\/web\/narino-salio-de-los-ultimos-lugares-en-el-indice-de-desempeno-institucional\/\" \/>\n<meta property=\"og:locale\" content=\"es_ES\" \/>\n<meta property=\"og:type\" content=\"article\" \/>\n<meta property=\"og:title\" content=\"Nari\u00f1o sali\u00f3 de los \u00faltimos lugares en el \u00cdndice de Desempe\u00f1o Institucional | P\u00e1gina10\" \/>\n<meta property=\"og:description\" content=\"M\u00e1s de 3.000 entidades participaron en el \u00edndice de desempe\u00f1o institucional DAFP- Colombia y tras revisar y evaluar los resultados de la medici\u00f3n del formulario \u00fanico de reportes y avances de gesti\u00f3n -FURAG, la Gobernaci\u00f3n de Nari\u00f1o se destac\u00f3 en la implementaci\u00f3n del modelo integrado de planeaci\u00f3n y gesti\u00f3n MIPG. El resultado de las 7 [&hellip;]\" \/>\n<meta property=\"og:url\" content=\"https:\/\/pagina10.com\/web\/narino-salio-de-los-ultimos-lugares-en-el-indice-de-desempeno-institucional\/\" \/>\n<meta property=\"og:site_name\" content=\"P\u00e1gina10\" \/>\n<meta property=\"article:publisher\" content=\"https:\/\/www.facebook.com\/pag10com\" \/>\n<meta property=\"article:published_time\" content=\"2021-05-31T13:56:50+00:00\" \/>\n<meta property=\"og:image\" content=\"https:\/\/pagina10.com\/web\/wp-content\/uploads\/2021\/05\/Captura-de-Pantalla-2021-05-31-a-las-8.56.23-a.-m..png\" \/>\n\t<meta property=\"og:image:width\" content=\"767\" \/>\n\t<meta property=\"og:image:height\" content=\"529\" \/>\n\t<meta property=\"og:image:type\" content=\"image\/png\" \/>\n<meta name=\"author\" content=\"P\u00e1gina 10\" \/>\n<meta name=\"twitter:card\" content=\"summary_large_image\" \/>\n<meta name=\"twitter:creator\" content=\"@Pag10com\" \/>\n<meta name=\"twitter:site\" content=\"@Pag10com\" \/>\n<meta name=\"twitter:label1\" content=\"Escrito por\" \/>\n\t<meta name=\"twitter:data1\" content=\"P\u00e1gina 10\" \/>\n\t<meta name=\"twitter:label2\" content=\"Tiempo de lectura\" \/>\n\t<meta name=\"twitter:data2\" content=\"1 minuto\" \/>\n<script type=\"application\/ld+json\" class=\"yoast-schema-graph\">{\"@context\":\"https:\/\/schema.org\",\"@graph\":[{\"@type\":\"Article\",\"@id\":\"https:\/\/pagina10.com\/web\/narino-salio-de-los-ultimos-lugares-en-el-indice-de-desempeno-institucional\/#article\",\"isPartOf\":{\"@id\":\"https:\/\/pagina10.com\/web\/narino-salio-de-los-ultimos-lugares-en-el-indice-de-desempeno-institucional\/\"},\"author\":{\"name\":\"P\u00e1gina 10\",\"@id\":\"https:\/\/pagina10.com\/web\/#\/schema\/person\/2efc4a090d25b667d3bc796798a3a81b\"},\"headline\":\"Nari\u00f1o sali\u00f3 de los \u00faltimos lugares en el \u00cdndice de Desempe\u00f1o Institucional\",\"datePublished\":\"2021-05-31T13:56:50+00:00\",\"mainEntityOfPage\":{\"@id\":\"https:\/\/pagina10.com\/web\/narino-salio-de-los-ultimos-lugares-en-el-indice-de-desempeno-institucional\/\"},\"wordCount\":253,\"commentCount\":0,\"publisher\":{\"@id\":\"https:\/\/pagina10.com\/web\/#organization\"},\"image\":{\"@id\":\"https:\/\/pagina10.com\/web\/narino-salio-de-los-ultimos-lugares-en-el-indice-de-desempeno-institucional\/#primaryimage\"},\"thumbnailUrl\":\"https:\/\/pagina10.com\/web\/wp-content\/uploads\/2021\/05\/Captura-de-Pantalla-2021-05-31-a-las-8.56.23-a.-m..png\",\"articleSection\":[\"Regiones\"],\"inLanguage\":\"es\",\"potentialAction\":[{\"@type\":\"CommentAction\",\"name\":\"Comment\",\"target\":[\"https:\/\/pagina10.com\/web\/narino-salio-de-los-ultimos-lugares-en-el-indice-de-desempeno-institucional\/#respond\"]}]},{\"@type\":\"WebPage\",\"@id\":\"https:\/\/pagina10.com\/web\/narino-salio-de-los-ultimos-lugares-en-el-indice-de-desempeno-institucional\/\",\"url\":\"https:\/\/pagina10.com\/web\/narino-salio-de-los-ultimos-lugares-en-el-indice-de-desempeno-institucional\/\",\"name\":\"Nari\u00f1o sali\u00f3 de los \u00faltimos lugares en el \u00cdndice de Desempe\u00f1o Institucional | P\u00e1gina10\",\"isPartOf\":{\"@id\":\"https:\/\/pagina10.com\/web\/#website\"},\"primaryImageOfPage\":{\"@id\":\"https:\/\/pagina10.com\/web\/narino-salio-de-los-ultimos-lugares-en-el-indice-de-desempeno-institucional\/#primaryimage\"},\"image\":{\"@id\":\"https:\/\/pagina10.com\/web\/narino-salio-de-los-ultimos-lugares-en-el-indice-de-desempeno-institucional\/#primaryimage\"},\"thumbnailUrl\":\"https:\/\/pagina10.com\/web\/wp-content\/uploads\/2021\/05\/Captura-de-Pantalla-2021-05-31-a-las-8.56.23-a.-m..png\",\"datePublished\":\"2021-05-31T13:56:50+00:00\",\"breadcrumb\":{\"@id\":\"https:\/\/pagina10.com\/web\/narino-salio-de-los-ultimos-lugares-en-el-indice-de-desempeno-institucional\/#breadcrumb\"},\"inLanguage\":\"es\",\"potentialAction\":[{\"@type\":\"ReadAction\",\"target\":[\"https:\/\/pagina10.com\/web\/narino-salio-de-los-ultimos-lugares-en-el-indice-de-desempeno-institucional\/\"]}]},{\"@type\":\"ImageObject\",\"inLanguage\":\"es\",\"@id\":\"https:\/\/pagina10.com\/web\/narino-salio-de-los-ultimos-lugares-en-el-indice-de-desempeno-institucional\/#primaryimage\",\"url\":\"https:\/\/pagina10.com\/web\/wp-content\/uploads\/2021\/05\/Captura-de-Pantalla-2021-05-31-a-las-8.56.23-a.-m..png\",\"contentUrl\":\"https:\/\/pagina10.com\/web\/wp-content\/uploads\/2021\/05\/Captura-de-Pantalla-2021-05-31-a-las-8.56.23-a.-m..png\",\"width\":767,\"height\":529},{\"@type\":\"BreadcrumbList\",\"@id\":\"https:\/\/pagina10.com\/web\/narino-salio-de-los-ultimos-lugares-en-el-indice-de-desempeno-institucional\/#breadcrumb\",\"itemListElement\":[{\"@type\":\"ListItem\",\"position\":1,\"name\":\"Portada\",\"item\":\"https:\/\/pagina10.com\/web\/\"},{\"@type\":\"ListItem\",\"position\":2,\"name\":\"Nari\u00f1o sali\u00f3 de los \u00faltimos lugares en el \u00cdndice de Desempe\u00f1o Institucional\"}]},{\"@type\":\"WebSite\",\"@id\":\"https:\/\/pagina10.com\/web\/#website\",\"url\":\"https:\/\/pagina10.com\/web\/\",\"name\":\"P\u00e1gina10\",\"description\":\"Peri\u00f3dico Regional\",\"publisher\":{\"@id\":\"https:\/\/pagina10.com\/web\/#organization\"},\"alternateName\":\"P\u00e1gina10 Peri\u00f3dico Regional\",\"potentialAction\":[{\"@type\":\"SearchAction\",\"target\":{\"@type\":\"EntryPoint\",\"urlTemplate\":\"https:\/\/pagina10.com\/web\/?s={search_term_string}\"},\"query-input\":{\"@type\":\"PropertyValueSpecification\",\"valueRequired\":true,\"valueName\":\"search_term_string\"}}],\"inLanguage\":\"es\"},{\"@type\":\"Organization\",\"@id\":\"https:\/\/pagina10.com\/web\/#organization\",\"name\":\"P\u00e1gina10\",\"alternateName\":\"P\u00e1gina10 Peri\u00f3dico Regional\",\"url\":\"https:\/\/pagina10.com\/web\/\",\"logo\":{\"@type\":\"ImageObject\",\"inLanguage\":\"es\",\"@id\":\"https:\/\/pagina10.com\/web\/#\/schema\/logo\/image\/\",\"url\":\"https:\/\/pagina10.com\/web\/wp-content\/uploads\/2024\/01\/40-pagina-10-periodico-regional-pasto.jpg\",\"contentUrl\":\"https:\/\/pagina10.com\/web\/wp-content\/uploads\/2024\/01\/40-pagina-10-periodico-regional-pasto.jpg\",\"width\":1280,\"height\":720,\"caption\":\"P\u00e1gina10\"},\"image\":{\"@id\":\"https:\/\/pagina10.com\/web\/#\/schema\/logo\/image\/\"},\"sameAs\":[\"https:\/\/www.facebook.com\/pag10com\",\"https:\/\/x.com\/Pag10com\",\"https:\/\/www.instagram.com\/pagina10col\/\",\"https:\/\/youtube.com\/channel\/pag10\",\"https:\/\/www.tiktok.com\/@p10col\"]},{\"@type\":\"Person\",\"@id\":\"https:\/\/pagina10.com\/web\/#\/schema\/person\/2efc4a090d25b667d3bc796798a3a81b\",\"name\":\"P\u00e1gina 10\",\"description\":\"P\u00e1gina 10 es un peri\u00f3dico regional que nace en Colombia, en el departamento de Nari\u00f1o, con un enfoque global, fundamentado en cuatro pilares esenciales: la libertad, el pluralismo, la inclusi\u00f3n y la independencia. P\u00e1gina 10 hace referencia a Nari\u00f1o como el d\u00e9cimo departamento creado en Colombia, despu\u00e9s de un proceso pol\u00edtico liderado por actores y actrices regionales con el fin de obtener la independencia y autonom\u00eda de nuestros territorios. Con la creaci\u00f3n de P\u00e1gina 10 se pretende abrir un escenario para el dialogo, la reflexi\u00f3n y el debate que se extienda a otras geograf\u00edas de Am\u00e9rica Latina y del planeta, en una apuesta por transformar colectivamente los desaf\u00edos de un mundo contempor\u00e1neo, m\u00e1s all\u00e1 de las fronteras impuestas.\",\"url\":\"https:\/\/pagina10.com\/web\/author\/pdiezadmin\/\"}]}<\/script>\n<!-- \/ Yoast SEO plugin. -->","yoast_head_json":{"title":"Nari\u00f1o sali\u00f3 de los \u00faltimos lugares en el \u00cdndice de Desempe\u00f1o Institucional | P\u00e1gina10","robots":{"index":"index","follow":"follow","max-snippet":"max-snippet:-1","max-image-preview":"max-image-preview:large","max-video-preview":"max-video-preview:-1"},"canonical":"https:\/\/pagina10.com\/web\/narino-salio-de-los-ultimos-lugares-en-el-indice-de-desempeno-institucional\/","og_locale":"es_ES","og_type":"article","og_title":"Nari\u00f1o sali\u00f3 de los \u00faltimos lugares en el \u00cdndice de Desempe\u00f1o Institucional | P\u00e1gina10","og_description":"M\u00e1s de 3.000 entidades participaron en el \u00edndice de desempe\u00f1o institucional DAFP- Colombia y tras revisar y evaluar los resultados de la medici\u00f3n del formulario \u00fanico de reportes y avances de gesti\u00f3n -FURAG, la Gobernaci\u00f3n de Nari\u00f1o se destac\u00f3 en la implementaci\u00f3n del modelo integrado de planeaci\u00f3n y gesti\u00f3n MIPG. El resultado de las 7 [&hellip;]","og_url":"https:\/\/pagina10.com\/web\/narino-salio-de-los-ultimos-lugares-en-el-indice-de-desempeno-institucional\/","og_site_name":"P\u00e1gina10","article_publisher":"https:\/\/www.facebook.com\/pag10com","article_published_time":"2021-05-31T13:56:50+00:00","og_image":[{"width":767,"height":529,"url":"https:\/\/pagina10.com\/web\/wp-content\/uploads\/2021\/05\/Captura-de-Pantalla-2021-05-31-a-las-8.56.23-a.-m..png","type":"image\/png"}],"author":"P\u00e1gina 10","twitter_card":"summary_large_image","twitter_creator":"@Pag10com","twitter_site":"@Pag10com","twitter_misc":{"Escrito por":"P\u00e1gina 10","Tiempo de lectura":"1 minuto"},"schema":{"@context":"https:\/\/schema.org","@graph":[{"@type":"Article","@id":"https:\/\/pagina10.com\/web\/narino-salio-de-los-ultimos-lugares-en-el-indice-de-desempeno-institucional\/#article","isPartOf":{"@id":"https:\/\/pagina10.com\/web\/narino-salio-de-los-ultimos-lugares-en-el-indice-de-desempeno-institucional\/"},"author":{"name":"P\u00e1gina 10","@id":"https:\/\/pagina10.com\/web\/#\/schema\/person\/2efc4a090d25b667d3bc796798a3a81b"},"headline":"Nari\u00f1o sali\u00f3 de los \u00faltimos lugares en el \u00cdndice de Desempe\u00f1o Institucional","datePublished":"2021-05-31T13:56:50+00:00","mainEntityOfPage":{"@id":"https:\/\/pagina10.com\/web\/narino-salio-de-los-ultimos-lugares-en-el-indice-de-desempeno-institucional\/"},"wordCount":253,"commentCount":0,"publisher":{"@id":"https:\/\/pagina10.com\/web\/#organization"},"image":{"@id":"https:\/\/pagina10.com\/web\/narino-salio-de-los-ultimos-lugares-en-el-indice-de-desempeno-institucional\/#primaryimage"},"thumbnailUrl":"https:\/\/pagina10.com\/web\/wp-content\/uploads\/2021\/05\/Captura-de-Pantalla-2021-05-31-a-las-8.56.23-a.-m..png","articleSection":["Regiones"],"inLanguage":"es","potentialAction":[{"@type":"CommentAction","name":"Comment","target":["https:\/\/pagina10.com\/web\/narino-salio-de-los-ultimos-lugares-en-el-indice-de-desempeno-institucional\/#respond"]}]},{"@type":"WebPage","@id":"https:\/\/pagina10.com\/web\/narino-salio-de-los-ultimos-lugares-en-el-indice-de-desempeno-institucional\/","url":"https:\/\/pagina10.com\/web\/narino-salio-de-los-ultimos-lugares-en-el-indice-de-desempeno-institucional\/","name":"Nari\u00f1o sali\u00f3 de los \u00faltimos lugares en el \u00cdndice de Desempe\u00f1o Institucional | P\u00e1gina10","isPartOf":{"@id":"https:\/\/pagina10.com\/web\/#website"},"primaryImageOfPage":{"@id":"https:\/\/pagina10.com\/web\/narino-salio-de-los-ultimos-lugares-en-el-indice-de-desempeno-institucional\/#primaryimage"},"image":{"@id":"https:\/\/pagina10.com\/web\/narino-salio-de-los-ultimos-lugares-en-el-indice-de-desempeno-institucional\/#primaryimage"},"thumbnailUrl":"https:\/\/pagina10.com\/web\/wp-content\/uploads\/2021\/05\/Captura-de-Pantalla-2021-05-31-a-las-8.56.23-a.-m..png","datePublished":"2021-05-31T13:56:50+00:00","breadcrumb":{"@id":"https:\/\/pagina10.com\/web\/narino-salio-de-los-ultimos-lugares-en-el-indice-de-desempeno-institucional\/#breadcrumb"},"inLanguage":"es","potentialAction":[{"@type":"ReadAction","target":["https:\/\/pagina10.com\/web\/narino-salio-de-los-ultimos-lugares-en-el-indice-de-desempeno-institucional\/"]}]},{"@type":"ImageObject","inLanguage":"es","@id":"https:\/\/pagina10.com\/web\/narino-salio-de-los-ultimos-lugares-en-el-indice-de-desempeno-institucional\/#primaryimage","url":"https:\/\/pagina10.com\/web\/wp-content\/uploads\/2021\/05\/Captura-de-Pantalla-2021-05-31-a-las-8.56.23-a.-m..png","contentUrl":"https:\/\/pagina10.com\/web\/wp-content\/uploads\/2021\/05\/Captura-de-Pantalla-2021-05-31-a-las-8.56.23-a.-m..png","width":767,"height":529},{"@type":"BreadcrumbList","@id":"https:\/\/pagina10.com\/web\/narino-salio-de-los-ultimos-lugares-en-el-indice-de-desempeno-institucional\/#breadcrumb","itemListElement":[{"@type":"ListItem","position":1,"name":"Portada","item":"https:\/\/pagina10.com\/web\/"},{"@type":"ListItem","position":2,"name":"Nari\u00f1o sali\u00f3 de los \u00faltimos lugares en el \u00cdndice de Desempe\u00f1o Institucional"}]},{"@type":"WebSite","@id":"https:\/\/pagina10.com\/web\/#website","url":"https:\/\/pagina10.com\/web\/","name":"P\u00e1gina10","description":"Peri\u00f3dico Regional","publisher":{"@id":"https:\/\/pagina10.com\/web\/#organization"},"alternateName":"P\u00e1gina10 Peri\u00f3dico Regional","potentialAction":[{"@type":"SearchAction","target":{"@type":"EntryPoint","urlTemplate":"https:\/\/pagina10.com\/web\/?s={search_term_string}"},"query-input":{"@type":"PropertyValueSpecification","valueRequired":true,"valueName":"search_term_string"}}],"inLanguage":"es"},{"@type":"Organization","@id":"https:\/\/pagina10.com\/web\/#organization","name":"P\u00e1gina10","alternateName":"P\u00e1gina10 Peri\u00f3dico Regional","url":"https:\/\/pagina10.com\/web\/","logo":{"@type":"ImageObject","inLanguage":"es","@id":"https:\/\/pagina10.com\/web\/#\/schema\/logo\/image\/","url":"https:\/\/pagina10.com\/web\/wp-content\/uploads\/2024\/01\/40-pagina-10-periodico-regional-pasto.jpg","contentUrl":"https:\/\/pagina10.com\/web\/wp-content\/uploads\/2024\/01\/40-pagina-10-periodico-regional-pasto.jpg","width":1280,"height":720,"caption":"P\u00e1gina10"},"image":{"@id":"https:\/\/pagina10.com\/web\/#\/schema\/logo\/image\/"},"sameAs":["https:\/\/www.facebook.com\/pag10com","https:\/\/x.com\/Pag10com","https:\/\/www.instagram.com\/pagina10col\/","https:\/\/youtube.com\/channel\/pag10","https:\/\/www.tiktok.com\/@p10col"]},{"@type":"Person","@id":"https:\/\/pagina10.com\/web\/#\/schema\/person\/2efc4a090d25b667d3bc796798a3a81b","name":"P\u00e1gina 10","description":"P\u00e1gina 10 es un peri\u00f3dico regional que nace en Colombia, en el departamento de Nari\u00f1o, con un enfoque global, fundamentado en cuatro pilares esenciales: la libertad, el pluralismo, la inclusi\u00f3n y la independencia. P\u00e1gina 10 hace referencia a Nari\u00f1o como el d\u00e9cimo departamento creado en Colombia, despu\u00e9s de un proceso pol\u00edtico liderado por actores y actrices regionales con el fin de obtener la independencia y autonom\u00eda de nuestros territorios. Con la creaci\u00f3n de P\u00e1gina 10 se pretende abrir un escenario para el dialogo, la reflexi\u00f3n y el debate que se extienda a otras geograf\u00edas de Am\u00e9rica Latina y del planeta, en una apuesta por transformar colectivamente los desaf\u00edos de un mundo contempor\u00e1neo, m\u00e1s all\u00e1 de las fronteras impuestas.","url":"https:\/\/pagina10.com\/web\/author\/pdiezadmin\/"}]}},"_links":{"self":[{"href":"https:\/\/pagina10.com\/web\/wp-json\/wp\/v2\/posts\/52793","targetHints":{"allow":["GET"]}}],"collection":[{"href":"https:\/\/pagina10.com\/web\/wp-json\/wp\/v2\/posts"}],"about":[{"href":"https:\/\/pagina10.com\/web\/wp-json\/wp\/v2\/types\/post"}],"author":[{"embeddable":true,"href":"https:\/\/pagina10.com\/web\/wp-json\/wp\/v2\/users\/1"}],"replies":[{"embeddable":true,"href":"https:\/\/pagina10.com\/web\/wp-json\/wp\/v2\/comments?post=52793"}],"version-history":[{"count":1,"href":"https:\/\/pagina10.com\/web\/wp-json\/wp\/v2\/posts\/52793\/revisions"}],"predecessor-version":[{"id":52797,"href":"https:\/\/pagina10.com\/web\/wp-json\/wp\/v2\/posts\/52793\/revisions\/52797"}],"wp:featuredmedia":[{"embeddable":true,"href":"https:\/\/pagina10.com\/web\/wp-json\/wp\/v2\/media\/52796"}],"wp:attachment":[{"href":"https:\/\/pagina10.com\/web\/wp-json\/wp\/v2\/media?parent=52793"}],"wp:term":[{"taxonomy":"category","embeddable":true,"href":"https:\/\/pagina10.com\/web\/wp-json\/wp\/v2\/categories?post=52793"},{"taxonomy":"post_tag","embeddable":true,"href":"https:\/\/pagina10.com\/web\/wp-json\/wp\/v2\/tags?post=52793"}],"curies":[{"name":"wp","href":"https:\/\/api.w.org\/{rel}","templated":true}]}}