{"id":52817,"date":"2021-06-01T15:13:01","date_gmt":"2021-06-01T20:13:01","guid":{"rendered":"https:\/\/pagina10.com\/web\/?p=52817"},"modified":"2021-06-01T15:13:01","modified_gmt":"2021-06-01T20:13:01","slug":"que-es-la-primera-linea","status":"publish","type":"post","link":"https:\/\/pagina10.com\/web\/que-es-la-primera-linea\/","title":{"rendered":"\u00bfQu\u00e9 es la primera l\u00ednea?"},"content":{"rendered":"<p style=\"text-align: justify;\">\n<p style=\"text-align: justify;\">Cuenta la historia que la denominaci\u00f3n de \u2018primera l\u00ednea\u2019 se us\u00f3 inicialmente en la Primera Guerra Mundial, en la que as\u00ed se le denomin\u00f3 al grupo de soldados que entraban en el espacio donde se llevaban a cabo las confrontaciones, tambi\u00e9n denominada l\u00ednea de fuego. En otras palabras, los que ponen el pecho a los proyectiles adversarios.<\/p>\n<p style=\"text-align: justify;\">\n<p style=\"text-align: justify;\">Desde ese tiempo se le viene llamando as\u00ed para determinar la t\u00e1ctica militar, consistente en la acci\u00f3n que responde al terreno y el ambiente del campo de guerra. Mientras que la estrategia militar es el dise\u00f1o general para alcanzar los objetivos fijados. De acuerdo con esto, una primera l\u00ednea constituye el escudo protector de las tropas para permitirle la aplicaci\u00f3n de la t\u00e1ctica y estrategia.<\/p>\n<p style=\"text-align: justify;\">\n<p style=\"text-align: justify;\">Lo que hoy estamos escuchando por diversos medios, sobre todo por redes sociales, primera l\u00ednea es la denominaci\u00f3n que asumieron unas colectividades de j\u00f3venes que, sin direcci\u00f3n concreta, sin pertenecer a un partido pol\u00edtico, es un movimiento espont\u00e1neo y transversal que deciden asumir una causa popular. Ellos lo manifiestan que \u201cest\u00e1n dispuestos a ofrendar sus vidas por defender causas sociales\u201d.<\/p>\n<p style=\"text-align: justify;\">\n<p style=\"text-align: justify;\">La primera l\u00ednea en Colombia, no es ni una t\u00e1ctica ni una estrategia militar, es una manera de proteger a la poblaci\u00f3n civil de los ataques de la Polic\u00eda en medio de las confrontaciones que surgen de la protesta. Un referente importe es la lucha que dieron los estudiantes a finales de la d\u00e9cada del 80 para cambiar la Constituci\u00f3n de 1886 por su obsolescencia; de ah\u00ed surgi\u00f3 el movimiento de la s\u00e9ptima papeleta que llev\u00f3 a conformar la Asamblea Constituyente.<\/p>\n<p style=\"text-align: justify;\">\n<p style=\"text-align: justify;\">En ese tiempo hab\u00eda un ambiente muy particular con la dejaci\u00f3n de armas por parte de la guerrilla del M-19 y otros grupos insurgentes, que entre las negociaciones que adelantaron con el gobierno de la \u00e9poca, el compromiso era crear una constituyente que arrojar\u00eda como resultado la Constituci\u00f3n Pol\u00edtica de Colombia del 91, con un importante componente social con sus primeros 44 art\u00edculos dedicados a los derechos sociales, culturales, econ\u00f3micos y ecol\u00f3gicos que determinan el Estado Social de Derecho. Es decir, que lo primero es el individuo antes que las instituciones, que era lo contrario antes del 91 con el Estado de Derecho.<\/p>\n<p style=\"text-align: justify;\">\n<p style=\"text-align: justify;\">Ahora, los tiempos han cambiado, y los j\u00f3venes ya no tienen como alternativa pasar a integrar la guerrilla. Los movimientos guerrilleros sufrieron degradaci\u00f3n, perdiendo sus horizontes, y lo que hay en la actualidad son unos grupos dedicados al tr\u00e1fico de drogas y el pillaje.<\/p>\n<p style=\"text-align: justify;\">\n<p style=\"text-align: justify;\">La primera l\u00ednea empez\u00f3 a impulsarse en el 2019 con un paro de protesta ante la sistem\u00e1tica creaci\u00f3n de impuestos que afectan a la denominada clase media. Luego, con la implementaci\u00f3n de las medidas para contrarrestar la pandemia se enfri\u00f3 moment\u00e1neamente, pero con el anuncio del gobierno de la implementaci\u00f3n de una reforma tributaria que impondr\u00eda grav\u00e1menes a los alimentos b\u00e1sicos, se reactiv\u00f3 con mayor vigor.<\/p>\n<p style=\"text-align: justify;\">\n<p style=\"text-align: justify;\">Mientras que los grandes medios de comunicaci\u00f3n tratan de desdibujar la verdadera intenci\u00f3n de la primera l\u00ednea, ellos son pac\u00edficos y reiteran que buscan proteger a los civiles que no resulten afectado de los gases, el agua, balas de goma que han lesionado a muchos j\u00f3venes con la p\u00e9rdida del \u00f3rgano visual y otros artefactos empleados en reprimir la protesta social, raz\u00f3n por la que ellos utilizan casco, guantes, gafas, protectores de o\u00eddos y mascarillas para garantizar su protecci\u00f3n.<\/p>\n<p style=\"text-align: justify;\">\n<p style=\"text-align: justify;\">Quienes integran la primera l\u00ednea reiteran que son un cuerpo de paz y ponen en pr\u00e1ctica la no violencia. Consideran que la formaci\u00f3n que les dan a los polic\u00edas no es la adecuada, que esta instituci\u00f3n deber\u00eda pasar a ser dirigida por ministerios como los de el Interior o de Justicia, pero no depender del Ministerio de Defensa porque los preparan en t\u00e9cnicas de guerra, mas no en la protecci\u00f3n de los Derechos Humanos; que la polic\u00eda debe dejar de ser regulada por la Justicia Penal Militar.<\/p>\n<p style=\"text-align: justify;\">\n<p style=\"text-align: justify;\">Los antecedentes que se conocen de estos movimientos similares a los de primera l\u00ednea los encontramos en Francia con el movimiento social surgido en 2018 con los Chalecos Amarillos, quienes llegaron a tener un crecimiento inusitado con m\u00e1s de un mill\u00f3n de integrantes. El levantamiento se produjo por el aumento en el precio de los combustibles, la p\u00e9rdida del poder adquisitivo del dinero y grav\u00e1menes a las pensiones. Es importante rese\u00f1ar que en Francia no hubo muertos (aunque s\u00ed muchos heridos y 22 personas perdieron un ojo) resultado de las confrontaciones con la polic\u00eda; es m\u00e1s, la polic\u00eda termin\u00f3 apoyando al movimiento de los Chalecos Amarillos.<\/p>\n<p style=\"text-align: justify;\">\n<p style=\"text-align: justify;\">\u00a0Asimismo, en el territorio aut\u00f3nomo Hong Kong, cuando se present\u00f3 un proyecto de ley que pretend\u00eda extraditar a presuntos criminales a la China continental. En este caso la oposici\u00f3n fue muy fuerte, dando al traste con esa norma. Pero lo m\u00e1s notorio se vivi\u00f3 en Chile con una primera l\u00ednea decidida a resistir en un paro que se prolong\u00f3 por meses y que llev\u00f3 a elegir una Asamblea Constituyente.<\/p>\n<p style=\"text-align: justify;\">\n<p style=\"text-align: justify;\">\n<p style=\"text-align: justify;\">\n<p style=\"text-align: justify;\">\n<p style=\"text-align: justify;\">\n","protected":false},"excerpt":{"rendered":"<p>Cuenta la historia que la denominaci\u00f3n de \u2018primera l\u00ednea\u2019 se us\u00f3 inicialmente en la Primera Guerra Mundial, en la que as\u00ed se le denomin\u00f3 al grupo de soldados que entraban en el espacio donde se llevaban a cabo las confrontaciones, tambi\u00e9n denominada l\u00ednea de fuego. En otras palabras, los que ponen el pecho a los [&hellip;]<\/p>\n","protected":false},"author":65,"featured_media":52818,"comment_status":"open","ping_status":"open","sticky":false,"template":"","format":"standard","meta":{"footnotes":""},"categories":[84],"tags":[],"class_list":["post-52817","post","type-post","status-publish","format-standard","has-post-thumbnail","hentry","category-global-2"],"yoast_head":"<!-- This site is optimized with the Yoast SEO plugin v27.1.1 - https:\/\/yoast.com\/product\/yoast-seo-wordpress\/ -->\n<title>\u00bfQu\u00e9 es la primera l\u00ednea? | P\u00e1gina10<\/title>\n<meta name=\"robots\" content=\"index, follow, max-snippet:-1, max-image-preview:large, max-video-preview:-1\" \/>\n<link rel=\"canonical\" href=\"https:\/\/pagina10.com\/web\/que-es-la-primera-linea\/\" \/>\n<meta property=\"og:locale\" content=\"es_ES\" \/>\n<meta property=\"og:type\" content=\"article\" \/>\n<meta property=\"og:title\" content=\"\u00bfQu\u00e9 es la primera l\u00ednea? | P\u00e1gina10\" \/>\n<meta property=\"og:description\" content=\"Cuenta la historia que la denominaci\u00f3n de \u2018primera l\u00ednea\u2019 se us\u00f3 inicialmente en la Primera Guerra Mundial, en la que as\u00ed se le denomin\u00f3 al grupo de soldados que entraban en el espacio donde se llevaban a cabo las confrontaciones, tambi\u00e9n denominada l\u00ednea de fuego. En otras palabras, los que ponen el pecho a los [&hellip;]\" \/>\n<meta property=\"og:url\" content=\"https:\/\/pagina10.com\/web\/que-es-la-primera-linea\/\" \/>\n<meta property=\"og:site_name\" content=\"P\u00e1gina10\" \/>\n<meta property=\"article:publisher\" content=\"https:\/\/www.facebook.com\/pag10com\" \/>\n<meta property=\"article:published_time\" content=\"2021-06-01T20:13:01+00:00\" \/>\n<meta property=\"og:image\" content=\"https:\/\/pagina10.com\/web\/wp-content\/uploads\/2021\/06\/193086927_4125275544206627_3555175708197880411_n.jpg\" \/>\n\t<meta property=\"og:image:width\" content=\"1440\" \/>\n\t<meta property=\"og:image:height\" content=\"960\" \/>\n\t<meta property=\"og:image:type\" content=\"image\/jpeg\" \/>\n<meta name=\"author\" content=\"Anibal Ar\u00e9valo Rosero\" \/>\n<meta name=\"twitter:card\" content=\"summary_large_image\" \/>\n<meta name=\"twitter:creator\" content=\"@Pag10com\" \/>\n<meta name=\"twitter:site\" content=\"@Pag10com\" \/>\n<meta name=\"twitter:label1\" content=\"Escrito por\" \/>\n\t<meta name=\"twitter:data1\" content=\"Anibal Ar\u00e9valo Rosero\" \/>\n\t<meta name=\"twitter:label2\" content=\"Tiempo de lectura\" \/>\n\t<meta name=\"twitter:data2\" content=\"4 minutos\" \/>\n<script type=\"application\/ld+json\" class=\"yoast-schema-graph\">{\"@context\":\"https:\/\/schema.org\",\"@graph\":[{\"@type\":\"Article\",\"@id\":\"https:\/\/pagina10.com\/web\/que-es-la-primera-linea\/#article\",\"isPartOf\":{\"@id\":\"https:\/\/pagina10.com\/web\/que-es-la-primera-linea\/\"},\"author\":{\"name\":\"Anibal Ar\u00e9valo Rosero\",\"@id\":\"https:\/\/pagina10.com\/web\/#\/schema\/person\/9ec3e2b432363a195d2d01bf820c66fe\"},\"headline\":\"\u00bfQu\u00e9 es la primera l\u00ednea?\",\"datePublished\":\"2021-06-01T20:13:01+00:00\",\"mainEntityOfPage\":{\"@id\":\"https:\/\/pagina10.com\/web\/que-es-la-primera-linea\/\"},\"wordCount\":891,\"commentCount\":0,\"publisher\":{\"@id\":\"https:\/\/pagina10.com\/web\/#organization\"},\"image\":{\"@id\":\"https:\/\/pagina10.com\/web\/que-es-la-primera-linea\/#primaryimage\"},\"thumbnailUrl\":\"https:\/\/pagina10.com\/web\/wp-content\/uploads\/2021\/06\/193086927_4125275544206627_3555175708197880411_n.jpg\",\"articleSection\":[\"Global\"],\"inLanguage\":\"es\",\"potentialAction\":[{\"@type\":\"CommentAction\",\"name\":\"Comment\",\"target\":[\"https:\/\/pagina10.com\/web\/que-es-la-primera-linea\/#respond\"]}]},{\"@type\":\"WebPage\",\"@id\":\"https:\/\/pagina10.com\/web\/que-es-la-primera-linea\/\",\"url\":\"https:\/\/pagina10.com\/web\/que-es-la-primera-linea\/\",\"name\":\"\u00bfQu\u00e9 es la primera l\u00ednea? | P\u00e1gina10\",\"isPartOf\":{\"@id\":\"https:\/\/pagina10.com\/web\/#website\"},\"primaryImageOfPage\":{\"@id\":\"https:\/\/pagina10.com\/web\/que-es-la-primera-linea\/#primaryimage\"},\"image\":{\"@id\":\"https:\/\/pagina10.com\/web\/que-es-la-primera-linea\/#primaryimage\"},\"thumbnailUrl\":\"https:\/\/pagina10.com\/web\/wp-content\/uploads\/2021\/06\/193086927_4125275544206627_3555175708197880411_n.jpg\",\"datePublished\":\"2021-06-01T20:13:01+00:00\",\"breadcrumb\":{\"@id\":\"https:\/\/pagina10.com\/web\/que-es-la-primera-linea\/#breadcrumb\"},\"inLanguage\":\"es\",\"potentialAction\":[{\"@type\":\"ReadAction\",\"target\":[\"https:\/\/pagina10.com\/web\/que-es-la-primera-linea\/\"]}]},{\"@type\":\"ImageObject\",\"inLanguage\":\"es\",\"@id\":\"https:\/\/pagina10.com\/web\/que-es-la-primera-linea\/#primaryimage\",\"url\":\"https:\/\/pagina10.com\/web\/wp-content\/uploads\/2021\/06\/193086927_4125275544206627_3555175708197880411_n.jpg\",\"contentUrl\":\"https:\/\/pagina10.com\/web\/wp-content\/uploads\/2021\/06\/193086927_4125275544206627_3555175708197880411_n.jpg\",\"width\":1440,\"height\":960},{\"@type\":\"BreadcrumbList\",\"@id\":\"https:\/\/pagina10.com\/web\/que-es-la-primera-linea\/#breadcrumb\",\"itemListElement\":[{\"@type\":\"ListItem\",\"position\":1,\"name\":\"Portada\",\"item\":\"https:\/\/pagina10.com\/web\/\"},{\"@type\":\"ListItem\",\"position\":2,\"name\":\"\u00bfQu\u00e9 es la primera l\u00ednea?\"}]},{\"@type\":\"WebSite\",\"@id\":\"https:\/\/pagina10.com\/web\/#website\",\"url\":\"https:\/\/pagina10.com\/web\/\",\"name\":\"P\u00e1gina10\",\"description\":\"Peri\u00f3dico Regional\",\"publisher\":{\"@id\":\"https:\/\/pagina10.com\/web\/#organization\"},\"alternateName\":\"P\u00e1gina10 Peri\u00f3dico Regional\",\"potentialAction\":[{\"@type\":\"SearchAction\",\"target\":{\"@type\":\"EntryPoint\",\"urlTemplate\":\"https:\/\/pagina10.com\/web\/?s={search_term_string}\"},\"query-input\":{\"@type\":\"PropertyValueSpecification\",\"valueRequired\":true,\"valueName\":\"search_term_string\"}}],\"inLanguage\":\"es\"},{\"@type\":\"Organization\",\"@id\":\"https:\/\/pagina10.com\/web\/#organization\",\"name\":\"P\u00e1gina10\",\"alternateName\":\"P\u00e1gina10 Peri\u00f3dico Regional\",\"url\":\"https:\/\/pagina10.com\/web\/\",\"logo\":{\"@type\":\"ImageObject\",\"inLanguage\":\"es\",\"@id\":\"https:\/\/pagina10.com\/web\/#\/schema\/logo\/image\/\",\"url\":\"https:\/\/pagina10.com\/web\/wp-content\/uploads\/2024\/01\/40-pagina-10-periodico-regional-pasto.jpg\",\"contentUrl\":\"https:\/\/pagina10.com\/web\/wp-content\/uploads\/2024\/01\/40-pagina-10-periodico-regional-pasto.jpg\",\"width\":1280,\"height\":720,\"caption\":\"P\u00e1gina10\"},\"image\":{\"@id\":\"https:\/\/pagina10.com\/web\/#\/schema\/logo\/image\/\"},\"sameAs\":[\"https:\/\/www.facebook.com\/pag10com\",\"https:\/\/x.com\/Pag10com\",\"https:\/\/www.instagram.com\/pagina10col\/\",\"https:\/\/youtube.com\/channel\/pag10\",\"https:\/\/www.tiktok.com\/@p10col\"]},{\"@type\":\"Person\",\"@id\":\"https:\/\/pagina10.com\/web\/#\/schema\/person\/9ec3e2b432363a195d2d01bf820c66fe\",\"name\":\"Anibal Ar\u00e9valo Rosero\",\"description\":\"An\u00edbal Ar\u00e9valo Rosero a trav\u00e9s de su vida ha realizado diversas actividades tendientes a reivindicar al ser humano en su conciencia plena. Durante su vida ha hecho teatro, a escrito poes\u00eda y en sus tiempos de universitario realiz\u00f3 varias publicaciones entre las que se recuerda la revista Quinde. Junto con otros compa\u00f1eros fund\u00f3 el Taller Cultural El Cueche, equipo con el que se hicieron varias publicaciones. De este mismo grupo hay que resaltar que se hizo un trabajo pionero en la difusi\u00f3n de la m\u00fasica andina, latinoamericana y del caribe. Despu\u00e9s de terminar sus estudios de biolog\u00eda en la Universidad de Nari\u00f1o entr\u00f3 a laborar en emisoras de la ciudad de Pasto como en RCN, donde se desempe\u00f1aba como locutor de planta. Dirigi\u00f3 programas en la extinta Ondas del Mayo, en varias oportunidades; tambi\u00e9n en Ecos de Pasto. Fue colaborador de el Noticias RCN y dirigi\u00f3 el programa Simana al D\u00eda, del Sindicato del Magisterio de Nari\u00f1o, en dos \u00e9pocas. En el a\u00f1o de 1992 funda el Comit\u00e9 de Solidaridad con Cuba Jos\u00e9 Mart\u00ed, cuyo objetivo era divulgar la realidad cubana y expresar apoyo moral, pol\u00edtico y material al pa\u00eds caribe\u00f1o. Ante la mala interpretaci\u00f3n que la gente le daba a este tipo de acciones, se decide promover viajes de solidad a Cuba para participar en la Brigada Latinoamericana de Trabajo Voluntario, en el Festival Cuba Vive y, de manera especia,l en el 14 Festival Mundial de la Juventud y los Estudiantes, que se desarroll\u00f3 en la isla en el a\u00f1o de 1997. Con esta experiencia impulsa el turismo al pa\u00eds caribe\u00f1o con el resultado de que miles de personas han participado de las excursiones organizadas por Ar\u00e9valo Rosero. Asimismo ha venido impulsando las Brigadas de Salud en Cuba, tendiente a llevar pacientes de c\u00e1ncer a ese destino con el fin de que reciban atenci\u00f3n m\u00e9dica, teniendo en cuenta que la experiencia cubana en el tema ha sido bastante favorable. Veinte a\u00f1os despu\u00e9s de estas nutritivas experiencias, le permiten impulsar excursiones adem\u00e1s a M\u00e9xico, Machu Picchu, Argentina, Ecuador, Panam\u00e1 y Tierra Santa. En cuanto al desempe\u00f1o period\u00edstico, adem\u00e1s de los medios radiales y de televisi\u00f3n, en los canales de la universidades de Nari\u00f1o y Mariana, se ha desempe\u00f1ado como columnista en Diario del Sur durante 6 a\u00f1os y en algunos medios virtuales. Tambi\u00e9n es colaborador de el Diario del Cauca. Considera que la pr\u00e1ctica de la lectura es beber de la fuente nutricia que permite apropiarse de manera consciente del ejercicio de la democracia; y la posibilidad de escribir y ser le\u00eddo, acceder al poder, por que considera la palabra como el mayor instrumento de acci\u00f3n cuando est\u00e1 bien encamina al leg\u00edtimo servicio social. En la actualidad adem\u00e1s de so\u00f1ar con viajar por el mundo se desempe\u00f1a como docente del departamento de ciencias de Inem Luis Delf\u00edn Insuasty de Pasto. Correo: Esta direcci\u00f3n de correo electr\u00f3nico est\u00e1 protegida contra spambots. Usted necesita tener Javascript activado para poder verla.\\\" target=\\\"_blank\\\" style=\\\"color: #1155cc; text-align: justify; font-family: arial, sans-serif; font-size: 13px; line-height: normal;\\\"&gt;fundacionecosofia@gmail.com\",\"url\":\"https:\/\/pagina10.com\/web\/author\/anibal\/\"}]}<\/script>\n<!-- \/ Yoast SEO plugin. -->","yoast_head_json":{"title":"\u00bfQu\u00e9 es la primera l\u00ednea? | P\u00e1gina10","robots":{"index":"index","follow":"follow","max-snippet":"max-snippet:-1","max-image-preview":"max-image-preview:large","max-video-preview":"max-video-preview:-1"},"canonical":"https:\/\/pagina10.com\/web\/que-es-la-primera-linea\/","og_locale":"es_ES","og_type":"article","og_title":"\u00bfQu\u00e9 es la primera l\u00ednea? | P\u00e1gina10","og_description":"Cuenta la historia que la denominaci\u00f3n de \u2018primera l\u00ednea\u2019 se us\u00f3 inicialmente en la Primera Guerra Mundial, en la que as\u00ed se le denomin\u00f3 al grupo de soldados que entraban en el espacio donde se llevaban a cabo las confrontaciones, tambi\u00e9n denominada l\u00ednea de fuego. En otras palabras, los que ponen el pecho a los [&hellip;]","og_url":"https:\/\/pagina10.com\/web\/que-es-la-primera-linea\/","og_site_name":"P\u00e1gina10","article_publisher":"https:\/\/www.facebook.com\/pag10com","article_published_time":"2021-06-01T20:13:01+00:00","og_image":[{"width":1440,"height":960,"url":"https:\/\/pagina10.com\/web\/wp-content\/uploads\/2021\/06\/193086927_4125275544206627_3555175708197880411_n.jpg","type":"image\/jpeg"}],"author":"Anibal Ar\u00e9valo Rosero","twitter_card":"summary_large_image","twitter_creator":"@Pag10com","twitter_site":"@Pag10com","twitter_misc":{"Escrito por":"Anibal Ar\u00e9valo Rosero","Tiempo de lectura":"4 minutos"},"schema":{"@context":"https:\/\/schema.org","@graph":[{"@type":"Article","@id":"https:\/\/pagina10.com\/web\/que-es-la-primera-linea\/#article","isPartOf":{"@id":"https:\/\/pagina10.com\/web\/que-es-la-primera-linea\/"},"author":{"name":"Anibal Ar\u00e9valo Rosero","@id":"https:\/\/pagina10.com\/web\/#\/schema\/person\/9ec3e2b432363a195d2d01bf820c66fe"},"headline":"\u00bfQu\u00e9 es la primera l\u00ednea?","datePublished":"2021-06-01T20:13:01+00:00","mainEntityOfPage":{"@id":"https:\/\/pagina10.com\/web\/que-es-la-primera-linea\/"},"wordCount":891,"commentCount":0,"publisher":{"@id":"https:\/\/pagina10.com\/web\/#organization"},"image":{"@id":"https:\/\/pagina10.com\/web\/que-es-la-primera-linea\/#primaryimage"},"thumbnailUrl":"https:\/\/pagina10.com\/web\/wp-content\/uploads\/2021\/06\/193086927_4125275544206627_3555175708197880411_n.jpg","articleSection":["Global"],"inLanguage":"es","potentialAction":[{"@type":"CommentAction","name":"Comment","target":["https:\/\/pagina10.com\/web\/que-es-la-primera-linea\/#respond"]}]},{"@type":"WebPage","@id":"https:\/\/pagina10.com\/web\/que-es-la-primera-linea\/","url":"https:\/\/pagina10.com\/web\/que-es-la-primera-linea\/","name":"\u00bfQu\u00e9 es la primera l\u00ednea? | P\u00e1gina10","isPartOf":{"@id":"https:\/\/pagina10.com\/web\/#website"},"primaryImageOfPage":{"@id":"https:\/\/pagina10.com\/web\/que-es-la-primera-linea\/#primaryimage"},"image":{"@id":"https:\/\/pagina10.com\/web\/que-es-la-primera-linea\/#primaryimage"},"thumbnailUrl":"https:\/\/pagina10.com\/web\/wp-content\/uploads\/2021\/06\/193086927_4125275544206627_3555175708197880411_n.jpg","datePublished":"2021-06-01T20:13:01+00:00","breadcrumb":{"@id":"https:\/\/pagina10.com\/web\/que-es-la-primera-linea\/#breadcrumb"},"inLanguage":"es","potentialAction":[{"@type":"ReadAction","target":["https:\/\/pagina10.com\/web\/que-es-la-primera-linea\/"]}]},{"@type":"ImageObject","inLanguage":"es","@id":"https:\/\/pagina10.com\/web\/que-es-la-primera-linea\/#primaryimage","url":"https:\/\/pagina10.com\/web\/wp-content\/uploads\/2021\/06\/193086927_4125275544206627_3555175708197880411_n.jpg","contentUrl":"https:\/\/pagina10.com\/web\/wp-content\/uploads\/2021\/06\/193086927_4125275544206627_3555175708197880411_n.jpg","width":1440,"height":960},{"@type":"BreadcrumbList","@id":"https:\/\/pagina10.com\/web\/que-es-la-primera-linea\/#breadcrumb","itemListElement":[{"@type":"ListItem","position":1,"name":"Portada","item":"https:\/\/pagina10.com\/web\/"},{"@type":"ListItem","position":2,"name":"\u00bfQu\u00e9 es la primera l\u00ednea?"}]},{"@type":"WebSite","@id":"https:\/\/pagina10.com\/web\/#website","url":"https:\/\/pagina10.com\/web\/","name":"P\u00e1gina10","description":"Peri\u00f3dico Regional","publisher":{"@id":"https:\/\/pagina10.com\/web\/#organization"},"alternateName":"P\u00e1gina10 Peri\u00f3dico Regional","potentialAction":[{"@type":"SearchAction","target":{"@type":"EntryPoint","urlTemplate":"https:\/\/pagina10.com\/web\/?s={search_term_string}"},"query-input":{"@type":"PropertyValueSpecification","valueRequired":true,"valueName":"search_term_string"}}],"inLanguage":"es"},{"@type":"Organization","@id":"https:\/\/pagina10.com\/web\/#organization","name":"P\u00e1gina10","alternateName":"P\u00e1gina10 Peri\u00f3dico Regional","url":"https:\/\/pagina10.com\/web\/","logo":{"@type":"ImageObject","inLanguage":"es","@id":"https:\/\/pagina10.com\/web\/#\/schema\/logo\/image\/","url":"https:\/\/pagina10.com\/web\/wp-content\/uploads\/2024\/01\/40-pagina-10-periodico-regional-pasto.jpg","contentUrl":"https:\/\/pagina10.com\/web\/wp-content\/uploads\/2024\/01\/40-pagina-10-periodico-regional-pasto.jpg","width":1280,"height":720,"caption":"P\u00e1gina10"},"image":{"@id":"https:\/\/pagina10.com\/web\/#\/schema\/logo\/image\/"},"sameAs":["https:\/\/www.facebook.com\/pag10com","https:\/\/x.com\/Pag10com","https:\/\/www.instagram.com\/pagina10col\/","https:\/\/youtube.com\/channel\/pag10","https:\/\/www.tiktok.com\/@p10col"]},{"@type":"Person","@id":"https:\/\/pagina10.com\/web\/#\/schema\/person\/9ec3e2b432363a195d2d01bf820c66fe","name":"Anibal Ar\u00e9valo Rosero","description":"An\u00edbal Ar\u00e9valo Rosero a trav\u00e9s de su vida ha realizado diversas actividades tendientes a reivindicar al ser humano en su conciencia plena. Durante su vida ha hecho teatro, a escrito poes\u00eda y en sus tiempos de universitario realiz\u00f3 varias publicaciones entre las que se recuerda la revista Quinde. Junto con otros compa\u00f1eros fund\u00f3 el Taller Cultural El Cueche, equipo con el que se hicieron varias publicaciones. De este mismo grupo hay que resaltar que se hizo un trabajo pionero en la difusi\u00f3n de la m\u00fasica andina, latinoamericana y del caribe. Despu\u00e9s de terminar sus estudios de biolog\u00eda en la Universidad de Nari\u00f1o entr\u00f3 a laborar en emisoras de la ciudad de Pasto como en RCN, donde se desempe\u00f1aba como locutor de planta. Dirigi\u00f3 programas en la extinta Ondas del Mayo, en varias oportunidades; tambi\u00e9n en Ecos de Pasto. Fue colaborador de el Noticias RCN y dirigi\u00f3 el programa Simana al D\u00eda, del Sindicato del Magisterio de Nari\u00f1o, en dos \u00e9pocas. En el a\u00f1o de 1992 funda el Comit\u00e9 de Solidaridad con Cuba Jos\u00e9 Mart\u00ed, cuyo objetivo era divulgar la realidad cubana y expresar apoyo moral, pol\u00edtico y material al pa\u00eds caribe\u00f1o. Ante la mala interpretaci\u00f3n que la gente le daba a este tipo de acciones, se decide promover viajes de solidad a Cuba para participar en la Brigada Latinoamericana de Trabajo Voluntario, en el Festival Cuba Vive y, de manera especia,l en el 14 Festival Mundial de la Juventud y los Estudiantes, que se desarroll\u00f3 en la isla en el a\u00f1o de 1997. Con esta experiencia impulsa el turismo al pa\u00eds caribe\u00f1o con el resultado de que miles de personas han participado de las excursiones organizadas por Ar\u00e9valo Rosero. Asimismo ha venido impulsando las Brigadas de Salud en Cuba, tendiente a llevar pacientes de c\u00e1ncer a ese destino con el fin de que reciban atenci\u00f3n m\u00e9dica, teniendo en cuenta que la experiencia cubana en el tema ha sido bastante favorable. Veinte a\u00f1os despu\u00e9s de estas nutritivas experiencias, le permiten impulsar excursiones adem\u00e1s a M\u00e9xico, Machu Picchu, Argentina, Ecuador, Panam\u00e1 y Tierra Santa. En cuanto al desempe\u00f1o period\u00edstico, adem\u00e1s de los medios radiales y de televisi\u00f3n, en los canales de la universidades de Nari\u00f1o y Mariana, se ha desempe\u00f1ado como columnista en Diario del Sur durante 6 a\u00f1os y en algunos medios virtuales. Tambi\u00e9n es colaborador de el Diario del Cauca. Considera que la pr\u00e1ctica de la lectura es beber de la fuente nutricia que permite apropiarse de manera consciente del ejercicio de la democracia; y la posibilidad de escribir y ser le\u00eddo, acceder al poder, por que considera la palabra como el mayor instrumento de acci\u00f3n cuando est\u00e1 bien encamina al leg\u00edtimo servicio social. En la actualidad adem\u00e1s de so\u00f1ar con viajar por el mundo se desempe\u00f1a como docente del departamento de ciencias de Inem Luis Delf\u00edn Insuasty de Pasto. Correo: Esta direcci\u00f3n de correo electr\u00f3nico est\u00e1 protegida contra spambots. Usted necesita tener Javascript activado para poder verla.\" target=\"_blank\" style=\"color: #1155cc; text-align: justify; font-family: arial, sans-serif; font-size: 13px; line-height: normal;\"&gt;fundacionecosofia@gmail.com","url":"https:\/\/pagina10.com\/web\/author\/anibal\/"}]}},"_links":{"self":[{"href":"https:\/\/pagina10.com\/web\/wp-json\/wp\/v2\/posts\/52817","targetHints":{"allow":["GET"]}}],"collection":[{"href":"https:\/\/pagina10.com\/web\/wp-json\/wp\/v2\/posts"}],"about":[{"href":"https:\/\/pagina10.com\/web\/wp-json\/wp\/v2\/types\/post"}],"author":[{"embeddable":true,"href":"https:\/\/pagina10.com\/web\/wp-json\/wp\/v2\/users\/65"}],"replies":[{"embeddable":true,"href":"https:\/\/pagina10.com\/web\/wp-json\/wp\/v2\/comments?post=52817"}],"version-history":[{"count":1,"href":"https:\/\/pagina10.com\/web\/wp-json\/wp\/v2\/posts\/52817\/revisions"}],"predecessor-version":[{"id":52819,"href":"https:\/\/pagina10.com\/web\/wp-json\/wp\/v2\/posts\/52817\/revisions\/52819"}],"wp:featuredmedia":[{"embeddable":true,"href":"https:\/\/pagina10.com\/web\/wp-json\/wp\/v2\/media\/52818"}],"wp:attachment":[{"href":"https:\/\/pagina10.com\/web\/wp-json\/wp\/v2\/media?parent=52817"}],"wp:term":[{"taxonomy":"category","embeddable":true,"href":"https:\/\/pagina10.com\/web\/wp-json\/wp\/v2\/categories?post=52817"},{"taxonomy":"post_tag","embeddable":true,"href":"https:\/\/pagina10.com\/web\/wp-json\/wp\/v2\/tags?post=52817"}],"curies":[{"name":"wp","href":"https:\/\/api.w.org\/{rel}","templated":true}]}}