{"id":52988,"date":"2021-06-07T18:45:04","date_gmt":"2021-06-07T23:45:04","guid":{"rendered":"https:\/\/pagina10.com\/web\/?p=52988"},"modified":"2021-06-07T19:14:10","modified_gmt":"2021-06-08T00:14:10","slug":"acuerdo-entre-el-gobierno-nacional-y-la-comunidad-de-la-cordillera-confirman-el-despeje-total-de-la-via-panamericana-sector-panoya","status":"publish","type":"post","link":"https:\/\/pagina10.com\/web\/acuerdo-entre-el-gobierno-nacional-y-la-comunidad-de-la-cordillera-confirman-el-despeje-total-de-la-via-panamericana-sector-panoya\/","title":{"rendered":"Acuerdo entre el Gobierno y la comunidad de la cordillera, confirman el despeje total de la v\u00eda panamericana sector Panoya"},"content":{"rendered":"<p style=\"text-align: justify;\">Este lunes festivo, se llev\u00f3 a cabo una cita entre la Gobernaci\u00f3n de Nari\u00f1o, el Viceministro del Interior Carlos Alberto Baena y las comunidades, donde se dio inicio formalmente a la mesa de concentraci\u00f3n de la cordillera.<\/p>\n<p style=\"text-align: justify;\">Tambi\u00e9n, en el encuentro se concert\u00f3 el despeje total de la v\u00eda en el punto de Panoya, lugar que presentaba bloqueo por la comunidad manifestante en el marco del Paro Nacional, cabe resaltar que en el lugar siempre existi\u00f3 un corredor humanitario intermitente.<\/p>\n<p style=\"text-align: justify;\">La Gobernaci\u00f3n de Nari\u00f1o manifest\u00f3 que este es un hecho hist\u00f3rico, debido a que en esta regi\u00f3n nunca se hab\u00eda logrado un proceso de negociaci\u00f3n con el Gobierno Nacional.<\/p>\n<p style=\"text-align: justify;\">\u201cAnte todo un agradecimiento a toda la comunidad de la cordillera, campesinos y afros, organizaciones sociales, por esa voluntad de di\u00e1logo, acompa\u00f1ado por los alcaldes de la cordillera, y ante todo al gobierno nacional por esa voluntad que ha existido en establecer esta mesa de di\u00e1logo. Seguiremos en esta postura el di\u00e1logo y la concertaci\u00f3n es el camino\u201d, asegur\u00f3 Jhon Rojas Gobernador de Nari\u00f1o.<\/p>\n<p style=\"text-align: justify;\">De la misma manera, se atribuye este logro a las comunidades, que junto a los alcaldes de los municipios de Taminango, Policarpa, Cumbitara, El Rosario, San Lorenzo, Leiva y el Gobierno, han concertado la voluntad para llegar a acuerdos que beneficien a toda la comunidad.<\/p>\n<p><iframe style=\"border: none; overflow: hidden;\" src=\"https:\/\/www.facebook.com\/plugins\/video.php?height=308&amp;href=https%3A%2F%2Fwww.facebook.com%2Fpag10com%2Fvideos%2F2939163436331879%2F&amp;show_text=false&amp;width=560&amp;t=0\" width=\"560\" height=\"308\" frameborder=\"0\" scrolling=\"no\" allowfullscreen=\"allowfullscreen\"><span data-mce-type=\"bookmark\" style=\"display: inline-block; width: 0px; overflow: hidden; line-height: 0;\" class=\"mce_SELRES_start\">\ufeff<\/span><\/iframe><\/p>\n","protected":false},"excerpt":{"rendered":"<p>Este lunes festivo, se llev\u00f3 a cabo una cita entre la Gobernaci\u00f3n de Nari\u00f1o, el Viceministro del Interior Carlos Alberto Baena y las comunidades, donde se dio inicio formalmente a la mesa de concentraci\u00f3n de la cordillera. Tambi\u00e9n, en el encuentro se concert\u00f3 el despeje total de la v\u00eda en el punto de Panoya, lugar [&hellip;]<\/p>\n","protected":false},"author":1,"featured_media":52989,"comment_status":"open","ping_status":"open","sticky":false,"template":"","format":"standard","meta":{"footnotes":""},"categories":[53],"tags":[],"class_list":["post-52988","post","type-post","status-publish","format-standard","has-post-thumbnail","hentry","category-regiones"],"yoast_head":"<!-- This site is optimized with the Yoast SEO plugin v27.1.1 - https:\/\/yoast.com\/product\/yoast-seo-wordpress\/ -->\n<title>Acuerdo entre el Gobierno y la comunidad de la cordillera, confirman el despeje total de la v\u00eda panamericana sector Panoya | P\u00e1gina10<\/title>\n<meta name=\"robots\" content=\"index, follow, max-snippet:-1, max-image-preview:large, max-video-preview:-1\" \/>\n<link rel=\"canonical\" href=\"https:\/\/pagina10.com\/web\/acuerdo-entre-el-gobierno-nacional-y-la-comunidad-de-la-cordillera-confirman-el-despeje-total-de-la-via-panamericana-sector-panoya\/\" \/>\n<meta property=\"og:locale\" content=\"es_ES\" \/>\n<meta property=\"og:type\" content=\"article\" \/>\n<meta property=\"og:title\" content=\"Acuerdo entre el Gobierno y la comunidad de la cordillera, confirman el despeje total de la v\u00eda panamericana sector Panoya | P\u00e1gina10\" \/>\n<meta property=\"og:description\" content=\"Este lunes festivo, se llev\u00f3 a cabo una cita entre la Gobernaci\u00f3n de Nari\u00f1o, el Viceministro del Interior Carlos Alberto Baena y las comunidades, donde se dio inicio formalmente a la mesa de concentraci\u00f3n de la cordillera. Tambi\u00e9n, en el encuentro se concert\u00f3 el despeje total de la v\u00eda en el punto de Panoya, lugar [&hellip;]\" \/>\n<meta property=\"og:url\" content=\"https:\/\/pagina10.com\/web\/acuerdo-entre-el-gobierno-nacional-y-la-comunidad-de-la-cordillera-confirman-el-despeje-total-de-la-via-panamericana-sector-panoya\/\" \/>\n<meta property=\"og:site_name\" content=\"P\u00e1gina10\" \/>\n<meta property=\"article:publisher\" content=\"https:\/\/www.facebook.com\/pag10com\" \/>\n<meta property=\"article:published_time\" content=\"2021-06-07T23:45:04+00:00\" \/>\n<meta property=\"article:modified_time\" content=\"2021-06-08T00:14:10+00:00\" \/>\n<meta property=\"og:image\" content=\"https:\/\/pagina10.com\/web\/wp-content\/uploads\/2021\/06\/E3TLNAhWQAUv6PD.jpg\" \/>\n\t<meta property=\"og:image:width\" content=\"1280\" \/>\n\t<meta property=\"og:image:height\" content=\"877\" \/>\n\t<meta property=\"og:image:type\" content=\"image\/jpeg\" \/>\n<meta name=\"author\" content=\"P\u00e1gina 10\" \/>\n<meta name=\"twitter:card\" content=\"summary_large_image\" \/>\n<meta name=\"twitter:creator\" content=\"@Pag10com\" \/>\n<meta name=\"twitter:site\" content=\"@Pag10com\" \/>\n<meta name=\"twitter:label1\" content=\"Escrito por\" \/>\n\t<meta name=\"twitter:data1\" content=\"P\u00e1gina 10\" \/>\n\t<meta name=\"twitter:label2\" content=\"Tiempo de lectura\" \/>\n\t<meta name=\"twitter:data2\" content=\"1 minuto\" \/>\n<script type=\"application\/ld+json\" class=\"yoast-schema-graph\">{\"@context\":\"https:\/\/schema.org\",\"@graph\":[{\"@type\":\"Article\",\"@id\":\"https:\/\/pagina10.com\/web\/acuerdo-entre-el-gobierno-nacional-y-la-comunidad-de-la-cordillera-confirman-el-despeje-total-de-la-via-panamericana-sector-panoya\/#article\",\"isPartOf\":{\"@id\":\"https:\/\/pagina10.com\/web\/acuerdo-entre-el-gobierno-nacional-y-la-comunidad-de-la-cordillera-confirman-el-despeje-total-de-la-via-panamericana-sector-panoya\/\"},\"author\":{\"name\":\"P\u00e1gina 10\",\"@id\":\"https:\/\/pagina10.com\/web\/#\/schema\/person\/2efc4a090d25b667d3bc796798a3a81b\"},\"headline\":\"Acuerdo entre el Gobierno y la comunidad de la cordillera, confirman el despeje total de la v\u00eda panamericana sector Panoya\",\"datePublished\":\"2021-06-07T23:45:04+00:00\",\"dateModified\":\"2021-06-08T00:14:10+00:00\",\"mainEntityOfPage\":{\"@id\":\"https:\/\/pagina10.com\/web\/acuerdo-entre-el-gobierno-nacional-y-la-comunidad-de-la-cordillera-confirman-el-despeje-total-de-la-via-panamericana-sector-panoya\/\"},\"wordCount\":256,\"commentCount\":0,\"publisher\":{\"@id\":\"https:\/\/pagina10.com\/web\/#organization\"},\"image\":{\"@id\":\"https:\/\/pagina10.com\/web\/acuerdo-entre-el-gobierno-nacional-y-la-comunidad-de-la-cordillera-confirman-el-despeje-total-de-la-via-panamericana-sector-panoya\/#primaryimage\"},\"thumbnailUrl\":\"https:\/\/pagina10.com\/web\/wp-content\/uploads\/2021\/06\/E3TLNAhWQAUv6PD.jpg\",\"articleSection\":[\"Regiones\"],\"inLanguage\":\"es\",\"potentialAction\":[{\"@type\":\"CommentAction\",\"name\":\"Comment\",\"target\":[\"https:\/\/pagina10.com\/web\/acuerdo-entre-el-gobierno-nacional-y-la-comunidad-de-la-cordillera-confirman-el-despeje-total-de-la-via-panamericana-sector-panoya\/#respond\"]}]},{\"@type\":\"WebPage\",\"@id\":\"https:\/\/pagina10.com\/web\/acuerdo-entre-el-gobierno-nacional-y-la-comunidad-de-la-cordillera-confirman-el-despeje-total-de-la-via-panamericana-sector-panoya\/\",\"url\":\"https:\/\/pagina10.com\/web\/acuerdo-entre-el-gobierno-nacional-y-la-comunidad-de-la-cordillera-confirman-el-despeje-total-de-la-via-panamericana-sector-panoya\/\",\"name\":\"Acuerdo entre el Gobierno y la comunidad de la cordillera, confirman el despeje total de la v\u00eda panamericana sector Panoya | P\u00e1gina10\",\"isPartOf\":{\"@id\":\"https:\/\/pagina10.com\/web\/#website\"},\"primaryImageOfPage\":{\"@id\":\"https:\/\/pagina10.com\/web\/acuerdo-entre-el-gobierno-nacional-y-la-comunidad-de-la-cordillera-confirman-el-despeje-total-de-la-via-panamericana-sector-panoya\/#primaryimage\"},\"image\":{\"@id\":\"https:\/\/pagina10.com\/web\/acuerdo-entre-el-gobierno-nacional-y-la-comunidad-de-la-cordillera-confirman-el-despeje-total-de-la-via-panamericana-sector-panoya\/#primaryimage\"},\"thumbnailUrl\":\"https:\/\/pagina10.com\/web\/wp-content\/uploads\/2021\/06\/E3TLNAhWQAUv6PD.jpg\",\"datePublished\":\"2021-06-07T23:45:04+00:00\",\"dateModified\":\"2021-06-08T00:14:10+00:00\",\"breadcrumb\":{\"@id\":\"https:\/\/pagina10.com\/web\/acuerdo-entre-el-gobierno-nacional-y-la-comunidad-de-la-cordillera-confirman-el-despeje-total-de-la-via-panamericana-sector-panoya\/#breadcrumb\"},\"inLanguage\":\"es\",\"potentialAction\":[{\"@type\":\"ReadAction\",\"target\":[\"https:\/\/pagina10.com\/web\/acuerdo-entre-el-gobierno-nacional-y-la-comunidad-de-la-cordillera-confirman-el-despeje-total-de-la-via-panamericana-sector-panoya\/\"]}]},{\"@type\":\"ImageObject\",\"inLanguage\":\"es\",\"@id\":\"https:\/\/pagina10.com\/web\/acuerdo-entre-el-gobierno-nacional-y-la-comunidad-de-la-cordillera-confirman-el-despeje-total-de-la-via-panamericana-sector-panoya\/#primaryimage\",\"url\":\"https:\/\/pagina10.com\/web\/wp-content\/uploads\/2021\/06\/E3TLNAhWQAUv6PD.jpg\",\"contentUrl\":\"https:\/\/pagina10.com\/web\/wp-content\/uploads\/2021\/06\/E3TLNAhWQAUv6PD.jpg\",\"width\":1280,\"height\":877},{\"@type\":\"BreadcrumbList\",\"@id\":\"https:\/\/pagina10.com\/web\/acuerdo-entre-el-gobierno-nacional-y-la-comunidad-de-la-cordillera-confirman-el-despeje-total-de-la-via-panamericana-sector-panoya\/#breadcrumb\",\"itemListElement\":[{\"@type\":\"ListItem\",\"position\":1,\"name\":\"Portada\",\"item\":\"https:\/\/pagina10.com\/web\/\"},{\"@type\":\"ListItem\",\"position\":2,\"name\":\"Acuerdo entre el Gobierno y la comunidad de la cordillera, confirman el despeje total de la v\u00eda panamericana sector Panoya\"}]},{\"@type\":\"WebSite\",\"@id\":\"https:\/\/pagina10.com\/web\/#website\",\"url\":\"https:\/\/pagina10.com\/web\/\",\"name\":\"P\u00e1gina10\",\"description\":\"Peri\u00f3dico Regional\",\"publisher\":{\"@id\":\"https:\/\/pagina10.com\/web\/#organization\"},\"alternateName\":\"P\u00e1gina10 Peri\u00f3dico Regional\",\"potentialAction\":[{\"@type\":\"SearchAction\",\"target\":{\"@type\":\"EntryPoint\",\"urlTemplate\":\"https:\/\/pagina10.com\/web\/?s={search_term_string}\"},\"query-input\":{\"@type\":\"PropertyValueSpecification\",\"valueRequired\":true,\"valueName\":\"search_term_string\"}}],\"inLanguage\":\"es\"},{\"@type\":\"Organization\",\"@id\":\"https:\/\/pagina10.com\/web\/#organization\",\"name\":\"P\u00e1gina10\",\"alternateName\":\"P\u00e1gina10 Peri\u00f3dico Regional\",\"url\":\"https:\/\/pagina10.com\/web\/\",\"logo\":{\"@type\":\"ImageObject\",\"inLanguage\":\"es\",\"@id\":\"https:\/\/pagina10.com\/web\/#\/schema\/logo\/image\/\",\"url\":\"https:\/\/pagina10.com\/web\/wp-content\/uploads\/2024\/01\/40-pagina-10-periodico-regional-pasto.jpg\",\"contentUrl\":\"https:\/\/pagina10.com\/web\/wp-content\/uploads\/2024\/01\/40-pagina-10-periodico-regional-pasto.jpg\",\"width\":1280,\"height\":720,\"caption\":\"P\u00e1gina10\"},\"image\":{\"@id\":\"https:\/\/pagina10.com\/web\/#\/schema\/logo\/image\/\"},\"sameAs\":[\"https:\/\/www.facebook.com\/pag10com\",\"https:\/\/x.com\/Pag10com\",\"https:\/\/www.instagram.com\/pagina10col\/\",\"https:\/\/youtube.com\/channel\/pag10\",\"https:\/\/www.tiktok.com\/@p10col\"]},{\"@type\":\"Person\",\"@id\":\"https:\/\/pagina10.com\/web\/#\/schema\/person\/2efc4a090d25b667d3bc796798a3a81b\",\"name\":\"P\u00e1gina 10\",\"description\":\"P\u00e1gina 10 es un peri\u00f3dico regional que nace en Colombia, en el departamento de Nari\u00f1o, con un enfoque global, fundamentado en cuatro pilares esenciales: la libertad, el pluralismo, la inclusi\u00f3n y la independencia. P\u00e1gina 10 hace referencia a Nari\u00f1o como el d\u00e9cimo departamento creado en Colombia, despu\u00e9s de un proceso pol\u00edtico liderado por actores y actrices regionales con el fin de obtener la independencia y autonom\u00eda de nuestros territorios. Con la creaci\u00f3n de P\u00e1gina 10 se pretende abrir un escenario para el dialogo, la reflexi\u00f3n y el debate que se extienda a otras geograf\u00edas de Am\u00e9rica Latina y del planeta, en una apuesta por transformar colectivamente los desaf\u00edos de un mundo contempor\u00e1neo, m\u00e1s all\u00e1 de las fronteras impuestas.\",\"url\":\"https:\/\/pagina10.com\/web\/author\/pdiezadmin\/\"}]}<\/script>\n<!-- \/ Yoast SEO plugin. -->","yoast_head_json":{"title":"Acuerdo entre el Gobierno y la comunidad de la cordillera, confirman el despeje total de la v\u00eda panamericana sector Panoya | P\u00e1gina10","robots":{"index":"index","follow":"follow","max-snippet":"max-snippet:-1","max-image-preview":"max-image-preview:large","max-video-preview":"max-video-preview:-1"},"canonical":"https:\/\/pagina10.com\/web\/acuerdo-entre-el-gobierno-nacional-y-la-comunidad-de-la-cordillera-confirman-el-despeje-total-de-la-via-panamericana-sector-panoya\/","og_locale":"es_ES","og_type":"article","og_title":"Acuerdo entre el Gobierno y la comunidad de la cordillera, confirman el despeje total de la v\u00eda panamericana sector Panoya | P\u00e1gina10","og_description":"Este lunes festivo, se llev\u00f3 a cabo una cita entre la Gobernaci\u00f3n de Nari\u00f1o, el Viceministro del Interior Carlos Alberto Baena y las comunidades, donde se dio inicio formalmente a la mesa de concentraci\u00f3n de la cordillera. Tambi\u00e9n, en el encuentro se concert\u00f3 el despeje total de la v\u00eda en el punto de Panoya, lugar [&hellip;]","og_url":"https:\/\/pagina10.com\/web\/acuerdo-entre-el-gobierno-nacional-y-la-comunidad-de-la-cordillera-confirman-el-despeje-total-de-la-via-panamericana-sector-panoya\/","og_site_name":"P\u00e1gina10","article_publisher":"https:\/\/www.facebook.com\/pag10com","article_published_time":"2021-06-07T23:45:04+00:00","article_modified_time":"2021-06-08T00:14:10+00:00","og_image":[{"width":1280,"height":877,"url":"https:\/\/pagina10.com\/web\/wp-content\/uploads\/2021\/06\/E3TLNAhWQAUv6PD.jpg","type":"image\/jpeg"}],"author":"P\u00e1gina 10","twitter_card":"summary_large_image","twitter_creator":"@Pag10com","twitter_site":"@Pag10com","twitter_misc":{"Escrito por":"P\u00e1gina 10","Tiempo de lectura":"1 minuto"},"schema":{"@context":"https:\/\/schema.org","@graph":[{"@type":"Article","@id":"https:\/\/pagina10.com\/web\/acuerdo-entre-el-gobierno-nacional-y-la-comunidad-de-la-cordillera-confirman-el-despeje-total-de-la-via-panamericana-sector-panoya\/#article","isPartOf":{"@id":"https:\/\/pagina10.com\/web\/acuerdo-entre-el-gobierno-nacional-y-la-comunidad-de-la-cordillera-confirman-el-despeje-total-de-la-via-panamericana-sector-panoya\/"},"author":{"name":"P\u00e1gina 10","@id":"https:\/\/pagina10.com\/web\/#\/schema\/person\/2efc4a090d25b667d3bc796798a3a81b"},"headline":"Acuerdo entre el Gobierno y la comunidad de la cordillera, confirman el despeje total de la v\u00eda panamericana sector Panoya","datePublished":"2021-06-07T23:45:04+00:00","dateModified":"2021-06-08T00:14:10+00:00","mainEntityOfPage":{"@id":"https:\/\/pagina10.com\/web\/acuerdo-entre-el-gobierno-nacional-y-la-comunidad-de-la-cordillera-confirman-el-despeje-total-de-la-via-panamericana-sector-panoya\/"},"wordCount":256,"commentCount":0,"publisher":{"@id":"https:\/\/pagina10.com\/web\/#organization"},"image":{"@id":"https:\/\/pagina10.com\/web\/acuerdo-entre-el-gobierno-nacional-y-la-comunidad-de-la-cordillera-confirman-el-despeje-total-de-la-via-panamericana-sector-panoya\/#primaryimage"},"thumbnailUrl":"https:\/\/pagina10.com\/web\/wp-content\/uploads\/2021\/06\/E3TLNAhWQAUv6PD.jpg","articleSection":["Regiones"],"inLanguage":"es","potentialAction":[{"@type":"CommentAction","name":"Comment","target":["https:\/\/pagina10.com\/web\/acuerdo-entre-el-gobierno-nacional-y-la-comunidad-de-la-cordillera-confirman-el-despeje-total-de-la-via-panamericana-sector-panoya\/#respond"]}]},{"@type":"WebPage","@id":"https:\/\/pagina10.com\/web\/acuerdo-entre-el-gobierno-nacional-y-la-comunidad-de-la-cordillera-confirman-el-despeje-total-de-la-via-panamericana-sector-panoya\/","url":"https:\/\/pagina10.com\/web\/acuerdo-entre-el-gobierno-nacional-y-la-comunidad-de-la-cordillera-confirman-el-despeje-total-de-la-via-panamericana-sector-panoya\/","name":"Acuerdo entre el Gobierno y la comunidad de la cordillera, confirman el despeje total de la v\u00eda panamericana sector Panoya | P\u00e1gina10","isPartOf":{"@id":"https:\/\/pagina10.com\/web\/#website"},"primaryImageOfPage":{"@id":"https:\/\/pagina10.com\/web\/acuerdo-entre-el-gobierno-nacional-y-la-comunidad-de-la-cordillera-confirman-el-despeje-total-de-la-via-panamericana-sector-panoya\/#primaryimage"},"image":{"@id":"https:\/\/pagina10.com\/web\/acuerdo-entre-el-gobierno-nacional-y-la-comunidad-de-la-cordillera-confirman-el-despeje-total-de-la-via-panamericana-sector-panoya\/#primaryimage"},"thumbnailUrl":"https:\/\/pagina10.com\/web\/wp-content\/uploads\/2021\/06\/E3TLNAhWQAUv6PD.jpg","datePublished":"2021-06-07T23:45:04+00:00","dateModified":"2021-06-08T00:14:10+00:00","breadcrumb":{"@id":"https:\/\/pagina10.com\/web\/acuerdo-entre-el-gobierno-nacional-y-la-comunidad-de-la-cordillera-confirman-el-despeje-total-de-la-via-panamericana-sector-panoya\/#breadcrumb"},"inLanguage":"es","potentialAction":[{"@type":"ReadAction","target":["https:\/\/pagina10.com\/web\/acuerdo-entre-el-gobierno-nacional-y-la-comunidad-de-la-cordillera-confirman-el-despeje-total-de-la-via-panamericana-sector-panoya\/"]}]},{"@type":"ImageObject","inLanguage":"es","@id":"https:\/\/pagina10.com\/web\/acuerdo-entre-el-gobierno-nacional-y-la-comunidad-de-la-cordillera-confirman-el-despeje-total-de-la-via-panamericana-sector-panoya\/#primaryimage","url":"https:\/\/pagina10.com\/web\/wp-content\/uploads\/2021\/06\/E3TLNAhWQAUv6PD.jpg","contentUrl":"https:\/\/pagina10.com\/web\/wp-content\/uploads\/2021\/06\/E3TLNAhWQAUv6PD.jpg","width":1280,"height":877},{"@type":"BreadcrumbList","@id":"https:\/\/pagina10.com\/web\/acuerdo-entre-el-gobierno-nacional-y-la-comunidad-de-la-cordillera-confirman-el-despeje-total-de-la-via-panamericana-sector-panoya\/#breadcrumb","itemListElement":[{"@type":"ListItem","position":1,"name":"Portada","item":"https:\/\/pagina10.com\/web\/"},{"@type":"ListItem","position":2,"name":"Acuerdo entre el Gobierno y la comunidad de la cordillera, confirman el despeje total de la v\u00eda panamericana sector Panoya"}]},{"@type":"WebSite","@id":"https:\/\/pagina10.com\/web\/#website","url":"https:\/\/pagina10.com\/web\/","name":"P\u00e1gina10","description":"Peri\u00f3dico Regional","publisher":{"@id":"https:\/\/pagina10.com\/web\/#organization"},"alternateName":"P\u00e1gina10 Peri\u00f3dico Regional","potentialAction":[{"@type":"SearchAction","target":{"@type":"EntryPoint","urlTemplate":"https:\/\/pagina10.com\/web\/?s={search_term_string}"},"query-input":{"@type":"PropertyValueSpecification","valueRequired":true,"valueName":"search_term_string"}}],"inLanguage":"es"},{"@type":"Organization","@id":"https:\/\/pagina10.com\/web\/#organization","name":"P\u00e1gina10","alternateName":"P\u00e1gina10 Peri\u00f3dico Regional","url":"https:\/\/pagina10.com\/web\/","logo":{"@type":"ImageObject","inLanguage":"es","@id":"https:\/\/pagina10.com\/web\/#\/schema\/logo\/image\/","url":"https:\/\/pagina10.com\/web\/wp-content\/uploads\/2024\/01\/40-pagina-10-periodico-regional-pasto.jpg","contentUrl":"https:\/\/pagina10.com\/web\/wp-content\/uploads\/2024\/01\/40-pagina-10-periodico-regional-pasto.jpg","width":1280,"height":720,"caption":"P\u00e1gina10"},"image":{"@id":"https:\/\/pagina10.com\/web\/#\/schema\/logo\/image\/"},"sameAs":["https:\/\/www.facebook.com\/pag10com","https:\/\/x.com\/Pag10com","https:\/\/www.instagram.com\/pagina10col\/","https:\/\/youtube.com\/channel\/pag10","https:\/\/www.tiktok.com\/@p10col"]},{"@type":"Person","@id":"https:\/\/pagina10.com\/web\/#\/schema\/person\/2efc4a090d25b667d3bc796798a3a81b","name":"P\u00e1gina 10","description":"P\u00e1gina 10 es un peri\u00f3dico regional que nace en Colombia, en el departamento de Nari\u00f1o, con un enfoque global, fundamentado en cuatro pilares esenciales: la libertad, el pluralismo, la inclusi\u00f3n y la independencia. P\u00e1gina 10 hace referencia a Nari\u00f1o como el d\u00e9cimo departamento creado en Colombia, despu\u00e9s de un proceso pol\u00edtico liderado por actores y actrices regionales con el fin de obtener la independencia y autonom\u00eda de nuestros territorios. Con la creaci\u00f3n de P\u00e1gina 10 se pretende abrir un escenario para el dialogo, la reflexi\u00f3n y el debate que se extienda a otras geograf\u00edas de Am\u00e9rica Latina y del planeta, en una apuesta por transformar colectivamente los desaf\u00edos de un mundo contempor\u00e1neo, m\u00e1s all\u00e1 de las fronteras impuestas.","url":"https:\/\/pagina10.com\/web\/author\/pdiezadmin\/"}]}},"_links":{"self":[{"href":"https:\/\/pagina10.com\/web\/wp-json\/wp\/v2\/posts\/52988","targetHints":{"allow":["GET"]}}],"collection":[{"href":"https:\/\/pagina10.com\/web\/wp-json\/wp\/v2\/posts"}],"about":[{"href":"https:\/\/pagina10.com\/web\/wp-json\/wp\/v2\/types\/post"}],"author":[{"embeddable":true,"href":"https:\/\/pagina10.com\/web\/wp-json\/wp\/v2\/users\/1"}],"replies":[{"embeddable":true,"href":"https:\/\/pagina10.com\/web\/wp-json\/wp\/v2\/comments?post=52988"}],"version-history":[{"count":3,"href":"https:\/\/pagina10.com\/web\/wp-json\/wp\/v2\/posts\/52988\/revisions"}],"predecessor-version":[{"id":52992,"href":"https:\/\/pagina10.com\/web\/wp-json\/wp\/v2\/posts\/52988\/revisions\/52992"}],"wp:featuredmedia":[{"embeddable":true,"href":"https:\/\/pagina10.com\/web\/wp-json\/wp\/v2\/media\/52989"}],"wp:attachment":[{"href":"https:\/\/pagina10.com\/web\/wp-json\/wp\/v2\/media?parent=52988"}],"wp:term":[{"taxonomy":"category","embeddable":true,"href":"https:\/\/pagina10.com\/web\/wp-json\/wp\/v2\/categories?post=52988"},{"taxonomy":"post_tag","embeddable":true,"href":"https:\/\/pagina10.com\/web\/wp-json\/wp\/v2\/tags?post=52988"}],"curies":[{"name":"wp","href":"https:\/\/api.w.org\/{rel}","templated":true}]}}