{"id":53001,"date":"2021-06-08T13:10:52","date_gmt":"2021-06-08T18:10:52","guid":{"rendered":"https:\/\/pagina10.com\/web\/?p=53001"},"modified":"2021-06-08T17:34:15","modified_gmt":"2021-06-08T22:34:15","slug":"espacio-para-el-dialogo-y-la-concertacion-comision-de-paz-del-senado-sesiono-en-narino","status":"publish","type":"post","link":"https:\/\/pagina10.com\/web\/espacio-para-el-dialogo-y-la-concertacion-comision-de-paz-del-senado-sesiono-en-narino\/","title":{"rendered":"Comisi\u00f3n de Paz del Senado sesion\u00f3 en Nari\u00f1o"},"content":{"rendered":"<p>El pasado fin de semana, se llev\u00f3 a cabo en el Departamento de Nari\u00f1o la sesi\u00f3n p\u00fablica de la Comisi\u00f3n de Paz, que viene adelantando el Senado de la Rep\u00fablica en los territorios que se han visto afectados por el orden p\u00fablico y vulneraci\u00f3n de Derechos Humanos, debido a las manifestaciones vividas durante del Paro Nacional.<\/p>\n<p>Con el prop\u00f3sito de entablar di\u00e1logo y buscar soluciones a sus peticiones, las organizaciones sociales de j\u00f3venes, mujeres, lideres y representantes de comunidades, expresaron la necesidad de dar una pronta atenci\u00f3n a sus denuncias en torno a la vulneraci\u00f3n de Derechos Humanos que han vivido en el ejercicio de la manifestaci\u00f3n pac\u00edfica y protesta social.<\/p>\n<p>La Gobernaci\u00f3n de Nari\u00f1o, inform\u00f3 que este es un escenario muy importante para escuchar a las organizaciones sociales, con el fin de brindar garant\u00edas de los derechos de todas las comunidades. \u201cEste es un escenario importante de escucha ante el clamor de nuestra gente. La protesta social es pac\u00edfica, nuestros j\u00f3venes se pronuncian con respeto. Esta es la oportunidad para solidarizarnos con las v\u00edctimas quienes han sufrido lesiones ante los lamentables hechos presentados\u201d. Manifest\u00f3 el Gobernador del departamento, Jhon Rojas.<\/p>\n<p>De la misma manera, el Senador Antonio Sanguino reiter\u00f3, \u201cdesde la Comisi\u00f3n de Paz adelantada en Nari\u00f1o, acogemos las preocupaciones que surgen desde la comunidad, las llevaremos a la Sesi\u00f3n con la comisi\u00f3n Interamericana de los Derechos Humanos, al Gobierno Nacional y por supuesto al control pol\u00edtico, a la iniciativa legislativa y al tr\u00e1mite de proyectos de ley en el Congreso para resolver con urgencia estas demandas sociales\u201d.<\/p>\n<p>Cabe resaltar que en el departamento de Nari\u00f1o se proponen y adelantan mesas de di\u00e1logo y concertaci\u00f3n para bridar soluciones a la problem\u00e1tica que se enfrenta en los territorios tras la crisis nacional.<\/p>\n<p>\u201cGracias a este escenario, se crear\u00e1 la comisi\u00f3n de seguimiento ante las denuncias interpuestas, seguidamente de un proceso de atenci\u00f3n m\u00e9dica, psicosocial y econ\u00f3mica a las v\u00edctimas y sus familias; y algo muy importante es que la Comisi\u00f3n Interamericana de Derechos Humanos, encargada de la promoci\u00f3n y protecci\u00f3n de los derechos humanos en el continente americano sesionar\u00e1 pr\u00f3ximamente en el departamento de Nari\u00f1o para hacerles entrega de primera mano todos los hechos ocurridos en nuestro territorio\u201d. Expres\u00f3 Javier Dorado, Director del Comit\u00e9 Permanente por la Defensa de los Derechos Humanos.<\/p>\n","protected":false},"excerpt":{"rendered":"<p>El pasado fin de semana, se llev\u00f3 a cabo en el Departamento de Nari\u00f1o la sesi\u00f3n p\u00fablica de la Comisi\u00f3n de Paz, que viene adelantando el Senado de la Rep\u00fablica en los territorios que se han visto afectados por el orden p\u00fablico y vulneraci\u00f3n de Derechos Humanos, debido a las manifestaciones vividas durante del Paro [&hellip;]<\/p>\n","protected":false},"author":1,"featured_media":53003,"comment_status":"open","ping_status":"open","sticky":false,"template":"","format":"standard","meta":{"footnotes":""},"categories":[53],"tags":[],"class_list":["post-53001","post","type-post","status-publish","format-standard","has-post-thumbnail","hentry","category-regiones"],"yoast_head":"<!-- This site is optimized with the Yoast SEO plugin v27.1.1 - https:\/\/yoast.com\/product\/yoast-seo-wordpress\/ -->\n<title>Comisi\u00f3n de Paz del Senado sesion\u00f3 en Nari\u00f1o | P\u00e1gina10<\/title>\n<meta name=\"robots\" content=\"index, follow, max-snippet:-1, max-image-preview:large, max-video-preview:-1\" \/>\n<link rel=\"canonical\" href=\"https:\/\/pagina10.com\/web\/espacio-para-el-dialogo-y-la-concertacion-comision-de-paz-del-senado-sesiono-en-narino\/\" \/>\n<meta property=\"og:locale\" content=\"es_ES\" \/>\n<meta property=\"og:type\" content=\"article\" \/>\n<meta property=\"og:title\" content=\"Comisi\u00f3n de Paz del Senado sesion\u00f3 en Nari\u00f1o | P\u00e1gina10\" \/>\n<meta property=\"og:description\" content=\"El pasado fin de semana, se llev\u00f3 a cabo en el Departamento de Nari\u00f1o la sesi\u00f3n p\u00fablica de la Comisi\u00f3n de Paz, que viene adelantando el Senado de la Rep\u00fablica en los territorios que se han visto afectados por el orden p\u00fablico y vulneraci\u00f3n de Derechos Humanos, debido a las manifestaciones vividas durante del Paro [&hellip;]\" \/>\n<meta property=\"og:url\" content=\"https:\/\/pagina10.com\/web\/espacio-para-el-dialogo-y-la-concertacion-comision-de-paz-del-senado-sesiono-en-narino\/\" \/>\n<meta property=\"og:site_name\" content=\"P\u00e1gina10\" \/>\n<meta property=\"article:publisher\" content=\"https:\/\/www.facebook.com\/pag10com\" \/>\n<meta property=\"article:published_time\" content=\"2021-06-08T18:10:52+00:00\" \/>\n<meta property=\"article:modified_time\" content=\"2021-06-08T22:34:15+00:00\" \/>\n<meta property=\"og:image\" content=\"https:\/\/pagina10.com\/web\/wp-content\/uploads\/2021\/06\/WhatsApp-Image-2021-06-08-at-1.09.43-PM.jpeg\" \/>\n\t<meta property=\"og:image:width\" content=\"1280\" \/>\n\t<meta property=\"og:image:height\" content=\"853\" \/>\n\t<meta property=\"og:image:type\" content=\"image\/jpeg\" \/>\n<meta name=\"author\" content=\"P\u00e1gina 10\" \/>\n<meta name=\"twitter:card\" content=\"summary_large_image\" \/>\n<meta name=\"twitter:creator\" content=\"@Pag10com\" \/>\n<meta name=\"twitter:site\" content=\"@Pag10com\" \/>\n<meta name=\"twitter:label1\" content=\"Escrito por\" \/>\n\t<meta name=\"twitter:data1\" content=\"P\u00e1gina 10\" \/>\n\t<meta name=\"twitter:label2\" content=\"Tiempo de lectura\" \/>\n\t<meta name=\"twitter:data2\" content=\"2 minutos\" \/>\n<script type=\"application\/ld+json\" class=\"yoast-schema-graph\">{\"@context\":\"https:\/\/schema.org\",\"@graph\":[{\"@type\":\"Article\",\"@id\":\"https:\/\/pagina10.com\/web\/espacio-para-el-dialogo-y-la-concertacion-comision-de-paz-del-senado-sesiono-en-narino\/#article\",\"isPartOf\":{\"@id\":\"https:\/\/pagina10.com\/web\/espacio-para-el-dialogo-y-la-concertacion-comision-de-paz-del-senado-sesiono-en-narino\/\"},\"author\":{\"name\":\"P\u00e1gina 10\",\"@id\":\"https:\/\/pagina10.com\/web\/#\/schema\/person\/2efc4a090d25b667d3bc796798a3a81b\"},\"headline\":\"Comisi\u00f3n de Paz del Senado sesion\u00f3 en Nari\u00f1o\",\"datePublished\":\"2021-06-08T18:10:52+00:00\",\"dateModified\":\"2021-06-08T22:34:15+00:00\",\"mainEntityOfPage\":{\"@id\":\"https:\/\/pagina10.com\/web\/espacio-para-el-dialogo-y-la-concertacion-comision-de-paz-del-senado-sesiono-en-narino\/\"},\"wordCount\":432,\"commentCount\":0,\"publisher\":{\"@id\":\"https:\/\/pagina10.com\/web\/#organization\"},\"image\":{\"@id\":\"https:\/\/pagina10.com\/web\/espacio-para-el-dialogo-y-la-concertacion-comision-de-paz-del-senado-sesiono-en-narino\/#primaryimage\"},\"thumbnailUrl\":\"https:\/\/pagina10.com\/web\/wp-content\/uploads\/2021\/06\/WhatsApp-Image-2021-06-08-at-1.09.43-PM.jpeg\",\"articleSection\":[\"Regiones\"],\"inLanguage\":\"es\",\"potentialAction\":[{\"@type\":\"CommentAction\",\"name\":\"Comment\",\"target\":[\"https:\/\/pagina10.com\/web\/espacio-para-el-dialogo-y-la-concertacion-comision-de-paz-del-senado-sesiono-en-narino\/#respond\"]}]},{\"@type\":\"WebPage\",\"@id\":\"https:\/\/pagina10.com\/web\/espacio-para-el-dialogo-y-la-concertacion-comision-de-paz-del-senado-sesiono-en-narino\/\",\"url\":\"https:\/\/pagina10.com\/web\/espacio-para-el-dialogo-y-la-concertacion-comision-de-paz-del-senado-sesiono-en-narino\/\",\"name\":\"Comisi\u00f3n de Paz del Senado sesion\u00f3 en Nari\u00f1o | P\u00e1gina10\",\"isPartOf\":{\"@id\":\"https:\/\/pagina10.com\/web\/#website\"},\"primaryImageOfPage\":{\"@id\":\"https:\/\/pagina10.com\/web\/espacio-para-el-dialogo-y-la-concertacion-comision-de-paz-del-senado-sesiono-en-narino\/#primaryimage\"},\"image\":{\"@id\":\"https:\/\/pagina10.com\/web\/espacio-para-el-dialogo-y-la-concertacion-comision-de-paz-del-senado-sesiono-en-narino\/#primaryimage\"},\"thumbnailUrl\":\"https:\/\/pagina10.com\/web\/wp-content\/uploads\/2021\/06\/WhatsApp-Image-2021-06-08-at-1.09.43-PM.jpeg\",\"datePublished\":\"2021-06-08T18:10:52+00:00\",\"dateModified\":\"2021-06-08T22:34:15+00:00\",\"breadcrumb\":{\"@id\":\"https:\/\/pagina10.com\/web\/espacio-para-el-dialogo-y-la-concertacion-comision-de-paz-del-senado-sesiono-en-narino\/#breadcrumb\"},\"inLanguage\":\"es\",\"potentialAction\":[{\"@type\":\"ReadAction\",\"target\":[\"https:\/\/pagina10.com\/web\/espacio-para-el-dialogo-y-la-concertacion-comision-de-paz-del-senado-sesiono-en-narino\/\"]}]},{\"@type\":\"ImageObject\",\"inLanguage\":\"es\",\"@id\":\"https:\/\/pagina10.com\/web\/espacio-para-el-dialogo-y-la-concertacion-comision-de-paz-del-senado-sesiono-en-narino\/#primaryimage\",\"url\":\"https:\/\/pagina10.com\/web\/wp-content\/uploads\/2021\/06\/WhatsApp-Image-2021-06-08-at-1.09.43-PM.jpeg\",\"contentUrl\":\"https:\/\/pagina10.com\/web\/wp-content\/uploads\/2021\/06\/WhatsApp-Image-2021-06-08-at-1.09.43-PM.jpeg\",\"width\":1280,\"height\":853},{\"@type\":\"BreadcrumbList\",\"@id\":\"https:\/\/pagina10.com\/web\/espacio-para-el-dialogo-y-la-concertacion-comision-de-paz-del-senado-sesiono-en-narino\/#breadcrumb\",\"itemListElement\":[{\"@type\":\"ListItem\",\"position\":1,\"name\":\"Portada\",\"item\":\"https:\/\/pagina10.com\/web\/\"},{\"@type\":\"ListItem\",\"position\":2,\"name\":\"Comisi\u00f3n de Paz del Senado sesion\u00f3 en Nari\u00f1o\"}]},{\"@type\":\"WebSite\",\"@id\":\"https:\/\/pagina10.com\/web\/#website\",\"url\":\"https:\/\/pagina10.com\/web\/\",\"name\":\"P\u00e1gina10\",\"description\":\"Peri\u00f3dico Regional\",\"publisher\":{\"@id\":\"https:\/\/pagina10.com\/web\/#organization\"},\"alternateName\":\"P\u00e1gina10 Peri\u00f3dico Regional\",\"potentialAction\":[{\"@type\":\"SearchAction\",\"target\":{\"@type\":\"EntryPoint\",\"urlTemplate\":\"https:\/\/pagina10.com\/web\/?s={search_term_string}\"},\"query-input\":{\"@type\":\"PropertyValueSpecification\",\"valueRequired\":true,\"valueName\":\"search_term_string\"}}],\"inLanguage\":\"es\"},{\"@type\":\"Organization\",\"@id\":\"https:\/\/pagina10.com\/web\/#organization\",\"name\":\"P\u00e1gina10\",\"alternateName\":\"P\u00e1gina10 Peri\u00f3dico Regional\",\"url\":\"https:\/\/pagina10.com\/web\/\",\"logo\":{\"@type\":\"ImageObject\",\"inLanguage\":\"es\",\"@id\":\"https:\/\/pagina10.com\/web\/#\/schema\/logo\/image\/\",\"url\":\"https:\/\/pagina10.com\/web\/wp-content\/uploads\/2024\/01\/40-pagina-10-periodico-regional-pasto.jpg\",\"contentUrl\":\"https:\/\/pagina10.com\/web\/wp-content\/uploads\/2024\/01\/40-pagina-10-periodico-regional-pasto.jpg\",\"width\":1280,\"height\":720,\"caption\":\"P\u00e1gina10\"},\"image\":{\"@id\":\"https:\/\/pagina10.com\/web\/#\/schema\/logo\/image\/\"},\"sameAs\":[\"https:\/\/www.facebook.com\/pag10com\",\"https:\/\/x.com\/Pag10com\",\"https:\/\/www.instagram.com\/pagina10col\/\",\"https:\/\/youtube.com\/channel\/pag10\",\"https:\/\/www.tiktok.com\/@p10col\"]},{\"@type\":\"Person\",\"@id\":\"https:\/\/pagina10.com\/web\/#\/schema\/person\/2efc4a090d25b667d3bc796798a3a81b\",\"name\":\"P\u00e1gina 10\",\"description\":\"P\u00e1gina 10 es un peri\u00f3dico regional que nace en Colombia, en el departamento de Nari\u00f1o, con un enfoque global, fundamentado en cuatro pilares esenciales: la libertad, el pluralismo, la inclusi\u00f3n y la independencia. P\u00e1gina 10 hace referencia a Nari\u00f1o como el d\u00e9cimo departamento creado en Colombia, despu\u00e9s de un proceso pol\u00edtico liderado por actores y actrices regionales con el fin de obtener la independencia y autonom\u00eda de nuestros territorios. Con la creaci\u00f3n de P\u00e1gina 10 se pretende abrir un escenario para el dialogo, la reflexi\u00f3n y el debate que se extienda a otras geograf\u00edas de Am\u00e9rica Latina y del planeta, en una apuesta por transformar colectivamente los desaf\u00edos de un mundo contempor\u00e1neo, m\u00e1s all\u00e1 de las fronteras impuestas.\",\"url\":\"https:\/\/pagina10.com\/web\/author\/pdiezadmin\/\"}]}<\/script>\n<!-- \/ Yoast SEO plugin. -->","yoast_head_json":{"title":"Comisi\u00f3n de Paz del Senado sesion\u00f3 en Nari\u00f1o | P\u00e1gina10","robots":{"index":"index","follow":"follow","max-snippet":"max-snippet:-1","max-image-preview":"max-image-preview:large","max-video-preview":"max-video-preview:-1"},"canonical":"https:\/\/pagina10.com\/web\/espacio-para-el-dialogo-y-la-concertacion-comision-de-paz-del-senado-sesiono-en-narino\/","og_locale":"es_ES","og_type":"article","og_title":"Comisi\u00f3n de Paz del Senado sesion\u00f3 en Nari\u00f1o | P\u00e1gina10","og_description":"El pasado fin de semana, se llev\u00f3 a cabo en el Departamento de Nari\u00f1o la sesi\u00f3n p\u00fablica de la Comisi\u00f3n de Paz, que viene adelantando el Senado de la Rep\u00fablica en los territorios que se han visto afectados por el orden p\u00fablico y vulneraci\u00f3n de Derechos Humanos, debido a las manifestaciones vividas durante del Paro [&hellip;]","og_url":"https:\/\/pagina10.com\/web\/espacio-para-el-dialogo-y-la-concertacion-comision-de-paz-del-senado-sesiono-en-narino\/","og_site_name":"P\u00e1gina10","article_publisher":"https:\/\/www.facebook.com\/pag10com","article_published_time":"2021-06-08T18:10:52+00:00","article_modified_time":"2021-06-08T22:34:15+00:00","og_image":[{"width":1280,"height":853,"url":"https:\/\/pagina10.com\/web\/wp-content\/uploads\/2021\/06\/WhatsApp-Image-2021-06-08-at-1.09.43-PM.jpeg","type":"image\/jpeg"}],"author":"P\u00e1gina 10","twitter_card":"summary_large_image","twitter_creator":"@Pag10com","twitter_site":"@Pag10com","twitter_misc":{"Escrito por":"P\u00e1gina 10","Tiempo de lectura":"2 minutos"},"schema":{"@context":"https:\/\/schema.org","@graph":[{"@type":"Article","@id":"https:\/\/pagina10.com\/web\/espacio-para-el-dialogo-y-la-concertacion-comision-de-paz-del-senado-sesiono-en-narino\/#article","isPartOf":{"@id":"https:\/\/pagina10.com\/web\/espacio-para-el-dialogo-y-la-concertacion-comision-de-paz-del-senado-sesiono-en-narino\/"},"author":{"name":"P\u00e1gina 10","@id":"https:\/\/pagina10.com\/web\/#\/schema\/person\/2efc4a090d25b667d3bc796798a3a81b"},"headline":"Comisi\u00f3n de Paz del Senado sesion\u00f3 en Nari\u00f1o","datePublished":"2021-06-08T18:10:52+00:00","dateModified":"2021-06-08T22:34:15+00:00","mainEntityOfPage":{"@id":"https:\/\/pagina10.com\/web\/espacio-para-el-dialogo-y-la-concertacion-comision-de-paz-del-senado-sesiono-en-narino\/"},"wordCount":432,"commentCount":0,"publisher":{"@id":"https:\/\/pagina10.com\/web\/#organization"},"image":{"@id":"https:\/\/pagina10.com\/web\/espacio-para-el-dialogo-y-la-concertacion-comision-de-paz-del-senado-sesiono-en-narino\/#primaryimage"},"thumbnailUrl":"https:\/\/pagina10.com\/web\/wp-content\/uploads\/2021\/06\/WhatsApp-Image-2021-06-08-at-1.09.43-PM.jpeg","articleSection":["Regiones"],"inLanguage":"es","potentialAction":[{"@type":"CommentAction","name":"Comment","target":["https:\/\/pagina10.com\/web\/espacio-para-el-dialogo-y-la-concertacion-comision-de-paz-del-senado-sesiono-en-narino\/#respond"]}]},{"@type":"WebPage","@id":"https:\/\/pagina10.com\/web\/espacio-para-el-dialogo-y-la-concertacion-comision-de-paz-del-senado-sesiono-en-narino\/","url":"https:\/\/pagina10.com\/web\/espacio-para-el-dialogo-y-la-concertacion-comision-de-paz-del-senado-sesiono-en-narino\/","name":"Comisi\u00f3n de Paz del Senado sesion\u00f3 en Nari\u00f1o | P\u00e1gina10","isPartOf":{"@id":"https:\/\/pagina10.com\/web\/#website"},"primaryImageOfPage":{"@id":"https:\/\/pagina10.com\/web\/espacio-para-el-dialogo-y-la-concertacion-comision-de-paz-del-senado-sesiono-en-narino\/#primaryimage"},"image":{"@id":"https:\/\/pagina10.com\/web\/espacio-para-el-dialogo-y-la-concertacion-comision-de-paz-del-senado-sesiono-en-narino\/#primaryimage"},"thumbnailUrl":"https:\/\/pagina10.com\/web\/wp-content\/uploads\/2021\/06\/WhatsApp-Image-2021-06-08-at-1.09.43-PM.jpeg","datePublished":"2021-06-08T18:10:52+00:00","dateModified":"2021-06-08T22:34:15+00:00","breadcrumb":{"@id":"https:\/\/pagina10.com\/web\/espacio-para-el-dialogo-y-la-concertacion-comision-de-paz-del-senado-sesiono-en-narino\/#breadcrumb"},"inLanguage":"es","potentialAction":[{"@type":"ReadAction","target":["https:\/\/pagina10.com\/web\/espacio-para-el-dialogo-y-la-concertacion-comision-de-paz-del-senado-sesiono-en-narino\/"]}]},{"@type":"ImageObject","inLanguage":"es","@id":"https:\/\/pagina10.com\/web\/espacio-para-el-dialogo-y-la-concertacion-comision-de-paz-del-senado-sesiono-en-narino\/#primaryimage","url":"https:\/\/pagina10.com\/web\/wp-content\/uploads\/2021\/06\/WhatsApp-Image-2021-06-08-at-1.09.43-PM.jpeg","contentUrl":"https:\/\/pagina10.com\/web\/wp-content\/uploads\/2021\/06\/WhatsApp-Image-2021-06-08-at-1.09.43-PM.jpeg","width":1280,"height":853},{"@type":"BreadcrumbList","@id":"https:\/\/pagina10.com\/web\/espacio-para-el-dialogo-y-la-concertacion-comision-de-paz-del-senado-sesiono-en-narino\/#breadcrumb","itemListElement":[{"@type":"ListItem","position":1,"name":"Portada","item":"https:\/\/pagina10.com\/web\/"},{"@type":"ListItem","position":2,"name":"Comisi\u00f3n de Paz del Senado sesion\u00f3 en Nari\u00f1o"}]},{"@type":"WebSite","@id":"https:\/\/pagina10.com\/web\/#website","url":"https:\/\/pagina10.com\/web\/","name":"P\u00e1gina10","description":"Peri\u00f3dico Regional","publisher":{"@id":"https:\/\/pagina10.com\/web\/#organization"},"alternateName":"P\u00e1gina10 Peri\u00f3dico Regional","potentialAction":[{"@type":"SearchAction","target":{"@type":"EntryPoint","urlTemplate":"https:\/\/pagina10.com\/web\/?s={search_term_string}"},"query-input":{"@type":"PropertyValueSpecification","valueRequired":true,"valueName":"search_term_string"}}],"inLanguage":"es"},{"@type":"Organization","@id":"https:\/\/pagina10.com\/web\/#organization","name":"P\u00e1gina10","alternateName":"P\u00e1gina10 Peri\u00f3dico Regional","url":"https:\/\/pagina10.com\/web\/","logo":{"@type":"ImageObject","inLanguage":"es","@id":"https:\/\/pagina10.com\/web\/#\/schema\/logo\/image\/","url":"https:\/\/pagina10.com\/web\/wp-content\/uploads\/2024\/01\/40-pagina-10-periodico-regional-pasto.jpg","contentUrl":"https:\/\/pagina10.com\/web\/wp-content\/uploads\/2024\/01\/40-pagina-10-periodico-regional-pasto.jpg","width":1280,"height":720,"caption":"P\u00e1gina10"},"image":{"@id":"https:\/\/pagina10.com\/web\/#\/schema\/logo\/image\/"},"sameAs":["https:\/\/www.facebook.com\/pag10com","https:\/\/x.com\/Pag10com","https:\/\/www.instagram.com\/pagina10col\/","https:\/\/youtube.com\/channel\/pag10","https:\/\/www.tiktok.com\/@p10col"]},{"@type":"Person","@id":"https:\/\/pagina10.com\/web\/#\/schema\/person\/2efc4a090d25b667d3bc796798a3a81b","name":"P\u00e1gina 10","description":"P\u00e1gina 10 es un peri\u00f3dico regional que nace en Colombia, en el departamento de Nari\u00f1o, con un enfoque global, fundamentado en cuatro pilares esenciales: la libertad, el pluralismo, la inclusi\u00f3n y la independencia. P\u00e1gina 10 hace referencia a Nari\u00f1o como el d\u00e9cimo departamento creado en Colombia, despu\u00e9s de un proceso pol\u00edtico liderado por actores y actrices regionales con el fin de obtener la independencia y autonom\u00eda de nuestros territorios. Con la creaci\u00f3n de P\u00e1gina 10 se pretende abrir un escenario para el dialogo, la reflexi\u00f3n y el debate que se extienda a otras geograf\u00edas de Am\u00e9rica Latina y del planeta, en una apuesta por transformar colectivamente los desaf\u00edos de un mundo contempor\u00e1neo, m\u00e1s all\u00e1 de las fronteras impuestas.","url":"https:\/\/pagina10.com\/web\/author\/pdiezadmin\/"}]}},"_links":{"self":[{"href":"https:\/\/pagina10.com\/web\/wp-json\/wp\/v2\/posts\/53001","targetHints":{"allow":["GET"]}}],"collection":[{"href":"https:\/\/pagina10.com\/web\/wp-json\/wp\/v2\/posts"}],"about":[{"href":"https:\/\/pagina10.com\/web\/wp-json\/wp\/v2\/types\/post"}],"author":[{"embeddable":true,"href":"https:\/\/pagina10.com\/web\/wp-json\/wp\/v2\/users\/1"}],"replies":[{"embeddable":true,"href":"https:\/\/pagina10.com\/web\/wp-json\/wp\/v2\/comments?post=53001"}],"version-history":[{"count":2,"href":"https:\/\/pagina10.com\/web\/wp-json\/wp\/v2\/posts\/53001\/revisions"}],"predecessor-version":[{"id":53005,"href":"https:\/\/pagina10.com\/web\/wp-json\/wp\/v2\/posts\/53001\/revisions\/53005"}],"wp:featuredmedia":[{"embeddable":true,"href":"https:\/\/pagina10.com\/web\/wp-json\/wp\/v2\/media\/53003"}],"wp:attachment":[{"href":"https:\/\/pagina10.com\/web\/wp-json\/wp\/v2\/media?parent=53001"}],"wp:term":[{"taxonomy":"category","embeddable":true,"href":"https:\/\/pagina10.com\/web\/wp-json\/wp\/v2\/categories?post=53001"},{"taxonomy":"post_tag","embeddable":true,"href":"https:\/\/pagina10.com\/web\/wp-json\/wp\/v2\/tags?post=53001"}],"curies":[{"name":"wp","href":"https:\/\/api.w.org\/{rel}","templated":true}]}}