{"id":53021,"date":"2021-06-08T19:03:35","date_gmt":"2021-06-09T00:03:35","guid":{"rendered":"https:\/\/pagina10.com\/web\/?p=53021"},"modified":"2021-06-08T19:09:04","modified_gmt":"2021-06-09T00:09:04","slug":"emergencia-en-barbacoas-por-desbordamiento-del-rio-telembi-y-afluentes","status":"publish","type":"post","link":"https:\/\/pagina10.com\/web\/emergencia-en-barbacoas-por-desbordamiento-del-rio-telembi-y-afluentes\/","title":{"rendered":"Emergencia en Barbacoas por desbordamiento del r\u00edo Telemb\u00ed y afluentes"},"content":{"rendered":"<p>En horas de la madrugada del pasado lunes 7 de junio, habitantes del municipio de Barbacoas y campesinos de veredas aleda\u00f1as se vieron afectados por el desbordamiento del r\u00edo Telemb\u00ed y sus afluentes.<\/p>\n<p>La administraci\u00f3n municipal, dio a conocer en un reporte preliminar que aproximadamente 5.400 personas, 1800 familias, 42 veredas y 24 zonas del casco urbano se han visto afectadas, donde perdieron cultivos y enceres como consecuencia de la inundaci\u00f3n.<\/p>\n<p>Cabe recordar que desde abril de 2019 se vienen presentado este tipo de desbordamientos, situaci\u00f3n que pone en riesgo a la comunidad.<\/p>\n<p>Asimismo, la alcald\u00eda municipal hizo un llamado al gobierno departamental y nacional para que hagan presencia en la zona \u201cEs importante recordar que Barbacoas necesita del apoyo a nivel nacional y departamental, es importante recordar que estas inundaciones nos tienen preocupados, a toda la administraci\u00f3n municipal, a todo el consejo municipal de gesti\u00f3n de riesgo ya que Barbacoas es uno de los municipios donde m\u00e1s llueve en todo el departamento.\u201d Manifest\u00f3 Celso Efr\u00e9n Cabezas, Coordinador de Gesti\u00f3n del Riesgo de Barbacoas.<\/p>\n","protected":false},"excerpt":{"rendered":"<p>En horas de la madrugada del pasado lunes 7 de junio, habitantes del municipio de Barbacoas y campesinos de veredas aleda\u00f1as se vieron afectados por el desbordamiento del r\u00edo Telemb\u00ed y sus afluentes. La administraci\u00f3n municipal, dio a conocer en un reporte preliminar que aproximadamente 5.400 personas, 1800 familias, 42 veredas y 24 zonas del [&hellip;]<\/p>\n","protected":false},"author":1,"featured_media":53014,"comment_status":"open","ping_status":"open","sticky":false,"template":"","format":"standard","meta":{"footnotes":""},"categories":[53],"tags":[],"class_list":["post-53021","post","type-post","status-publish","format-standard","has-post-thumbnail","hentry","category-regiones"],"yoast_head":"<!-- This site is optimized with the Yoast SEO plugin v27.1.1 - https:\/\/yoast.com\/product\/yoast-seo-wordpress\/ -->\n<title>Emergencia en Barbacoas por desbordamiento del r\u00edo Telemb\u00ed y afluentes | P\u00e1gina10<\/title>\n<meta name=\"robots\" content=\"index, follow, max-snippet:-1, max-image-preview:large, max-video-preview:-1\" \/>\n<link rel=\"canonical\" href=\"https:\/\/pagina10.com\/web\/emergencia-en-barbacoas-por-desbordamiento-del-rio-telembi-y-afluentes\/\" \/>\n<meta property=\"og:locale\" content=\"es_ES\" \/>\n<meta property=\"og:type\" content=\"article\" \/>\n<meta property=\"og:title\" content=\"Emergencia en Barbacoas por desbordamiento del r\u00edo Telemb\u00ed y afluentes | P\u00e1gina10\" \/>\n<meta property=\"og:description\" content=\"En horas de la madrugada del pasado lunes 7 de junio, habitantes del municipio de Barbacoas y campesinos de veredas aleda\u00f1as se vieron afectados por el desbordamiento del r\u00edo Telemb\u00ed y sus afluentes. La administraci\u00f3n municipal, dio a conocer en un reporte preliminar que aproximadamente 5.400 personas, 1800 familias, 42 veredas y 24 zonas del [&hellip;]\" \/>\n<meta property=\"og:url\" content=\"https:\/\/pagina10.com\/web\/emergencia-en-barbacoas-por-desbordamiento-del-rio-telembi-y-afluentes\/\" \/>\n<meta property=\"og:site_name\" content=\"P\u00e1gina10\" \/>\n<meta property=\"article:publisher\" content=\"https:\/\/www.facebook.com\/pag10com\" \/>\n<meta property=\"article:published_time\" content=\"2021-06-09T00:03:35+00:00\" \/>\n<meta property=\"article:modified_time\" content=\"2021-06-09T00:09:04+00:00\" \/>\n<meta property=\"og:image\" content=\"https:\/\/pagina10.com\/web\/wp-content\/uploads\/2021\/06\/198018409_4074668439318157_4872867923263609289_n.jpg\" \/>\n\t<meta property=\"og:image:width\" content=\"960\" \/>\n\t<meta property=\"og:image:height\" content=\"689\" \/>\n\t<meta property=\"og:image:type\" content=\"image\/jpeg\" \/>\n<meta name=\"author\" content=\"P\u00e1gina 10\" \/>\n<meta name=\"twitter:card\" content=\"summary_large_image\" \/>\n<meta name=\"twitter:creator\" content=\"@Pag10com\" \/>\n<meta name=\"twitter:site\" content=\"@Pag10com\" \/>\n<meta name=\"twitter:label1\" content=\"Escrito por\" \/>\n\t<meta name=\"twitter:data1\" content=\"P\u00e1gina 10\" \/>\n\t<meta name=\"twitter:label2\" content=\"Tiempo de lectura\" \/>\n\t<meta name=\"twitter:data2\" content=\"1 minuto\" \/>\n<script type=\"application\/ld+json\" class=\"yoast-schema-graph\">{\"@context\":\"https:\/\/schema.org\",\"@graph\":[{\"@type\":\"Article\",\"@id\":\"https:\/\/pagina10.com\/web\/emergencia-en-barbacoas-por-desbordamiento-del-rio-telembi-y-afluentes\/#article\",\"isPartOf\":{\"@id\":\"https:\/\/pagina10.com\/web\/emergencia-en-barbacoas-por-desbordamiento-del-rio-telembi-y-afluentes\/\"},\"author\":{\"name\":\"P\u00e1gina 10\",\"@id\":\"https:\/\/pagina10.com\/web\/#\/schema\/person\/2efc4a090d25b667d3bc796798a3a81b\"},\"headline\":\"Emergencia en Barbacoas por desbordamiento del r\u00edo Telemb\u00ed y afluentes\",\"datePublished\":\"2021-06-09T00:03:35+00:00\",\"dateModified\":\"2021-06-09T00:09:04+00:00\",\"mainEntityOfPage\":{\"@id\":\"https:\/\/pagina10.com\/web\/emergencia-en-barbacoas-por-desbordamiento-del-rio-telembi-y-afluentes\/\"},\"wordCount\":190,\"commentCount\":0,\"publisher\":{\"@id\":\"https:\/\/pagina10.com\/web\/#organization\"},\"image\":{\"@id\":\"https:\/\/pagina10.com\/web\/emergencia-en-barbacoas-por-desbordamiento-del-rio-telembi-y-afluentes\/#primaryimage\"},\"thumbnailUrl\":\"https:\/\/pagina10.com\/web\/wp-content\/uploads\/2021\/06\/198018409_4074668439318157_4872867923263609289_n.jpg\",\"articleSection\":[\"Regiones\"],\"inLanguage\":\"es\",\"potentialAction\":[{\"@type\":\"CommentAction\",\"name\":\"Comment\",\"target\":[\"https:\/\/pagina10.com\/web\/emergencia-en-barbacoas-por-desbordamiento-del-rio-telembi-y-afluentes\/#respond\"]}]},{\"@type\":\"WebPage\",\"@id\":\"https:\/\/pagina10.com\/web\/emergencia-en-barbacoas-por-desbordamiento-del-rio-telembi-y-afluentes\/\",\"url\":\"https:\/\/pagina10.com\/web\/emergencia-en-barbacoas-por-desbordamiento-del-rio-telembi-y-afluentes\/\",\"name\":\"Emergencia en Barbacoas por desbordamiento del r\u00edo Telemb\u00ed y afluentes | P\u00e1gina10\",\"isPartOf\":{\"@id\":\"https:\/\/pagina10.com\/web\/#website\"},\"primaryImageOfPage\":{\"@id\":\"https:\/\/pagina10.com\/web\/emergencia-en-barbacoas-por-desbordamiento-del-rio-telembi-y-afluentes\/#primaryimage\"},\"image\":{\"@id\":\"https:\/\/pagina10.com\/web\/emergencia-en-barbacoas-por-desbordamiento-del-rio-telembi-y-afluentes\/#primaryimage\"},\"thumbnailUrl\":\"https:\/\/pagina10.com\/web\/wp-content\/uploads\/2021\/06\/198018409_4074668439318157_4872867923263609289_n.jpg\",\"datePublished\":\"2021-06-09T00:03:35+00:00\",\"dateModified\":\"2021-06-09T00:09:04+00:00\",\"breadcrumb\":{\"@id\":\"https:\/\/pagina10.com\/web\/emergencia-en-barbacoas-por-desbordamiento-del-rio-telembi-y-afluentes\/#breadcrumb\"},\"inLanguage\":\"es\",\"potentialAction\":[{\"@type\":\"ReadAction\",\"target\":[\"https:\/\/pagina10.com\/web\/emergencia-en-barbacoas-por-desbordamiento-del-rio-telembi-y-afluentes\/\"]}]},{\"@type\":\"ImageObject\",\"inLanguage\":\"es\",\"@id\":\"https:\/\/pagina10.com\/web\/emergencia-en-barbacoas-por-desbordamiento-del-rio-telembi-y-afluentes\/#primaryimage\",\"url\":\"https:\/\/pagina10.com\/web\/wp-content\/uploads\/2021\/06\/198018409_4074668439318157_4872867923263609289_n.jpg\",\"contentUrl\":\"https:\/\/pagina10.com\/web\/wp-content\/uploads\/2021\/06\/198018409_4074668439318157_4872867923263609289_n.jpg\",\"width\":960,\"height\":689},{\"@type\":\"BreadcrumbList\",\"@id\":\"https:\/\/pagina10.com\/web\/emergencia-en-barbacoas-por-desbordamiento-del-rio-telembi-y-afluentes\/#breadcrumb\",\"itemListElement\":[{\"@type\":\"ListItem\",\"position\":1,\"name\":\"Portada\",\"item\":\"https:\/\/pagina10.com\/web\/\"},{\"@type\":\"ListItem\",\"position\":2,\"name\":\"Emergencia en Barbacoas por desbordamiento del r\u00edo Telemb\u00ed y afluentes\"}]},{\"@type\":\"WebSite\",\"@id\":\"https:\/\/pagina10.com\/web\/#website\",\"url\":\"https:\/\/pagina10.com\/web\/\",\"name\":\"P\u00e1gina10\",\"description\":\"Peri\u00f3dico Regional\",\"publisher\":{\"@id\":\"https:\/\/pagina10.com\/web\/#organization\"},\"alternateName\":\"P\u00e1gina10 Peri\u00f3dico Regional\",\"potentialAction\":[{\"@type\":\"SearchAction\",\"target\":{\"@type\":\"EntryPoint\",\"urlTemplate\":\"https:\/\/pagina10.com\/web\/?s={search_term_string}\"},\"query-input\":{\"@type\":\"PropertyValueSpecification\",\"valueRequired\":true,\"valueName\":\"search_term_string\"}}],\"inLanguage\":\"es\"},{\"@type\":\"Organization\",\"@id\":\"https:\/\/pagina10.com\/web\/#organization\",\"name\":\"P\u00e1gina10\",\"alternateName\":\"P\u00e1gina10 Peri\u00f3dico Regional\",\"url\":\"https:\/\/pagina10.com\/web\/\",\"logo\":{\"@type\":\"ImageObject\",\"inLanguage\":\"es\",\"@id\":\"https:\/\/pagina10.com\/web\/#\/schema\/logo\/image\/\",\"url\":\"https:\/\/pagina10.com\/web\/wp-content\/uploads\/2024\/01\/40-pagina-10-periodico-regional-pasto.jpg\",\"contentUrl\":\"https:\/\/pagina10.com\/web\/wp-content\/uploads\/2024\/01\/40-pagina-10-periodico-regional-pasto.jpg\",\"width\":1280,\"height\":720,\"caption\":\"P\u00e1gina10\"},\"image\":{\"@id\":\"https:\/\/pagina10.com\/web\/#\/schema\/logo\/image\/\"},\"sameAs\":[\"https:\/\/www.facebook.com\/pag10com\",\"https:\/\/x.com\/Pag10com\",\"https:\/\/www.instagram.com\/pagina10col\/\",\"https:\/\/youtube.com\/channel\/pag10\",\"https:\/\/www.tiktok.com\/@p10col\"]},{\"@type\":\"Person\",\"@id\":\"https:\/\/pagina10.com\/web\/#\/schema\/person\/2efc4a090d25b667d3bc796798a3a81b\",\"name\":\"P\u00e1gina 10\",\"description\":\"P\u00e1gina 10 es un peri\u00f3dico regional que nace en Colombia, en el departamento de Nari\u00f1o, con un enfoque global, fundamentado en cuatro pilares esenciales: la libertad, el pluralismo, la inclusi\u00f3n y la independencia. P\u00e1gina 10 hace referencia a Nari\u00f1o como el d\u00e9cimo departamento creado en Colombia, despu\u00e9s de un proceso pol\u00edtico liderado por actores y actrices regionales con el fin de obtener la independencia y autonom\u00eda de nuestros territorios. Con la creaci\u00f3n de P\u00e1gina 10 se pretende abrir un escenario para el dialogo, la reflexi\u00f3n y el debate que se extienda a otras geograf\u00edas de Am\u00e9rica Latina y del planeta, en una apuesta por transformar colectivamente los desaf\u00edos de un mundo contempor\u00e1neo, m\u00e1s all\u00e1 de las fronteras impuestas.\",\"url\":\"https:\/\/pagina10.com\/web\/author\/pdiezadmin\/\"}]}<\/script>\n<!-- \/ Yoast SEO plugin. -->","yoast_head_json":{"title":"Emergencia en Barbacoas por desbordamiento del r\u00edo Telemb\u00ed y afluentes | P\u00e1gina10","robots":{"index":"index","follow":"follow","max-snippet":"max-snippet:-1","max-image-preview":"max-image-preview:large","max-video-preview":"max-video-preview:-1"},"canonical":"https:\/\/pagina10.com\/web\/emergencia-en-barbacoas-por-desbordamiento-del-rio-telembi-y-afluentes\/","og_locale":"es_ES","og_type":"article","og_title":"Emergencia en Barbacoas por desbordamiento del r\u00edo Telemb\u00ed y afluentes | P\u00e1gina10","og_description":"En horas de la madrugada del pasado lunes 7 de junio, habitantes del municipio de Barbacoas y campesinos de veredas aleda\u00f1as se vieron afectados por el desbordamiento del r\u00edo Telemb\u00ed y sus afluentes. La administraci\u00f3n municipal, dio a conocer en un reporte preliminar que aproximadamente 5.400 personas, 1800 familias, 42 veredas y 24 zonas del [&hellip;]","og_url":"https:\/\/pagina10.com\/web\/emergencia-en-barbacoas-por-desbordamiento-del-rio-telembi-y-afluentes\/","og_site_name":"P\u00e1gina10","article_publisher":"https:\/\/www.facebook.com\/pag10com","article_published_time":"2021-06-09T00:03:35+00:00","article_modified_time":"2021-06-09T00:09:04+00:00","og_image":[{"width":960,"height":689,"url":"https:\/\/pagina10.com\/web\/wp-content\/uploads\/2021\/06\/198018409_4074668439318157_4872867923263609289_n.jpg","type":"image\/jpeg"}],"author":"P\u00e1gina 10","twitter_card":"summary_large_image","twitter_creator":"@Pag10com","twitter_site":"@Pag10com","twitter_misc":{"Escrito por":"P\u00e1gina 10","Tiempo de lectura":"1 minuto"},"schema":{"@context":"https:\/\/schema.org","@graph":[{"@type":"Article","@id":"https:\/\/pagina10.com\/web\/emergencia-en-barbacoas-por-desbordamiento-del-rio-telembi-y-afluentes\/#article","isPartOf":{"@id":"https:\/\/pagina10.com\/web\/emergencia-en-barbacoas-por-desbordamiento-del-rio-telembi-y-afluentes\/"},"author":{"name":"P\u00e1gina 10","@id":"https:\/\/pagina10.com\/web\/#\/schema\/person\/2efc4a090d25b667d3bc796798a3a81b"},"headline":"Emergencia en Barbacoas por desbordamiento del r\u00edo Telemb\u00ed y afluentes","datePublished":"2021-06-09T00:03:35+00:00","dateModified":"2021-06-09T00:09:04+00:00","mainEntityOfPage":{"@id":"https:\/\/pagina10.com\/web\/emergencia-en-barbacoas-por-desbordamiento-del-rio-telembi-y-afluentes\/"},"wordCount":190,"commentCount":0,"publisher":{"@id":"https:\/\/pagina10.com\/web\/#organization"},"image":{"@id":"https:\/\/pagina10.com\/web\/emergencia-en-barbacoas-por-desbordamiento-del-rio-telembi-y-afluentes\/#primaryimage"},"thumbnailUrl":"https:\/\/pagina10.com\/web\/wp-content\/uploads\/2021\/06\/198018409_4074668439318157_4872867923263609289_n.jpg","articleSection":["Regiones"],"inLanguage":"es","potentialAction":[{"@type":"CommentAction","name":"Comment","target":["https:\/\/pagina10.com\/web\/emergencia-en-barbacoas-por-desbordamiento-del-rio-telembi-y-afluentes\/#respond"]}]},{"@type":"WebPage","@id":"https:\/\/pagina10.com\/web\/emergencia-en-barbacoas-por-desbordamiento-del-rio-telembi-y-afluentes\/","url":"https:\/\/pagina10.com\/web\/emergencia-en-barbacoas-por-desbordamiento-del-rio-telembi-y-afluentes\/","name":"Emergencia en Barbacoas por desbordamiento del r\u00edo Telemb\u00ed y afluentes | P\u00e1gina10","isPartOf":{"@id":"https:\/\/pagina10.com\/web\/#website"},"primaryImageOfPage":{"@id":"https:\/\/pagina10.com\/web\/emergencia-en-barbacoas-por-desbordamiento-del-rio-telembi-y-afluentes\/#primaryimage"},"image":{"@id":"https:\/\/pagina10.com\/web\/emergencia-en-barbacoas-por-desbordamiento-del-rio-telembi-y-afluentes\/#primaryimage"},"thumbnailUrl":"https:\/\/pagina10.com\/web\/wp-content\/uploads\/2021\/06\/198018409_4074668439318157_4872867923263609289_n.jpg","datePublished":"2021-06-09T00:03:35+00:00","dateModified":"2021-06-09T00:09:04+00:00","breadcrumb":{"@id":"https:\/\/pagina10.com\/web\/emergencia-en-barbacoas-por-desbordamiento-del-rio-telembi-y-afluentes\/#breadcrumb"},"inLanguage":"es","potentialAction":[{"@type":"ReadAction","target":["https:\/\/pagina10.com\/web\/emergencia-en-barbacoas-por-desbordamiento-del-rio-telembi-y-afluentes\/"]}]},{"@type":"ImageObject","inLanguage":"es","@id":"https:\/\/pagina10.com\/web\/emergencia-en-barbacoas-por-desbordamiento-del-rio-telembi-y-afluentes\/#primaryimage","url":"https:\/\/pagina10.com\/web\/wp-content\/uploads\/2021\/06\/198018409_4074668439318157_4872867923263609289_n.jpg","contentUrl":"https:\/\/pagina10.com\/web\/wp-content\/uploads\/2021\/06\/198018409_4074668439318157_4872867923263609289_n.jpg","width":960,"height":689},{"@type":"BreadcrumbList","@id":"https:\/\/pagina10.com\/web\/emergencia-en-barbacoas-por-desbordamiento-del-rio-telembi-y-afluentes\/#breadcrumb","itemListElement":[{"@type":"ListItem","position":1,"name":"Portada","item":"https:\/\/pagina10.com\/web\/"},{"@type":"ListItem","position":2,"name":"Emergencia en Barbacoas por desbordamiento del r\u00edo Telemb\u00ed y afluentes"}]},{"@type":"WebSite","@id":"https:\/\/pagina10.com\/web\/#website","url":"https:\/\/pagina10.com\/web\/","name":"P\u00e1gina10","description":"Peri\u00f3dico Regional","publisher":{"@id":"https:\/\/pagina10.com\/web\/#organization"},"alternateName":"P\u00e1gina10 Peri\u00f3dico Regional","potentialAction":[{"@type":"SearchAction","target":{"@type":"EntryPoint","urlTemplate":"https:\/\/pagina10.com\/web\/?s={search_term_string}"},"query-input":{"@type":"PropertyValueSpecification","valueRequired":true,"valueName":"search_term_string"}}],"inLanguage":"es"},{"@type":"Organization","@id":"https:\/\/pagina10.com\/web\/#organization","name":"P\u00e1gina10","alternateName":"P\u00e1gina10 Peri\u00f3dico Regional","url":"https:\/\/pagina10.com\/web\/","logo":{"@type":"ImageObject","inLanguage":"es","@id":"https:\/\/pagina10.com\/web\/#\/schema\/logo\/image\/","url":"https:\/\/pagina10.com\/web\/wp-content\/uploads\/2024\/01\/40-pagina-10-periodico-regional-pasto.jpg","contentUrl":"https:\/\/pagina10.com\/web\/wp-content\/uploads\/2024\/01\/40-pagina-10-periodico-regional-pasto.jpg","width":1280,"height":720,"caption":"P\u00e1gina10"},"image":{"@id":"https:\/\/pagina10.com\/web\/#\/schema\/logo\/image\/"},"sameAs":["https:\/\/www.facebook.com\/pag10com","https:\/\/x.com\/Pag10com","https:\/\/www.instagram.com\/pagina10col\/","https:\/\/youtube.com\/channel\/pag10","https:\/\/www.tiktok.com\/@p10col"]},{"@type":"Person","@id":"https:\/\/pagina10.com\/web\/#\/schema\/person\/2efc4a090d25b667d3bc796798a3a81b","name":"P\u00e1gina 10","description":"P\u00e1gina 10 es un peri\u00f3dico regional que nace en Colombia, en el departamento de Nari\u00f1o, con un enfoque global, fundamentado en cuatro pilares esenciales: la libertad, el pluralismo, la inclusi\u00f3n y la independencia. P\u00e1gina 10 hace referencia a Nari\u00f1o como el d\u00e9cimo departamento creado en Colombia, despu\u00e9s de un proceso pol\u00edtico liderado por actores y actrices regionales con el fin de obtener la independencia y autonom\u00eda de nuestros territorios. Con la creaci\u00f3n de P\u00e1gina 10 se pretende abrir un escenario para el dialogo, la reflexi\u00f3n y el debate que se extienda a otras geograf\u00edas de Am\u00e9rica Latina y del planeta, en una apuesta por transformar colectivamente los desaf\u00edos de un mundo contempor\u00e1neo, m\u00e1s all\u00e1 de las fronteras impuestas.","url":"https:\/\/pagina10.com\/web\/author\/pdiezadmin\/"}]}},"_links":{"self":[{"href":"https:\/\/pagina10.com\/web\/wp-json\/wp\/v2\/posts\/53021","targetHints":{"allow":["GET"]}}],"collection":[{"href":"https:\/\/pagina10.com\/web\/wp-json\/wp\/v2\/posts"}],"about":[{"href":"https:\/\/pagina10.com\/web\/wp-json\/wp\/v2\/types\/post"}],"author":[{"embeddable":true,"href":"https:\/\/pagina10.com\/web\/wp-json\/wp\/v2\/users\/1"}],"replies":[{"embeddable":true,"href":"https:\/\/pagina10.com\/web\/wp-json\/wp\/v2\/comments?post=53021"}],"version-history":[{"count":3,"href":"https:\/\/pagina10.com\/web\/wp-json\/wp\/v2\/posts\/53021\/revisions"}],"predecessor-version":[{"id":53024,"href":"https:\/\/pagina10.com\/web\/wp-json\/wp\/v2\/posts\/53021\/revisions\/53024"}],"wp:featuredmedia":[{"embeddable":true,"href":"https:\/\/pagina10.com\/web\/wp-json\/wp\/v2\/media\/53014"}],"wp:attachment":[{"href":"https:\/\/pagina10.com\/web\/wp-json\/wp\/v2\/media?parent=53021"}],"wp:term":[{"taxonomy":"category","embeddable":true,"href":"https:\/\/pagina10.com\/web\/wp-json\/wp\/v2\/categories?post=53021"},{"taxonomy":"post_tag","embeddable":true,"href":"https:\/\/pagina10.com\/web\/wp-json\/wp\/v2\/tags?post=53021"}],"curies":[{"name":"wp","href":"https:\/\/api.w.org\/{rel}","templated":true}]}}