{"id":53105,"date":"2021-06-11T13:08:00","date_gmt":"2021-06-11T18:08:00","guid":{"rendered":"https:\/\/pagina10.com\/web\/?p=53105"},"modified":"2021-06-11T13:08:00","modified_gmt":"2021-06-11T18:08:00","slug":"se-llevo-a-cabo-mesa-de-dialogo-entre-ediles-y-lideres-comunitarios-del-corregimiento-de-santa-barbara-y-la-alcaldia-de-pasto","status":"publish","type":"post","link":"https:\/\/pagina10.com\/web\/se-llevo-a-cabo-mesa-de-dialogo-entre-ediles-y-lideres-comunitarios-del-corregimiento-de-santa-barbara-y-la-alcaldia-de-pasto\/","title":{"rendered":"Se llev\u00f3 a cabo mesa de di\u00e1logo entre ediles y l\u00edderes comunitarios del corregimiento de Santa B\u00e1rbara y la Alcald\u00eda de Pasto."},"content":{"rendered":"<p style=\"text-align: justify;\">El jueves 10 de junio, se cumpli\u00f3 una nueva mesa de concertaci\u00f3n y di\u00e1logo entre el Alcalde de Pasto, Germ\u00e1n Chamorro De La Rosa, integrantes del gobierno municipal, ediles y l\u00edderes comunitarios del corregimiento de Santa B\u00e1rbara.<\/p>\n<p style=\"text-align: justify;\">En el encuentro se analizaron cada uno de los temas del pliego de peticiones que ya cuenta con un 90% de avance. As\u00ed mismo, recibieron nuevos requerimientos que ser\u00e1n atendidos por cada una de las secretar\u00edas de la Administraci\u00f3n Municipal.<\/p>\n<p style=\"text-align: justify;\">\u201cHay cosas muy buenas sobre los procesos que se pueden gestionar y hacer, pero es muy importante que desde la comunidad hagamos el seguimiento y sigamos al pendiente con las Juntas de Acci\u00f3n Comunal (JAC) y las Juntas Administradoras Locales (JAL), para que la Administraci\u00f3n Municipal contin\u00fae con su gesti\u00f3n. Para la pr\u00f3xima semana se agendaron dos reuniones, una de ellas para tratar el tema de los acueductos veredales que es una necesidad sentida\u201d, dijo la representante de la JAC, de la vereda Las Encinas, Maritza Rojas.<\/p>\n<p style=\"text-align: justify;\">El Alcalde y Secretarios concertaron los pr\u00f3ximos encuentros de trabajo en el territorio para avanzar con cada aspecto y luego, con resultados, adelantar una nueva sesi\u00f3n con presencia del Mandatario Local.<\/p>\n<p style=\"text-align: justify;\">\u201cLa Alcald\u00eda estar\u00e1 presente y los secretarios se han comprometido a avanzar en temas como acueducto, alcantarillado, v\u00edas, colegio y salud, tambi\u00e9n el alcalde Germ\u00e1n Chamorro De La Rosa se comprometi\u00f3 a gestionar ante la ANI el tema de conectividad vial en un tramo del R\u00edo Bobo, que favorecer\u00e1 a esta comunidad\u201d, explic\u00f3 el secretario de Desarrollo Comunitario, Mario Pinto.<\/p>\n<p style=\"text-align: justify;\">La Administraci\u00f3n Municipal mantiene las puertas abiertas al di\u00e1logo para recibir a todos los l\u00edderes comunitarios y efectuar un trabajo mancomunado con la ciudadan\u00eda.<\/p>\n","protected":false},"excerpt":{"rendered":"<p>El jueves 10 de junio, se cumpli\u00f3 una nueva mesa de concertaci\u00f3n y di\u00e1logo entre el Alcalde de Pasto, Germ\u00e1n Chamorro De La Rosa, integrantes del gobierno municipal, ediles y l\u00edderes comunitarios del corregimiento de Santa B\u00e1rbara. En el encuentro se analizaron cada uno de los temas del pliego de peticiones que ya cuenta con [&hellip;]<\/p>\n","protected":false},"author":1,"featured_media":53106,"comment_status":"open","ping_status":"open","sticky":false,"template":"","format":"standard","meta":{"footnotes":""},"categories":[82],"tags":[],"class_list":["post-53105","post","type-post","status-publish","format-standard","has-post-thumbnail","hentry","category-ciudad-2"],"yoast_head":"<!-- This site is optimized with the Yoast SEO plugin v27.1.1 - https:\/\/yoast.com\/product\/yoast-seo-wordpress\/ -->\n<title>Se llev\u00f3 a cabo mesa de di\u00e1logo entre ediles y l\u00edderes comunitarios del corregimiento de Santa B\u00e1rbara y la Alcald\u00eda de Pasto. | P\u00e1gina10<\/title>\n<meta name=\"robots\" content=\"index, follow, max-snippet:-1, max-image-preview:large, max-video-preview:-1\" \/>\n<link rel=\"canonical\" href=\"https:\/\/pagina10.com\/web\/se-llevo-a-cabo-mesa-de-dialogo-entre-ediles-y-lideres-comunitarios-del-corregimiento-de-santa-barbara-y-la-alcaldia-de-pasto\/\" \/>\n<meta property=\"og:locale\" content=\"es_ES\" \/>\n<meta property=\"og:type\" content=\"article\" \/>\n<meta property=\"og:title\" content=\"Se llev\u00f3 a cabo mesa de di\u00e1logo entre ediles y l\u00edderes comunitarios del corregimiento de Santa B\u00e1rbara y la Alcald\u00eda de Pasto. | P\u00e1gina10\" \/>\n<meta property=\"og:description\" content=\"El jueves 10 de junio, se cumpli\u00f3 una nueva mesa de concertaci\u00f3n y di\u00e1logo entre el Alcalde de Pasto, Germ\u00e1n Chamorro De La Rosa, integrantes del gobierno municipal, ediles y l\u00edderes comunitarios del corregimiento de Santa B\u00e1rbara. En el encuentro se analizaron cada uno de los temas del pliego de peticiones que ya cuenta con [&hellip;]\" \/>\n<meta property=\"og:url\" content=\"https:\/\/pagina10.com\/web\/se-llevo-a-cabo-mesa-de-dialogo-entre-ediles-y-lideres-comunitarios-del-corregimiento-de-santa-barbara-y-la-alcaldia-de-pasto\/\" \/>\n<meta property=\"og:site_name\" content=\"P\u00e1gina10\" \/>\n<meta property=\"article:publisher\" content=\"https:\/\/www.facebook.com\/pag10com\" \/>\n<meta property=\"article:published_time\" content=\"2021-06-11T18:08:00+00:00\" \/>\n<meta property=\"og:image\" content=\"https:\/\/pagina10.com\/web\/wp-content\/uploads\/2021\/06\/WhatsApp-Image-2021-06-11-at-1.00.33-PM.jpeg\" \/>\n\t<meta property=\"og:image:width\" content=\"1280\" \/>\n\t<meta property=\"og:image:height\" content=\"853\" \/>\n\t<meta property=\"og:image:type\" content=\"image\/jpeg\" \/>\n<meta name=\"author\" content=\"P\u00e1gina 10\" \/>\n<meta name=\"twitter:card\" content=\"summary_large_image\" \/>\n<meta name=\"twitter:creator\" content=\"@Pag10com\" \/>\n<meta name=\"twitter:site\" content=\"@Pag10com\" \/>\n<meta name=\"twitter:label1\" content=\"Escrito por\" \/>\n\t<meta name=\"twitter:data1\" content=\"P\u00e1gina 10\" \/>\n\t<meta name=\"twitter:label2\" content=\"Tiempo de lectura\" \/>\n\t<meta name=\"twitter:data2\" content=\"2 minutos\" \/>\n<script type=\"application\/ld+json\" class=\"yoast-schema-graph\">{\"@context\":\"https:\/\/schema.org\",\"@graph\":[{\"@type\":\"Article\",\"@id\":\"https:\/\/pagina10.com\/web\/se-llevo-a-cabo-mesa-de-dialogo-entre-ediles-y-lideres-comunitarios-del-corregimiento-de-santa-barbara-y-la-alcaldia-de-pasto\/#article\",\"isPartOf\":{\"@id\":\"https:\/\/pagina10.com\/web\/se-llevo-a-cabo-mesa-de-dialogo-entre-ediles-y-lideres-comunitarios-del-corregimiento-de-santa-barbara-y-la-alcaldia-de-pasto\/\"},\"author\":{\"name\":\"P\u00e1gina 10\",\"@id\":\"https:\/\/pagina10.com\/web\/#\/schema\/person\/2efc4a090d25b667d3bc796798a3a81b\"},\"headline\":\"Se llev\u00f3 a cabo mesa de di\u00e1logo entre ediles y l\u00edderes comunitarios del corregimiento de Santa B\u00e1rbara y la Alcald\u00eda de Pasto.\",\"datePublished\":\"2021-06-11T18:08:00+00:00\",\"mainEntityOfPage\":{\"@id\":\"https:\/\/pagina10.com\/web\/se-llevo-a-cabo-mesa-de-dialogo-entre-ediles-y-lideres-comunitarios-del-corregimiento-de-santa-barbara-y-la-alcaldia-de-pasto\/\"},\"wordCount\":327,\"commentCount\":0,\"publisher\":{\"@id\":\"https:\/\/pagina10.com\/web\/#organization\"},\"image\":{\"@id\":\"https:\/\/pagina10.com\/web\/se-llevo-a-cabo-mesa-de-dialogo-entre-ediles-y-lideres-comunitarios-del-corregimiento-de-santa-barbara-y-la-alcaldia-de-pasto\/#primaryimage\"},\"thumbnailUrl\":\"https:\/\/pagina10.com\/web\/wp-content\/uploads\/2021\/06\/WhatsApp-Image-2021-06-11-at-1.00.33-PM.jpeg\",\"articleSection\":[\"Ciudad\"],\"inLanguage\":\"es\",\"potentialAction\":[{\"@type\":\"CommentAction\",\"name\":\"Comment\",\"target\":[\"https:\/\/pagina10.com\/web\/se-llevo-a-cabo-mesa-de-dialogo-entre-ediles-y-lideres-comunitarios-del-corregimiento-de-santa-barbara-y-la-alcaldia-de-pasto\/#respond\"]}]},{\"@type\":\"WebPage\",\"@id\":\"https:\/\/pagina10.com\/web\/se-llevo-a-cabo-mesa-de-dialogo-entre-ediles-y-lideres-comunitarios-del-corregimiento-de-santa-barbara-y-la-alcaldia-de-pasto\/\",\"url\":\"https:\/\/pagina10.com\/web\/se-llevo-a-cabo-mesa-de-dialogo-entre-ediles-y-lideres-comunitarios-del-corregimiento-de-santa-barbara-y-la-alcaldia-de-pasto\/\",\"name\":\"Se llev\u00f3 a cabo mesa de di\u00e1logo entre ediles y l\u00edderes comunitarios del corregimiento de Santa B\u00e1rbara y la Alcald\u00eda de Pasto. | P\u00e1gina10\",\"isPartOf\":{\"@id\":\"https:\/\/pagina10.com\/web\/#website\"},\"primaryImageOfPage\":{\"@id\":\"https:\/\/pagina10.com\/web\/se-llevo-a-cabo-mesa-de-dialogo-entre-ediles-y-lideres-comunitarios-del-corregimiento-de-santa-barbara-y-la-alcaldia-de-pasto\/#primaryimage\"},\"image\":{\"@id\":\"https:\/\/pagina10.com\/web\/se-llevo-a-cabo-mesa-de-dialogo-entre-ediles-y-lideres-comunitarios-del-corregimiento-de-santa-barbara-y-la-alcaldia-de-pasto\/#primaryimage\"},\"thumbnailUrl\":\"https:\/\/pagina10.com\/web\/wp-content\/uploads\/2021\/06\/WhatsApp-Image-2021-06-11-at-1.00.33-PM.jpeg\",\"datePublished\":\"2021-06-11T18:08:00+00:00\",\"breadcrumb\":{\"@id\":\"https:\/\/pagina10.com\/web\/se-llevo-a-cabo-mesa-de-dialogo-entre-ediles-y-lideres-comunitarios-del-corregimiento-de-santa-barbara-y-la-alcaldia-de-pasto\/#breadcrumb\"},\"inLanguage\":\"es\",\"potentialAction\":[{\"@type\":\"ReadAction\",\"target\":[\"https:\/\/pagina10.com\/web\/se-llevo-a-cabo-mesa-de-dialogo-entre-ediles-y-lideres-comunitarios-del-corregimiento-de-santa-barbara-y-la-alcaldia-de-pasto\/\"]}]},{\"@type\":\"ImageObject\",\"inLanguage\":\"es\",\"@id\":\"https:\/\/pagina10.com\/web\/se-llevo-a-cabo-mesa-de-dialogo-entre-ediles-y-lideres-comunitarios-del-corregimiento-de-santa-barbara-y-la-alcaldia-de-pasto\/#primaryimage\",\"url\":\"https:\/\/pagina10.com\/web\/wp-content\/uploads\/2021\/06\/WhatsApp-Image-2021-06-11-at-1.00.33-PM.jpeg\",\"contentUrl\":\"https:\/\/pagina10.com\/web\/wp-content\/uploads\/2021\/06\/WhatsApp-Image-2021-06-11-at-1.00.33-PM.jpeg\",\"width\":1280,\"height\":853},{\"@type\":\"BreadcrumbList\",\"@id\":\"https:\/\/pagina10.com\/web\/se-llevo-a-cabo-mesa-de-dialogo-entre-ediles-y-lideres-comunitarios-del-corregimiento-de-santa-barbara-y-la-alcaldia-de-pasto\/#breadcrumb\",\"itemListElement\":[{\"@type\":\"ListItem\",\"position\":1,\"name\":\"Portada\",\"item\":\"https:\/\/pagina10.com\/web\/\"},{\"@type\":\"ListItem\",\"position\":2,\"name\":\"Se llev\u00f3 a cabo mesa de di\u00e1logo entre ediles y l\u00edderes comunitarios del corregimiento de Santa B\u00e1rbara y la Alcald\u00eda de Pasto.\"}]},{\"@type\":\"WebSite\",\"@id\":\"https:\/\/pagina10.com\/web\/#website\",\"url\":\"https:\/\/pagina10.com\/web\/\",\"name\":\"P\u00e1gina10\",\"description\":\"Peri\u00f3dico Regional\",\"publisher\":{\"@id\":\"https:\/\/pagina10.com\/web\/#organization\"},\"alternateName\":\"P\u00e1gina10 Peri\u00f3dico Regional\",\"potentialAction\":[{\"@type\":\"SearchAction\",\"target\":{\"@type\":\"EntryPoint\",\"urlTemplate\":\"https:\/\/pagina10.com\/web\/?s={search_term_string}\"},\"query-input\":{\"@type\":\"PropertyValueSpecification\",\"valueRequired\":true,\"valueName\":\"search_term_string\"}}],\"inLanguage\":\"es\"},{\"@type\":\"Organization\",\"@id\":\"https:\/\/pagina10.com\/web\/#organization\",\"name\":\"P\u00e1gina10\",\"alternateName\":\"P\u00e1gina10 Peri\u00f3dico Regional\",\"url\":\"https:\/\/pagina10.com\/web\/\",\"logo\":{\"@type\":\"ImageObject\",\"inLanguage\":\"es\",\"@id\":\"https:\/\/pagina10.com\/web\/#\/schema\/logo\/image\/\",\"url\":\"https:\/\/pagina10.com\/web\/wp-content\/uploads\/2024\/01\/40-pagina-10-periodico-regional-pasto.jpg\",\"contentUrl\":\"https:\/\/pagina10.com\/web\/wp-content\/uploads\/2024\/01\/40-pagina-10-periodico-regional-pasto.jpg\",\"width\":1280,\"height\":720,\"caption\":\"P\u00e1gina10\"},\"image\":{\"@id\":\"https:\/\/pagina10.com\/web\/#\/schema\/logo\/image\/\"},\"sameAs\":[\"https:\/\/www.facebook.com\/pag10com\",\"https:\/\/x.com\/Pag10com\",\"https:\/\/www.instagram.com\/pagina10col\/\",\"https:\/\/youtube.com\/channel\/pag10\",\"https:\/\/www.tiktok.com\/@p10col\"]},{\"@type\":\"Person\",\"@id\":\"https:\/\/pagina10.com\/web\/#\/schema\/person\/2efc4a090d25b667d3bc796798a3a81b\",\"name\":\"P\u00e1gina 10\",\"description\":\"P\u00e1gina 10 es un peri\u00f3dico regional que nace en Colombia, en el departamento de Nari\u00f1o, con un enfoque global, fundamentado en cuatro pilares esenciales: la libertad, el pluralismo, la inclusi\u00f3n y la independencia. P\u00e1gina 10 hace referencia a Nari\u00f1o como el d\u00e9cimo departamento creado en Colombia, despu\u00e9s de un proceso pol\u00edtico liderado por actores y actrices regionales con el fin de obtener la independencia y autonom\u00eda de nuestros territorios. Con la creaci\u00f3n de P\u00e1gina 10 se pretende abrir un escenario para el dialogo, la reflexi\u00f3n y el debate que se extienda a otras geograf\u00edas de Am\u00e9rica Latina y del planeta, en una apuesta por transformar colectivamente los desaf\u00edos de un mundo contempor\u00e1neo, m\u00e1s all\u00e1 de las fronteras impuestas.\",\"url\":\"https:\/\/pagina10.com\/web\/author\/pdiezadmin\/\"}]}<\/script>\n<!-- \/ Yoast SEO plugin. -->","yoast_head_json":{"title":"Se llev\u00f3 a cabo mesa de di\u00e1logo entre ediles y l\u00edderes comunitarios del corregimiento de Santa B\u00e1rbara y la Alcald\u00eda de Pasto. | P\u00e1gina10","robots":{"index":"index","follow":"follow","max-snippet":"max-snippet:-1","max-image-preview":"max-image-preview:large","max-video-preview":"max-video-preview:-1"},"canonical":"https:\/\/pagina10.com\/web\/se-llevo-a-cabo-mesa-de-dialogo-entre-ediles-y-lideres-comunitarios-del-corregimiento-de-santa-barbara-y-la-alcaldia-de-pasto\/","og_locale":"es_ES","og_type":"article","og_title":"Se llev\u00f3 a cabo mesa de di\u00e1logo entre ediles y l\u00edderes comunitarios del corregimiento de Santa B\u00e1rbara y la Alcald\u00eda de Pasto. | P\u00e1gina10","og_description":"El jueves 10 de junio, se cumpli\u00f3 una nueva mesa de concertaci\u00f3n y di\u00e1logo entre el Alcalde de Pasto, Germ\u00e1n Chamorro De La Rosa, integrantes del gobierno municipal, ediles y l\u00edderes comunitarios del corregimiento de Santa B\u00e1rbara. En el encuentro se analizaron cada uno de los temas del pliego de peticiones que ya cuenta con [&hellip;]","og_url":"https:\/\/pagina10.com\/web\/se-llevo-a-cabo-mesa-de-dialogo-entre-ediles-y-lideres-comunitarios-del-corregimiento-de-santa-barbara-y-la-alcaldia-de-pasto\/","og_site_name":"P\u00e1gina10","article_publisher":"https:\/\/www.facebook.com\/pag10com","article_published_time":"2021-06-11T18:08:00+00:00","og_image":[{"width":1280,"height":853,"url":"https:\/\/pagina10.com\/web\/wp-content\/uploads\/2021\/06\/WhatsApp-Image-2021-06-11-at-1.00.33-PM.jpeg","type":"image\/jpeg"}],"author":"P\u00e1gina 10","twitter_card":"summary_large_image","twitter_creator":"@Pag10com","twitter_site":"@Pag10com","twitter_misc":{"Escrito por":"P\u00e1gina 10","Tiempo de lectura":"2 minutos"},"schema":{"@context":"https:\/\/schema.org","@graph":[{"@type":"Article","@id":"https:\/\/pagina10.com\/web\/se-llevo-a-cabo-mesa-de-dialogo-entre-ediles-y-lideres-comunitarios-del-corregimiento-de-santa-barbara-y-la-alcaldia-de-pasto\/#article","isPartOf":{"@id":"https:\/\/pagina10.com\/web\/se-llevo-a-cabo-mesa-de-dialogo-entre-ediles-y-lideres-comunitarios-del-corregimiento-de-santa-barbara-y-la-alcaldia-de-pasto\/"},"author":{"name":"P\u00e1gina 10","@id":"https:\/\/pagina10.com\/web\/#\/schema\/person\/2efc4a090d25b667d3bc796798a3a81b"},"headline":"Se llev\u00f3 a cabo mesa de di\u00e1logo entre ediles y l\u00edderes comunitarios del corregimiento de Santa B\u00e1rbara y la Alcald\u00eda de Pasto.","datePublished":"2021-06-11T18:08:00+00:00","mainEntityOfPage":{"@id":"https:\/\/pagina10.com\/web\/se-llevo-a-cabo-mesa-de-dialogo-entre-ediles-y-lideres-comunitarios-del-corregimiento-de-santa-barbara-y-la-alcaldia-de-pasto\/"},"wordCount":327,"commentCount":0,"publisher":{"@id":"https:\/\/pagina10.com\/web\/#organization"},"image":{"@id":"https:\/\/pagina10.com\/web\/se-llevo-a-cabo-mesa-de-dialogo-entre-ediles-y-lideres-comunitarios-del-corregimiento-de-santa-barbara-y-la-alcaldia-de-pasto\/#primaryimage"},"thumbnailUrl":"https:\/\/pagina10.com\/web\/wp-content\/uploads\/2021\/06\/WhatsApp-Image-2021-06-11-at-1.00.33-PM.jpeg","articleSection":["Ciudad"],"inLanguage":"es","potentialAction":[{"@type":"CommentAction","name":"Comment","target":["https:\/\/pagina10.com\/web\/se-llevo-a-cabo-mesa-de-dialogo-entre-ediles-y-lideres-comunitarios-del-corregimiento-de-santa-barbara-y-la-alcaldia-de-pasto\/#respond"]}]},{"@type":"WebPage","@id":"https:\/\/pagina10.com\/web\/se-llevo-a-cabo-mesa-de-dialogo-entre-ediles-y-lideres-comunitarios-del-corregimiento-de-santa-barbara-y-la-alcaldia-de-pasto\/","url":"https:\/\/pagina10.com\/web\/se-llevo-a-cabo-mesa-de-dialogo-entre-ediles-y-lideres-comunitarios-del-corregimiento-de-santa-barbara-y-la-alcaldia-de-pasto\/","name":"Se llev\u00f3 a cabo mesa de di\u00e1logo entre ediles y l\u00edderes comunitarios del corregimiento de Santa B\u00e1rbara y la Alcald\u00eda de Pasto. | P\u00e1gina10","isPartOf":{"@id":"https:\/\/pagina10.com\/web\/#website"},"primaryImageOfPage":{"@id":"https:\/\/pagina10.com\/web\/se-llevo-a-cabo-mesa-de-dialogo-entre-ediles-y-lideres-comunitarios-del-corregimiento-de-santa-barbara-y-la-alcaldia-de-pasto\/#primaryimage"},"image":{"@id":"https:\/\/pagina10.com\/web\/se-llevo-a-cabo-mesa-de-dialogo-entre-ediles-y-lideres-comunitarios-del-corregimiento-de-santa-barbara-y-la-alcaldia-de-pasto\/#primaryimage"},"thumbnailUrl":"https:\/\/pagina10.com\/web\/wp-content\/uploads\/2021\/06\/WhatsApp-Image-2021-06-11-at-1.00.33-PM.jpeg","datePublished":"2021-06-11T18:08:00+00:00","breadcrumb":{"@id":"https:\/\/pagina10.com\/web\/se-llevo-a-cabo-mesa-de-dialogo-entre-ediles-y-lideres-comunitarios-del-corregimiento-de-santa-barbara-y-la-alcaldia-de-pasto\/#breadcrumb"},"inLanguage":"es","potentialAction":[{"@type":"ReadAction","target":["https:\/\/pagina10.com\/web\/se-llevo-a-cabo-mesa-de-dialogo-entre-ediles-y-lideres-comunitarios-del-corregimiento-de-santa-barbara-y-la-alcaldia-de-pasto\/"]}]},{"@type":"ImageObject","inLanguage":"es","@id":"https:\/\/pagina10.com\/web\/se-llevo-a-cabo-mesa-de-dialogo-entre-ediles-y-lideres-comunitarios-del-corregimiento-de-santa-barbara-y-la-alcaldia-de-pasto\/#primaryimage","url":"https:\/\/pagina10.com\/web\/wp-content\/uploads\/2021\/06\/WhatsApp-Image-2021-06-11-at-1.00.33-PM.jpeg","contentUrl":"https:\/\/pagina10.com\/web\/wp-content\/uploads\/2021\/06\/WhatsApp-Image-2021-06-11-at-1.00.33-PM.jpeg","width":1280,"height":853},{"@type":"BreadcrumbList","@id":"https:\/\/pagina10.com\/web\/se-llevo-a-cabo-mesa-de-dialogo-entre-ediles-y-lideres-comunitarios-del-corregimiento-de-santa-barbara-y-la-alcaldia-de-pasto\/#breadcrumb","itemListElement":[{"@type":"ListItem","position":1,"name":"Portada","item":"https:\/\/pagina10.com\/web\/"},{"@type":"ListItem","position":2,"name":"Se llev\u00f3 a cabo mesa de di\u00e1logo entre ediles y l\u00edderes comunitarios del corregimiento de Santa B\u00e1rbara y la Alcald\u00eda de Pasto."}]},{"@type":"WebSite","@id":"https:\/\/pagina10.com\/web\/#website","url":"https:\/\/pagina10.com\/web\/","name":"P\u00e1gina10","description":"Peri\u00f3dico Regional","publisher":{"@id":"https:\/\/pagina10.com\/web\/#organization"},"alternateName":"P\u00e1gina10 Peri\u00f3dico Regional","potentialAction":[{"@type":"SearchAction","target":{"@type":"EntryPoint","urlTemplate":"https:\/\/pagina10.com\/web\/?s={search_term_string}"},"query-input":{"@type":"PropertyValueSpecification","valueRequired":true,"valueName":"search_term_string"}}],"inLanguage":"es"},{"@type":"Organization","@id":"https:\/\/pagina10.com\/web\/#organization","name":"P\u00e1gina10","alternateName":"P\u00e1gina10 Peri\u00f3dico Regional","url":"https:\/\/pagina10.com\/web\/","logo":{"@type":"ImageObject","inLanguage":"es","@id":"https:\/\/pagina10.com\/web\/#\/schema\/logo\/image\/","url":"https:\/\/pagina10.com\/web\/wp-content\/uploads\/2024\/01\/40-pagina-10-periodico-regional-pasto.jpg","contentUrl":"https:\/\/pagina10.com\/web\/wp-content\/uploads\/2024\/01\/40-pagina-10-periodico-regional-pasto.jpg","width":1280,"height":720,"caption":"P\u00e1gina10"},"image":{"@id":"https:\/\/pagina10.com\/web\/#\/schema\/logo\/image\/"},"sameAs":["https:\/\/www.facebook.com\/pag10com","https:\/\/x.com\/Pag10com","https:\/\/www.instagram.com\/pagina10col\/","https:\/\/youtube.com\/channel\/pag10","https:\/\/www.tiktok.com\/@p10col"]},{"@type":"Person","@id":"https:\/\/pagina10.com\/web\/#\/schema\/person\/2efc4a090d25b667d3bc796798a3a81b","name":"P\u00e1gina 10","description":"P\u00e1gina 10 es un peri\u00f3dico regional que nace en Colombia, en el departamento de Nari\u00f1o, con un enfoque global, fundamentado en cuatro pilares esenciales: la libertad, el pluralismo, la inclusi\u00f3n y la independencia. P\u00e1gina 10 hace referencia a Nari\u00f1o como el d\u00e9cimo departamento creado en Colombia, despu\u00e9s de un proceso pol\u00edtico liderado por actores y actrices regionales con el fin de obtener la independencia y autonom\u00eda de nuestros territorios. Con la creaci\u00f3n de P\u00e1gina 10 se pretende abrir un escenario para el dialogo, la reflexi\u00f3n y el debate que se extienda a otras geograf\u00edas de Am\u00e9rica Latina y del planeta, en una apuesta por transformar colectivamente los desaf\u00edos de un mundo contempor\u00e1neo, m\u00e1s all\u00e1 de las fronteras impuestas.","url":"https:\/\/pagina10.com\/web\/author\/pdiezadmin\/"}]}},"_links":{"self":[{"href":"https:\/\/pagina10.com\/web\/wp-json\/wp\/v2\/posts\/53105","targetHints":{"allow":["GET"]}}],"collection":[{"href":"https:\/\/pagina10.com\/web\/wp-json\/wp\/v2\/posts"}],"about":[{"href":"https:\/\/pagina10.com\/web\/wp-json\/wp\/v2\/types\/post"}],"author":[{"embeddable":true,"href":"https:\/\/pagina10.com\/web\/wp-json\/wp\/v2\/users\/1"}],"replies":[{"embeddable":true,"href":"https:\/\/pagina10.com\/web\/wp-json\/wp\/v2\/comments?post=53105"}],"version-history":[{"count":1,"href":"https:\/\/pagina10.com\/web\/wp-json\/wp\/v2\/posts\/53105\/revisions"}],"predecessor-version":[{"id":53107,"href":"https:\/\/pagina10.com\/web\/wp-json\/wp\/v2\/posts\/53105\/revisions\/53107"}],"wp:featuredmedia":[{"embeddable":true,"href":"https:\/\/pagina10.com\/web\/wp-json\/wp\/v2\/media\/53106"}],"wp:attachment":[{"href":"https:\/\/pagina10.com\/web\/wp-json\/wp\/v2\/media?parent=53105"}],"wp:term":[{"taxonomy":"category","embeddable":true,"href":"https:\/\/pagina10.com\/web\/wp-json\/wp\/v2\/categories?post=53105"},{"taxonomy":"post_tag","embeddable":true,"href":"https:\/\/pagina10.com\/web\/wp-json\/wp\/v2\/tags?post=53105"}],"curies":[{"name":"wp","href":"https:\/\/api.w.org\/{rel}","templated":true}]}}