{"id":53149,"date":"2021-06-12T21:22:51","date_gmt":"2021-06-13T02:22:51","guid":{"rendered":"https:\/\/pagina10.com\/web\/?p=53149"},"modified":"2021-06-12T21:23:47","modified_gmt":"2021-06-13T02:23:47","slug":"quiere-adoptar-una-mascota-este-domingo-sera-la-tercera-jornada-de-adopcion-animal","status":"publish","type":"post","link":"https:\/\/pagina10.com\/web\/quiere-adoptar-una-mascota-este-domingo-sera-la-tercera-jornada-de-adopcion-animal\/","title":{"rendered":"\u00bfQuiere adoptar una mascota? Este domingo ser\u00e1 la tercera jornada de adopci\u00f3n animal"},"content":{"rendered":"<p style=\"text-align: justify;\">La Alcald\u00eda de Pasto en conjunto con la Fundaci\u00f3n Red Protectores de Animales, anunciaron que se desarrollar\u00e1 una nueva jornada de adopci\u00f3n animal en la ciudad.<\/p>\n<p style=\"text-align: justify;\">El evento tendr\u00e1 como fin brindarles la oportunidad a los peludos del Centro de Bienestar Animal CBD, de ser adoptados y disfrutar de un hogar.<\/p>\n<p style=\"text-align: justify;\">Esta nueva jornada de adopci\u00f3n ser\u00e1 llevada a cabo este domingo 13 de junioa partir de la 1:00 p.m en el Parque Bolivar.<\/p>\n<p>&nbsp;<\/p>\n<p><img fetchpriority=\"high\" decoding=\"async\" class=\"aligncenter size-full wp-image-53150\" style=\"text-align: justify;\" src=\"https:\/\/pagina10.com\/web\/wp-content\/uploads\/2021\/06\/200279941_4087473197955489_4105424361442093524_n.jpg\" alt=\"\" width=\"1280\" height=\"1280\" srcset=\"https:\/\/pagina10.com\/web\/wp-content\/uploads\/2021\/06\/200279941_4087473197955489_4105424361442093524_n.jpg 1280w, https:\/\/pagina10.com\/web\/wp-content\/uploads\/2021\/06\/200279941_4087473197955489_4105424361442093524_n-300x300.jpg 300w, https:\/\/pagina10.com\/web\/wp-content\/uploads\/2021\/06\/200279941_4087473197955489_4105424361442093524_n-1024x1024.jpg 1024w, https:\/\/pagina10.com\/web\/wp-content\/uploads\/2021\/06\/200279941_4087473197955489_4105424361442093524_n-150x150.jpg 150w, https:\/\/pagina10.com\/web\/wp-content\/uploads\/2021\/06\/200279941_4087473197955489_4105424361442093524_n-768x768.jpg 768w, https:\/\/pagina10.com\/web\/wp-content\/uploads\/2021\/06\/200279941_4087473197955489_4105424361442093524_n-100x100.jpg 100w\" sizes=\"(max-width: 1280px) 100vw, 1280px\" \/><\/p>\n<p>&nbsp;<\/p>\n","protected":false},"excerpt":{"rendered":"<p>La Alcald\u00eda de Pasto en conjunto con la Fundaci\u00f3n Red Protectores de Animales, anunciaron que se desarrollar\u00e1 una nueva jornada de adopci\u00f3n animal en la ciudad. El evento tendr\u00e1 como fin brindarles la oportunidad a los peludos del Centro de Bienestar Animal CBD, de ser adoptados y disfrutar de un hogar. Esta nueva jornada de [&hellip;]<\/p>\n","protected":false},"author":1,"featured_media":53151,"comment_status":"open","ping_status":"open","sticky":false,"template":"","format":"standard","meta":{"footnotes":""},"categories":[82],"tags":[],"class_list":["post-53149","post","type-post","status-publish","format-standard","has-post-thumbnail","hentry","category-ciudad-2"],"yoast_head":"<!-- This site is optimized with the Yoast SEO plugin v27.1.1 - https:\/\/yoast.com\/product\/yoast-seo-wordpress\/ -->\n<title>\u00bfQuiere adoptar una mascota? Este domingo ser\u00e1 la tercera jornada de adopci\u00f3n animal | P\u00e1gina10<\/title>\n<meta name=\"robots\" content=\"index, follow, max-snippet:-1, max-image-preview:large, max-video-preview:-1\" \/>\n<link rel=\"canonical\" href=\"https:\/\/pagina10.com\/web\/quiere-adoptar-una-mascota-este-domingo-sera-la-tercera-jornada-de-adopcion-animal\/\" \/>\n<meta property=\"og:locale\" content=\"es_ES\" \/>\n<meta property=\"og:type\" content=\"article\" \/>\n<meta property=\"og:title\" content=\"\u00bfQuiere adoptar una mascota? Este domingo ser\u00e1 la tercera jornada de adopci\u00f3n animal | P\u00e1gina10\" \/>\n<meta property=\"og:description\" content=\"La Alcald\u00eda de Pasto en conjunto con la Fundaci\u00f3n Red Protectores de Animales, anunciaron que se desarrollar\u00e1 una nueva jornada de adopci\u00f3n animal en la ciudad. El evento tendr\u00e1 como fin brindarles la oportunidad a los peludos del Centro de Bienestar Animal CBD, de ser adoptados y disfrutar de un hogar. Esta nueva jornada de [&hellip;]\" \/>\n<meta property=\"og:url\" content=\"https:\/\/pagina10.com\/web\/quiere-adoptar-una-mascota-este-domingo-sera-la-tercera-jornada-de-adopcion-animal\/\" \/>\n<meta property=\"og:site_name\" content=\"P\u00e1gina10\" \/>\n<meta property=\"article:publisher\" content=\"https:\/\/www.facebook.com\/pag10com\" \/>\n<meta property=\"article:published_time\" content=\"2021-06-13T02:22:51+00:00\" \/>\n<meta property=\"article:modified_time\" content=\"2021-06-13T02:23:47+00:00\" \/>\n<meta property=\"og:image\" content=\"https:\/\/pagina10.com\/web\/wp-content\/uploads\/2021\/06\/rescue-dog-enjoying-being-pet-by-woman-at-shelter-scaled.jpg\" \/>\n\t<meta property=\"og:image:width\" content=\"2560\" \/>\n\t<meta property=\"og:image:height\" content=\"1440\" \/>\n\t<meta property=\"og:image:type\" content=\"image\/jpeg\" \/>\n<meta name=\"author\" content=\"P\u00e1gina 10\" \/>\n<meta name=\"twitter:card\" content=\"summary_large_image\" \/>\n<meta name=\"twitter:creator\" content=\"@Pag10com\" \/>\n<meta name=\"twitter:site\" content=\"@Pag10com\" \/>\n<meta name=\"twitter:label1\" content=\"Escrito por\" \/>\n\t<meta name=\"twitter:data1\" content=\"P\u00e1gina 10\" \/>\n<script type=\"application\/ld+json\" class=\"yoast-schema-graph\">{\"@context\":\"https:\/\/schema.org\",\"@graph\":[{\"@type\":\"Article\",\"@id\":\"https:\/\/pagina10.com\/web\/quiere-adoptar-una-mascota-este-domingo-sera-la-tercera-jornada-de-adopcion-animal\/#article\",\"isPartOf\":{\"@id\":\"https:\/\/pagina10.com\/web\/quiere-adoptar-una-mascota-este-domingo-sera-la-tercera-jornada-de-adopcion-animal\/\"},\"author\":{\"name\":\"P\u00e1gina 10\",\"@id\":\"https:\/\/pagina10.com\/web\/#\/schema\/person\/2efc4a090d25b667d3bc796798a3a81b\"},\"headline\":\"\u00bfQuiere adoptar una mascota? Este domingo ser\u00e1 la tercera jornada de adopci\u00f3n animal\",\"datePublished\":\"2021-06-13T02:22:51+00:00\",\"dateModified\":\"2021-06-13T02:23:47+00:00\",\"mainEntityOfPage\":{\"@id\":\"https:\/\/pagina10.com\/web\/quiere-adoptar-una-mascota-este-domingo-sera-la-tercera-jornada-de-adopcion-animal\/\"},\"wordCount\":93,\"commentCount\":0,\"publisher\":{\"@id\":\"https:\/\/pagina10.com\/web\/#organization\"},\"image\":{\"@id\":\"https:\/\/pagina10.com\/web\/quiere-adoptar-una-mascota-este-domingo-sera-la-tercera-jornada-de-adopcion-animal\/#primaryimage\"},\"thumbnailUrl\":\"https:\/\/pagina10.com\/web\/wp-content\/uploads\/2021\/06\/rescue-dog-enjoying-being-pet-by-woman-at-shelter-scaled.jpg\",\"articleSection\":[\"Ciudad\"],\"inLanguage\":\"es\",\"potentialAction\":[{\"@type\":\"CommentAction\",\"name\":\"Comment\",\"target\":[\"https:\/\/pagina10.com\/web\/quiere-adoptar-una-mascota-este-domingo-sera-la-tercera-jornada-de-adopcion-animal\/#respond\"]}]},{\"@type\":\"WebPage\",\"@id\":\"https:\/\/pagina10.com\/web\/quiere-adoptar-una-mascota-este-domingo-sera-la-tercera-jornada-de-adopcion-animal\/\",\"url\":\"https:\/\/pagina10.com\/web\/quiere-adoptar-una-mascota-este-domingo-sera-la-tercera-jornada-de-adopcion-animal\/\",\"name\":\"\u00bfQuiere adoptar una mascota? Este domingo ser\u00e1 la tercera jornada de adopci\u00f3n animal | P\u00e1gina10\",\"isPartOf\":{\"@id\":\"https:\/\/pagina10.com\/web\/#website\"},\"primaryImageOfPage\":{\"@id\":\"https:\/\/pagina10.com\/web\/quiere-adoptar-una-mascota-este-domingo-sera-la-tercera-jornada-de-adopcion-animal\/#primaryimage\"},\"image\":{\"@id\":\"https:\/\/pagina10.com\/web\/quiere-adoptar-una-mascota-este-domingo-sera-la-tercera-jornada-de-adopcion-animal\/#primaryimage\"},\"thumbnailUrl\":\"https:\/\/pagina10.com\/web\/wp-content\/uploads\/2021\/06\/rescue-dog-enjoying-being-pet-by-woman-at-shelter-scaled.jpg\",\"datePublished\":\"2021-06-13T02:22:51+00:00\",\"dateModified\":\"2021-06-13T02:23:47+00:00\",\"breadcrumb\":{\"@id\":\"https:\/\/pagina10.com\/web\/quiere-adoptar-una-mascota-este-domingo-sera-la-tercera-jornada-de-adopcion-animal\/#breadcrumb\"},\"inLanguage\":\"es\",\"potentialAction\":[{\"@type\":\"ReadAction\",\"target\":[\"https:\/\/pagina10.com\/web\/quiere-adoptar-una-mascota-este-domingo-sera-la-tercera-jornada-de-adopcion-animal\/\"]}]},{\"@type\":\"ImageObject\",\"inLanguage\":\"es\",\"@id\":\"https:\/\/pagina10.com\/web\/quiere-adoptar-una-mascota-este-domingo-sera-la-tercera-jornada-de-adopcion-animal\/#primaryimage\",\"url\":\"https:\/\/pagina10.com\/web\/wp-content\/uploads\/2021\/06\/rescue-dog-enjoying-being-pet-by-woman-at-shelter-scaled.jpg\",\"contentUrl\":\"https:\/\/pagina10.com\/web\/wp-content\/uploads\/2021\/06\/rescue-dog-enjoying-being-pet-by-woman-at-shelter-scaled.jpg\",\"width\":2560,\"height\":1440},{\"@type\":\"BreadcrumbList\",\"@id\":\"https:\/\/pagina10.com\/web\/quiere-adoptar-una-mascota-este-domingo-sera-la-tercera-jornada-de-adopcion-animal\/#breadcrumb\",\"itemListElement\":[{\"@type\":\"ListItem\",\"position\":1,\"name\":\"Portada\",\"item\":\"https:\/\/pagina10.com\/web\/\"},{\"@type\":\"ListItem\",\"position\":2,\"name\":\"\u00bfQuiere adoptar una mascota? Este domingo ser\u00e1 la tercera jornada de adopci\u00f3n animal\"}]},{\"@type\":\"WebSite\",\"@id\":\"https:\/\/pagina10.com\/web\/#website\",\"url\":\"https:\/\/pagina10.com\/web\/\",\"name\":\"P\u00e1gina10\",\"description\":\"Peri\u00f3dico Regional\",\"publisher\":{\"@id\":\"https:\/\/pagina10.com\/web\/#organization\"},\"alternateName\":\"P\u00e1gina10 Peri\u00f3dico Regional\",\"potentialAction\":[{\"@type\":\"SearchAction\",\"target\":{\"@type\":\"EntryPoint\",\"urlTemplate\":\"https:\/\/pagina10.com\/web\/?s={search_term_string}\"},\"query-input\":{\"@type\":\"PropertyValueSpecification\",\"valueRequired\":true,\"valueName\":\"search_term_string\"}}],\"inLanguage\":\"es\"},{\"@type\":\"Organization\",\"@id\":\"https:\/\/pagina10.com\/web\/#organization\",\"name\":\"P\u00e1gina10\",\"alternateName\":\"P\u00e1gina10 Peri\u00f3dico Regional\",\"url\":\"https:\/\/pagina10.com\/web\/\",\"logo\":{\"@type\":\"ImageObject\",\"inLanguage\":\"es\",\"@id\":\"https:\/\/pagina10.com\/web\/#\/schema\/logo\/image\/\",\"url\":\"https:\/\/pagina10.com\/web\/wp-content\/uploads\/2024\/01\/40-pagina-10-periodico-regional-pasto.jpg\",\"contentUrl\":\"https:\/\/pagina10.com\/web\/wp-content\/uploads\/2024\/01\/40-pagina-10-periodico-regional-pasto.jpg\",\"width\":1280,\"height\":720,\"caption\":\"P\u00e1gina10\"},\"image\":{\"@id\":\"https:\/\/pagina10.com\/web\/#\/schema\/logo\/image\/\"},\"sameAs\":[\"https:\/\/www.facebook.com\/pag10com\",\"https:\/\/x.com\/Pag10com\",\"https:\/\/www.instagram.com\/pagina10col\/\",\"https:\/\/youtube.com\/channel\/pag10\",\"https:\/\/www.tiktok.com\/@p10col\"]},{\"@type\":\"Person\",\"@id\":\"https:\/\/pagina10.com\/web\/#\/schema\/person\/2efc4a090d25b667d3bc796798a3a81b\",\"name\":\"P\u00e1gina 10\",\"description\":\"P\u00e1gina 10 es un peri\u00f3dico regional que nace en Colombia, en el departamento de Nari\u00f1o, con un enfoque global, fundamentado en cuatro pilares esenciales: la libertad, el pluralismo, la inclusi\u00f3n y la independencia. P\u00e1gina 10 hace referencia a Nari\u00f1o como el d\u00e9cimo departamento creado en Colombia, despu\u00e9s de un proceso pol\u00edtico liderado por actores y actrices regionales con el fin de obtener la independencia y autonom\u00eda de nuestros territorios. Con la creaci\u00f3n de P\u00e1gina 10 se pretende abrir un escenario para el dialogo, la reflexi\u00f3n y el debate que se extienda a otras geograf\u00edas de Am\u00e9rica Latina y del planeta, en una apuesta por transformar colectivamente los desaf\u00edos de un mundo contempor\u00e1neo, m\u00e1s all\u00e1 de las fronteras impuestas.\",\"url\":\"https:\/\/pagina10.com\/web\/author\/pdiezadmin\/\"}]}<\/script>\n<!-- \/ Yoast SEO plugin. -->","yoast_head_json":{"title":"\u00bfQuiere adoptar una mascota? Este domingo ser\u00e1 la tercera jornada de adopci\u00f3n animal | P\u00e1gina10","robots":{"index":"index","follow":"follow","max-snippet":"max-snippet:-1","max-image-preview":"max-image-preview:large","max-video-preview":"max-video-preview:-1"},"canonical":"https:\/\/pagina10.com\/web\/quiere-adoptar-una-mascota-este-domingo-sera-la-tercera-jornada-de-adopcion-animal\/","og_locale":"es_ES","og_type":"article","og_title":"\u00bfQuiere adoptar una mascota? Este domingo ser\u00e1 la tercera jornada de adopci\u00f3n animal | P\u00e1gina10","og_description":"La Alcald\u00eda de Pasto en conjunto con la Fundaci\u00f3n Red Protectores de Animales, anunciaron que se desarrollar\u00e1 una nueva jornada de adopci\u00f3n animal en la ciudad. El evento tendr\u00e1 como fin brindarles la oportunidad a los peludos del Centro de Bienestar Animal CBD, de ser adoptados y disfrutar de un hogar. Esta nueva jornada de [&hellip;]","og_url":"https:\/\/pagina10.com\/web\/quiere-adoptar-una-mascota-este-domingo-sera-la-tercera-jornada-de-adopcion-animal\/","og_site_name":"P\u00e1gina10","article_publisher":"https:\/\/www.facebook.com\/pag10com","article_published_time":"2021-06-13T02:22:51+00:00","article_modified_time":"2021-06-13T02:23:47+00:00","og_image":[{"width":2560,"height":1440,"url":"https:\/\/pagina10.com\/web\/wp-content\/uploads\/2021\/06\/rescue-dog-enjoying-being-pet-by-woman-at-shelter-scaled.jpg","type":"image\/jpeg"}],"author":"P\u00e1gina 10","twitter_card":"summary_large_image","twitter_creator":"@Pag10com","twitter_site":"@Pag10com","twitter_misc":{"Escrito por":"P\u00e1gina 10"},"schema":{"@context":"https:\/\/schema.org","@graph":[{"@type":"Article","@id":"https:\/\/pagina10.com\/web\/quiere-adoptar-una-mascota-este-domingo-sera-la-tercera-jornada-de-adopcion-animal\/#article","isPartOf":{"@id":"https:\/\/pagina10.com\/web\/quiere-adoptar-una-mascota-este-domingo-sera-la-tercera-jornada-de-adopcion-animal\/"},"author":{"name":"P\u00e1gina 10","@id":"https:\/\/pagina10.com\/web\/#\/schema\/person\/2efc4a090d25b667d3bc796798a3a81b"},"headline":"\u00bfQuiere adoptar una mascota? Este domingo ser\u00e1 la tercera jornada de adopci\u00f3n animal","datePublished":"2021-06-13T02:22:51+00:00","dateModified":"2021-06-13T02:23:47+00:00","mainEntityOfPage":{"@id":"https:\/\/pagina10.com\/web\/quiere-adoptar-una-mascota-este-domingo-sera-la-tercera-jornada-de-adopcion-animal\/"},"wordCount":93,"commentCount":0,"publisher":{"@id":"https:\/\/pagina10.com\/web\/#organization"},"image":{"@id":"https:\/\/pagina10.com\/web\/quiere-adoptar-una-mascota-este-domingo-sera-la-tercera-jornada-de-adopcion-animal\/#primaryimage"},"thumbnailUrl":"https:\/\/pagina10.com\/web\/wp-content\/uploads\/2021\/06\/rescue-dog-enjoying-being-pet-by-woman-at-shelter-scaled.jpg","articleSection":["Ciudad"],"inLanguage":"es","potentialAction":[{"@type":"CommentAction","name":"Comment","target":["https:\/\/pagina10.com\/web\/quiere-adoptar-una-mascota-este-domingo-sera-la-tercera-jornada-de-adopcion-animal\/#respond"]}]},{"@type":"WebPage","@id":"https:\/\/pagina10.com\/web\/quiere-adoptar-una-mascota-este-domingo-sera-la-tercera-jornada-de-adopcion-animal\/","url":"https:\/\/pagina10.com\/web\/quiere-adoptar-una-mascota-este-domingo-sera-la-tercera-jornada-de-adopcion-animal\/","name":"\u00bfQuiere adoptar una mascota? Este domingo ser\u00e1 la tercera jornada de adopci\u00f3n animal | P\u00e1gina10","isPartOf":{"@id":"https:\/\/pagina10.com\/web\/#website"},"primaryImageOfPage":{"@id":"https:\/\/pagina10.com\/web\/quiere-adoptar-una-mascota-este-domingo-sera-la-tercera-jornada-de-adopcion-animal\/#primaryimage"},"image":{"@id":"https:\/\/pagina10.com\/web\/quiere-adoptar-una-mascota-este-domingo-sera-la-tercera-jornada-de-adopcion-animal\/#primaryimage"},"thumbnailUrl":"https:\/\/pagina10.com\/web\/wp-content\/uploads\/2021\/06\/rescue-dog-enjoying-being-pet-by-woman-at-shelter-scaled.jpg","datePublished":"2021-06-13T02:22:51+00:00","dateModified":"2021-06-13T02:23:47+00:00","breadcrumb":{"@id":"https:\/\/pagina10.com\/web\/quiere-adoptar-una-mascota-este-domingo-sera-la-tercera-jornada-de-adopcion-animal\/#breadcrumb"},"inLanguage":"es","potentialAction":[{"@type":"ReadAction","target":["https:\/\/pagina10.com\/web\/quiere-adoptar-una-mascota-este-domingo-sera-la-tercera-jornada-de-adopcion-animal\/"]}]},{"@type":"ImageObject","inLanguage":"es","@id":"https:\/\/pagina10.com\/web\/quiere-adoptar-una-mascota-este-domingo-sera-la-tercera-jornada-de-adopcion-animal\/#primaryimage","url":"https:\/\/pagina10.com\/web\/wp-content\/uploads\/2021\/06\/rescue-dog-enjoying-being-pet-by-woman-at-shelter-scaled.jpg","contentUrl":"https:\/\/pagina10.com\/web\/wp-content\/uploads\/2021\/06\/rescue-dog-enjoying-being-pet-by-woman-at-shelter-scaled.jpg","width":2560,"height":1440},{"@type":"BreadcrumbList","@id":"https:\/\/pagina10.com\/web\/quiere-adoptar-una-mascota-este-domingo-sera-la-tercera-jornada-de-adopcion-animal\/#breadcrumb","itemListElement":[{"@type":"ListItem","position":1,"name":"Portada","item":"https:\/\/pagina10.com\/web\/"},{"@type":"ListItem","position":2,"name":"\u00bfQuiere adoptar una mascota? Este domingo ser\u00e1 la tercera jornada de adopci\u00f3n animal"}]},{"@type":"WebSite","@id":"https:\/\/pagina10.com\/web\/#website","url":"https:\/\/pagina10.com\/web\/","name":"P\u00e1gina10","description":"Peri\u00f3dico Regional","publisher":{"@id":"https:\/\/pagina10.com\/web\/#organization"},"alternateName":"P\u00e1gina10 Peri\u00f3dico Regional","potentialAction":[{"@type":"SearchAction","target":{"@type":"EntryPoint","urlTemplate":"https:\/\/pagina10.com\/web\/?s={search_term_string}"},"query-input":{"@type":"PropertyValueSpecification","valueRequired":true,"valueName":"search_term_string"}}],"inLanguage":"es"},{"@type":"Organization","@id":"https:\/\/pagina10.com\/web\/#organization","name":"P\u00e1gina10","alternateName":"P\u00e1gina10 Peri\u00f3dico Regional","url":"https:\/\/pagina10.com\/web\/","logo":{"@type":"ImageObject","inLanguage":"es","@id":"https:\/\/pagina10.com\/web\/#\/schema\/logo\/image\/","url":"https:\/\/pagina10.com\/web\/wp-content\/uploads\/2024\/01\/40-pagina-10-periodico-regional-pasto.jpg","contentUrl":"https:\/\/pagina10.com\/web\/wp-content\/uploads\/2024\/01\/40-pagina-10-periodico-regional-pasto.jpg","width":1280,"height":720,"caption":"P\u00e1gina10"},"image":{"@id":"https:\/\/pagina10.com\/web\/#\/schema\/logo\/image\/"},"sameAs":["https:\/\/www.facebook.com\/pag10com","https:\/\/x.com\/Pag10com","https:\/\/www.instagram.com\/pagina10col\/","https:\/\/youtube.com\/channel\/pag10","https:\/\/www.tiktok.com\/@p10col"]},{"@type":"Person","@id":"https:\/\/pagina10.com\/web\/#\/schema\/person\/2efc4a090d25b667d3bc796798a3a81b","name":"P\u00e1gina 10","description":"P\u00e1gina 10 es un peri\u00f3dico regional que nace en Colombia, en el departamento de Nari\u00f1o, con un enfoque global, fundamentado en cuatro pilares esenciales: la libertad, el pluralismo, la inclusi\u00f3n y la independencia. P\u00e1gina 10 hace referencia a Nari\u00f1o como el d\u00e9cimo departamento creado en Colombia, despu\u00e9s de un proceso pol\u00edtico liderado por actores y actrices regionales con el fin de obtener la independencia y autonom\u00eda de nuestros territorios. Con la creaci\u00f3n de P\u00e1gina 10 se pretende abrir un escenario para el dialogo, la reflexi\u00f3n y el debate que se extienda a otras geograf\u00edas de Am\u00e9rica Latina y del planeta, en una apuesta por transformar colectivamente los desaf\u00edos de un mundo contempor\u00e1neo, m\u00e1s all\u00e1 de las fronteras impuestas.","url":"https:\/\/pagina10.com\/web\/author\/pdiezadmin\/"}]}},"_links":{"self":[{"href":"https:\/\/pagina10.com\/web\/wp-json\/wp\/v2\/posts\/53149","targetHints":{"allow":["GET"]}}],"collection":[{"href":"https:\/\/pagina10.com\/web\/wp-json\/wp\/v2\/posts"}],"about":[{"href":"https:\/\/pagina10.com\/web\/wp-json\/wp\/v2\/types\/post"}],"author":[{"embeddable":true,"href":"https:\/\/pagina10.com\/web\/wp-json\/wp\/v2\/users\/1"}],"replies":[{"embeddable":true,"href":"https:\/\/pagina10.com\/web\/wp-json\/wp\/v2\/comments?post=53149"}],"version-history":[{"count":1,"href":"https:\/\/pagina10.com\/web\/wp-json\/wp\/v2\/posts\/53149\/revisions"}],"predecessor-version":[{"id":53152,"href":"https:\/\/pagina10.com\/web\/wp-json\/wp\/v2\/posts\/53149\/revisions\/53152"}],"wp:featuredmedia":[{"embeddable":true,"href":"https:\/\/pagina10.com\/web\/wp-json\/wp\/v2\/media\/53151"}],"wp:attachment":[{"href":"https:\/\/pagina10.com\/web\/wp-json\/wp\/v2\/media?parent=53149"}],"wp:term":[{"taxonomy":"category","embeddable":true,"href":"https:\/\/pagina10.com\/web\/wp-json\/wp\/v2\/categories?post=53149"},{"taxonomy":"post_tag","embeddable":true,"href":"https:\/\/pagina10.com\/web\/wp-json\/wp\/v2\/tags?post=53149"}],"curies":[{"name":"wp","href":"https:\/\/api.w.org\/{rel}","templated":true}]}}