{"id":53165,"date":"2021-06-13T12:52:21","date_gmt":"2021-06-13T17:52:21","guid":{"rendered":"https:\/\/pagina10.com\/web\/?p=53165"},"modified":"2021-06-13T12:53:33","modified_gmt":"2021-06-13T17:53:33","slug":"aun-no-existen-garantias-suficientes-para-iniciar-un-proceso-de-dialogo-expone-alcalde-de-pasto-frente-a-encuentro-con-las-juventudes","status":"publish","type":"post","link":"https:\/\/pagina10.com\/web\/aun-no-existen-garantias-suficientes-para-iniciar-un-proceso-de-dialogo-expone-alcalde-de-pasto-frente-a-encuentro-con-las-juventudes\/","title":{"rendered":"\u201dA\u00fan no existen garant\u00edas suficientes para iniciar un proceso de di\u00e1logo\u201d, expone Alcalde de Pasto frente a encuentro con las juventudes"},"content":{"rendered":"<p style=\"text-align: justify;\"><span style=\"font-weight: 400;\">En la ma\u00f1ana de este domingo, se conoci\u00f3 un documento donde el Alcalde de Pasto, Germ\u00e1n Chamorro de la Rosa, le expone al Gobernador del Departamento que hasta el momento no hay garant\u00edas para la jornada de encuentro con las Juventudes de Pasto previsto para este d\u00eda.\u00a0<\/span><\/p>\n<p style=\"text-align: justify;\"><span style=\"font-weight: 400;\">\u201cA\u00fan no existen garant\u00edas suficientes para iniciar un proceso de di\u00e1logo y concertaci\u00f3n efectiva que involucre a todas las partes interesadas. Reitero mi disposici\u00f3n para definir dichos mecanismos, propiciar los espacios adecuados e iniciar, en el menor tiempo posible, dicho proceso\u201d, Manifest\u00f3.\u00a0<\/span><\/p>\n<p style=\"text-align: justify;\"><span style=\"font-weight: 400;\">Cabe resaltar, que este encuentro de Asamblea Popular fue convocado, luego de que el Gobernador de Nari\u00f1o Jhon Rojas dialogara con la fuerza p\u00fablica y los j\u00f3venes manifestantes\u00a0 la noche del pasado mi\u00e9rcoles 9 de junio, cuando se presentaban disturbios tras finalizar la manifestaci\u00f3n llevada a cabo en el marco del Paro Nacional.<\/span><\/p>\n<p style=\"text-align: justify;\"><span style=\"font-weight: 400;\">Adem\u00e1s en el documento enviado, el Alcalde asegura que ha buscado canales de mediaci\u00f3n y di\u00e1logo con distintos sectores, \u201cconsidero que el di\u00e1logo es y ser\u00e1 el mejor camino para salir de esta crisis. Por ello, valoramos y agradecemos el canal de concertaci\u00f3n que usted ha propuesto y le solicitamos gentilmente, continuar con dicho proceso. Por mi parte he buscado reiteradamente la mediaci\u00f3n a trav\u00e9s de diferentes canales e instituciones\u201d. Expuso.\u00a0<\/span><\/p>\n<p>&nbsp;<\/p>\n","protected":false},"excerpt":{"rendered":"<p>En la ma\u00f1ana de este domingo, se conoci\u00f3 un documento donde el Alcalde de Pasto, Germ\u00e1n Chamorro de la Rosa, le expone al Gobernador del Departamento que hasta el momento no hay garant\u00edas para la jornada de encuentro con las Juventudes de Pasto previsto para este d\u00eda.\u00a0 \u201cA\u00fan no existen garant\u00edas suficientes para iniciar un [&hellip;]<\/p>\n","protected":false},"author":1,"featured_media":53166,"comment_status":"open","ping_status":"open","sticky":false,"template":"","format":"standard","meta":{"footnotes":""},"categories":[82],"tags":[],"class_list":["post-53165","post","type-post","status-publish","format-standard","has-post-thumbnail","hentry","category-ciudad-2"],"yoast_head":"<!-- This site is optimized with the Yoast SEO plugin v27.1.1 - https:\/\/yoast.com\/product\/yoast-seo-wordpress\/ -->\n<title>\u201dA\u00fan no existen garant\u00edas suficientes para iniciar un proceso de di\u00e1logo\u201d, expone Alcalde de Pasto frente a encuentro con las juventudes | P\u00e1gina10<\/title>\n<meta name=\"robots\" content=\"index, follow, max-snippet:-1, max-image-preview:large, max-video-preview:-1\" \/>\n<link rel=\"canonical\" href=\"https:\/\/pagina10.com\/web\/aun-no-existen-garantias-suficientes-para-iniciar-un-proceso-de-dialogo-expone-alcalde-de-pasto-frente-a-encuentro-con-las-juventudes\/\" \/>\n<meta property=\"og:locale\" content=\"es_ES\" \/>\n<meta property=\"og:type\" content=\"article\" \/>\n<meta property=\"og:title\" content=\"\u201dA\u00fan no existen garant\u00edas suficientes para iniciar un proceso de di\u00e1logo\u201d, expone Alcalde de Pasto frente a encuentro con las juventudes | P\u00e1gina10\" \/>\n<meta property=\"og:description\" content=\"En la ma\u00f1ana de este domingo, se conoci\u00f3 un documento donde el Alcalde de Pasto, Germ\u00e1n Chamorro de la Rosa, le expone al Gobernador del Departamento que hasta el momento no hay garant\u00edas para la jornada de encuentro con las Juventudes de Pasto previsto para este d\u00eda. \u201cA\u00fan no existen garant\u00edas suficientes para iniciar un [&hellip;]\" \/>\n<meta property=\"og:url\" content=\"https:\/\/pagina10.com\/web\/aun-no-existen-garantias-suficientes-para-iniciar-un-proceso-de-dialogo-expone-alcalde-de-pasto-frente-a-encuentro-con-las-juventudes\/\" \/>\n<meta property=\"og:site_name\" content=\"P\u00e1gina10\" \/>\n<meta property=\"article:publisher\" content=\"https:\/\/www.facebook.com\/pag10com\" \/>\n<meta property=\"article:published_time\" content=\"2021-06-13T17:52:21+00:00\" \/>\n<meta property=\"article:modified_time\" content=\"2021-06-13T17:53:33+00:00\" \/>\n<meta property=\"og:image\" content=\"https:\/\/pagina10.com\/web\/wp-content\/uploads\/2021\/06\/WhatsApp-Image-2021-06-13-at-12.49.31-PM.jpeg\" \/>\n\t<meta property=\"og:image:width\" content=\"1080\" \/>\n\t<meta property=\"og:image:height\" content=\"720\" \/>\n\t<meta property=\"og:image:type\" content=\"image\/jpeg\" \/>\n<meta name=\"author\" content=\"P\u00e1gina 10\" \/>\n<meta name=\"twitter:card\" content=\"summary_large_image\" \/>\n<meta name=\"twitter:creator\" content=\"@Pag10com\" \/>\n<meta name=\"twitter:site\" content=\"@Pag10com\" \/>\n<meta name=\"twitter:label1\" content=\"Escrito por\" \/>\n\t<meta name=\"twitter:data1\" content=\"P\u00e1gina 10\" \/>\n\t<meta name=\"twitter:label2\" content=\"Tiempo de lectura\" \/>\n\t<meta name=\"twitter:data2\" content=\"1 minuto\" \/>\n<script type=\"application\/ld+json\" class=\"yoast-schema-graph\">{\"@context\":\"https:\/\/schema.org\",\"@graph\":[{\"@type\":\"Article\",\"@id\":\"https:\/\/pagina10.com\/web\/aun-no-existen-garantias-suficientes-para-iniciar-un-proceso-de-dialogo-expone-alcalde-de-pasto-frente-a-encuentro-con-las-juventudes\/#article\",\"isPartOf\":{\"@id\":\"https:\/\/pagina10.com\/web\/aun-no-existen-garantias-suficientes-para-iniciar-un-proceso-de-dialogo-expone-alcalde-de-pasto-frente-a-encuentro-con-las-juventudes\/\"},\"author\":{\"name\":\"P\u00e1gina 10\",\"@id\":\"https:\/\/pagina10.com\/web\/#\/schema\/person\/2efc4a090d25b667d3bc796798a3a81b\"},\"headline\":\"\u201dA\u00fan no existen garant\u00edas suficientes para iniciar un proceso de di\u00e1logo\u201d, expone Alcalde de Pasto frente a encuentro con las juventudes\",\"datePublished\":\"2021-06-13T17:52:21+00:00\",\"dateModified\":\"2021-06-13T17:53:33+00:00\",\"mainEntityOfPage\":{\"@id\":\"https:\/\/pagina10.com\/web\/aun-no-existen-garantias-suficientes-para-iniciar-un-proceso-de-dialogo-expone-alcalde-de-pasto-frente-a-encuentro-con-las-juventudes\/\"},\"wordCount\":258,\"commentCount\":0,\"publisher\":{\"@id\":\"https:\/\/pagina10.com\/web\/#organization\"},\"image\":{\"@id\":\"https:\/\/pagina10.com\/web\/aun-no-existen-garantias-suficientes-para-iniciar-un-proceso-de-dialogo-expone-alcalde-de-pasto-frente-a-encuentro-con-las-juventudes\/#primaryimage\"},\"thumbnailUrl\":\"https:\/\/pagina10.com\/web\/wp-content\/uploads\/2021\/06\/WhatsApp-Image-2021-06-13-at-12.49.31-PM.jpeg\",\"articleSection\":[\"Ciudad\"],\"inLanguage\":\"es\",\"potentialAction\":[{\"@type\":\"CommentAction\",\"name\":\"Comment\",\"target\":[\"https:\/\/pagina10.com\/web\/aun-no-existen-garantias-suficientes-para-iniciar-un-proceso-de-dialogo-expone-alcalde-de-pasto-frente-a-encuentro-con-las-juventudes\/#respond\"]}]},{\"@type\":\"WebPage\",\"@id\":\"https:\/\/pagina10.com\/web\/aun-no-existen-garantias-suficientes-para-iniciar-un-proceso-de-dialogo-expone-alcalde-de-pasto-frente-a-encuentro-con-las-juventudes\/\",\"url\":\"https:\/\/pagina10.com\/web\/aun-no-existen-garantias-suficientes-para-iniciar-un-proceso-de-dialogo-expone-alcalde-de-pasto-frente-a-encuentro-con-las-juventudes\/\",\"name\":\"\u201dA\u00fan no existen garant\u00edas suficientes para iniciar un proceso de di\u00e1logo\u201d, expone Alcalde de Pasto frente a encuentro con las juventudes | P\u00e1gina10\",\"isPartOf\":{\"@id\":\"https:\/\/pagina10.com\/web\/#website\"},\"primaryImageOfPage\":{\"@id\":\"https:\/\/pagina10.com\/web\/aun-no-existen-garantias-suficientes-para-iniciar-un-proceso-de-dialogo-expone-alcalde-de-pasto-frente-a-encuentro-con-las-juventudes\/#primaryimage\"},\"image\":{\"@id\":\"https:\/\/pagina10.com\/web\/aun-no-existen-garantias-suficientes-para-iniciar-un-proceso-de-dialogo-expone-alcalde-de-pasto-frente-a-encuentro-con-las-juventudes\/#primaryimage\"},\"thumbnailUrl\":\"https:\/\/pagina10.com\/web\/wp-content\/uploads\/2021\/06\/WhatsApp-Image-2021-06-13-at-12.49.31-PM.jpeg\",\"datePublished\":\"2021-06-13T17:52:21+00:00\",\"dateModified\":\"2021-06-13T17:53:33+00:00\",\"breadcrumb\":{\"@id\":\"https:\/\/pagina10.com\/web\/aun-no-existen-garantias-suficientes-para-iniciar-un-proceso-de-dialogo-expone-alcalde-de-pasto-frente-a-encuentro-con-las-juventudes\/#breadcrumb\"},\"inLanguage\":\"es\",\"potentialAction\":[{\"@type\":\"ReadAction\",\"target\":[\"https:\/\/pagina10.com\/web\/aun-no-existen-garantias-suficientes-para-iniciar-un-proceso-de-dialogo-expone-alcalde-de-pasto-frente-a-encuentro-con-las-juventudes\/\"]}]},{\"@type\":\"ImageObject\",\"inLanguage\":\"es\",\"@id\":\"https:\/\/pagina10.com\/web\/aun-no-existen-garantias-suficientes-para-iniciar-un-proceso-de-dialogo-expone-alcalde-de-pasto-frente-a-encuentro-con-las-juventudes\/#primaryimage\",\"url\":\"https:\/\/pagina10.com\/web\/wp-content\/uploads\/2021\/06\/WhatsApp-Image-2021-06-13-at-12.49.31-PM.jpeg\",\"contentUrl\":\"https:\/\/pagina10.com\/web\/wp-content\/uploads\/2021\/06\/WhatsApp-Image-2021-06-13-at-12.49.31-PM.jpeg\",\"width\":1080,\"height\":720},{\"@type\":\"BreadcrumbList\",\"@id\":\"https:\/\/pagina10.com\/web\/aun-no-existen-garantias-suficientes-para-iniciar-un-proceso-de-dialogo-expone-alcalde-de-pasto-frente-a-encuentro-con-las-juventudes\/#breadcrumb\",\"itemListElement\":[{\"@type\":\"ListItem\",\"position\":1,\"name\":\"Portada\",\"item\":\"https:\/\/pagina10.com\/web\/\"},{\"@type\":\"ListItem\",\"position\":2,\"name\":\"\u201dA\u00fan no existen garant\u00edas suficientes para iniciar un proceso de di\u00e1logo\u201d, expone Alcalde de Pasto frente a encuentro con las juventudes\"}]},{\"@type\":\"WebSite\",\"@id\":\"https:\/\/pagina10.com\/web\/#website\",\"url\":\"https:\/\/pagina10.com\/web\/\",\"name\":\"P\u00e1gina10\",\"description\":\"Peri\u00f3dico Regional\",\"publisher\":{\"@id\":\"https:\/\/pagina10.com\/web\/#organization\"},\"alternateName\":\"P\u00e1gina10 Peri\u00f3dico Regional\",\"potentialAction\":[{\"@type\":\"SearchAction\",\"target\":{\"@type\":\"EntryPoint\",\"urlTemplate\":\"https:\/\/pagina10.com\/web\/?s={search_term_string}\"},\"query-input\":{\"@type\":\"PropertyValueSpecification\",\"valueRequired\":true,\"valueName\":\"search_term_string\"}}],\"inLanguage\":\"es\"},{\"@type\":\"Organization\",\"@id\":\"https:\/\/pagina10.com\/web\/#organization\",\"name\":\"P\u00e1gina10\",\"alternateName\":\"P\u00e1gina10 Peri\u00f3dico Regional\",\"url\":\"https:\/\/pagina10.com\/web\/\",\"logo\":{\"@type\":\"ImageObject\",\"inLanguage\":\"es\",\"@id\":\"https:\/\/pagina10.com\/web\/#\/schema\/logo\/image\/\",\"url\":\"https:\/\/pagina10.com\/web\/wp-content\/uploads\/2024\/01\/40-pagina-10-periodico-regional-pasto.jpg\",\"contentUrl\":\"https:\/\/pagina10.com\/web\/wp-content\/uploads\/2024\/01\/40-pagina-10-periodico-regional-pasto.jpg\",\"width\":1280,\"height\":720,\"caption\":\"P\u00e1gina10\"},\"image\":{\"@id\":\"https:\/\/pagina10.com\/web\/#\/schema\/logo\/image\/\"},\"sameAs\":[\"https:\/\/www.facebook.com\/pag10com\",\"https:\/\/x.com\/Pag10com\",\"https:\/\/www.instagram.com\/pagina10col\/\",\"https:\/\/youtube.com\/channel\/pag10\",\"https:\/\/www.tiktok.com\/@p10col\"]},{\"@type\":\"Person\",\"@id\":\"https:\/\/pagina10.com\/web\/#\/schema\/person\/2efc4a090d25b667d3bc796798a3a81b\",\"name\":\"P\u00e1gina 10\",\"description\":\"P\u00e1gina 10 es un peri\u00f3dico regional que nace en Colombia, en el departamento de Nari\u00f1o, con un enfoque global, fundamentado en cuatro pilares esenciales: la libertad, el pluralismo, la inclusi\u00f3n y la independencia. P\u00e1gina 10 hace referencia a Nari\u00f1o como el d\u00e9cimo departamento creado en Colombia, despu\u00e9s de un proceso pol\u00edtico liderado por actores y actrices regionales con el fin de obtener la independencia y autonom\u00eda de nuestros territorios. Con la creaci\u00f3n de P\u00e1gina 10 se pretende abrir un escenario para el dialogo, la reflexi\u00f3n y el debate que se extienda a otras geograf\u00edas de Am\u00e9rica Latina y del planeta, en una apuesta por transformar colectivamente los desaf\u00edos de un mundo contempor\u00e1neo, m\u00e1s all\u00e1 de las fronteras impuestas.\",\"url\":\"https:\/\/pagina10.com\/web\/author\/pdiezadmin\/\"}]}<\/script>\n<!-- \/ Yoast SEO plugin. -->","yoast_head_json":{"title":"\u201dA\u00fan no existen garant\u00edas suficientes para iniciar un proceso de di\u00e1logo\u201d, expone Alcalde de Pasto frente a encuentro con las juventudes | P\u00e1gina10","robots":{"index":"index","follow":"follow","max-snippet":"max-snippet:-1","max-image-preview":"max-image-preview:large","max-video-preview":"max-video-preview:-1"},"canonical":"https:\/\/pagina10.com\/web\/aun-no-existen-garantias-suficientes-para-iniciar-un-proceso-de-dialogo-expone-alcalde-de-pasto-frente-a-encuentro-con-las-juventudes\/","og_locale":"es_ES","og_type":"article","og_title":"\u201dA\u00fan no existen garant\u00edas suficientes para iniciar un proceso de di\u00e1logo\u201d, expone Alcalde de Pasto frente a encuentro con las juventudes | P\u00e1gina10","og_description":"En la ma\u00f1ana de este domingo, se conoci\u00f3 un documento donde el Alcalde de Pasto, Germ\u00e1n Chamorro de la Rosa, le expone al Gobernador del Departamento que hasta el momento no hay garant\u00edas para la jornada de encuentro con las Juventudes de Pasto previsto para este d\u00eda. \u201cA\u00fan no existen garant\u00edas suficientes para iniciar un [&hellip;]","og_url":"https:\/\/pagina10.com\/web\/aun-no-existen-garantias-suficientes-para-iniciar-un-proceso-de-dialogo-expone-alcalde-de-pasto-frente-a-encuentro-con-las-juventudes\/","og_site_name":"P\u00e1gina10","article_publisher":"https:\/\/www.facebook.com\/pag10com","article_published_time":"2021-06-13T17:52:21+00:00","article_modified_time":"2021-06-13T17:53:33+00:00","og_image":[{"width":1080,"height":720,"url":"https:\/\/pagina10.com\/web\/wp-content\/uploads\/2021\/06\/WhatsApp-Image-2021-06-13-at-12.49.31-PM.jpeg","type":"image\/jpeg"}],"author":"P\u00e1gina 10","twitter_card":"summary_large_image","twitter_creator":"@Pag10com","twitter_site":"@Pag10com","twitter_misc":{"Escrito por":"P\u00e1gina 10","Tiempo de lectura":"1 minuto"},"schema":{"@context":"https:\/\/schema.org","@graph":[{"@type":"Article","@id":"https:\/\/pagina10.com\/web\/aun-no-existen-garantias-suficientes-para-iniciar-un-proceso-de-dialogo-expone-alcalde-de-pasto-frente-a-encuentro-con-las-juventudes\/#article","isPartOf":{"@id":"https:\/\/pagina10.com\/web\/aun-no-existen-garantias-suficientes-para-iniciar-un-proceso-de-dialogo-expone-alcalde-de-pasto-frente-a-encuentro-con-las-juventudes\/"},"author":{"name":"P\u00e1gina 10","@id":"https:\/\/pagina10.com\/web\/#\/schema\/person\/2efc4a090d25b667d3bc796798a3a81b"},"headline":"\u201dA\u00fan no existen garant\u00edas suficientes para iniciar un proceso de di\u00e1logo\u201d, expone Alcalde de Pasto frente a encuentro con las juventudes","datePublished":"2021-06-13T17:52:21+00:00","dateModified":"2021-06-13T17:53:33+00:00","mainEntityOfPage":{"@id":"https:\/\/pagina10.com\/web\/aun-no-existen-garantias-suficientes-para-iniciar-un-proceso-de-dialogo-expone-alcalde-de-pasto-frente-a-encuentro-con-las-juventudes\/"},"wordCount":258,"commentCount":0,"publisher":{"@id":"https:\/\/pagina10.com\/web\/#organization"},"image":{"@id":"https:\/\/pagina10.com\/web\/aun-no-existen-garantias-suficientes-para-iniciar-un-proceso-de-dialogo-expone-alcalde-de-pasto-frente-a-encuentro-con-las-juventudes\/#primaryimage"},"thumbnailUrl":"https:\/\/pagina10.com\/web\/wp-content\/uploads\/2021\/06\/WhatsApp-Image-2021-06-13-at-12.49.31-PM.jpeg","articleSection":["Ciudad"],"inLanguage":"es","potentialAction":[{"@type":"CommentAction","name":"Comment","target":["https:\/\/pagina10.com\/web\/aun-no-existen-garantias-suficientes-para-iniciar-un-proceso-de-dialogo-expone-alcalde-de-pasto-frente-a-encuentro-con-las-juventudes\/#respond"]}]},{"@type":"WebPage","@id":"https:\/\/pagina10.com\/web\/aun-no-existen-garantias-suficientes-para-iniciar-un-proceso-de-dialogo-expone-alcalde-de-pasto-frente-a-encuentro-con-las-juventudes\/","url":"https:\/\/pagina10.com\/web\/aun-no-existen-garantias-suficientes-para-iniciar-un-proceso-de-dialogo-expone-alcalde-de-pasto-frente-a-encuentro-con-las-juventudes\/","name":"\u201dA\u00fan no existen garant\u00edas suficientes para iniciar un proceso de di\u00e1logo\u201d, expone Alcalde de Pasto frente a encuentro con las juventudes | P\u00e1gina10","isPartOf":{"@id":"https:\/\/pagina10.com\/web\/#website"},"primaryImageOfPage":{"@id":"https:\/\/pagina10.com\/web\/aun-no-existen-garantias-suficientes-para-iniciar-un-proceso-de-dialogo-expone-alcalde-de-pasto-frente-a-encuentro-con-las-juventudes\/#primaryimage"},"image":{"@id":"https:\/\/pagina10.com\/web\/aun-no-existen-garantias-suficientes-para-iniciar-un-proceso-de-dialogo-expone-alcalde-de-pasto-frente-a-encuentro-con-las-juventudes\/#primaryimage"},"thumbnailUrl":"https:\/\/pagina10.com\/web\/wp-content\/uploads\/2021\/06\/WhatsApp-Image-2021-06-13-at-12.49.31-PM.jpeg","datePublished":"2021-06-13T17:52:21+00:00","dateModified":"2021-06-13T17:53:33+00:00","breadcrumb":{"@id":"https:\/\/pagina10.com\/web\/aun-no-existen-garantias-suficientes-para-iniciar-un-proceso-de-dialogo-expone-alcalde-de-pasto-frente-a-encuentro-con-las-juventudes\/#breadcrumb"},"inLanguage":"es","potentialAction":[{"@type":"ReadAction","target":["https:\/\/pagina10.com\/web\/aun-no-existen-garantias-suficientes-para-iniciar-un-proceso-de-dialogo-expone-alcalde-de-pasto-frente-a-encuentro-con-las-juventudes\/"]}]},{"@type":"ImageObject","inLanguage":"es","@id":"https:\/\/pagina10.com\/web\/aun-no-existen-garantias-suficientes-para-iniciar-un-proceso-de-dialogo-expone-alcalde-de-pasto-frente-a-encuentro-con-las-juventudes\/#primaryimage","url":"https:\/\/pagina10.com\/web\/wp-content\/uploads\/2021\/06\/WhatsApp-Image-2021-06-13-at-12.49.31-PM.jpeg","contentUrl":"https:\/\/pagina10.com\/web\/wp-content\/uploads\/2021\/06\/WhatsApp-Image-2021-06-13-at-12.49.31-PM.jpeg","width":1080,"height":720},{"@type":"BreadcrumbList","@id":"https:\/\/pagina10.com\/web\/aun-no-existen-garantias-suficientes-para-iniciar-un-proceso-de-dialogo-expone-alcalde-de-pasto-frente-a-encuentro-con-las-juventudes\/#breadcrumb","itemListElement":[{"@type":"ListItem","position":1,"name":"Portada","item":"https:\/\/pagina10.com\/web\/"},{"@type":"ListItem","position":2,"name":"\u201dA\u00fan no existen garant\u00edas suficientes para iniciar un proceso de di\u00e1logo\u201d, expone Alcalde de Pasto frente a encuentro con las juventudes"}]},{"@type":"WebSite","@id":"https:\/\/pagina10.com\/web\/#website","url":"https:\/\/pagina10.com\/web\/","name":"P\u00e1gina10","description":"Peri\u00f3dico Regional","publisher":{"@id":"https:\/\/pagina10.com\/web\/#organization"},"alternateName":"P\u00e1gina10 Peri\u00f3dico Regional","potentialAction":[{"@type":"SearchAction","target":{"@type":"EntryPoint","urlTemplate":"https:\/\/pagina10.com\/web\/?s={search_term_string}"},"query-input":{"@type":"PropertyValueSpecification","valueRequired":true,"valueName":"search_term_string"}}],"inLanguage":"es"},{"@type":"Organization","@id":"https:\/\/pagina10.com\/web\/#organization","name":"P\u00e1gina10","alternateName":"P\u00e1gina10 Peri\u00f3dico Regional","url":"https:\/\/pagina10.com\/web\/","logo":{"@type":"ImageObject","inLanguage":"es","@id":"https:\/\/pagina10.com\/web\/#\/schema\/logo\/image\/","url":"https:\/\/pagina10.com\/web\/wp-content\/uploads\/2024\/01\/40-pagina-10-periodico-regional-pasto.jpg","contentUrl":"https:\/\/pagina10.com\/web\/wp-content\/uploads\/2024\/01\/40-pagina-10-periodico-regional-pasto.jpg","width":1280,"height":720,"caption":"P\u00e1gina10"},"image":{"@id":"https:\/\/pagina10.com\/web\/#\/schema\/logo\/image\/"},"sameAs":["https:\/\/www.facebook.com\/pag10com","https:\/\/x.com\/Pag10com","https:\/\/www.instagram.com\/pagina10col\/","https:\/\/youtube.com\/channel\/pag10","https:\/\/www.tiktok.com\/@p10col"]},{"@type":"Person","@id":"https:\/\/pagina10.com\/web\/#\/schema\/person\/2efc4a090d25b667d3bc796798a3a81b","name":"P\u00e1gina 10","description":"P\u00e1gina 10 es un peri\u00f3dico regional que nace en Colombia, en el departamento de Nari\u00f1o, con un enfoque global, fundamentado en cuatro pilares esenciales: la libertad, el pluralismo, la inclusi\u00f3n y la independencia. P\u00e1gina 10 hace referencia a Nari\u00f1o como el d\u00e9cimo departamento creado en Colombia, despu\u00e9s de un proceso pol\u00edtico liderado por actores y actrices regionales con el fin de obtener la independencia y autonom\u00eda de nuestros territorios. Con la creaci\u00f3n de P\u00e1gina 10 se pretende abrir un escenario para el dialogo, la reflexi\u00f3n y el debate que se extienda a otras geograf\u00edas de Am\u00e9rica Latina y del planeta, en una apuesta por transformar colectivamente los desaf\u00edos de un mundo contempor\u00e1neo, m\u00e1s all\u00e1 de las fronteras impuestas.","url":"https:\/\/pagina10.com\/web\/author\/pdiezadmin\/"}]}},"_links":{"self":[{"href":"https:\/\/pagina10.com\/web\/wp-json\/wp\/v2\/posts\/53165","targetHints":{"allow":["GET"]}}],"collection":[{"href":"https:\/\/pagina10.com\/web\/wp-json\/wp\/v2\/posts"}],"about":[{"href":"https:\/\/pagina10.com\/web\/wp-json\/wp\/v2\/types\/post"}],"author":[{"embeddable":true,"href":"https:\/\/pagina10.com\/web\/wp-json\/wp\/v2\/users\/1"}],"replies":[{"embeddable":true,"href":"https:\/\/pagina10.com\/web\/wp-json\/wp\/v2\/comments?post=53165"}],"version-history":[{"count":2,"href":"https:\/\/pagina10.com\/web\/wp-json\/wp\/v2\/posts\/53165\/revisions"}],"predecessor-version":[{"id":53168,"href":"https:\/\/pagina10.com\/web\/wp-json\/wp\/v2\/posts\/53165\/revisions\/53168"}],"wp:featuredmedia":[{"embeddable":true,"href":"https:\/\/pagina10.com\/web\/wp-json\/wp\/v2\/media\/53166"}],"wp:attachment":[{"href":"https:\/\/pagina10.com\/web\/wp-json\/wp\/v2\/media?parent=53165"}],"wp:term":[{"taxonomy":"category","embeddable":true,"href":"https:\/\/pagina10.com\/web\/wp-json\/wp\/v2\/categories?post=53165"},{"taxonomy":"post_tag","embeddable":true,"href":"https:\/\/pagina10.com\/web\/wp-json\/wp\/v2\/tags?post=53165"}],"curies":[{"name":"wp","href":"https:\/\/api.w.org\/{rel}","templated":true}]}}