{"id":53229,"date":"2021-06-15T17:14:56","date_gmt":"2021-06-15T22:14:56","guid":{"rendered":"https:\/\/pagina10.com\/web\/?p=53229"},"modified":"2021-06-15T17:14:56","modified_gmt":"2021-06-15T22:14:56","slug":"afectaciones-por-temporada-de-lluvias-en-narino-este-es-el-pronostico","status":"publish","type":"post","link":"https:\/\/pagina10.com\/web\/afectaciones-por-temporada-de-lluvias-en-narino-este-es-el-pronostico\/","title":{"rendered":"Afectaciones por temporada de lluvias en Nari\u00f1o, este es el pron\u00f3stico"},"content":{"rendered":"<p style=\"text-align: justify;\"><span style=\"font-weight: 400;\">El instituto de Hidrolog\u00eda, Meteorolog\u00eda y Estudios Ambientales (IDEAM), inform\u00f3 que se estima que en los pr\u00f3ximos tres meses, varias regiones del pa\u00eds vivir\u00e1n una temporada\u00a0 de precipitaciones cercanas a sus promedios hist\u00f3ricos.\u00a0<\/span><\/p>\n<p style=\"text-align: justify;\"><span style=\"font-weight: 400;\">El Departamento de Nari\u00f1o, se ha visto afectado por la ola invernal que se presenta actualmente en el pa\u00eds; durante los primeros quince d\u00edas del mes de junio, varios municipios de Nari\u00f1o registraron deslizamiento de tierra, inundaciones y desbordamiento de r\u00edos a causa de las fuertes lluvias presentadas.\u00a0<\/span><\/p>\n<p style=\"text-align: justify;\"><span style=\"font-weight: 400;\">Cabe recordar que los municipios de <\/span><span style=\"font-weight: 400;\">Sandon\u00e1, Linares, Santacruz de Guachav\u00e9s, Samaniego, Policarpa, Cumbitara y Santa B\u00e1rbara de Iscuand\u00e9 se vieron afectados por las fuertes lluvias a comienzo del mes. De la misma manera, en el pac\u00edfico nari\u00f1ense se present\u00f3 el desbordamiento del r\u00edo Telemb\u00ed en el municipio de Barbacoas.<\/span><\/p>\n<p style=\"text-align: justify;\"><span style=\"font-weight: 400;\">Dentro de las afectaciones m\u00e1s recientes que se registraron, se encuentra el deslizamiento de tierra que se report\u00f3 el lunes 14 de junio\u00a0 en la v\u00eda que de la ciudad de Pasto conduce al municipio de Chachagui, lo que llev\u00f3 al cierre temporal de la v\u00eda.\u00a0<\/span><\/p>\n<p style=\"text-align: justify;\"><span style=\"font-weight: 400;\">De la misma manera, se registr\u00f3 deslizamiento de tierra en el tramo vial entre Buesaco y la ciudad de Pasto; estas han sido algunas de las afectaciones.<\/span><\/p>\n<p style=\"text-align: justify;\"><span style=\"font-weight: 400;\">De acuerdo con Daniel Useche, jefe de Pron\u00f3sticos y Alertas Tempranas del IDEAM, quien explic\u00f3 en di\u00e1logo con Blu Radio, que las temporada de lluvia en el pa\u00eds ha sido ocasionada por el paso de las ondas tropicales.\u00a0<\/span><\/p>\n<p style=\"text-align: justify;\"><span style=\"font-weight: 400;\">\u201cSon sistemas atmosf\u00e9ricos muy comunes para esta \u00e9poca del a\u00f1o que se forman en la costa oeste africana y comienzan a trasladarse de oriente a occidente, a medida que se acerca a la zona del caribe y el territorio colombiano. En algunos casos, estas ondas vienen acompa\u00f1adas de nubosidad, lluvias, tormentas el\u00e9ctricas y vientos por encima de lo normal\u201d, mencion\u00f3. <\/span><\/p>\n","protected":false},"excerpt":{"rendered":"<p>El instituto de Hidrolog\u00eda, Meteorolog\u00eda y Estudios Ambientales (IDEAM), inform\u00f3 que se estima que en los pr\u00f3ximos tres meses, varias regiones del pa\u00eds vivir\u00e1n una temporada\u00a0 de precipitaciones cercanas a sus promedios hist\u00f3ricos.\u00a0 El Departamento de Nari\u00f1o, se ha visto afectado por la ola invernal que se presenta actualmente en el pa\u00eds; durante los primeros [&hellip;]<\/p>\n","protected":false},"author":1,"featured_media":53230,"comment_status":"open","ping_status":"open","sticky":false,"template":"","format":"standard","meta":{"footnotes":""},"categories":[53],"tags":[],"class_list":["post-53229","post","type-post","status-publish","format-standard","has-post-thumbnail","hentry","category-regiones"],"yoast_head":"<!-- This site is optimized with the Yoast SEO plugin v27.1.1 - https:\/\/yoast.com\/product\/yoast-seo-wordpress\/ -->\n<title>Afectaciones por temporada de lluvias en Nari\u00f1o, este es el pron\u00f3stico | P\u00e1gina10<\/title>\n<meta name=\"robots\" content=\"index, follow, max-snippet:-1, max-image-preview:large, max-video-preview:-1\" \/>\n<link rel=\"canonical\" href=\"https:\/\/pagina10.com\/web\/afectaciones-por-temporada-de-lluvias-en-narino-este-es-el-pronostico\/\" \/>\n<meta property=\"og:locale\" content=\"es_ES\" \/>\n<meta property=\"og:type\" content=\"article\" \/>\n<meta property=\"og:title\" content=\"Afectaciones por temporada de lluvias en Nari\u00f1o, este es el pron\u00f3stico | P\u00e1gina10\" \/>\n<meta property=\"og:description\" content=\"El instituto de Hidrolog\u00eda, Meteorolog\u00eda y Estudios Ambientales (IDEAM), inform\u00f3 que se estima que en los pr\u00f3ximos tres meses, varias regiones del pa\u00eds vivir\u00e1n una temporada de precipitaciones cercanas a sus promedios hist\u00f3ricos. El Departamento de Nari\u00f1o, se ha visto afectado por la ola invernal que se presenta actualmente en el pa\u00eds; durante los primeros [&hellip;]\" \/>\n<meta property=\"og:url\" content=\"https:\/\/pagina10.com\/web\/afectaciones-por-temporada-de-lluvias-en-narino-este-es-el-pronostico\/\" \/>\n<meta property=\"og:site_name\" content=\"P\u00e1gina10\" \/>\n<meta property=\"article:publisher\" content=\"https:\/\/www.facebook.com\/pag10com\" \/>\n<meta property=\"article:published_time\" content=\"2021-06-15T22:14:56+00:00\" \/>\n<meta property=\"og:image\" content=\"https:\/\/pagina10.com\/web\/wp-content\/uploads\/2021\/06\/WhatsApp-Image-2021-06-15-at-5.14.02-PM.jpeg\" \/>\n\t<meta property=\"og:image:width\" content=\"691\" \/>\n\t<meta property=\"og:image:height\" content=\"498\" \/>\n\t<meta property=\"og:image:type\" content=\"image\/jpeg\" \/>\n<meta name=\"author\" content=\"P\u00e1gina 10\" \/>\n<meta name=\"twitter:card\" content=\"summary_large_image\" \/>\n<meta name=\"twitter:creator\" content=\"@Pag10com\" \/>\n<meta name=\"twitter:site\" content=\"@Pag10com\" \/>\n<meta name=\"twitter:label1\" content=\"Escrito por\" \/>\n\t<meta name=\"twitter:data1\" content=\"P\u00e1gina 10\" \/>\n\t<meta name=\"twitter:label2\" content=\"Tiempo de lectura\" \/>\n\t<meta name=\"twitter:data2\" content=\"2 minutos\" \/>\n<script type=\"application\/ld+json\" class=\"yoast-schema-graph\">{\"@context\":\"https:\/\/schema.org\",\"@graph\":[{\"@type\":\"Article\",\"@id\":\"https:\/\/pagina10.com\/web\/afectaciones-por-temporada-de-lluvias-en-narino-este-es-el-pronostico\/#article\",\"isPartOf\":{\"@id\":\"https:\/\/pagina10.com\/web\/afectaciones-por-temporada-de-lluvias-en-narino-este-es-el-pronostico\/\"},\"author\":{\"name\":\"P\u00e1gina 10\",\"@id\":\"https:\/\/pagina10.com\/web\/#\/schema\/person\/2efc4a090d25b667d3bc796798a3a81b\"},\"headline\":\"Afectaciones por temporada de lluvias en Nari\u00f1o, este es el pron\u00f3stico\",\"datePublished\":\"2021-06-15T22:14:56+00:00\",\"mainEntityOfPage\":{\"@id\":\"https:\/\/pagina10.com\/web\/afectaciones-por-temporada-de-lluvias-en-narino-este-es-el-pronostico\/\"},\"wordCount\":340,\"commentCount\":0,\"publisher\":{\"@id\":\"https:\/\/pagina10.com\/web\/#organization\"},\"image\":{\"@id\":\"https:\/\/pagina10.com\/web\/afectaciones-por-temporada-de-lluvias-en-narino-este-es-el-pronostico\/#primaryimage\"},\"thumbnailUrl\":\"https:\/\/pagina10.com\/web\/wp-content\/uploads\/2021\/06\/WhatsApp-Image-2021-06-15-at-5.14.02-PM.jpeg\",\"articleSection\":[\"Regiones\"],\"inLanguage\":\"es\",\"potentialAction\":[{\"@type\":\"CommentAction\",\"name\":\"Comment\",\"target\":[\"https:\/\/pagina10.com\/web\/afectaciones-por-temporada-de-lluvias-en-narino-este-es-el-pronostico\/#respond\"]}]},{\"@type\":\"WebPage\",\"@id\":\"https:\/\/pagina10.com\/web\/afectaciones-por-temporada-de-lluvias-en-narino-este-es-el-pronostico\/\",\"url\":\"https:\/\/pagina10.com\/web\/afectaciones-por-temporada-de-lluvias-en-narino-este-es-el-pronostico\/\",\"name\":\"Afectaciones por temporada de lluvias en Nari\u00f1o, este es el pron\u00f3stico | P\u00e1gina10\",\"isPartOf\":{\"@id\":\"https:\/\/pagina10.com\/web\/#website\"},\"primaryImageOfPage\":{\"@id\":\"https:\/\/pagina10.com\/web\/afectaciones-por-temporada-de-lluvias-en-narino-este-es-el-pronostico\/#primaryimage\"},\"image\":{\"@id\":\"https:\/\/pagina10.com\/web\/afectaciones-por-temporada-de-lluvias-en-narino-este-es-el-pronostico\/#primaryimage\"},\"thumbnailUrl\":\"https:\/\/pagina10.com\/web\/wp-content\/uploads\/2021\/06\/WhatsApp-Image-2021-06-15-at-5.14.02-PM.jpeg\",\"datePublished\":\"2021-06-15T22:14:56+00:00\",\"breadcrumb\":{\"@id\":\"https:\/\/pagina10.com\/web\/afectaciones-por-temporada-de-lluvias-en-narino-este-es-el-pronostico\/#breadcrumb\"},\"inLanguage\":\"es\",\"potentialAction\":[{\"@type\":\"ReadAction\",\"target\":[\"https:\/\/pagina10.com\/web\/afectaciones-por-temporada-de-lluvias-en-narino-este-es-el-pronostico\/\"]}]},{\"@type\":\"ImageObject\",\"inLanguage\":\"es\",\"@id\":\"https:\/\/pagina10.com\/web\/afectaciones-por-temporada-de-lluvias-en-narino-este-es-el-pronostico\/#primaryimage\",\"url\":\"https:\/\/pagina10.com\/web\/wp-content\/uploads\/2021\/06\/WhatsApp-Image-2021-06-15-at-5.14.02-PM.jpeg\",\"contentUrl\":\"https:\/\/pagina10.com\/web\/wp-content\/uploads\/2021\/06\/WhatsApp-Image-2021-06-15-at-5.14.02-PM.jpeg\",\"width\":691,\"height\":498},{\"@type\":\"BreadcrumbList\",\"@id\":\"https:\/\/pagina10.com\/web\/afectaciones-por-temporada-de-lluvias-en-narino-este-es-el-pronostico\/#breadcrumb\",\"itemListElement\":[{\"@type\":\"ListItem\",\"position\":1,\"name\":\"Portada\",\"item\":\"https:\/\/pagina10.com\/web\/\"},{\"@type\":\"ListItem\",\"position\":2,\"name\":\"Afectaciones por temporada de lluvias en Nari\u00f1o, este es el pron\u00f3stico\"}]},{\"@type\":\"WebSite\",\"@id\":\"https:\/\/pagina10.com\/web\/#website\",\"url\":\"https:\/\/pagina10.com\/web\/\",\"name\":\"P\u00e1gina10\",\"description\":\"Peri\u00f3dico Regional\",\"publisher\":{\"@id\":\"https:\/\/pagina10.com\/web\/#organization\"},\"alternateName\":\"P\u00e1gina10 Peri\u00f3dico Regional\",\"potentialAction\":[{\"@type\":\"SearchAction\",\"target\":{\"@type\":\"EntryPoint\",\"urlTemplate\":\"https:\/\/pagina10.com\/web\/?s={search_term_string}\"},\"query-input\":{\"@type\":\"PropertyValueSpecification\",\"valueRequired\":true,\"valueName\":\"search_term_string\"}}],\"inLanguage\":\"es\"},{\"@type\":\"Organization\",\"@id\":\"https:\/\/pagina10.com\/web\/#organization\",\"name\":\"P\u00e1gina10\",\"alternateName\":\"P\u00e1gina10 Peri\u00f3dico Regional\",\"url\":\"https:\/\/pagina10.com\/web\/\",\"logo\":{\"@type\":\"ImageObject\",\"inLanguage\":\"es\",\"@id\":\"https:\/\/pagina10.com\/web\/#\/schema\/logo\/image\/\",\"url\":\"https:\/\/pagina10.com\/web\/wp-content\/uploads\/2024\/01\/40-pagina-10-periodico-regional-pasto.jpg\",\"contentUrl\":\"https:\/\/pagina10.com\/web\/wp-content\/uploads\/2024\/01\/40-pagina-10-periodico-regional-pasto.jpg\",\"width\":1280,\"height\":720,\"caption\":\"P\u00e1gina10\"},\"image\":{\"@id\":\"https:\/\/pagina10.com\/web\/#\/schema\/logo\/image\/\"},\"sameAs\":[\"https:\/\/www.facebook.com\/pag10com\",\"https:\/\/x.com\/Pag10com\",\"https:\/\/www.instagram.com\/pagina10col\/\",\"https:\/\/youtube.com\/channel\/pag10\",\"https:\/\/www.tiktok.com\/@p10col\"]},{\"@type\":\"Person\",\"@id\":\"https:\/\/pagina10.com\/web\/#\/schema\/person\/2efc4a090d25b667d3bc796798a3a81b\",\"name\":\"P\u00e1gina 10\",\"description\":\"P\u00e1gina 10 es un peri\u00f3dico regional que nace en Colombia, en el departamento de Nari\u00f1o, con un enfoque global, fundamentado en cuatro pilares esenciales: la libertad, el pluralismo, la inclusi\u00f3n y la independencia. P\u00e1gina 10 hace referencia a Nari\u00f1o como el d\u00e9cimo departamento creado en Colombia, despu\u00e9s de un proceso pol\u00edtico liderado por actores y actrices regionales con el fin de obtener la independencia y autonom\u00eda de nuestros territorios. Con la creaci\u00f3n de P\u00e1gina 10 se pretende abrir un escenario para el dialogo, la reflexi\u00f3n y el debate que se extienda a otras geograf\u00edas de Am\u00e9rica Latina y del planeta, en una apuesta por transformar colectivamente los desaf\u00edos de un mundo contempor\u00e1neo, m\u00e1s all\u00e1 de las fronteras impuestas.\",\"url\":\"https:\/\/pagina10.com\/web\/author\/pdiezadmin\/\"}]}<\/script>\n<!-- \/ Yoast SEO plugin. -->","yoast_head_json":{"title":"Afectaciones por temporada de lluvias en Nari\u00f1o, este es el pron\u00f3stico | P\u00e1gina10","robots":{"index":"index","follow":"follow","max-snippet":"max-snippet:-1","max-image-preview":"max-image-preview:large","max-video-preview":"max-video-preview:-1"},"canonical":"https:\/\/pagina10.com\/web\/afectaciones-por-temporada-de-lluvias-en-narino-este-es-el-pronostico\/","og_locale":"es_ES","og_type":"article","og_title":"Afectaciones por temporada de lluvias en Nari\u00f1o, este es el pron\u00f3stico | P\u00e1gina10","og_description":"El instituto de Hidrolog\u00eda, Meteorolog\u00eda y Estudios Ambientales (IDEAM), inform\u00f3 que se estima que en los pr\u00f3ximos tres meses, varias regiones del pa\u00eds vivir\u00e1n una temporada de precipitaciones cercanas a sus promedios hist\u00f3ricos. El Departamento de Nari\u00f1o, se ha visto afectado por la ola invernal que se presenta actualmente en el pa\u00eds; durante los primeros [&hellip;]","og_url":"https:\/\/pagina10.com\/web\/afectaciones-por-temporada-de-lluvias-en-narino-este-es-el-pronostico\/","og_site_name":"P\u00e1gina10","article_publisher":"https:\/\/www.facebook.com\/pag10com","article_published_time":"2021-06-15T22:14:56+00:00","og_image":[{"width":691,"height":498,"url":"https:\/\/pagina10.com\/web\/wp-content\/uploads\/2021\/06\/WhatsApp-Image-2021-06-15-at-5.14.02-PM.jpeg","type":"image\/jpeg"}],"author":"P\u00e1gina 10","twitter_card":"summary_large_image","twitter_creator":"@Pag10com","twitter_site":"@Pag10com","twitter_misc":{"Escrito por":"P\u00e1gina 10","Tiempo de lectura":"2 minutos"},"schema":{"@context":"https:\/\/schema.org","@graph":[{"@type":"Article","@id":"https:\/\/pagina10.com\/web\/afectaciones-por-temporada-de-lluvias-en-narino-este-es-el-pronostico\/#article","isPartOf":{"@id":"https:\/\/pagina10.com\/web\/afectaciones-por-temporada-de-lluvias-en-narino-este-es-el-pronostico\/"},"author":{"name":"P\u00e1gina 10","@id":"https:\/\/pagina10.com\/web\/#\/schema\/person\/2efc4a090d25b667d3bc796798a3a81b"},"headline":"Afectaciones por temporada de lluvias en Nari\u00f1o, este es el pron\u00f3stico","datePublished":"2021-06-15T22:14:56+00:00","mainEntityOfPage":{"@id":"https:\/\/pagina10.com\/web\/afectaciones-por-temporada-de-lluvias-en-narino-este-es-el-pronostico\/"},"wordCount":340,"commentCount":0,"publisher":{"@id":"https:\/\/pagina10.com\/web\/#organization"},"image":{"@id":"https:\/\/pagina10.com\/web\/afectaciones-por-temporada-de-lluvias-en-narino-este-es-el-pronostico\/#primaryimage"},"thumbnailUrl":"https:\/\/pagina10.com\/web\/wp-content\/uploads\/2021\/06\/WhatsApp-Image-2021-06-15-at-5.14.02-PM.jpeg","articleSection":["Regiones"],"inLanguage":"es","potentialAction":[{"@type":"CommentAction","name":"Comment","target":["https:\/\/pagina10.com\/web\/afectaciones-por-temporada-de-lluvias-en-narino-este-es-el-pronostico\/#respond"]}]},{"@type":"WebPage","@id":"https:\/\/pagina10.com\/web\/afectaciones-por-temporada-de-lluvias-en-narino-este-es-el-pronostico\/","url":"https:\/\/pagina10.com\/web\/afectaciones-por-temporada-de-lluvias-en-narino-este-es-el-pronostico\/","name":"Afectaciones por temporada de lluvias en Nari\u00f1o, este es el pron\u00f3stico | P\u00e1gina10","isPartOf":{"@id":"https:\/\/pagina10.com\/web\/#website"},"primaryImageOfPage":{"@id":"https:\/\/pagina10.com\/web\/afectaciones-por-temporada-de-lluvias-en-narino-este-es-el-pronostico\/#primaryimage"},"image":{"@id":"https:\/\/pagina10.com\/web\/afectaciones-por-temporada-de-lluvias-en-narino-este-es-el-pronostico\/#primaryimage"},"thumbnailUrl":"https:\/\/pagina10.com\/web\/wp-content\/uploads\/2021\/06\/WhatsApp-Image-2021-06-15-at-5.14.02-PM.jpeg","datePublished":"2021-06-15T22:14:56+00:00","breadcrumb":{"@id":"https:\/\/pagina10.com\/web\/afectaciones-por-temporada-de-lluvias-en-narino-este-es-el-pronostico\/#breadcrumb"},"inLanguage":"es","potentialAction":[{"@type":"ReadAction","target":["https:\/\/pagina10.com\/web\/afectaciones-por-temporada-de-lluvias-en-narino-este-es-el-pronostico\/"]}]},{"@type":"ImageObject","inLanguage":"es","@id":"https:\/\/pagina10.com\/web\/afectaciones-por-temporada-de-lluvias-en-narino-este-es-el-pronostico\/#primaryimage","url":"https:\/\/pagina10.com\/web\/wp-content\/uploads\/2021\/06\/WhatsApp-Image-2021-06-15-at-5.14.02-PM.jpeg","contentUrl":"https:\/\/pagina10.com\/web\/wp-content\/uploads\/2021\/06\/WhatsApp-Image-2021-06-15-at-5.14.02-PM.jpeg","width":691,"height":498},{"@type":"BreadcrumbList","@id":"https:\/\/pagina10.com\/web\/afectaciones-por-temporada-de-lluvias-en-narino-este-es-el-pronostico\/#breadcrumb","itemListElement":[{"@type":"ListItem","position":1,"name":"Portada","item":"https:\/\/pagina10.com\/web\/"},{"@type":"ListItem","position":2,"name":"Afectaciones por temporada de lluvias en Nari\u00f1o, este es el pron\u00f3stico"}]},{"@type":"WebSite","@id":"https:\/\/pagina10.com\/web\/#website","url":"https:\/\/pagina10.com\/web\/","name":"P\u00e1gina10","description":"Peri\u00f3dico Regional","publisher":{"@id":"https:\/\/pagina10.com\/web\/#organization"},"alternateName":"P\u00e1gina10 Peri\u00f3dico Regional","potentialAction":[{"@type":"SearchAction","target":{"@type":"EntryPoint","urlTemplate":"https:\/\/pagina10.com\/web\/?s={search_term_string}"},"query-input":{"@type":"PropertyValueSpecification","valueRequired":true,"valueName":"search_term_string"}}],"inLanguage":"es"},{"@type":"Organization","@id":"https:\/\/pagina10.com\/web\/#organization","name":"P\u00e1gina10","alternateName":"P\u00e1gina10 Peri\u00f3dico Regional","url":"https:\/\/pagina10.com\/web\/","logo":{"@type":"ImageObject","inLanguage":"es","@id":"https:\/\/pagina10.com\/web\/#\/schema\/logo\/image\/","url":"https:\/\/pagina10.com\/web\/wp-content\/uploads\/2024\/01\/40-pagina-10-periodico-regional-pasto.jpg","contentUrl":"https:\/\/pagina10.com\/web\/wp-content\/uploads\/2024\/01\/40-pagina-10-periodico-regional-pasto.jpg","width":1280,"height":720,"caption":"P\u00e1gina10"},"image":{"@id":"https:\/\/pagina10.com\/web\/#\/schema\/logo\/image\/"},"sameAs":["https:\/\/www.facebook.com\/pag10com","https:\/\/x.com\/Pag10com","https:\/\/www.instagram.com\/pagina10col\/","https:\/\/youtube.com\/channel\/pag10","https:\/\/www.tiktok.com\/@p10col"]},{"@type":"Person","@id":"https:\/\/pagina10.com\/web\/#\/schema\/person\/2efc4a090d25b667d3bc796798a3a81b","name":"P\u00e1gina 10","description":"P\u00e1gina 10 es un peri\u00f3dico regional que nace en Colombia, en el departamento de Nari\u00f1o, con un enfoque global, fundamentado en cuatro pilares esenciales: la libertad, el pluralismo, la inclusi\u00f3n y la independencia. P\u00e1gina 10 hace referencia a Nari\u00f1o como el d\u00e9cimo departamento creado en Colombia, despu\u00e9s de un proceso pol\u00edtico liderado por actores y actrices regionales con el fin de obtener la independencia y autonom\u00eda de nuestros territorios. Con la creaci\u00f3n de P\u00e1gina 10 se pretende abrir un escenario para el dialogo, la reflexi\u00f3n y el debate que se extienda a otras geograf\u00edas de Am\u00e9rica Latina y del planeta, en una apuesta por transformar colectivamente los desaf\u00edos de un mundo contempor\u00e1neo, m\u00e1s all\u00e1 de las fronteras impuestas.","url":"https:\/\/pagina10.com\/web\/author\/pdiezadmin\/"}]}},"_links":{"self":[{"href":"https:\/\/pagina10.com\/web\/wp-json\/wp\/v2\/posts\/53229","targetHints":{"allow":["GET"]}}],"collection":[{"href":"https:\/\/pagina10.com\/web\/wp-json\/wp\/v2\/posts"}],"about":[{"href":"https:\/\/pagina10.com\/web\/wp-json\/wp\/v2\/types\/post"}],"author":[{"embeddable":true,"href":"https:\/\/pagina10.com\/web\/wp-json\/wp\/v2\/users\/1"}],"replies":[{"embeddable":true,"href":"https:\/\/pagina10.com\/web\/wp-json\/wp\/v2\/comments?post=53229"}],"version-history":[{"count":1,"href":"https:\/\/pagina10.com\/web\/wp-json\/wp\/v2\/posts\/53229\/revisions"}],"predecessor-version":[{"id":53231,"href":"https:\/\/pagina10.com\/web\/wp-json\/wp\/v2\/posts\/53229\/revisions\/53231"}],"wp:featuredmedia":[{"embeddable":true,"href":"https:\/\/pagina10.com\/web\/wp-json\/wp\/v2\/media\/53230"}],"wp:attachment":[{"href":"https:\/\/pagina10.com\/web\/wp-json\/wp\/v2\/media?parent=53229"}],"wp:term":[{"taxonomy":"category","embeddable":true,"href":"https:\/\/pagina10.com\/web\/wp-json\/wp\/v2\/categories?post=53229"},{"taxonomy":"post_tag","embeddable":true,"href":"https:\/\/pagina10.com\/web\/wp-json\/wp\/v2\/tags?post=53229"}],"curies":[{"name":"wp","href":"https:\/\/api.w.org\/{rel}","templated":true}]}}