{"id":53379,"date":"2021-06-21T12:40:06","date_gmt":"2021-06-21T17:40:06","guid":{"rendered":"https:\/\/pagina10.com\/web\/?p=53379"},"modified":"2021-06-21T12:41:31","modified_gmt":"2021-06-21T17:41:31","slug":"observatorio-astronomico-de-la-udenar-recibe-reconocimiento-por-cientificos-de-la-nasa","status":"publish","type":"post","link":"https:\/\/pagina10.com\/web\/observatorio-astronomico-de-la-udenar-recibe-reconocimiento-por-cientificos-de-la-nasa\/","title":{"rendered":"Observatorio Astron\u00f3mico de la Udenar recibe reconocimiento por cient\u00edficos de la NASA"},"content":{"rendered":"<p style=\"text-align: justify;\"><span style=\"font-weight: 400;\">El observatorio astron\u00f3mico de la Universidad de Nari\u00f1o recibi\u00f3 una distinci\u00f3n por parte de cient\u00edficos de la NASA.<\/span><\/p>\n<p style=\"text-align: justify;\"><span style=\"font-weight: 400;\">El reconocimiento fue entregado en medio de un encuentro virtual que reuni\u00f3 cient\u00edficos de alto nivel.<\/span><\/p>\n<p style=\"text-align: justify;\"><span style=\"font-weight: 400;\">El cient\u00edfico y astr\u00f3nomo nari\u00f1ense Alberto Quijano Vodniza particip\u00f3 en este encuentro virtual de asteroides potencialmente peligrosos, organizado por la oficina de defensa planetaria de la NASA.<\/span><\/p>\n<p style=\"text-align: justify;\"><span style=\"font-weight: 400;\">De esta manera, inform\u00f3 que en medio de su participaci\u00f3n en el encuentro virtual el pasado 7 de junio,\u00a0 el cient\u00edfico lindley johnson dio a conocer los nombres de los observatorios que a nivel mundial pertenecen a la oficina por el trabajo de investigaci\u00f3n de asteroides.<\/span><\/p>\n<p style=\"text-align: justify;\"><span style=\"font-weight: 400;\">En este orden, el cient\u00edfico Alberto Quijano dio a conocer que el observatorio de la universidad de Nari\u00f1o recibi\u00f3 tal reconocimiento.<\/span><\/p>\n<p style=\"text-align: justify;\"><span style=\"font-weight: 400;\">&#8220;tengo el agrado de comentarles que aqu\u00ed apareci\u00f3 el nombre del observatorio de la Universidad de Nari\u00f1o. El \u00fanico de nuestro pa\u00eds y representando a Colombia en esta importante oficina que realiza investigaci\u00f3n a nivel mundial&#8221;, manifest\u00f3 Quijano.<\/span><\/p>\n<p style=\"text-align: justify;\"><span style=\"font-weight: 400;\">Adem\u00e1s, afirm\u00f3 que, &#8220;esta es una muestra que el trabajo que se realiza en el observatorio ya alcanzado lejanos horizontes&#8221;.<\/span><\/p>\n<p style=\"text-align: justify;\"><span style=\"font-weight: 400;\">Asimismo,\u00a0 se conoci\u00f3 por parte del astr\u00f3nomo Alberto Quijano, que el cient\u00edfico de la NASA,\u00a0 Mario P\u00e9rez\u00a0 le envi\u00f3 un reconocimiento, donde exalta el trabajo de investigaci\u00f3n adelantado\u00a0 y tambi\u00e9n destac\u00f3 las contribuciones y aportes hechos por parte del observatorio astron\u00f3mico de la Udenar.\u00a0<\/span><\/p>\n","protected":false},"excerpt":{"rendered":"<p>El observatorio astron\u00f3mico de la Universidad de Nari\u00f1o recibi\u00f3 una distinci\u00f3n por parte de cient\u00edficos de la NASA. El reconocimiento fue entregado en medio de un encuentro virtual que reuni\u00f3 cient\u00edficos de alto nivel. El cient\u00edfico y astr\u00f3nomo nari\u00f1ense Alberto Quijano Vodniza particip\u00f3 en este encuentro virtual de asteroides potencialmente peligrosos, organizado por la oficina [&hellip;]<\/p>\n","protected":false},"author":1,"featured_media":36392,"comment_status":"open","ping_status":"open","sticky":false,"template":"","format":"standard","meta":{"footnotes":""},"categories":[16,82,84],"tags":[],"class_list":["post-53379","post","type-post","status-publish","format-standard","has-post-thumbnail","hentry","category-ciencia-y-tecnologia","category-ciudad-2","category-global-2"],"yoast_head":"<!-- This site is optimized with the Yoast SEO plugin v27.1.1 - https:\/\/yoast.com\/product\/yoast-seo-wordpress\/ -->\n<title>Observatorio Astron\u00f3mico de la Udenar recibe reconocimiento por cient\u00edficos de la NASA | P\u00e1gina10<\/title>\n<meta name=\"robots\" content=\"index, follow, max-snippet:-1, max-image-preview:large, max-video-preview:-1\" \/>\n<link rel=\"canonical\" href=\"https:\/\/pagina10.com\/web\/observatorio-astronomico-de-la-udenar-recibe-reconocimiento-por-cientificos-de-la-nasa\/\" \/>\n<meta property=\"og:locale\" content=\"es_ES\" \/>\n<meta property=\"og:type\" content=\"article\" \/>\n<meta property=\"og:title\" content=\"Observatorio Astron\u00f3mico de la Udenar recibe reconocimiento por cient\u00edficos de la NASA | P\u00e1gina10\" \/>\n<meta property=\"og:description\" content=\"El observatorio astron\u00f3mico de la Universidad de Nari\u00f1o recibi\u00f3 una distinci\u00f3n por parte de cient\u00edficos de la NASA. El reconocimiento fue entregado en medio de un encuentro virtual que reuni\u00f3 cient\u00edficos de alto nivel. El cient\u00edfico y astr\u00f3nomo nari\u00f1ense Alberto Quijano Vodniza particip\u00f3 en este encuentro virtual de asteroides potencialmente peligrosos, organizado por la oficina [&hellip;]\" \/>\n<meta property=\"og:url\" content=\"https:\/\/pagina10.com\/web\/observatorio-astronomico-de-la-udenar-recibe-reconocimiento-por-cientificos-de-la-nasa\/\" \/>\n<meta property=\"og:site_name\" content=\"P\u00e1gina10\" \/>\n<meta property=\"article:publisher\" content=\"https:\/\/www.facebook.com\/pag10com\" \/>\n<meta property=\"article:published_time\" content=\"2021-06-21T17:40:06+00:00\" \/>\n<meta property=\"article:modified_time\" content=\"2021-06-21T17:41:31+00:00\" \/>\n<meta property=\"og:image\" content=\"https:\/\/pagina10.com\/web\/wp-content\/uploads\/2019\/01\/Alberto-Quijano-y-telescopio.jpg\" \/>\n\t<meta property=\"og:image:width\" content=\"600\" \/>\n\t<meta property=\"og:image:height\" content=\"419\" \/>\n\t<meta property=\"og:image:type\" content=\"image\/jpeg\" \/>\n<meta name=\"author\" content=\"P\u00e1gina 10\" \/>\n<meta name=\"twitter:card\" content=\"summary_large_image\" \/>\n<meta name=\"twitter:creator\" content=\"@Pag10com\" \/>\n<meta name=\"twitter:site\" content=\"@Pag10com\" \/>\n<meta name=\"twitter:label1\" content=\"Escrito por\" \/>\n\t<meta name=\"twitter:data1\" content=\"P\u00e1gina 10\" \/>\n\t<meta name=\"twitter:label2\" content=\"Tiempo de lectura\" \/>\n\t<meta name=\"twitter:data2\" content=\"1 minuto\" \/>\n<script type=\"application\/ld+json\" class=\"yoast-schema-graph\">{\"@context\":\"https:\/\/schema.org\",\"@graph\":[{\"@type\":\"Article\",\"@id\":\"https:\/\/pagina10.com\/web\/observatorio-astronomico-de-la-udenar-recibe-reconocimiento-por-cientificos-de-la-nasa\/#article\",\"isPartOf\":{\"@id\":\"https:\/\/pagina10.com\/web\/observatorio-astronomico-de-la-udenar-recibe-reconocimiento-por-cientificos-de-la-nasa\/\"},\"author\":{\"name\":\"P\u00e1gina 10\",\"@id\":\"https:\/\/pagina10.com\/web\/#\/schema\/person\/2efc4a090d25b667d3bc796798a3a81b\"},\"headline\":\"Observatorio Astron\u00f3mico de la Udenar recibe reconocimiento por cient\u00edficos de la NASA\",\"datePublished\":\"2021-06-21T17:40:06+00:00\",\"dateModified\":\"2021-06-21T17:41:31+00:00\",\"mainEntityOfPage\":{\"@id\":\"https:\/\/pagina10.com\/web\/observatorio-astronomico-de-la-udenar-recibe-reconocimiento-por-cientificos-de-la-nasa\/\"},\"wordCount\":266,\"commentCount\":0,\"publisher\":{\"@id\":\"https:\/\/pagina10.com\/web\/#organization\"},\"image\":{\"@id\":\"https:\/\/pagina10.com\/web\/observatorio-astronomico-de-la-udenar-recibe-reconocimiento-por-cientificos-de-la-nasa\/#primaryimage\"},\"thumbnailUrl\":\"https:\/\/pagina10.com\/web\/wp-content\/uploads\/2019\/01\/Alberto-Quijano-y-telescopio.jpg\",\"articleSection\":[\"Ciencia y tecnolog\u00eda\",\"Ciudad\",\"Global\"],\"inLanguage\":\"es\",\"potentialAction\":[{\"@type\":\"CommentAction\",\"name\":\"Comment\",\"target\":[\"https:\/\/pagina10.com\/web\/observatorio-astronomico-de-la-udenar-recibe-reconocimiento-por-cientificos-de-la-nasa\/#respond\"]}]},{\"@type\":\"WebPage\",\"@id\":\"https:\/\/pagina10.com\/web\/observatorio-astronomico-de-la-udenar-recibe-reconocimiento-por-cientificos-de-la-nasa\/\",\"url\":\"https:\/\/pagina10.com\/web\/observatorio-astronomico-de-la-udenar-recibe-reconocimiento-por-cientificos-de-la-nasa\/\",\"name\":\"Observatorio Astron\u00f3mico de la Udenar recibe reconocimiento por cient\u00edficos de la NASA | P\u00e1gina10\",\"isPartOf\":{\"@id\":\"https:\/\/pagina10.com\/web\/#website\"},\"primaryImageOfPage\":{\"@id\":\"https:\/\/pagina10.com\/web\/observatorio-astronomico-de-la-udenar-recibe-reconocimiento-por-cientificos-de-la-nasa\/#primaryimage\"},\"image\":{\"@id\":\"https:\/\/pagina10.com\/web\/observatorio-astronomico-de-la-udenar-recibe-reconocimiento-por-cientificos-de-la-nasa\/#primaryimage\"},\"thumbnailUrl\":\"https:\/\/pagina10.com\/web\/wp-content\/uploads\/2019\/01\/Alberto-Quijano-y-telescopio.jpg\",\"datePublished\":\"2021-06-21T17:40:06+00:00\",\"dateModified\":\"2021-06-21T17:41:31+00:00\",\"breadcrumb\":{\"@id\":\"https:\/\/pagina10.com\/web\/observatorio-astronomico-de-la-udenar-recibe-reconocimiento-por-cientificos-de-la-nasa\/#breadcrumb\"},\"inLanguage\":\"es\",\"potentialAction\":[{\"@type\":\"ReadAction\",\"target\":[\"https:\/\/pagina10.com\/web\/observatorio-astronomico-de-la-udenar-recibe-reconocimiento-por-cientificos-de-la-nasa\/\"]}]},{\"@type\":\"ImageObject\",\"inLanguage\":\"es\",\"@id\":\"https:\/\/pagina10.com\/web\/observatorio-astronomico-de-la-udenar-recibe-reconocimiento-por-cientificos-de-la-nasa\/#primaryimage\",\"url\":\"https:\/\/pagina10.com\/web\/wp-content\/uploads\/2019\/01\/Alberto-Quijano-y-telescopio.jpg\",\"contentUrl\":\"https:\/\/pagina10.com\/web\/wp-content\/uploads\/2019\/01\/Alberto-Quijano-y-telescopio.jpg\",\"width\":600,\"height\":419},{\"@type\":\"BreadcrumbList\",\"@id\":\"https:\/\/pagina10.com\/web\/observatorio-astronomico-de-la-udenar-recibe-reconocimiento-por-cientificos-de-la-nasa\/#breadcrumb\",\"itemListElement\":[{\"@type\":\"ListItem\",\"position\":1,\"name\":\"Portada\",\"item\":\"https:\/\/pagina10.com\/web\/\"},{\"@type\":\"ListItem\",\"position\":2,\"name\":\"Observatorio Astron\u00f3mico de la Udenar recibe reconocimiento por cient\u00edficos de la NASA\"}]},{\"@type\":\"WebSite\",\"@id\":\"https:\/\/pagina10.com\/web\/#website\",\"url\":\"https:\/\/pagina10.com\/web\/\",\"name\":\"P\u00e1gina10\",\"description\":\"Peri\u00f3dico Regional\",\"publisher\":{\"@id\":\"https:\/\/pagina10.com\/web\/#organization\"},\"alternateName\":\"P\u00e1gina10 Peri\u00f3dico Regional\",\"potentialAction\":[{\"@type\":\"SearchAction\",\"target\":{\"@type\":\"EntryPoint\",\"urlTemplate\":\"https:\/\/pagina10.com\/web\/?s={search_term_string}\"},\"query-input\":{\"@type\":\"PropertyValueSpecification\",\"valueRequired\":true,\"valueName\":\"search_term_string\"}}],\"inLanguage\":\"es\"},{\"@type\":\"Organization\",\"@id\":\"https:\/\/pagina10.com\/web\/#organization\",\"name\":\"P\u00e1gina10\",\"alternateName\":\"P\u00e1gina10 Peri\u00f3dico Regional\",\"url\":\"https:\/\/pagina10.com\/web\/\",\"logo\":{\"@type\":\"ImageObject\",\"inLanguage\":\"es\",\"@id\":\"https:\/\/pagina10.com\/web\/#\/schema\/logo\/image\/\",\"url\":\"https:\/\/pagina10.com\/web\/wp-content\/uploads\/2024\/01\/40-pagina-10-periodico-regional-pasto.jpg\",\"contentUrl\":\"https:\/\/pagina10.com\/web\/wp-content\/uploads\/2024\/01\/40-pagina-10-periodico-regional-pasto.jpg\",\"width\":1280,\"height\":720,\"caption\":\"P\u00e1gina10\"},\"image\":{\"@id\":\"https:\/\/pagina10.com\/web\/#\/schema\/logo\/image\/\"},\"sameAs\":[\"https:\/\/www.facebook.com\/pag10com\",\"https:\/\/x.com\/Pag10com\",\"https:\/\/www.instagram.com\/pagina10col\/\",\"https:\/\/youtube.com\/channel\/pag10\",\"https:\/\/www.tiktok.com\/@p10col\"]},{\"@type\":\"Person\",\"@id\":\"https:\/\/pagina10.com\/web\/#\/schema\/person\/2efc4a090d25b667d3bc796798a3a81b\",\"name\":\"P\u00e1gina 10\",\"description\":\"P\u00e1gina 10 es un peri\u00f3dico regional que nace en Colombia, en el departamento de Nari\u00f1o, con un enfoque global, fundamentado en cuatro pilares esenciales: la libertad, el pluralismo, la inclusi\u00f3n y la independencia. P\u00e1gina 10 hace referencia a Nari\u00f1o como el d\u00e9cimo departamento creado en Colombia, despu\u00e9s de un proceso pol\u00edtico liderado por actores y actrices regionales con el fin de obtener la independencia y autonom\u00eda de nuestros territorios. Con la creaci\u00f3n de P\u00e1gina 10 se pretende abrir un escenario para el dialogo, la reflexi\u00f3n y el debate que se extienda a otras geograf\u00edas de Am\u00e9rica Latina y del planeta, en una apuesta por transformar colectivamente los desaf\u00edos de un mundo contempor\u00e1neo, m\u00e1s all\u00e1 de las fronteras impuestas.\",\"url\":\"https:\/\/pagina10.com\/web\/author\/pdiezadmin\/\"}]}<\/script>\n<!-- \/ Yoast SEO plugin. -->","yoast_head_json":{"title":"Observatorio Astron\u00f3mico de la Udenar recibe reconocimiento por cient\u00edficos de la NASA | P\u00e1gina10","robots":{"index":"index","follow":"follow","max-snippet":"max-snippet:-1","max-image-preview":"max-image-preview:large","max-video-preview":"max-video-preview:-1"},"canonical":"https:\/\/pagina10.com\/web\/observatorio-astronomico-de-la-udenar-recibe-reconocimiento-por-cientificos-de-la-nasa\/","og_locale":"es_ES","og_type":"article","og_title":"Observatorio Astron\u00f3mico de la Udenar recibe reconocimiento por cient\u00edficos de la NASA | P\u00e1gina10","og_description":"El observatorio astron\u00f3mico de la Universidad de Nari\u00f1o recibi\u00f3 una distinci\u00f3n por parte de cient\u00edficos de la NASA. El reconocimiento fue entregado en medio de un encuentro virtual que reuni\u00f3 cient\u00edficos de alto nivel. El cient\u00edfico y astr\u00f3nomo nari\u00f1ense Alberto Quijano Vodniza particip\u00f3 en este encuentro virtual de asteroides potencialmente peligrosos, organizado por la oficina [&hellip;]","og_url":"https:\/\/pagina10.com\/web\/observatorio-astronomico-de-la-udenar-recibe-reconocimiento-por-cientificos-de-la-nasa\/","og_site_name":"P\u00e1gina10","article_publisher":"https:\/\/www.facebook.com\/pag10com","article_published_time":"2021-06-21T17:40:06+00:00","article_modified_time":"2021-06-21T17:41:31+00:00","og_image":[{"width":600,"height":419,"url":"https:\/\/pagina10.com\/web\/wp-content\/uploads\/2019\/01\/Alberto-Quijano-y-telescopio.jpg","type":"image\/jpeg"}],"author":"P\u00e1gina 10","twitter_card":"summary_large_image","twitter_creator":"@Pag10com","twitter_site":"@Pag10com","twitter_misc":{"Escrito por":"P\u00e1gina 10","Tiempo de lectura":"1 minuto"},"schema":{"@context":"https:\/\/schema.org","@graph":[{"@type":"Article","@id":"https:\/\/pagina10.com\/web\/observatorio-astronomico-de-la-udenar-recibe-reconocimiento-por-cientificos-de-la-nasa\/#article","isPartOf":{"@id":"https:\/\/pagina10.com\/web\/observatorio-astronomico-de-la-udenar-recibe-reconocimiento-por-cientificos-de-la-nasa\/"},"author":{"name":"P\u00e1gina 10","@id":"https:\/\/pagina10.com\/web\/#\/schema\/person\/2efc4a090d25b667d3bc796798a3a81b"},"headline":"Observatorio Astron\u00f3mico de la Udenar recibe reconocimiento por cient\u00edficos de la NASA","datePublished":"2021-06-21T17:40:06+00:00","dateModified":"2021-06-21T17:41:31+00:00","mainEntityOfPage":{"@id":"https:\/\/pagina10.com\/web\/observatorio-astronomico-de-la-udenar-recibe-reconocimiento-por-cientificos-de-la-nasa\/"},"wordCount":266,"commentCount":0,"publisher":{"@id":"https:\/\/pagina10.com\/web\/#organization"},"image":{"@id":"https:\/\/pagina10.com\/web\/observatorio-astronomico-de-la-udenar-recibe-reconocimiento-por-cientificos-de-la-nasa\/#primaryimage"},"thumbnailUrl":"https:\/\/pagina10.com\/web\/wp-content\/uploads\/2019\/01\/Alberto-Quijano-y-telescopio.jpg","articleSection":["Ciencia y tecnolog\u00eda","Ciudad","Global"],"inLanguage":"es","potentialAction":[{"@type":"CommentAction","name":"Comment","target":["https:\/\/pagina10.com\/web\/observatorio-astronomico-de-la-udenar-recibe-reconocimiento-por-cientificos-de-la-nasa\/#respond"]}]},{"@type":"WebPage","@id":"https:\/\/pagina10.com\/web\/observatorio-astronomico-de-la-udenar-recibe-reconocimiento-por-cientificos-de-la-nasa\/","url":"https:\/\/pagina10.com\/web\/observatorio-astronomico-de-la-udenar-recibe-reconocimiento-por-cientificos-de-la-nasa\/","name":"Observatorio Astron\u00f3mico de la Udenar recibe reconocimiento por cient\u00edficos de la NASA | P\u00e1gina10","isPartOf":{"@id":"https:\/\/pagina10.com\/web\/#website"},"primaryImageOfPage":{"@id":"https:\/\/pagina10.com\/web\/observatorio-astronomico-de-la-udenar-recibe-reconocimiento-por-cientificos-de-la-nasa\/#primaryimage"},"image":{"@id":"https:\/\/pagina10.com\/web\/observatorio-astronomico-de-la-udenar-recibe-reconocimiento-por-cientificos-de-la-nasa\/#primaryimage"},"thumbnailUrl":"https:\/\/pagina10.com\/web\/wp-content\/uploads\/2019\/01\/Alberto-Quijano-y-telescopio.jpg","datePublished":"2021-06-21T17:40:06+00:00","dateModified":"2021-06-21T17:41:31+00:00","breadcrumb":{"@id":"https:\/\/pagina10.com\/web\/observatorio-astronomico-de-la-udenar-recibe-reconocimiento-por-cientificos-de-la-nasa\/#breadcrumb"},"inLanguage":"es","potentialAction":[{"@type":"ReadAction","target":["https:\/\/pagina10.com\/web\/observatorio-astronomico-de-la-udenar-recibe-reconocimiento-por-cientificos-de-la-nasa\/"]}]},{"@type":"ImageObject","inLanguage":"es","@id":"https:\/\/pagina10.com\/web\/observatorio-astronomico-de-la-udenar-recibe-reconocimiento-por-cientificos-de-la-nasa\/#primaryimage","url":"https:\/\/pagina10.com\/web\/wp-content\/uploads\/2019\/01\/Alberto-Quijano-y-telescopio.jpg","contentUrl":"https:\/\/pagina10.com\/web\/wp-content\/uploads\/2019\/01\/Alberto-Quijano-y-telescopio.jpg","width":600,"height":419},{"@type":"BreadcrumbList","@id":"https:\/\/pagina10.com\/web\/observatorio-astronomico-de-la-udenar-recibe-reconocimiento-por-cientificos-de-la-nasa\/#breadcrumb","itemListElement":[{"@type":"ListItem","position":1,"name":"Portada","item":"https:\/\/pagina10.com\/web\/"},{"@type":"ListItem","position":2,"name":"Observatorio Astron\u00f3mico de la Udenar recibe reconocimiento por cient\u00edficos de la NASA"}]},{"@type":"WebSite","@id":"https:\/\/pagina10.com\/web\/#website","url":"https:\/\/pagina10.com\/web\/","name":"P\u00e1gina10","description":"Peri\u00f3dico Regional","publisher":{"@id":"https:\/\/pagina10.com\/web\/#organization"},"alternateName":"P\u00e1gina10 Peri\u00f3dico Regional","potentialAction":[{"@type":"SearchAction","target":{"@type":"EntryPoint","urlTemplate":"https:\/\/pagina10.com\/web\/?s={search_term_string}"},"query-input":{"@type":"PropertyValueSpecification","valueRequired":true,"valueName":"search_term_string"}}],"inLanguage":"es"},{"@type":"Organization","@id":"https:\/\/pagina10.com\/web\/#organization","name":"P\u00e1gina10","alternateName":"P\u00e1gina10 Peri\u00f3dico Regional","url":"https:\/\/pagina10.com\/web\/","logo":{"@type":"ImageObject","inLanguage":"es","@id":"https:\/\/pagina10.com\/web\/#\/schema\/logo\/image\/","url":"https:\/\/pagina10.com\/web\/wp-content\/uploads\/2024\/01\/40-pagina-10-periodico-regional-pasto.jpg","contentUrl":"https:\/\/pagina10.com\/web\/wp-content\/uploads\/2024\/01\/40-pagina-10-periodico-regional-pasto.jpg","width":1280,"height":720,"caption":"P\u00e1gina10"},"image":{"@id":"https:\/\/pagina10.com\/web\/#\/schema\/logo\/image\/"},"sameAs":["https:\/\/www.facebook.com\/pag10com","https:\/\/x.com\/Pag10com","https:\/\/www.instagram.com\/pagina10col\/","https:\/\/youtube.com\/channel\/pag10","https:\/\/www.tiktok.com\/@p10col"]},{"@type":"Person","@id":"https:\/\/pagina10.com\/web\/#\/schema\/person\/2efc4a090d25b667d3bc796798a3a81b","name":"P\u00e1gina 10","description":"P\u00e1gina 10 es un peri\u00f3dico regional que nace en Colombia, en el departamento de Nari\u00f1o, con un enfoque global, fundamentado en cuatro pilares esenciales: la libertad, el pluralismo, la inclusi\u00f3n y la independencia. P\u00e1gina 10 hace referencia a Nari\u00f1o como el d\u00e9cimo departamento creado en Colombia, despu\u00e9s de un proceso pol\u00edtico liderado por actores y actrices regionales con el fin de obtener la independencia y autonom\u00eda de nuestros territorios. Con la creaci\u00f3n de P\u00e1gina 10 se pretende abrir un escenario para el dialogo, la reflexi\u00f3n y el debate que se extienda a otras geograf\u00edas de Am\u00e9rica Latina y del planeta, en una apuesta por transformar colectivamente los desaf\u00edos de un mundo contempor\u00e1neo, m\u00e1s all\u00e1 de las fronteras impuestas.","url":"https:\/\/pagina10.com\/web\/author\/pdiezadmin\/"}]}},"_links":{"self":[{"href":"https:\/\/pagina10.com\/web\/wp-json\/wp\/v2\/posts\/53379","targetHints":{"allow":["GET"]}}],"collection":[{"href":"https:\/\/pagina10.com\/web\/wp-json\/wp\/v2\/posts"}],"about":[{"href":"https:\/\/pagina10.com\/web\/wp-json\/wp\/v2\/types\/post"}],"author":[{"embeddable":true,"href":"https:\/\/pagina10.com\/web\/wp-json\/wp\/v2\/users\/1"}],"replies":[{"embeddable":true,"href":"https:\/\/pagina10.com\/web\/wp-json\/wp\/v2\/comments?post=53379"}],"version-history":[{"count":1,"href":"https:\/\/pagina10.com\/web\/wp-json\/wp\/v2\/posts\/53379\/revisions"}],"predecessor-version":[{"id":53381,"href":"https:\/\/pagina10.com\/web\/wp-json\/wp\/v2\/posts\/53379\/revisions\/53381"}],"wp:featuredmedia":[{"embeddable":true,"href":"https:\/\/pagina10.com\/web\/wp-json\/wp\/v2\/media\/36392"}],"wp:attachment":[{"href":"https:\/\/pagina10.com\/web\/wp-json\/wp\/v2\/media?parent=53379"}],"wp:term":[{"taxonomy":"category","embeddable":true,"href":"https:\/\/pagina10.com\/web\/wp-json\/wp\/v2\/categories?post=53379"},{"taxonomy":"post_tag","embeddable":true,"href":"https:\/\/pagina10.com\/web\/wp-json\/wp\/v2\/tags?post=53379"}],"curies":[{"name":"wp","href":"https:\/\/api.w.org\/{rel}","templated":true}]}}