{"id":53475,"date":"2021-06-23T22:28:19","date_gmt":"2021-06-24T03:28:19","guid":{"rendered":"https:\/\/pagina10.com\/web\/?p=53475"},"modified":"2021-06-23T22:28:19","modified_gmt":"2021-06-24T03:28:19","slug":"a-ofrecer-disculpas-a-los-manifestantes-declaran-improcedente-accion-de-tutela-interpuesta-por-la-policia","status":"publish","type":"post","link":"https:\/\/pagina10.com\/web\/a-ofrecer-disculpas-a-los-manifestantes-declaran-improcedente-accion-de-tutela-interpuesta-por-la-policia\/","title":{"rendered":"A ofrecer disculpas a los manifestantes, declaran improcedente acci\u00f3n de tutela interpuesta por la polic\u00eda"},"content":{"rendered":"<p style=\"text-align: justify;\"><span style=\"font-weight: 400;\">Este mi\u00e9rcoles, se conoci\u00f3 por parte del Tribunal Administrativo de Nari\u00f1o una notificaci\u00f3n que declara improcedente la acci\u00f3n de tutela interpuesta por la Polic\u00eda Metropolitana de Pasto, con esto se mantiene vigente el fallo que ordena al Alcalde de Pasto Germ\u00e1n Chamorro y a la Polic\u00eda Metropolitana, presentar disculpas p\u00fablicas a manifestantes pac\u00edficos.\u00a0<\/span><\/p>\n<p style=\"text-align: justify;\"><span style=\"font-weight: 400;\">&#8220;El tribunal considera que la presente acci\u00f3n de tutela es abiertamente improcedente y por lo tanto no es posible realizar un an\u00e1lisis de fondo frente a la presunta vulneraci\u00f3n del derecho al debido proceso alegado por la polic\u00eda Metropolitana de pasto&#8221; manifiesta el Tribunal.<\/span><\/p>\n<p style=\"text-align: justify;\"><span style=\"font-weight: 400;\">Cabe recordar que el Juzgado Segundo Administrativo de Pasto, mediante un fallo de tutela, orden\u00f3 a la Alcald\u00eda de Pasto y a la Polic\u00eda Metropolitana presentar excusas p\u00fablicas a manifestantes pac\u00edficos empleando un medio masivo para su difusi\u00f3n.<\/span><\/p>\n<p style=\"text-align: justify;\"><img fetchpriority=\"high\" decoding=\"async\" class=\"aligncenter size-full wp-image-53476\" src=\"https:\/\/pagina10.com\/web\/wp-content\/uploads\/2021\/06\/20210623_184243.jpg\" alt=\"\" width=\"960\" height=\"996\" srcset=\"https:\/\/pagina10.com\/web\/wp-content\/uploads\/2021\/06\/20210623_184243.jpg 960w, https:\/\/pagina10.com\/web\/wp-content\/uploads\/2021\/06\/20210623_184243-289x300.jpg 289w, https:\/\/pagina10.com\/web\/wp-content\/uploads\/2021\/06\/20210623_184243-768x797.jpg 768w\" sizes=\"(max-width: 960px) 100vw, 960px\" \/><img decoding=\"async\" class=\"aligncenter size-publisherlg wp-image-53477\" src=\"https:\/\/pagina10.com\/web\/wp-content\/uploads\/2021\/06\/20210623_221252.jpg\" alt=\"\" width=\"827\" height=\"1603\" srcset=\"https:\/\/pagina10.com\/web\/wp-content\/uploads\/2021\/06\/20210623_221252.jpg 827w, https:\/\/pagina10.com\/web\/wp-content\/uploads\/2021\/06\/20210623_221252-155x300.jpg 155w, https:\/\/pagina10.com\/web\/wp-content\/uploads\/2021\/06\/20210623_221252-528x1024.jpg 528w, https:\/\/pagina10.com\/web\/wp-content\/uploads\/2021\/06\/20210623_221252-768x1489.jpg 768w, https:\/\/pagina10.com\/web\/wp-content\/uploads\/2021\/06\/20210623_221252-792x1536.jpg 792w\" sizes=\"(max-width: 827px) 100vw, 827px\" \/><\/p>\n","protected":false},"excerpt":{"rendered":"<p>Este mi\u00e9rcoles, se conoci\u00f3 por parte del Tribunal Administrativo de Nari\u00f1o una notificaci\u00f3n que declara improcedente la acci\u00f3n de tutela interpuesta por la Polic\u00eda Metropolitana de Pasto, con esto se mantiene vigente el fallo que ordena al Alcalde de Pasto Germ\u00e1n Chamorro y a la Polic\u00eda Metropolitana, presentar disculpas p\u00fablicas a manifestantes pac\u00edficos.\u00a0 &#8220;El tribunal [&hellip;]<\/p>\n","protected":false},"author":1,"featured_media":52904,"comment_status":"open","ping_status":"open","sticky":false,"template":"","format":"standard","meta":{"footnotes":""},"categories":[94],"tags":[],"class_list":["post-53475","post","type-post","status-publish","format-standard","has-post-thumbnail","hentry","category-nacional-global-2"],"yoast_head":"<!-- This site is optimized with the Yoast SEO plugin v27.1.1 - https:\/\/yoast.com\/product\/yoast-seo-wordpress\/ -->\n<title>A ofrecer disculpas a los manifestantes, declaran improcedente acci\u00f3n de tutela interpuesta por la polic\u00eda | P\u00e1gina10<\/title>\n<meta name=\"robots\" content=\"index, follow, max-snippet:-1, max-image-preview:large, max-video-preview:-1\" \/>\n<link rel=\"canonical\" href=\"https:\/\/pagina10.com\/web\/a-ofrecer-disculpas-a-los-manifestantes-declaran-improcedente-accion-de-tutela-interpuesta-por-la-policia\/\" \/>\n<meta property=\"og:locale\" content=\"es_ES\" \/>\n<meta property=\"og:type\" content=\"article\" \/>\n<meta property=\"og:title\" content=\"A ofrecer disculpas a los manifestantes, declaran improcedente acci\u00f3n de tutela interpuesta por la polic\u00eda | P\u00e1gina10\" \/>\n<meta property=\"og:description\" content=\"Este mi\u00e9rcoles, se conoci\u00f3 por parte del Tribunal Administrativo de Nari\u00f1o una notificaci\u00f3n que declara improcedente la acci\u00f3n de tutela interpuesta por la Polic\u00eda Metropolitana de Pasto, con esto se mantiene vigente el fallo que ordena al Alcalde de Pasto Germ\u00e1n Chamorro y a la Polic\u00eda Metropolitana, presentar disculpas p\u00fablicas a manifestantes pac\u00edficos. &#8220;El tribunal [&hellip;]\" \/>\n<meta property=\"og:url\" content=\"https:\/\/pagina10.com\/web\/a-ofrecer-disculpas-a-los-manifestantes-declaran-improcedente-accion-de-tutela-interpuesta-por-la-policia\/\" \/>\n<meta property=\"og:site_name\" content=\"P\u00e1gina10\" \/>\n<meta property=\"article:publisher\" content=\"https:\/\/www.facebook.com\/pag10com\" \/>\n<meta property=\"article:published_time\" content=\"2021-06-24T03:28:19+00:00\" \/>\n<meta property=\"og:image\" content=\"https:\/\/pagina10.com\/web\/wp-content\/uploads\/2021\/06\/FB_IMG_1622837830513.jpg\" \/>\n\t<meta property=\"og:image:width\" content=\"1080\" \/>\n\t<meta property=\"og:image:height\" content=\"720\" \/>\n\t<meta property=\"og:image:type\" content=\"image\/jpeg\" \/>\n<meta name=\"author\" content=\"P\u00e1gina 10\" \/>\n<meta name=\"twitter:card\" content=\"summary_large_image\" \/>\n<meta name=\"twitter:creator\" content=\"@Pag10com\" \/>\n<meta name=\"twitter:site\" content=\"@Pag10com\" \/>\n<meta name=\"twitter:label1\" content=\"Escrito por\" \/>\n\t<meta name=\"twitter:data1\" content=\"P\u00e1gina 10\" \/>\n\t<meta name=\"twitter:label2\" content=\"Tiempo de lectura\" \/>\n\t<meta name=\"twitter:data2\" content=\"1 minuto\" \/>\n<script type=\"application\/ld+json\" class=\"yoast-schema-graph\">{\"@context\":\"https:\/\/schema.org\",\"@graph\":[{\"@type\":\"Article\",\"@id\":\"https:\/\/pagina10.com\/web\/a-ofrecer-disculpas-a-los-manifestantes-declaran-improcedente-accion-de-tutela-interpuesta-por-la-policia\/#article\",\"isPartOf\":{\"@id\":\"https:\/\/pagina10.com\/web\/a-ofrecer-disculpas-a-los-manifestantes-declaran-improcedente-accion-de-tutela-interpuesta-por-la-policia\/\"},\"author\":{\"name\":\"P\u00e1gina 10\",\"@id\":\"https:\/\/pagina10.com\/web\/#\/schema\/person\/2efc4a090d25b667d3bc796798a3a81b\"},\"headline\":\"A ofrecer disculpas a los manifestantes, declaran improcedente acci\u00f3n de tutela interpuesta por la polic\u00eda\",\"datePublished\":\"2021-06-24T03:28:19+00:00\",\"mainEntityOfPage\":{\"@id\":\"https:\/\/pagina10.com\/web\/a-ofrecer-disculpas-a-los-manifestantes-declaran-improcedente-accion-de-tutela-interpuesta-por-la-policia\/\"},\"wordCount\":170,\"commentCount\":0,\"publisher\":{\"@id\":\"https:\/\/pagina10.com\/web\/#organization\"},\"image\":{\"@id\":\"https:\/\/pagina10.com\/web\/a-ofrecer-disculpas-a-los-manifestantes-declaran-improcedente-accion-de-tutela-interpuesta-por-la-policia\/#primaryimage\"},\"thumbnailUrl\":\"https:\/\/pagina10.com\/web\/wp-content\/uploads\/2021\/06\/FB_IMG_1622837830513.jpg\",\"articleSection\":[\"Nacional\"],\"inLanguage\":\"es\",\"potentialAction\":[{\"@type\":\"CommentAction\",\"name\":\"Comment\",\"target\":[\"https:\/\/pagina10.com\/web\/a-ofrecer-disculpas-a-los-manifestantes-declaran-improcedente-accion-de-tutela-interpuesta-por-la-policia\/#respond\"]}]},{\"@type\":\"WebPage\",\"@id\":\"https:\/\/pagina10.com\/web\/a-ofrecer-disculpas-a-los-manifestantes-declaran-improcedente-accion-de-tutela-interpuesta-por-la-policia\/\",\"url\":\"https:\/\/pagina10.com\/web\/a-ofrecer-disculpas-a-los-manifestantes-declaran-improcedente-accion-de-tutela-interpuesta-por-la-policia\/\",\"name\":\"A ofrecer disculpas a los manifestantes, declaran improcedente acci\u00f3n de tutela interpuesta por la polic\u00eda | P\u00e1gina10\",\"isPartOf\":{\"@id\":\"https:\/\/pagina10.com\/web\/#website\"},\"primaryImageOfPage\":{\"@id\":\"https:\/\/pagina10.com\/web\/a-ofrecer-disculpas-a-los-manifestantes-declaran-improcedente-accion-de-tutela-interpuesta-por-la-policia\/#primaryimage\"},\"image\":{\"@id\":\"https:\/\/pagina10.com\/web\/a-ofrecer-disculpas-a-los-manifestantes-declaran-improcedente-accion-de-tutela-interpuesta-por-la-policia\/#primaryimage\"},\"thumbnailUrl\":\"https:\/\/pagina10.com\/web\/wp-content\/uploads\/2021\/06\/FB_IMG_1622837830513.jpg\",\"datePublished\":\"2021-06-24T03:28:19+00:00\",\"breadcrumb\":{\"@id\":\"https:\/\/pagina10.com\/web\/a-ofrecer-disculpas-a-los-manifestantes-declaran-improcedente-accion-de-tutela-interpuesta-por-la-policia\/#breadcrumb\"},\"inLanguage\":\"es\",\"potentialAction\":[{\"@type\":\"ReadAction\",\"target\":[\"https:\/\/pagina10.com\/web\/a-ofrecer-disculpas-a-los-manifestantes-declaran-improcedente-accion-de-tutela-interpuesta-por-la-policia\/\"]}]},{\"@type\":\"ImageObject\",\"inLanguage\":\"es\",\"@id\":\"https:\/\/pagina10.com\/web\/a-ofrecer-disculpas-a-los-manifestantes-declaran-improcedente-accion-de-tutela-interpuesta-por-la-policia\/#primaryimage\",\"url\":\"https:\/\/pagina10.com\/web\/wp-content\/uploads\/2021\/06\/FB_IMG_1622837830513.jpg\",\"contentUrl\":\"https:\/\/pagina10.com\/web\/wp-content\/uploads\/2021\/06\/FB_IMG_1622837830513.jpg\",\"width\":1080,\"height\":720},{\"@type\":\"BreadcrumbList\",\"@id\":\"https:\/\/pagina10.com\/web\/a-ofrecer-disculpas-a-los-manifestantes-declaran-improcedente-accion-de-tutela-interpuesta-por-la-policia\/#breadcrumb\",\"itemListElement\":[{\"@type\":\"ListItem\",\"position\":1,\"name\":\"Portada\",\"item\":\"https:\/\/pagina10.com\/web\/\"},{\"@type\":\"ListItem\",\"position\":2,\"name\":\"A ofrecer disculpas a los manifestantes, declaran improcedente acci\u00f3n de tutela interpuesta por la polic\u00eda\"}]},{\"@type\":\"WebSite\",\"@id\":\"https:\/\/pagina10.com\/web\/#website\",\"url\":\"https:\/\/pagina10.com\/web\/\",\"name\":\"P\u00e1gina10\",\"description\":\"Peri\u00f3dico Regional\",\"publisher\":{\"@id\":\"https:\/\/pagina10.com\/web\/#organization\"},\"alternateName\":\"P\u00e1gina10 Peri\u00f3dico Regional\",\"potentialAction\":[{\"@type\":\"SearchAction\",\"target\":{\"@type\":\"EntryPoint\",\"urlTemplate\":\"https:\/\/pagina10.com\/web\/?s={search_term_string}\"},\"query-input\":{\"@type\":\"PropertyValueSpecification\",\"valueRequired\":true,\"valueName\":\"search_term_string\"}}],\"inLanguage\":\"es\"},{\"@type\":\"Organization\",\"@id\":\"https:\/\/pagina10.com\/web\/#organization\",\"name\":\"P\u00e1gina10\",\"alternateName\":\"P\u00e1gina10 Peri\u00f3dico Regional\",\"url\":\"https:\/\/pagina10.com\/web\/\",\"logo\":{\"@type\":\"ImageObject\",\"inLanguage\":\"es\",\"@id\":\"https:\/\/pagina10.com\/web\/#\/schema\/logo\/image\/\",\"url\":\"https:\/\/pagina10.com\/web\/wp-content\/uploads\/2024\/01\/40-pagina-10-periodico-regional-pasto.jpg\",\"contentUrl\":\"https:\/\/pagina10.com\/web\/wp-content\/uploads\/2024\/01\/40-pagina-10-periodico-regional-pasto.jpg\",\"width\":1280,\"height\":720,\"caption\":\"P\u00e1gina10\"},\"image\":{\"@id\":\"https:\/\/pagina10.com\/web\/#\/schema\/logo\/image\/\"},\"sameAs\":[\"https:\/\/www.facebook.com\/pag10com\",\"https:\/\/x.com\/Pag10com\",\"https:\/\/www.instagram.com\/pagina10col\/\",\"https:\/\/youtube.com\/channel\/pag10\",\"https:\/\/www.tiktok.com\/@p10col\"]},{\"@type\":\"Person\",\"@id\":\"https:\/\/pagina10.com\/web\/#\/schema\/person\/2efc4a090d25b667d3bc796798a3a81b\",\"name\":\"P\u00e1gina 10\",\"description\":\"P\u00e1gina 10 es un peri\u00f3dico regional que nace en Colombia, en el departamento de Nari\u00f1o, con un enfoque global, fundamentado en cuatro pilares esenciales: la libertad, el pluralismo, la inclusi\u00f3n y la independencia. P\u00e1gina 10 hace referencia a Nari\u00f1o como el d\u00e9cimo departamento creado en Colombia, despu\u00e9s de un proceso pol\u00edtico liderado por actores y actrices regionales con el fin de obtener la independencia y autonom\u00eda de nuestros territorios. Con la creaci\u00f3n de P\u00e1gina 10 se pretende abrir un escenario para el dialogo, la reflexi\u00f3n y el debate que se extienda a otras geograf\u00edas de Am\u00e9rica Latina y del planeta, en una apuesta por transformar colectivamente los desaf\u00edos de un mundo contempor\u00e1neo, m\u00e1s all\u00e1 de las fronteras impuestas.\",\"url\":\"https:\/\/pagina10.com\/web\/author\/pdiezadmin\/\"}]}<\/script>\n<!-- \/ Yoast SEO plugin. -->","yoast_head_json":{"title":"A ofrecer disculpas a los manifestantes, declaran improcedente acci\u00f3n de tutela interpuesta por la polic\u00eda | P\u00e1gina10","robots":{"index":"index","follow":"follow","max-snippet":"max-snippet:-1","max-image-preview":"max-image-preview:large","max-video-preview":"max-video-preview:-1"},"canonical":"https:\/\/pagina10.com\/web\/a-ofrecer-disculpas-a-los-manifestantes-declaran-improcedente-accion-de-tutela-interpuesta-por-la-policia\/","og_locale":"es_ES","og_type":"article","og_title":"A ofrecer disculpas a los manifestantes, declaran improcedente acci\u00f3n de tutela interpuesta por la polic\u00eda | P\u00e1gina10","og_description":"Este mi\u00e9rcoles, se conoci\u00f3 por parte del Tribunal Administrativo de Nari\u00f1o una notificaci\u00f3n que declara improcedente la acci\u00f3n de tutela interpuesta por la Polic\u00eda Metropolitana de Pasto, con esto se mantiene vigente el fallo que ordena al Alcalde de Pasto Germ\u00e1n Chamorro y a la Polic\u00eda Metropolitana, presentar disculpas p\u00fablicas a manifestantes pac\u00edficos. &#8220;El tribunal [&hellip;]","og_url":"https:\/\/pagina10.com\/web\/a-ofrecer-disculpas-a-los-manifestantes-declaran-improcedente-accion-de-tutela-interpuesta-por-la-policia\/","og_site_name":"P\u00e1gina10","article_publisher":"https:\/\/www.facebook.com\/pag10com","article_published_time":"2021-06-24T03:28:19+00:00","og_image":[{"width":1080,"height":720,"url":"https:\/\/pagina10.com\/web\/wp-content\/uploads\/2021\/06\/FB_IMG_1622837830513.jpg","type":"image\/jpeg"}],"author":"P\u00e1gina 10","twitter_card":"summary_large_image","twitter_creator":"@Pag10com","twitter_site":"@Pag10com","twitter_misc":{"Escrito por":"P\u00e1gina 10","Tiempo de lectura":"1 minuto"},"schema":{"@context":"https:\/\/schema.org","@graph":[{"@type":"Article","@id":"https:\/\/pagina10.com\/web\/a-ofrecer-disculpas-a-los-manifestantes-declaran-improcedente-accion-de-tutela-interpuesta-por-la-policia\/#article","isPartOf":{"@id":"https:\/\/pagina10.com\/web\/a-ofrecer-disculpas-a-los-manifestantes-declaran-improcedente-accion-de-tutela-interpuesta-por-la-policia\/"},"author":{"name":"P\u00e1gina 10","@id":"https:\/\/pagina10.com\/web\/#\/schema\/person\/2efc4a090d25b667d3bc796798a3a81b"},"headline":"A ofrecer disculpas a los manifestantes, declaran improcedente acci\u00f3n de tutela interpuesta por la polic\u00eda","datePublished":"2021-06-24T03:28:19+00:00","mainEntityOfPage":{"@id":"https:\/\/pagina10.com\/web\/a-ofrecer-disculpas-a-los-manifestantes-declaran-improcedente-accion-de-tutela-interpuesta-por-la-policia\/"},"wordCount":170,"commentCount":0,"publisher":{"@id":"https:\/\/pagina10.com\/web\/#organization"},"image":{"@id":"https:\/\/pagina10.com\/web\/a-ofrecer-disculpas-a-los-manifestantes-declaran-improcedente-accion-de-tutela-interpuesta-por-la-policia\/#primaryimage"},"thumbnailUrl":"https:\/\/pagina10.com\/web\/wp-content\/uploads\/2021\/06\/FB_IMG_1622837830513.jpg","articleSection":["Nacional"],"inLanguage":"es","potentialAction":[{"@type":"CommentAction","name":"Comment","target":["https:\/\/pagina10.com\/web\/a-ofrecer-disculpas-a-los-manifestantes-declaran-improcedente-accion-de-tutela-interpuesta-por-la-policia\/#respond"]}]},{"@type":"WebPage","@id":"https:\/\/pagina10.com\/web\/a-ofrecer-disculpas-a-los-manifestantes-declaran-improcedente-accion-de-tutela-interpuesta-por-la-policia\/","url":"https:\/\/pagina10.com\/web\/a-ofrecer-disculpas-a-los-manifestantes-declaran-improcedente-accion-de-tutela-interpuesta-por-la-policia\/","name":"A ofrecer disculpas a los manifestantes, declaran improcedente acci\u00f3n de tutela interpuesta por la polic\u00eda | P\u00e1gina10","isPartOf":{"@id":"https:\/\/pagina10.com\/web\/#website"},"primaryImageOfPage":{"@id":"https:\/\/pagina10.com\/web\/a-ofrecer-disculpas-a-los-manifestantes-declaran-improcedente-accion-de-tutela-interpuesta-por-la-policia\/#primaryimage"},"image":{"@id":"https:\/\/pagina10.com\/web\/a-ofrecer-disculpas-a-los-manifestantes-declaran-improcedente-accion-de-tutela-interpuesta-por-la-policia\/#primaryimage"},"thumbnailUrl":"https:\/\/pagina10.com\/web\/wp-content\/uploads\/2021\/06\/FB_IMG_1622837830513.jpg","datePublished":"2021-06-24T03:28:19+00:00","breadcrumb":{"@id":"https:\/\/pagina10.com\/web\/a-ofrecer-disculpas-a-los-manifestantes-declaran-improcedente-accion-de-tutela-interpuesta-por-la-policia\/#breadcrumb"},"inLanguage":"es","potentialAction":[{"@type":"ReadAction","target":["https:\/\/pagina10.com\/web\/a-ofrecer-disculpas-a-los-manifestantes-declaran-improcedente-accion-de-tutela-interpuesta-por-la-policia\/"]}]},{"@type":"ImageObject","inLanguage":"es","@id":"https:\/\/pagina10.com\/web\/a-ofrecer-disculpas-a-los-manifestantes-declaran-improcedente-accion-de-tutela-interpuesta-por-la-policia\/#primaryimage","url":"https:\/\/pagina10.com\/web\/wp-content\/uploads\/2021\/06\/FB_IMG_1622837830513.jpg","contentUrl":"https:\/\/pagina10.com\/web\/wp-content\/uploads\/2021\/06\/FB_IMG_1622837830513.jpg","width":1080,"height":720},{"@type":"BreadcrumbList","@id":"https:\/\/pagina10.com\/web\/a-ofrecer-disculpas-a-los-manifestantes-declaran-improcedente-accion-de-tutela-interpuesta-por-la-policia\/#breadcrumb","itemListElement":[{"@type":"ListItem","position":1,"name":"Portada","item":"https:\/\/pagina10.com\/web\/"},{"@type":"ListItem","position":2,"name":"A ofrecer disculpas a los manifestantes, declaran improcedente acci\u00f3n de tutela interpuesta por la polic\u00eda"}]},{"@type":"WebSite","@id":"https:\/\/pagina10.com\/web\/#website","url":"https:\/\/pagina10.com\/web\/","name":"P\u00e1gina10","description":"Peri\u00f3dico Regional","publisher":{"@id":"https:\/\/pagina10.com\/web\/#organization"},"alternateName":"P\u00e1gina10 Peri\u00f3dico Regional","potentialAction":[{"@type":"SearchAction","target":{"@type":"EntryPoint","urlTemplate":"https:\/\/pagina10.com\/web\/?s={search_term_string}"},"query-input":{"@type":"PropertyValueSpecification","valueRequired":true,"valueName":"search_term_string"}}],"inLanguage":"es"},{"@type":"Organization","@id":"https:\/\/pagina10.com\/web\/#organization","name":"P\u00e1gina10","alternateName":"P\u00e1gina10 Peri\u00f3dico Regional","url":"https:\/\/pagina10.com\/web\/","logo":{"@type":"ImageObject","inLanguage":"es","@id":"https:\/\/pagina10.com\/web\/#\/schema\/logo\/image\/","url":"https:\/\/pagina10.com\/web\/wp-content\/uploads\/2024\/01\/40-pagina-10-periodico-regional-pasto.jpg","contentUrl":"https:\/\/pagina10.com\/web\/wp-content\/uploads\/2024\/01\/40-pagina-10-periodico-regional-pasto.jpg","width":1280,"height":720,"caption":"P\u00e1gina10"},"image":{"@id":"https:\/\/pagina10.com\/web\/#\/schema\/logo\/image\/"},"sameAs":["https:\/\/www.facebook.com\/pag10com","https:\/\/x.com\/Pag10com","https:\/\/www.instagram.com\/pagina10col\/","https:\/\/youtube.com\/channel\/pag10","https:\/\/www.tiktok.com\/@p10col"]},{"@type":"Person","@id":"https:\/\/pagina10.com\/web\/#\/schema\/person\/2efc4a090d25b667d3bc796798a3a81b","name":"P\u00e1gina 10","description":"P\u00e1gina 10 es un peri\u00f3dico regional que nace en Colombia, en el departamento de Nari\u00f1o, con un enfoque global, fundamentado en cuatro pilares esenciales: la libertad, el pluralismo, la inclusi\u00f3n y la independencia. P\u00e1gina 10 hace referencia a Nari\u00f1o como el d\u00e9cimo departamento creado en Colombia, despu\u00e9s de un proceso pol\u00edtico liderado por actores y actrices regionales con el fin de obtener la independencia y autonom\u00eda de nuestros territorios. Con la creaci\u00f3n de P\u00e1gina 10 se pretende abrir un escenario para el dialogo, la reflexi\u00f3n y el debate que se extienda a otras geograf\u00edas de Am\u00e9rica Latina y del planeta, en una apuesta por transformar colectivamente los desaf\u00edos de un mundo contempor\u00e1neo, m\u00e1s all\u00e1 de las fronteras impuestas.","url":"https:\/\/pagina10.com\/web\/author\/pdiezadmin\/"}]}},"_links":{"self":[{"href":"https:\/\/pagina10.com\/web\/wp-json\/wp\/v2\/posts\/53475","targetHints":{"allow":["GET"]}}],"collection":[{"href":"https:\/\/pagina10.com\/web\/wp-json\/wp\/v2\/posts"}],"about":[{"href":"https:\/\/pagina10.com\/web\/wp-json\/wp\/v2\/types\/post"}],"author":[{"embeddable":true,"href":"https:\/\/pagina10.com\/web\/wp-json\/wp\/v2\/users\/1"}],"replies":[{"embeddable":true,"href":"https:\/\/pagina10.com\/web\/wp-json\/wp\/v2\/comments?post=53475"}],"version-history":[{"count":1,"href":"https:\/\/pagina10.com\/web\/wp-json\/wp\/v2\/posts\/53475\/revisions"}],"predecessor-version":[{"id":53479,"href":"https:\/\/pagina10.com\/web\/wp-json\/wp\/v2\/posts\/53475\/revisions\/53479"}],"wp:featuredmedia":[{"embeddable":true,"href":"https:\/\/pagina10.com\/web\/wp-json\/wp\/v2\/media\/52904"}],"wp:attachment":[{"href":"https:\/\/pagina10.com\/web\/wp-json\/wp\/v2\/media?parent=53475"}],"wp:term":[{"taxonomy":"category","embeddable":true,"href":"https:\/\/pagina10.com\/web\/wp-json\/wp\/v2\/categories?post=53475"},{"taxonomy":"post_tag","embeddable":true,"href":"https:\/\/pagina10.com\/web\/wp-json\/wp\/v2\/tags?post=53475"}],"curies":[{"name":"wp","href":"https:\/\/api.w.org\/{rel}","templated":true}]}}