{"id":53659,"date":"2021-06-30T13:25:37","date_gmt":"2021-06-30T18:25:37","guid":{"rendered":"https:\/\/pagina10.com\/web\/?p=53659"},"modified":"2021-06-30T13:30:37","modified_gmt":"2021-06-30T18:30:37","slug":"gobernador-de-narino-ratifica-la-financiacion-de-matricula-cero-para-estudiantes-de-la-udenar","status":"publish","type":"post","link":"https:\/\/pagina10.com\/web\/gobernador-de-narino-ratifica-la-financiacion-de-matricula-cero-para-estudiantes-de-la-udenar\/","title":{"rendered":"Gobernador de Nari\u00f1o ratifica la financiaci\u00f3n de &#8216;Matricula Cero&#8217; para estudiantes de la Udenar."},"content":{"rendered":"<p style=\"text-align: justify;\"><span style=\"font-weight: 400;\">OEn medio de una reuni\u00f3n, el Gobernador de Nari\u00f1o Jhon Rojas y la rectora de la Universidad de Nari\u00f1o, Martha Gonz\u00e1lez, coordinaron temas estrat\u00e9gicos en beneficio a la educaci\u00f3n p\u00fablica en todo el departamento.\u00a0<\/span><\/p>\n<p style=\"text-align: justify;\"><span style=\"font-weight: 400;\">En el encuentro se trataron temas para fortalecer la cobertura acad\u00e9mica en la regi\u00f3n, c\u00f3mo tambi\u00e9n la financiaci\u00f3n de la matr\u00edcula para estudiantes de pregrado con la denominada &#8216;Matr\u00edcula Cero&#8217;.\u00a0<\/span><\/p>\n<p style=\"text-align: justify;\"><span style=\"font-weight: 400;\">En la socializaci\u00f3n, tambi\u00e9n trataron\u00a0 temas como el avance en la construcci\u00f3n y puesta en funcionamiento de la sede regional de la Universidad en el Municipio de Tumaco; la ampliaci\u00f3n de la oferta educativa a subregiones como el Saquinga y el Telemb\u00ed.<\/span><\/p>\n<p style=\"text-align: justify;\"><span style=\"font-weight: 400;\">Indicaron tambi\u00e9n que durante la reuni\u00f3n se trataron temas como la financiaci\u00f3n del observatorio astron\u00f3mico; la sede regional en Ipiales y la formulaci\u00f3n del proyecto para una posterior financiaci\u00f3n de la sede T\u00faquerres.<\/span><\/p>\n<p style=\"text-align: justify;\"><span style=\"font-weight: 400;\">La rectora de la Universidad, destac\u00f3 que existe voluntad y decisi\u00f3n para afrontar retos muy importantes frente a la educaci\u00f3n p\u00fablica y asegur\u00f3 que una de las prioridades ser\u00e1 identificar las necesidades regionales para ampliar la oferta educativa en regiones como la cordillera.<\/span><\/p>\n<p style=\"text-align: justify;\"><span style=\"font-weight: 400;\">Por su parte el Gobernador de Nari\u00f1o, expuso, \u201cNuestro compromiso es con a la universidad p\u00fablica, estamos articulando esfuerzos para respaldar la gesti\u00f3n de la rectora y ratificamos la financiaci\u00f3n de la matr\u00edcula de nuestros estudiantes \u2018Matricula cero\u2019, que ya est\u00e1 aplic\u00e1ndose en la Universidad de Nari\u00f1o\u201d.<\/span><\/p>\n","protected":false},"excerpt":{"rendered":"<p>OEn medio de una reuni\u00f3n, el Gobernador de Nari\u00f1o Jhon Rojas y la rectora de la Universidad de Nari\u00f1o, Martha Gonz\u00e1lez, coordinaron temas estrat\u00e9gicos en beneficio a la educaci\u00f3n p\u00fablica en todo el departamento.\u00a0 En el encuentro se trataron temas para fortalecer la cobertura acad\u00e9mica en la regi\u00f3n, c\u00f3mo tambi\u00e9n la financiaci\u00f3n de la matr\u00edcula [&hellip;]<\/p>\n","protected":false},"author":1,"featured_media":5108,"comment_status":"open","ping_status":"open","sticky":false,"template":"","format":"standard","meta":{"footnotes":""},"categories":[1549],"tags":[],"class_list":["post-53659","post","type-post","status-publish","format-standard","has-post-thumbnail","hentry","category-educacion-innovacion-3"],"yoast_head":"<!-- This site is optimized with the Yoast SEO plugin v27.1.1 - https:\/\/yoast.com\/product\/yoast-seo-wordpress\/ -->\n<title>Gobernador de Nari\u00f1o ratifica la financiaci\u00f3n de &#039;Matricula Cero&#039; para estudiantes de la Udenar. | P\u00e1gina10<\/title>\n<meta name=\"robots\" content=\"index, follow, max-snippet:-1, max-image-preview:large, max-video-preview:-1\" \/>\n<link rel=\"canonical\" href=\"https:\/\/pagina10.com\/web\/gobernador-de-narino-ratifica-la-financiacion-de-matricula-cero-para-estudiantes-de-la-udenar\/\" \/>\n<meta property=\"og:locale\" content=\"es_ES\" \/>\n<meta property=\"og:type\" content=\"article\" \/>\n<meta property=\"og:title\" content=\"Gobernador de Nari\u00f1o ratifica la financiaci\u00f3n de &#039;Matricula Cero&#039; para estudiantes de la Udenar. | P\u00e1gina10\" \/>\n<meta property=\"og:description\" content=\"OEn medio de una reuni\u00f3n, el Gobernador de Nari\u00f1o Jhon Rojas y la rectora de la Universidad de Nari\u00f1o, Martha Gonz\u00e1lez, coordinaron temas estrat\u00e9gicos en beneficio a la educaci\u00f3n p\u00fablica en todo el departamento. En el encuentro se trataron temas para fortalecer la cobertura acad\u00e9mica en la regi\u00f3n, c\u00f3mo tambi\u00e9n la financiaci\u00f3n de la matr\u00edcula [&hellip;]\" \/>\n<meta property=\"og:url\" content=\"https:\/\/pagina10.com\/web\/gobernador-de-narino-ratifica-la-financiacion-de-matricula-cero-para-estudiantes-de-la-udenar\/\" \/>\n<meta property=\"og:site_name\" content=\"P\u00e1gina10\" \/>\n<meta property=\"article:publisher\" content=\"https:\/\/www.facebook.com\/pag10com\" \/>\n<meta property=\"article:published_time\" content=\"2021-06-30T18:25:37+00:00\" \/>\n<meta property=\"article:modified_time\" content=\"2021-06-30T18:30:37+00:00\" \/>\n<meta property=\"og:image\" content=\"https:\/\/pagina10.com\/web\/wp-content\/uploads\/2013\/11\/93b473cb3c3c49e3b104da1178e2b4c6-e1625077826701.jpg\" \/>\n\t<meta property=\"og:image:width\" content=\"560\" \/>\n\t<meta property=\"og:image:height\" content=\"334\" \/>\n\t<meta property=\"og:image:type\" content=\"image\/jpeg\" \/>\n<meta name=\"author\" content=\"P\u00e1gina 10\" \/>\n<meta name=\"twitter:card\" content=\"summary_large_image\" \/>\n<meta name=\"twitter:creator\" content=\"@Pag10com\" \/>\n<meta name=\"twitter:site\" content=\"@Pag10com\" \/>\n<meta name=\"twitter:label1\" content=\"Escrito por\" \/>\n\t<meta name=\"twitter:data1\" content=\"P\u00e1gina 10\" \/>\n\t<meta name=\"twitter:label2\" content=\"Tiempo de lectura\" \/>\n\t<meta name=\"twitter:data2\" content=\"1 minuto\" \/>\n<script type=\"application\/ld+json\" class=\"yoast-schema-graph\">{\"@context\":\"https:\/\/schema.org\",\"@graph\":[{\"@type\":\"Article\",\"@id\":\"https:\/\/pagina10.com\/web\/gobernador-de-narino-ratifica-la-financiacion-de-matricula-cero-para-estudiantes-de-la-udenar\/#article\",\"isPartOf\":{\"@id\":\"https:\/\/pagina10.com\/web\/gobernador-de-narino-ratifica-la-financiacion-de-matricula-cero-para-estudiantes-de-la-udenar\/\"},\"author\":{\"name\":\"P\u00e1gina 10\",\"@id\":\"https:\/\/pagina10.com\/web\/#\/schema\/person\/2efc4a090d25b667d3bc796798a3a81b\"},\"headline\":\"Gobernador de Nari\u00f1o ratifica la financiaci\u00f3n de &#8216;Matricula Cero&#8217; para estudiantes de la Udenar.\",\"datePublished\":\"2021-06-30T18:25:37+00:00\",\"dateModified\":\"2021-06-30T18:30:37+00:00\",\"mainEntityOfPage\":{\"@id\":\"https:\/\/pagina10.com\/web\/gobernador-de-narino-ratifica-la-financiacion-de-matricula-cero-para-estudiantes-de-la-udenar\/\"},\"wordCount\":280,\"commentCount\":0,\"publisher\":{\"@id\":\"https:\/\/pagina10.com\/web\/#organization\"},\"image\":{\"@id\":\"https:\/\/pagina10.com\/web\/gobernador-de-narino-ratifica-la-financiacion-de-matricula-cero-para-estudiantes-de-la-udenar\/#primaryimage\"},\"thumbnailUrl\":\"https:\/\/pagina10.com\/web\/wp-content\/uploads\/2013\/11\/93b473cb3c3c49e3b104da1178e2b4c6-e1625077826701.jpg\",\"articleSection\":[\"Educaci\u00f3n\"],\"inLanguage\":\"es\",\"potentialAction\":[{\"@type\":\"CommentAction\",\"name\":\"Comment\",\"target\":[\"https:\/\/pagina10.com\/web\/gobernador-de-narino-ratifica-la-financiacion-de-matricula-cero-para-estudiantes-de-la-udenar\/#respond\"]}]},{\"@type\":\"WebPage\",\"@id\":\"https:\/\/pagina10.com\/web\/gobernador-de-narino-ratifica-la-financiacion-de-matricula-cero-para-estudiantes-de-la-udenar\/\",\"url\":\"https:\/\/pagina10.com\/web\/gobernador-de-narino-ratifica-la-financiacion-de-matricula-cero-para-estudiantes-de-la-udenar\/\",\"name\":\"Gobernador de Nari\u00f1o ratifica la financiaci\u00f3n de 'Matricula Cero' para estudiantes de la Udenar. | P\u00e1gina10\",\"isPartOf\":{\"@id\":\"https:\/\/pagina10.com\/web\/#website\"},\"primaryImageOfPage\":{\"@id\":\"https:\/\/pagina10.com\/web\/gobernador-de-narino-ratifica-la-financiacion-de-matricula-cero-para-estudiantes-de-la-udenar\/#primaryimage\"},\"image\":{\"@id\":\"https:\/\/pagina10.com\/web\/gobernador-de-narino-ratifica-la-financiacion-de-matricula-cero-para-estudiantes-de-la-udenar\/#primaryimage\"},\"thumbnailUrl\":\"https:\/\/pagina10.com\/web\/wp-content\/uploads\/2013\/11\/93b473cb3c3c49e3b104da1178e2b4c6-e1625077826701.jpg\",\"datePublished\":\"2021-06-30T18:25:37+00:00\",\"dateModified\":\"2021-06-30T18:30:37+00:00\",\"breadcrumb\":{\"@id\":\"https:\/\/pagina10.com\/web\/gobernador-de-narino-ratifica-la-financiacion-de-matricula-cero-para-estudiantes-de-la-udenar\/#breadcrumb\"},\"inLanguage\":\"es\",\"potentialAction\":[{\"@type\":\"ReadAction\",\"target\":[\"https:\/\/pagina10.com\/web\/gobernador-de-narino-ratifica-la-financiacion-de-matricula-cero-para-estudiantes-de-la-udenar\/\"]}]},{\"@type\":\"ImageObject\",\"inLanguage\":\"es\",\"@id\":\"https:\/\/pagina10.com\/web\/gobernador-de-narino-ratifica-la-financiacion-de-matricula-cero-para-estudiantes-de-la-udenar\/#primaryimage\",\"url\":\"https:\/\/pagina10.com\/web\/wp-content\/uploads\/2013\/11\/93b473cb3c3c49e3b104da1178e2b4c6-e1625077826701.jpg\",\"contentUrl\":\"https:\/\/pagina10.com\/web\/wp-content\/uploads\/2013\/11\/93b473cb3c3c49e3b104da1178e2b4c6-e1625077826701.jpg\",\"width\":560,\"height\":334,\"caption\":\"Fotograf\u00eda: comunicaciones.udenar.edu.co\"},{\"@type\":\"BreadcrumbList\",\"@id\":\"https:\/\/pagina10.com\/web\/gobernador-de-narino-ratifica-la-financiacion-de-matricula-cero-para-estudiantes-de-la-udenar\/#breadcrumb\",\"itemListElement\":[{\"@type\":\"ListItem\",\"position\":1,\"name\":\"Portada\",\"item\":\"https:\/\/pagina10.com\/web\/\"},{\"@type\":\"ListItem\",\"position\":2,\"name\":\"Gobernador de Nari\u00f1o ratifica la financiaci\u00f3n de &#8216;Matricula Cero&#8217; para estudiantes de la Udenar.\"}]},{\"@type\":\"WebSite\",\"@id\":\"https:\/\/pagina10.com\/web\/#website\",\"url\":\"https:\/\/pagina10.com\/web\/\",\"name\":\"P\u00e1gina10\",\"description\":\"Peri\u00f3dico Regional\",\"publisher\":{\"@id\":\"https:\/\/pagina10.com\/web\/#organization\"},\"alternateName\":\"P\u00e1gina10 Peri\u00f3dico Regional\",\"potentialAction\":[{\"@type\":\"SearchAction\",\"target\":{\"@type\":\"EntryPoint\",\"urlTemplate\":\"https:\/\/pagina10.com\/web\/?s={search_term_string}\"},\"query-input\":{\"@type\":\"PropertyValueSpecification\",\"valueRequired\":true,\"valueName\":\"search_term_string\"}}],\"inLanguage\":\"es\"},{\"@type\":\"Organization\",\"@id\":\"https:\/\/pagina10.com\/web\/#organization\",\"name\":\"P\u00e1gina10\",\"alternateName\":\"P\u00e1gina10 Peri\u00f3dico Regional\",\"url\":\"https:\/\/pagina10.com\/web\/\",\"logo\":{\"@type\":\"ImageObject\",\"inLanguage\":\"es\",\"@id\":\"https:\/\/pagina10.com\/web\/#\/schema\/logo\/image\/\",\"url\":\"https:\/\/pagina10.com\/web\/wp-content\/uploads\/2024\/01\/40-pagina-10-periodico-regional-pasto.jpg\",\"contentUrl\":\"https:\/\/pagina10.com\/web\/wp-content\/uploads\/2024\/01\/40-pagina-10-periodico-regional-pasto.jpg\",\"width\":1280,\"height\":720,\"caption\":\"P\u00e1gina10\"},\"image\":{\"@id\":\"https:\/\/pagina10.com\/web\/#\/schema\/logo\/image\/\"},\"sameAs\":[\"https:\/\/www.facebook.com\/pag10com\",\"https:\/\/x.com\/Pag10com\",\"https:\/\/www.instagram.com\/pagina10col\/\",\"https:\/\/youtube.com\/channel\/pag10\",\"https:\/\/www.tiktok.com\/@p10col\"]},{\"@type\":\"Person\",\"@id\":\"https:\/\/pagina10.com\/web\/#\/schema\/person\/2efc4a090d25b667d3bc796798a3a81b\",\"name\":\"P\u00e1gina 10\",\"description\":\"P\u00e1gina 10 es un peri\u00f3dico regional que nace en Colombia, en el departamento de Nari\u00f1o, con un enfoque global, fundamentado en cuatro pilares esenciales: la libertad, el pluralismo, la inclusi\u00f3n y la independencia. P\u00e1gina 10 hace referencia a Nari\u00f1o como el d\u00e9cimo departamento creado en Colombia, despu\u00e9s de un proceso pol\u00edtico liderado por actores y actrices regionales con el fin de obtener la independencia y autonom\u00eda de nuestros territorios. Con la creaci\u00f3n de P\u00e1gina 10 se pretende abrir un escenario para el dialogo, la reflexi\u00f3n y el debate que se extienda a otras geograf\u00edas de Am\u00e9rica Latina y del planeta, en una apuesta por transformar colectivamente los desaf\u00edos de un mundo contempor\u00e1neo, m\u00e1s all\u00e1 de las fronteras impuestas.\",\"url\":\"https:\/\/pagina10.com\/web\/author\/pdiezadmin\/\"}]}<\/script>\n<!-- \/ Yoast SEO plugin. -->","yoast_head_json":{"title":"Gobernador de Nari\u00f1o ratifica la financiaci\u00f3n de 'Matricula Cero' para estudiantes de la Udenar. | P\u00e1gina10","robots":{"index":"index","follow":"follow","max-snippet":"max-snippet:-1","max-image-preview":"max-image-preview:large","max-video-preview":"max-video-preview:-1"},"canonical":"https:\/\/pagina10.com\/web\/gobernador-de-narino-ratifica-la-financiacion-de-matricula-cero-para-estudiantes-de-la-udenar\/","og_locale":"es_ES","og_type":"article","og_title":"Gobernador de Nari\u00f1o ratifica la financiaci\u00f3n de 'Matricula Cero' para estudiantes de la Udenar. | P\u00e1gina10","og_description":"OEn medio de una reuni\u00f3n, el Gobernador de Nari\u00f1o Jhon Rojas y la rectora de la Universidad de Nari\u00f1o, Martha Gonz\u00e1lez, coordinaron temas estrat\u00e9gicos en beneficio a la educaci\u00f3n p\u00fablica en todo el departamento. En el encuentro se trataron temas para fortalecer la cobertura acad\u00e9mica en la regi\u00f3n, c\u00f3mo tambi\u00e9n la financiaci\u00f3n de la matr\u00edcula [&hellip;]","og_url":"https:\/\/pagina10.com\/web\/gobernador-de-narino-ratifica-la-financiacion-de-matricula-cero-para-estudiantes-de-la-udenar\/","og_site_name":"P\u00e1gina10","article_publisher":"https:\/\/www.facebook.com\/pag10com","article_published_time":"2021-06-30T18:25:37+00:00","article_modified_time":"2021-06-30T18:30:37+00:00","og_image":[{"width":560,"height":334,"url":"https:\/\/pagina10.com\/web\/wp-content\/uploads\/2013\/11\/93b473cb3c3c49e3b104da1178e2b4c6-e1625077826701.jpg","type":"image\/jpeg"}],"author":"P\u00e1gina 10","twitter_card":"summary_large_image","twitter_creator":"@Pag10com","twitter_site":"@Pag10com","twitter_misc":{"Escrito por":"P\u00e1gina 10","Tiempo de lectura":"1 minuto"},"schema":{"@context":"https:\/\/schema.org","@graph":[{"@type":"Article","@id":"https:\/\/pagina10.com\/web\/gobernador-de-narino-ratifica-la-financiacion-de-matricula-cero-para-estudiantes-de-la-udenar\/#article","isPartOf":{"@id":"https:\/\/pagina10.com\/web\/gobernador-de-narino-ratifica-la-financiacion-de-matricula-cero-para-estudiantes-de-la-udenar\/"},"author":{"name":"P\u00e1gina 10","@id":"https:\/\/pagina10.com\/web\/#\/schema\/person\/2efc4a090d25b667d3bc796798a3a81b"},"headline":"Gobernador de Nari\u00f1o ratifica la financiaci\u00f3n de &#8216;Matricula Cero&#8217; para estudiantes de la Udenar.","datePublished":"2021-06-30T18:25:37+00:00","dateModified":"2021-06-30T18:30:37+00:00","mainEntityOfPage":{"@id":"https:\/\/pagina10.com\/web\/gobernador-de-narino-ratifica-la-financiacion-de-matricula-cero-para-estudiantes-de-la-udenar\/"},"wordCount":280,"commentCount":0,"publisher":{"@id":"https:\/\/pagina10.com\/web\/#organization"},"image":{"@id":"https:\/\/pagina10.com\/web\/gobernador-de-narino-ratifica-la-financiacion-de-matricula-cero-para-estudiantes-de-la-udenar\/#primaryimage"},"thumbnailUrl":"https:\/\/pagina10.com\/web\/wp-content\/uploads\/2013\/11\/93b473cb3c3c49e3b104da1178e2b4c6-e1625077826701.jpg","articleSection":["Educaci\u00f3n"],"inLanguage":"es","potentialAction":[{"@type":"CommentAction","name":"Comment","target":["https:\/\/pagina10.com\/web\/gobernador-de-narino-ratifica-la-financiacion-de-matricula-cero-para-estudiantes-de-la-udenar\/#respond"]}]},{"@type":"WebPage","@id":"https:\/\/pagina10.com\/web\/gobernador-de-narino-ratifica-la-financiacion-de-matricula-cero-para-estudiantes-de-la-udenar\/","url":"https:\/\/pagina10.com\/web\/gobernador-de-narino-ratifica-la-financiacion-de-matricula-cero-para-estudiantes-de-la-udenar\/","name":"Gobernador de Nari\u00f1o ratifica la financiaci\u00f3n de 'Matricula Cero' para estudiantes de la Udenar. | P\u00e1gina10","isPartOf":{"@id":"https:\/\/pagina10.com\/web\/#website"},"primaryImageOfPage":{"@id":"https:\/\/pagina10.com\/web\/gobernador-de-narino-ratifica-la-financiacion-de-matricula-cero-para-estudiantes-de-la-udenar\/#primaryimage"},"image":{"@id":"https:\/\/pagina10.com\/web\/gobernador-de-narino-ratifica-la-financiacion-de-matricula-cero-para-estudiantes-de-la-udenar\/#primaryimage"},"thumbnailUrl":"https:\/\/pagina10.com\/web\/wp-content\/uploads\/2013\/11\/93b473cb3c3c49e3b104da1178e2b4c6-e1625077826701.jpg","datePublished":"2021-06-30T18:25:37+00:00","dateModified":"2021-06-30T18:30:37+00:00","breadcrumb":{"@id":"https:\/\/pagina10.com\/web\/gobernador-de-narino-ratifica-la-financiacion-de-matricula-cero-para-estudiantes-de-la-udenar\/#breadcrumb"},"inLanguage":"es","potentialAction":[{"@type":"ReadAction","target":["https:\/\/pagina10.com\/web\/gobernador-de-narino-ratifica-la-financiacion-de-matricula-cero-para-estudiantes-de-la-udenar\/"]}]},{"@type":"ImageObject","inLanguage":"es","@id":"https:\/\/pagina10.com\/web\/gobernador-de-narino-ratifica-la-financiacion-de-matricula-cero-para-estudiantes-de-la-udenar\/#primaryimage","url":"https:\/\/pagina10.com\/web\/wp-content\/uploads\/2013\/11\/93b473cb3c3c49e3b104da1178e2b4c6-e1625077826701.jpg","contentUrl":"https:\/\/pagina10.com\/web\/wp-content\/uploads\/2013\/11\/93b473cb3c3c49e3b104da1178e2b4c6-e1625077826701.jpg","width":560,"height":334,"caption":"Fotograf\u00eda: comunicaciones.udenar.edu.co"},{"@type":"BreadcrumbList","@id":"https:\/\/pagina10.com\/web\/gobernador-de-narino-ratifica-la-financiacion-de-matricula-cero-para-estudiantes-de-la-udenar\/#breadcrumb","itemListElement":[{"@type":"ListItem","position":1,"name":"Portada","item":"https:\/\/pagina10.com\/web\/"},{"@type":"ListItem","position":2,"name":"Gobernador de Nari\u00f1o ratifica la financiaci\u00f3n de &#8216;Matricula Cero&#8217; para estudiantes de la Udenar."}]},{"@type":"WebSite","@id":"https:\/\/pagina10.com\/web\/#website","url":"https:\/\/pagina10.com\/web\/","name":"P\u00e1gina10","description":"Peri\u00f3dico Regional","publisher":{"@id":"https:\/\/pagina10.com\/web\/#organization"},"alternateName":"P\u00e1gina10 Peri\u00f3dico Regional","potentialAction":[{"@type":"SearchAction","target":{"@type":"EntryPoint","urlTemplate":"https:\/\/pagina10.com\/web\/?s={search_term_string}"},"query-input":{"@type":"PropertyValueSpecification","valueRequired":true,"valueName":"search_term_string"}}],"inLanguage":"es"},{"@type":"Organization","@id":"https:\/\/pagina10.com\/web\/#organization","name":"P\u00e1gina10","alternateName":"P\u00e1gina10 Peri\u00f3dico Regional","url":"https:\/\/pagina10.com\/web\/","logo":{"@type":"ImageObject","inLanguage":"es","@id":"https:\/\/pagina10.com\/web\/#\/schema\/logo\/image\/","url":"https:\/\/pagina10.com\/web\/wp-content\/uploads\/2024\/01\/40-pagina-10-periodico-regional-pasto.jpg","contentUrl":"https:\/\/pagina10.com\/web\/wp-content\/uploads\/2024\/01\/40-pagina-10-periodico-regional-pasto.jpg","width":1280,"height":720,"caption":"P\u00e1gina10"},"image":{"@id":"https:\/\/pagina10.com\/web\/#\/schema\/logo\/image\/"},"sameAs":["https:\/\/www.facebook.com\/pag10com","https:\/\/x.com\/Pag10com","https:\/\/www.instagram.com\/pagina10col\/","https:\/\/youtube.com\/channel\/pag10","https:\/\/www.tiktok.com\/@p10col"]},{"@type":"Person","@id":"https:\/\/pagina10.com\/web\/#\/schema\/person\/2efc4a090d25b667d3bc796798a3a81b","name":"P\u00e1gina 10","description":"P\u00e1gina 10 es un peri\u00f3dico regional que nace en Colombia, en el departamento de Nari\u00f1o, con un enfoque global, fundamentado en cuatro pilares esenciales: la libertad, el pluralismo, la inclusi\u00f3n y la independencia. P\u00e1gina 10 hace referencia a Nari\u00f1o como el d\u00e9cimo departamento creado en Colombia, despu\u00e9s de un proceso pol\u00edtico liderado por actores y actrices regionales con el fin de obtener la independencia y autonom\u00eda de nuestros territorios. Con la creaci\u00f3n de P\u00e1gina 10 se pretende abrir un escenario para el dialogo, la reflexi\u00f3n y el debate que se extienda a otras geograf\u00edas de Am\u00e9rica Latina y del planeta, en una apuesta por transformar colectivamente los desaf\u00edos de un mundo contempor\u00e1neo, m\u00e1s all\u00e1 de las fronteras impuestas.","url":"https:\/\/pagina10.com\/web\/author\/pdiezadmin\/"}]}},"_links":{"self":[{"href":"https:\/\/pagina10.com\/web\/wp-json\/wp\/v2\/posts\/53659","targetHints":{"allow":["GET"]}}],"collection":[{"href":"https:\/\/pagina10.com\/web\/wp-json\/wp\/v2\/posts"}],"about":[{"href":"https:\/\/pagina10.com\/web\/wp-json\/wp\/v2\/types\/post"}],"author":[{"embeddable":true,"href":"https:\/\/pagina10.com\/web\/wp-json\/wp\/v2\/users\/1"}],"replies":[{"embeddable":true,"href":"https:\/\/pagina10.com\/web\/wp-json\/wp\/v2\/comments?post=53659"}],"version-history":[{"count":3,"href":"https:\/\/pagina10.com\/web\/wp-json\/wp\/v2\/posts\/53659\/revisions"}],"predecessor-version":[{"id":53662,"href":"https:\/\/pagina10.com\/web\/wp-json\/wp\/v2\/posts\/53659\/revisions\/53662"}],"wp:featuredmedia":[{"embeddable":true,"href":"https:\/\/pagina10.com\/web\/wp-json\/wp\/v2\/media\/5108"}],"wp:attachment":[{"href":"https:\/\/pagina10.com\/web\/wp-json\/wp\/v2\/media?parent=53659"}],"wp:term":[{"taxonomy":"category","embeddable":true,"href":"https:\/\/pagina10.com\/web\/wp-json\/wp\/v2\/categories?post=53659"},{"taxonomy":"post_tag","embeddable":true,"href":"https:\/\/pagina10.com\/web\/wp-json\/wp\/v2\/tags?post=53659"}],"curies":[{"name":"wp","href":"https:\/\/api.w.org\/{rel}","templated":true}]}}