{"id":53667,"date":"2021-06-30T17:30:13","date_gmt":"2021-06-30T22:30:13","guid":{"rendered":"https:\/\/pagina10.com\/web\/?p=53667"},"modified":"2021-06-30T17:30:13","modified_gmt":"2021-06-30T22:30:13","slug":"destacada-participacion-de-un-narinense-en-la-hackathon-microsoft-colombia-interuniversitaria-2021","status":"publish","type":"post","link":"https:\/\/pagina10.com\/web\/destacada-participacion-de-un-narinense-en-la-hackathon-microsoft-colombia-interuniversitaria-2021\/","title":{"rendered":"Destacada participaci\u00f3n de un Nari\u00f1ense en la Hackathon Microsoft Colombia Interuniversitaria 2021"},"content":{"rendered":"<p style=\"text-align: justify;\">\n<p style=\"text-align: justify;\">El estudiante Nari\u00f1ense de Ingenier\u00eda de software de la Universidad Cooperativa de Colombia campus Pasto, Juan David Campi\u00f1o compiti\u00f3 en la Hackathon Microsoft Colombia Interuniversitaria 2021 y ocup\u00f3 el segundo lugar con su funcionalidad BOTSOO.<\/p>\n<p style=\"text-align: justify;\">La Hackathon Microsoft Colombia Interuniversitaria se realiza anualmente y tiene como prop\u00f3sito promover la creaci\u00f3n de aplicaciones que generen un cambio en las universidades mediante el uso de las tecnolog\u00edas, esta iniciativa pretende que los estudiantes identifiquen problem\u00e1ticas y necesidades de sus Instituciones de Educaci\u00f3n Superior en el campo acad\u00e9mico, social y tecnol\u00f3gico para as\u00ed lograr un prototipo de soluci\u00f3n mediante la creaci\u00f3n de una aplicaci\u00f3n basada en la suite de Office 365.<\/p>\n<p style=\"text-align: justify;\">Por su parte BOTSOO, aplicaci\u00f3n creada por el estudiante nari\u00f1ense y su equipo de trabajo, es un asistente universitario que permite la integraci\u00f3n de distintas actividades del quehacer universitario a la plataforma Microsoft teams, el boot se compone de diferentes funcionalidades que facilitan el trabajo administrativo, docente y estudiantil. Est\u00e1 pensado para trabajar de manera simult\u00e1nea con diferentes redes universitarias y permite centralizar los procesos que actualmente las instituciones realizan de forma manual, la aplicaci\u00f3n propone articular actividades extracurriculares, asesor\u00edas con profesores, las horas de bienestar universitario, charlas, conferencias, eventos en general; mucha de esta informaci\u00f3n llega al estudiante por distintos canales de comunicaci\u00f3n, como correos, WhatsApp telegram, redes sociales, etc. y en varias ocasiones no se revisa a tiempo por la carga acad\u00e9mica, y se\u00a0 puede perder oportunidades para su desarrollo y crecimiento profesional, BOTSOO compendia y organiza todo este contenido en una bit\u00e1cora diaria y para a trav\u00e9s de alertas le recuerda a su usuario las actividades programadas, explica Juan David Campi\u00f1o Toro.<\/p>\n<p style=\"text-align: justify;\">Campillo Toro se inscribe a este concurso gracias a una invitaci\u00f3n que le hace uno de los profesores de la Universidad y de all\u00ed le asignan un equipo de trabajo conformado por Pablo Andr\u00e9s Urrea Franco y Juan Camilo Gonz\u00e1les Duque, estudiantes de Ingenier\u00eda de Sistemas del campus Cali y contin\u00faan con la construcci\u00f3n de su proyecto, quienes en tiempo r\u00e9cord, solo 3 semanas, organizaron la propuesta seg\u00fan las bases y especificaciones del concurso y prepararon su presentaci\u00f3n para estar a la altura de esta gran multinacional y competir con estudiantes de otras universidades colombianas.<\/p>\n<p style=\"text-align: justify;\">En la final de la Hackathon Microsoft 2021 participaron los proyectos Career Recommendation, de 15582821EAFIT; Asistente universitario Botsoo, de la Universidad Cooperativa de Colombia; Uvibes, de la Universidad de Los Andes; No te rajes, de la Corporaci\u00f3n Universitaria Minuto de Dios; y MeUno App, de la Universidad Nacional Abierta y a Distancia (UNAD).<\/p>\n<p style=\"text-align: justify;\"><strong>En esta versi\u00f3n, la Hackathon\u00a0<\/strong>estuvo centrada en el desarrollo de una aplicaci\u00f3n bien fuera m\u00f3vil, de escritorio o web que utilizara tecnolog\u00edas propias de Microsoft,<\/p>\n<p style=\"text-align: justify;\">La ingenier\u00eda de software es un programa nuevo que dicta la Universidad Cooperativa de Colombia en Pasto que permite desarrollar distintas habilidades y da a los futuros profesionales la posibilidad de trabajar desde cualquier lugar desarrollando aplicaciones y soluciones inform\u00e1ticas para compa\u00f1\u00edas y empresas en cualquier lugar del mundo.<\/p>\n<p style=\"text-align: justify;\">\n<p style=\"text-align: justify;\">M\u00e1s informaci\u00f3n<\/p>\n<p style=\"text-align: justify;\"><strong>M\u00f3nica Juez<\/strong><\/p>\n<p style=\"text-align: justify;\">Coordinadora de Comunicaciones<\/p>\n<p style=\"text-align: justify;\">Cel 3155822816<\/p>\n<p style=\"text-align: justify;\">\n<p style=\"text-align: justify;\">\n<p style=\"text-align: justify;\"><strong>\u00a0<\/strong><\/p>\n","protected":false},"excerpt":{"rendered":"<p>El estudiante Nari\u00f1ense de Ingenier\u00eda de software de la Universidad Cooperativa de Colombia campus Pasto, Juan David Campi\u00f1o compiti\u00f3 en la Hackathon Microsoft Colombia Interuniversitaria 2021 y ocup\u00f3 el segundo lugar con su funcionalidad BOTSOO. La Hackathon Microsoft Colombia Interuniversitaria se realiza anualmente y tiene como prop\u00f3sito promover la creaci\u00f3n de aplicaciones que generen un [&hellip;]<\/p>\n","protected":false},"author":1,"featured_media":53668,"comment_status":"open","ping_status":"open","sticky":false,"template":"","format":"standard","meta":{"footnotes":""},"categories":[8],"tags":[],"class_list":["post-53667","post","type-post","status-publish","format-standard","has-post-thumbnail","hentry","category-innovacion"],"yoast_head":"<!-- This site is optimized with the Yoast SEO plugin v27.1.1 - https:\/\/yoast.com\/product\/yoast-seo-wordpress\/ -->\n<title>Destacada participaci\u00f3n de un Nari\u00f1ense en la Hackathon Microsoft Colombia Interuniversitaria 2021 | P\u00e1gina10<\/title>\n<meta name=\"robots\" content=\"index, follow, max-snippet:-1, max-image-preview:large, max-video-preview:-1\" \/>\n<link rel=\"canonical\" href=\"https:\/\/pagina10.com\/web\/destacada-participacion-de-un-narinense-en-la-hackathon-microsoft-colombia-interuniversitaria-2021\/\" \/>\n<meta property=\"og:locale\" content=\"es_ES\" \/>\n<meta property=\"og:type\" content=\"article\" \/>\n<meta property=\"og:title\" content=\"Destacada participaci\u00f3n de un Nari\u00f1ense en la Hackathon Microsoft Colombia Interuniversitaria 2021 | P\u00e1gina10\" \/>\n<meta property=\"og:description\" content=\"El estudiante Nari\u00f1ense de Ingenier\u00eda de software de la Universidad Cooperativa de Colombia campus Pasto, Juan David Campi\u00f1o compiti\u00f3 en la Hackathon Microsoft Colombia Interuniversitaria 2021 y ocup\u00f3 el segundo lugar con su funcionalidad BOTSOO. La Hackathon Microsoft Colombia Interuniversitaria se realiza anualmente y tiene como prop\u00f3sito promover la creaci\u00f3n de aplicaciones que generen un [&hellip;]\" \/>\n<meta property=\"og:url\" content=\"https:\/\/pagina10.com\/web\/destacada-participacion-de-un-narinense-en-la-hackathon-microsoft-colombia-interuniversitaria-2021\/\" \/>\n<meta property=\"og:site_name\" content=\"P\u00e1gina10\" \/>\n<meta property=\"article:publisher\" content=\"https:\/\/www.facebook.com\/pag10com\" \/>\n<meta property=\"article:published_time\" content=\"2021-06-30T22:30:13+00:00\" \/>\n<meta property=\"og:image\" content=\"https:\/\/pagina10.com\/web\/wp-content\/uploads\/2021\/06\/Captura-de-Pantalla-2021-06-30-a-las-5.29.05-p.-m..png\" \/>\n\t<meta property=\"og:image:width\" content=\"626\" \/>\n\t<meta property=\"og:image:height\" content=\"363\" \/>\n\t<meta property=\"og:image:type\" content=\"image\/png\" \/>\n<meta name=\"author\" content=\"P\u00e1gina 10\" \/>\n<meta name=\"twitter:card\" content=\"summary_large_image\" \/>\n<meta name=\"twitter:creator\" content=\"@Pag10com\" \/>\n<meta name=\"twitter:site\" content=\"@Pag10com\" \/>\n<meta name=\"twitter:label1\" content=\"Escrito por\" \/>\n\t<meta name=\"twitter:data1\" content=\"P\u00e1gina 10\" \/>\n\t<meta name=\"twitter:label2\" content=\"Tiempo de lectura\" \/>\n\t<meta name=\"twitter:data2\" content=\"3 minutos\" \/>\n<script type=\"application\/ld+json\" class=\"yoast-schema-graph\">{\"@context\":\"https:\/\/schema.org\",\"@graph\":[{\"@type\":\"Article\",\"@id\":\"https:\/\/pagina10.com\/web\/destacada-participacion-de-un-narinense-en-la-hackathon-microsoft-colombia-interuniversitaria-2021\/#article\",\"isPartOf\":{\"@id\":\"https:\/\/pagina10.com\/web\/destacada-participacion-de-un-narinense-en-la-hackathon-microsoft-colombia-interuniversitaria-2021\/\"},\"author\":{\"name\":\"P\u00e1gina 10\",\"@id\":\"https:\/\/pagina10.com\/web\/#\/schema\/person\/2efc4a090d25b667d3bc796798a3a81b\"},\"headline\":\"Destacada participaci\u00f3n de un Nari\u00f1ense en la Hackathon Microsoft Colombia Interuniversitaria 2021\",\"datePublished\":\"2021-06-30T22:30:13+00:00\",\"mainEntityOfPage\":{\"@id\":\"https:\/\/pagina10.com\/web\/destacada-participacion-de-un-narinense-en-la-hackathon-microsoft-colombia-interuniversitaria-2021\/\"},\"wordCount\":558,\"commentCount\":0,\"publisher\":{\"@id\":\"https:\/\/pagina10.com\/web\/#organization\"},\"image\":{\"@id\":\"https:\/\/pagina10.com\/web\/destacada-participacion-de-un-narinense-en-la-hackathon-microsoft-colombia-interuniversitaria-2021\/#primaryimage\"},\"thumbnailUrl\":\"https:\/\/pagina10.com\/web\/wp-content\/uploads\/2021\/06\/Captura-de-Pantalla-2021-06-30-a-las-5.29.05-p.-m..png\",\"articleSection\":[\"Innovaci\u00f3n\"],\"inLanguage\":\"es\",\"potentialAction\":[{\"@type\":\"CommentAction\",\"name\":\"Comment\",\"target\":[\"https:\/\/pagina10.com\/web\/destacada-participacion-de-un-narinense-en-la-hackathon-microsoft-colombia-interuniversitaria-2021\/#respond\"]}]},{\"@type\":\"WebPage\",\"@id\":\"https:\/\/pagina10.com\/web\/destacada-participacion-de-un-narinense-en-la-hackathon-microsoft-colombia-interuniversitaria-2021\/\",\"url\":\"https:\/\/pagina10.com\/web\/destacada-participacion-de-un-narinense-en-la-hackathon-microsoft-colombia-interuniversitaria-2021\/\",\"name\":\"Destacada participaci\u00f3n de un Nari\u00f1ense en la Hackathon Microsoft Colombia Interuniversitaria 2021 | P\u00e1gina10\",\"isPartOf\":{\"@id\":\"https:\/\/pagina10.com\/web\/#website\"},\"primaryImageOfPage\":{\"@id\":\"https:\/\/pagina10.com\/web\/destacada-participacion-de-un-narinense-en-la-hackathon-microsoft-colombia-interuniversitaria-2021\/#primaryimage\"},\"image\":{\"@id\":\"https:\/\/pagina10.com\/web\/destacada-participacion-de-un-narinense-en-la-hackathon-microsoft-colombia-interuniversitaria-2021\/#primaryimage\"},\"thumbnailUrl\":\"https:\/\/pagina10.com\/web\/wp-content\/uploads\/2021\/06\/Captura-de-Pantalla-2021-06-30-a-las-5.29.05-p.-m..png\",\"datePublished\":\"2021-06-30T22:30:13+00:00\",\"breadcrumb\":{\"@id\":\"https:\/\/pagina10.com\/web\/destacada-participacion-de-un-narinense-en-la-hackathon-microsoft-colombia-interuniversitaria-2021\/#breadcrumb\"},\"inLanguage\":\"es\",\"potentialAction\":[{\"@type\":\"ReadAction\",\"target\":[\"https:\/\/pagina10.com\/web\/destacada-participacion-de-un-narinense-en-la-hackathon-microsoft-colombia-interuniversitaria-2021\/\"]}]},{\"@type\":\"ImageObject\",\"inLanguage\":\"es\",\"@id\":\"https:\/\/pagina10.com\/web\/destacada-participacion-de-un-narinense-en-la-hackathon-microsoft-colombia-interuniversitaria-2021\/#primaryimage\",\"url\":\"https:\/\/pagina10.com\/web\/wp-content\/uploads\/2021\/06\/Captura-de-Pantalla-2021-06-30-a-las-5.29.05-p.-m..png\",\"contentUrl\":\"https:\/\/pagina10.com\/web\/wp-content\/uploads\/2021\/06\/Captura-de-Pantalla-2021-06-30-a-las-5.29.05-p.-m..png\",\"width\":626,\"height\":363},{\"@type\":\"BreadcrumbList\",\"@id\":\"https:\/\/pagina10.com\/web\/destacada-participacion-de-un-narinense-en-la-hackathon-microsoft-colombia-interuniversitaria-2021\/#breadcrumb\",\"itemListElement\":[{\"@type\":\"ListItem\",\"position\":1,\"name\":\"Portada\",\"item\":\"https:\/\/pagina10.com\/web\/\"},{\"@type\":\"ListItem\",\"position\":2,\"name\":\"Destacada participaci\u00f3n de un Nari\u00f1ense en la Hackathon Microsoft Colombia Interuniversitaria 2021\"}]},{\"@type\":\"WebSite\",\"@id\":\"https:\/\/pagina10.com\/web\/#website\",\"url\":\"https:\/\/pagina10.com\/web\/\",\"name\":\"P\u00e1gina10\",\"description\":\"Peri\u00f3dico Regional\",\"publisher\":{\"@id\":\"https:\/\/pagina10.com\/web\/#organization\"},\"alternateName\":\"P\u00e1gina10 Peri\u00f3dico Regional\",\"potentialAction\":[{\"@type\":\"SearchAction\",\"target\":{\"@type\":\"EntryPoint\",\"urlTemplate\":\"https:\/\/pagina10.com\/web\/?s={search_term_string}\"},\"query-input\":{\"@type\":\"PropertyValueSpecification\",\"valueRequired\":true,\"valueName\":\"search_term_string\"}}],\"inLanguage\":\"es\"},{\"@type\":\"Organization\",\"@id\":\"https:\/\/pagina10.com\/web\/#organization\",\"name\":\"P\u00e1gina10\",\"alternateName\":\"P\u00e1gina10 Peri\u00f3dico Regional\",\"url\":\"https:\/\/pagina10.com\/web\/\",\"logo\":{\"@type\":\"ImageObject\",\"inLanguage\":\"es\",\"@id\":\"https:\/\/pagina10.com\/web\/#\/schema\/logo\/image\/\",\"url\":\"https:\/\/pagina10.com\/web\/wp-content\/uploads\/2024\/01\/40-pagina-10-periodico-regional-pasto.jpg\",\"contentUrl\":\"https:\/\/pagina10.com\/web\/wp-content\/uploads\/2024\/01\/40-pagina-10-periodico-regional-pasto.jpg\",\"width\":1280,\"height\":720,\"caption\":\"P\u00e1gina10\"},\"image\":{\"@id\":\"https:\/\/pagina10.com\/web\/#\/schema\/logo\/image\/\"},\"sameAs\":[\"https:\/\/www.facebook.com\/pag10com\",\"https:\/\/x.com\/Pag10com\",\"https:\/\/www.instagram.com\/pagina10col\/\",\"https:\/\/youtube.com\/channel\/pag10\",\"https:\/\/www.tiktok.com\/@p10col\"]},{\"@type\":\"Person\",\"@id\":\"https:\/\/pagina10.com\/web\/#\/schema\/person\/2efc4a090d25b667d3bc796798a3a81b\",\"name\":\"P\u00e1gina 10\",\"description\":\"P\u00e1gina 10 es un peri\u00f3dico regional que nace en Colombia, en el departamento de Nari\u00f1o, con un enfoque global, fundamentado en cuatro pilares esenciales: la libertad, el pluralismo, la inclusi\u00f3n y la independencia. P\u00e1gina 10 hace referencia a Nari\u00f1o como el d\u00e9cimo departamento creado en Colombia, despu\u00e9s de un proceso pol\u00edtico liderado por actores y actrices regionales con el fin de obtener la independencia y autonom\u00eda de nuestros territorios. Con la creaci\u00f3n de P\u00e1gina 10 se pretende abrir un escenario para el dialogo, la reflexi\u00f3n y el debate que se extienda a otras geograf\u00edas de Am\u00e9rica Latina y del planeta, en una apuesta por transformar colectivamente los desaf\u00edos de un mundo contempor\u00e1neo, m\u00e1s all\u00e1 de las fronteras impuestas.\",\"url\":\"https:\/\/pagina10.com\/web\/author\/pdiezadmin\/\"}]}<\/script>\n<!-- \/ Yoast SEO plugin. -->","yoast_head_json":{"title":"Destacada participaci\u00f3n de un Nari\u00f1ense en la Hackathon Microsoft Colombia Interuniversitaria 2021 | P\u00e1gina10","robots":{"index":"index","follow":"follow","max-snippet":"max-snippet:-1","max-image-preview":"max-image-preview:large","max-video-preview":"max-video-preview:-1"},"canonical":"https:\/\/pagina10.com\/web\/destacada-participacion-de-un-narinense-en-la-hackathon-microsoft-colombia-interuniversitaria-2021\/","og_locale":"es_ES","og_type":"article","og_title":"Destacada participaci\u00f3n de un Nari\u00f1ense en la Hackathon Microsoft Colombia Interuniversitaria 2021 | P\u00e1gina10","og_description":"El estudiante Nari\u00f1ense de Ingenier\u00eda de software de la Universidad Cooperativa de Colombia campus Pasto, Juan David Campi\u00f1o compiti\u00f3 en la Hackathon Microsoft Colombia Interuniversitaria 2021 y ocup\u00f3 el segundo lugar con su funcionalidad BOTSOO. La Hackathon Microsoft Colombia Interuniversitaria se realiza anualmente y tiene como prop\u00f3sito promover la creaci\u00f3n de aplicaciones que generen un [&hellip;]","og_url":"https:\/\/pagina10.com\/web\/destacada-participacion-de-un-narinense-en-la-hackathon-microsoft-colombia-interuniversitaria-2021\/","og_site_name":"P\u00e1gina10","article_publisher":"https:\/\/www.facebook.com\/pag10com","article_published_time":"2021-06-30T22:30:13+00:00","og_image":[{"width":626,"height":363,"url":"https:\/\/pagina10.com\/web\/wp-content\/uploads\/2021\/06\/Captura-de-Pantalla-2021-06-30-a-las-5.29.05-p.-m..png","type":"image\/png"}],"author":"P\u00e1gina 10","twitter_card":"summary_large_image","twitter_creator":"@Pag10com","twitter_site":"@Pag10com","twitter_misc":{"Escrito por":"P\u00e1gina 10","Tiempo de lectura":"3 minutos"},"schema":{"@context":"https:\/\/schema.org","@graph":[{"@type":"Article","@id":"https:\/\/pagina10.com\/web\/destacada-participacion-de-un-narinense-en-la-hackathon-microsoft-colombia-interuniversitaria-2021\/#article","isPartOf":{"@id":"https:\/\/pagina10.com\/web\/destacada-participacion-de-un-narinense-en-la-hackathon-microsoft-colombia-interuniversitaria-2021\/"},"author":{"name":"P\u00e1gina 10","@id":"https:\/\/pagina10.com\/web\/#\/schema\/person\/2efc4a090d25b667d3bc796798a3a81b"},"headline":"Destacada participaci\u00f3n de un Nari\u00f1ense en la Hackathon Microsoft Colombia Interuniversitaria 2021","datePublished":"2021-06-30T22:30:13+00:00","mainEntityOfPage":{"@id":"https:\/\/pagina10.com\/web\/destacada-participacion-de-un-narinense-en-la-hackathon-microsoft-colombia-interuniversitaria-2021\/"},"wordCount":558,"commentCount":0,"publisher":{"@id":"https:\/\/pagina10.com\/web\/#organization"},"image":{"@id":"https:\/\/pagina10.com\/web\/destacada-participacion-de-un-narinense-en-la-hackathon-microsoft-colombia-interuniversitaria-2021\/#primaryimage"},"thumbnailUrl":"https:\/\/pagina10.com\/web\/wp-content\/uploads\/2021\/06\/Captura-de-Pantalla-2021-06-30-a-las-5.29.05-p.-m..png","articleSection":["Innovaci\u00f3n"],"inLanguage":"es","potentialAction":[{"@type":"CommentAction","name":"Comment","target":["https:\/\/pagina10.com\/web\/destacada-participacion-de-un-narinense-en-la-hackathon-microsoft-colombia-interuniversitaria-2021\/#respond"]}]},{"@type":"WebPage","@id":"https:\/\/pagina10.com\/web\/destacada-participacion-de-un-narinense-en-la-hackathon-microsoft-colombia-interuniversitaria-2021\/","url":"https:\/\/pagina10.com\/web\/destacada-participacion-de-un-narinense-en-la-hackathon-microsoft-colombia-interuniversitaria-2021\/","name":"Destacada participaci\u00f3n de un Nari\u00f1ense en la Hackathon Microsoft Colombia Interuniversitaria 2021 | P\u00e1gina10","isPartOf":{"@id":"https:\/\/pagina10.com\/web\/#website"},"primaryImageOfPage":{"@id":"https:\/\/pagina10.com\/web\/destacada-participacion-de-un-narinense-en-la-hackathon-microsoft-colombia-interuniversitaria-2021\/#primaryimage"},"image":{"@id":"https:\/\/pagina10.com\/web\/destacada-participacion-de-un-narinense-en-la-hackathon-microsoft-colombia-interuniversitaria-2021\/#primaryimage"},"thumbnailUrl":"https:\/\/pagina10.com\/web\/wp-content\/uploads\/2021\/06\/Captura-de-Pantalla-2021-06-30-a-las-5.29.05-p.-m..png","datePublished":"2021-06-30T22:30:13+00:00","breadcrumb":{"@id":"https:\/\/pagina10.com\/web\/destacada-participacion-de-un-narinense-en-la-hackathon-microsoft-colombia-interuniversitaria-2021\/#breadcrumb"},"inLanguage":"es","potentialAction":[{"@type":"ReadAction","target":["https:\/\/pagina10.com\/web\/destacada-participacion-de-un-narinense-en-la-hackathon-microsoft-colombia-interuniversitaria-2021\/"]}]},{"@type":"ImageObject","inLanguage":"es","@id":"https:\/\/pagina10.com\/web\/destacada-participacion-de-un-narinense-en-la-hackathon-microsoft-colombia-interuniversitaria-2021\/#primaryimage","url":"https:\/\/pagina10.com\/web\/wp-content\/uploads\/2021\/06\/Captura-de-Pantalla-2021-06-30-a-las-5.29.05-p.-m..png","contentUrl":"https:\/\/pagina10.com\/web\/wp-content\/uploads\/2021\/06\/Captura-de-Pantalla-2021-06-30-a-las-5.29.05-p.-m..png","width":626,"height":363},{"@type":"BreadcrumbList","@id":"https:\/\/pagina10.com\/web\/destacada-participacion-de-un-narinense-en-la-hackathon-microsoft-colombia-interuniversitaria-2021\/#breadcrumb","itemListElement":[{"@type":"ListItem","position":1,"name":"Portada","item":"https:\/\/pagina10.com\/web\/"},{"@type":"ListItem","position":2,"name":"Destacada participaci\u00f3n de un Nari\u00f1ense en la Hackathon Microsoft Colombia Interuniversitaria 2021"}]},{"@type":"WebSite","@id":"https:\/\/pagina10.com\/web\/#website","url":"https:\/\/pagina10.com\/web\/","name":"P\u00e1gina10","description":"Peri\u00f3dico Regional","publisher":{"@id":"https:\/\/pagina10.com\/web\/#organization"},"alternateName":"P\u00e1gina10 Peri\u00f3dico Regional","potentialAction":[{"@type":"SearchAction","target":{"@type":"EntryPoint","urlTemplate":"https:\/\/pagina10.com\/web\/?s={search_term_string}"},"query-input":{"@type":"PropertyValueSpecification","valueRequired":true,"valueName":"search_term_string"}}],"inLanguage":"es"},{"@type":"Organization","@id":"https:\/\/pagina10.com\/web\/#organization","name":"P\u00e1gina10","alternateName":"P\u00e1gina10 Peri\u00f3dico Regional","url":"https:\/\/pagina10.com\/web\/","logo":{"@type":"ImageObject","inLanguage":"es","@id":"https:\/\/pagina10.com\/web\/#\/schema\/logo\/image\/","url":"https:\/\/pagina10.com\/web\/wp-content\/uploads\/2024\/01\/40-pagina-10-periodico-regional-pasto.jpg","contentUrl":"https:\/\/pagina10.com\/web\/wp-content\/uploads\/2024\/01\/40-pagina-10-periodico-regional-pasto.jpg","width":1280,"height":720,"caption":"P\u00e1gina10"},"image":{"@id":"https:\/\/pagina10.com\/web\/#\/schema\/logo\/image\/"},"sameAs":["https:\/\/www.facebook.com\/pag10com","https:\/\/x.com\/Pag10com","https:\/\/www.instagram.com\/pagina10col\/","https:\/\/youtube.com\/channel\/pag10","https:\/\/www.tiktok.com\/@p10col"]},{"@type":"Person","@id":"https:\/\/pagina10.com\/web\/#\/schema\/person\/2efc4a090d25b667d3bc796798a3a81b","name":"P\u00e1gina 10","description":"P\u00e1gina 10 es un peri\u00f3dico regional que nace en Colombia, en el departamento de Nari\u00f1o, con un enfoque global, fundamentado en cuatro pilares esenciales: la libertad, el pluralismo, la inclusi\u00f3n y la independencia. P\u00e1gina 10 hace referencia a Nari\u00f1o como el d\u00e9cimo departamento creado en Colombia, despu\u00e9s de un proceso pol\u00edtico liderado por actores y actrices regionales con el fin de obtener la independencia y autonom\u00eda de nuestros territorios. Con la creaci\u00f3n de P\u00e1gina 10 se pretende abrir un escenario para el dialogo, la reflexi\u00f3n y el debate que se extienda a otras geograf\u00edas de Am\u00e9rica Latina y del planeta, en una apuesta por transformar colectivamente los desaf\u00edos de un mundo contempor\u00e1neo, m\u00e1s all\u00e1 de las fronteras impuestas.","url":"https:\/\/pagina10.com\/web\/author\/pdiezadmin\/"}]}},"_links":{"self":[{"href":"https:\/\/pagina10.com\/web\/wp-json\/wp\/v2\/posts\/53667","targetHints":{"allow":["GET"]}}],"collection":[{"href":"https:\/\/pagina10.com\/web\/wp-json\/wp\/v2\/posts"}],"about":[{"href":"https:\/\/pagina10.com\/web\/wp-json\/wp\/v2\/types\/post"}],"author":[{"embeddable":true,"href":"https:\/\/pagina10.com\/web\/wp-json\/wp\/v2\/users\/1"}],"replies":[{"embeddable":true,"href":"https:\/\/pagina10.com\/web\/wp-json\/wp\/v2\/comments?post=53667"}],"version-history":[{"count":1,"href":"https:\/\/pagina10.com\/web\/wp-json\/wp\/v2\/posts\/53667\/revisions"}],"predecessor-version":[{"id":53669,"href":"https:\/\/pagina10.com\/web\/wp-json\/wp\/v2\/posts\/53667\/revisions\/53669"}],"wp:featuredmedia":[{"embeddable":true,"href":"https:\/\/pagina10.com\/web\/wp-json\/wp\/v2\/media\/53668"}],"wp:attachment":[{"href":"https:\/\/pagina10.com\/web\/wp-json\/wp\/v2\/media?parent=53667"}],"wp:term":[{"taxonomy":"category","embeddable":true,"href":"https:\/\/pagina10.com\/web\/wp-json\/wp\/v2\/categories?post=53667"},{"taxonomy":"post_tag","embeddable":true,"href":"https:\/\/pagina10.com\/web\/wp-json\/wp\/v2\/tags?post=53667"}],"curies":[{"name":"wp","href":"https:\/\/api.w.org\/{rel}","templated":true}]}}