{"id":53698,"date":"2021-07-03T13:09:50","date_gmt":"2021-07-03T18:09:50","guid":{"rendered":"https:\/\/pagina10.com\/web\/?p=53698"},"modified":"2021-07-03T13:09:50","modified_gmt":"2021-07-03T18:09:50","slug":"mas-de-1-000-millones-se-han-invertido-en-equipos-y-elementos-de-salud-en-4-municipios-de-la-costa-pacifica","status":"publish","type":"post","link":"https:\/\/pagina10.com\/web\/mas-de-1-000-millones-se-han-invertido-en-equipos-y-elementos-de-salud-en-4-municipios-de-la-costa-pacifica\/","title":{"rendered":"M\u00e1s de $1.000 millones se han invertido en equipos y elementos de salud en 4 municipios de la costa pac\u00edfica"},"content":{"rendered":"<p style=\"text-align: justify;\">A trav\u00e9s de un convenio interadministrativo realizado entre la Gobernaci\u00f3n de Nari\u00f1o y el Fondo de Programas Especiales para la Paz, se han invertido en los municipios Zonas Futuro de la costa pac\u00edfica nari\u00f1ense m\u00e1s de $1.000 millones en equipos y elementos de salud.<\/p>\n<p style=\"text-align: justify;\">Este convenio tiene como objetivo aunar esfuerzos, recursos y capacidades para la ejecuci\u00f3n de actividades relacionadas con la prestaci\u00f3n de servicios sociales, el fortalecimiento del Estado Social de Derecho y la generaci\u00f3n de condiciones para el logro y mantenimiento de la paz y la convivencia en estas zonas de Nari\u00f1o.<br \/>\nMag\u00fc\u00ed Pay\u00e1n, Barbacoas, Roberto Pay\u00e1n y Santa B\u00e1rbara han sido los municipios beneficiados con estas entregas que fortalecer\u00e1n la atenci\u00f3n en salud y mejoran la calidad de vida de las comunidades del pac\u00edfico nari\u00f1ense.<\/p>\n<p style=\"text-align: justify;\">\u201cHay grandes noticias para el Departamento, sobre todo para los municipios que han sido afectados por el conflicto armado y que est\u00e1n siendo atendidos por Zonas Futuro. Una de las l\u00edneas desde el anterior a\u00f1o de la Gobernaci\u00f3n de Nari\u00f1o en la costa pac\u00edfica, es atender estos municipios y gracias a las gestiones de nuestro Gobernador se pudo desarrollar este convenio que ya ha hecho varias entregas de elementos hospitalarios en varios municipios de la costa pac\u00edfica\u201d, indic\u00f3 la Asesora de la Gobernaci\u00f3n de Nari\u00f1o, Nilza Pantoja.<\/p>\n<p style=\"text-align: justify;\">As\u00ed mismo, la pr\u00f3xima semana se realizar\u00e1 la firma de convenios en el Distrito Especial de Tumaco para el fortalecimiento del Hospital San Andr\u00e9s de Tumaco, la Instituci\u00f3n Educativa San Jos\u00e9 de Caunap\u00ed, la comunidad Aw\u00e1 y Unipa y un convenio con la Di\u00f3cesis de Tumaco en beneficio de los ni\u00f1os y ni\u00f1as de la costa. Desde la Gobernaci\u00f3n de Nari\u00f1o estamos convencidos que la inversi\u00f3n social es el mejor camino para lograr la paz y la tranquilidad en nuestros territorios.<\/p>\n","protected":false},"excerpt":{"rendered":"<p>A trav\u00e9s de un convenio interadministrativo realizado entre la Gobernaci\u00f3n de Nari\u00f1o y el Fondo de Programas Especiales para la Paz, se han invertido en los municipios Zonas Futuro de la costa pac\u00edfica nari\u00f1ense m\u00e1s de $1.000 millones en equipos y elementos de salud. Este convenio tiene como objetivo aunar esfuerzos, recursos y capacidades para [&hellip;]<\/p>\n","protected":false},"author":1,"featured_media":53709,"comment_status":"open","ping_status":"open","sticky":false,"template":"","format":"standard","meta":{"footnotes":""},"categories":[53],"tags":[],"class_list":["post-53698","post","type-post","status-publish","format-standard","has-post-thumbnail","hentry","category-regiones"],"yoast_head":"<!-- This site is optimized with the Yoast SEO plugin v27.1.1 - https:\/\/yoast.com\/product\/yoast-seo-wordpress\/ -->\n<title>M\u00e1s de $1.000 millones se han invertido en equipos y elementos de salud en 4 municipios de la costa pac\u00edfica | P\u00e1gina10<\/title>\n<meta name=\"robots\" content=\"index, follow, max-snippet:-1, max-image-preview:large, max-video-preview:-1\" \/>\n<link rel=\"canonical\" href=\"https:\/\/pagina10.com\/web\/mas-de-1-000-millones-se-han-invertido-en-equipos-y-elementos-de-salud-en-4-municipios-de-la-costa-pacifica\/\" \/>\n<meta property=\"og:locale\" content=\"es_ES\" \/>\n<meta property=\"og:type\" content=\"article\" \/>\n<meta property=\"og:title\" content=\"M\u00e1s de $1.000 millones se han invertido en equipos y elementos de salud en 4 municipios de la costa pac\u00edfica | P\u00e1gina10\" \/>\n<meta property=\"og:description\" content=\"A trav\u00e9s de un convenio interadministrativo realizado entre la Gobernaci\u00f3n de Nari\u00f1o y el Fondo de Programas Especiales para la Paz, se han invertido en los municipios Zonas Futuro de la costa pac\u00edfica nari\u00f1ense m\u00e1s de $1.000 millones en equipos y elementos de salud. Este convenio tiene como objetivo aunar esfuerzos, recursos y capacidades para [&hellip;]\" \/>\n<meta property=\"og:url\" content=\"https:\/\/pagina10.com\/web\/mas-de-1-000-millones-se-han-invertido-en-equipos-y-elementos-de-salud-en-4-municipios-de-la-costa-pacifica\/\" \/>\n<meta property=\"og:site_name\" content=\"P\u00e1gina10\" \/>\n<meta property=\"article:publisher\" content=\"https:\/\/www.facebook.com\/pag10com\" \/>\n<meta property=\"article:published_time\" content=\"2021-07-03T18:09:50+00:00\" \/>\n<meta property=\"og:image\" content=\"https:\/\/pagina10.com\/web\/wp-content\/uploads\/2021\/07\/Captura-de-Pantalla-2021-07-03-a-las-1.04.41-p.-m..png\" \/>\n\t<meta property=\"og:image:width\" content=\"514\" \/>\n\t<meta property=\"og:image:height\" content=\"240\" \/>\n\t<meta property=\"og:image:type\" content=\"image\/png\" \/>\n<meta name=\"author\" content=\"P\u00e1gina 10\" \/>\n<meta name=\"twitter:card\" content=\"summary_large_image\" \/>\n<meta name=\"twitter:creator\" content=\"@Pag10com\" \/>\n<meta name=\"twitter:site\" content=\"@Pag10com\" \/>\n<meta name=\"twitter:label1\" content=\"Escrito por\" \/>\n\t<meta name=\"twitter:data1\" content=\"P\u00e1gina 10\" \/>\n\t<meta name=\"twitter:label2\" content=\"Tiempo de lectura\" \/>\n\t<meta name=\"twitter:data2\" content=\"2 minutos\" \/>\n<script type=\"application\/ld+json\" class=\"yoast-schema-graph\">{\"@context\":\"https:\/\/schema.org\",\"@graph\":[{\"@type\":\"Article\",\"@id\":\"https:\/\/pagina10.com\/web\/mas-de-1-000-millones-se-han-invertido-en-equipos-y-elementos-de-salud-en-4-municipios-de-la-costa-pacifica\/#article\",\"isPartOf\":{\"@id\":\"https:\/\/pagina10.com\/web\/mas-de-1-000-millones-se-han-invertido-en-equipos-y-elementos-de-salud-en-4-municipios-de-la-costa-pacifica\/\"},\"author\":{\"name\":\"P\u00e1gina 10\",\"@id\":\"https:\/\/pagina10.com\/web\/#\/schema\/person\/2efc4a090d25b667d3bc796798a3a81b\"},\"headline\":\"M\u00e1s de $1.000 millones se han invertido en equipos y elementos de salud en 4 municipios de la costa pac\u00edfica\",\"datePublished\":\"2021-07-03T18:09:50+00:00\",\"mainEntityOfPage\":{\"@id\":\"https:\/\/pagina10.com\/web\/mas-de-1-000-millones-se-han-invertido-en-equipos-y-elementos-de-salud-en-4-municipios-de-la-costa-pacifica\/\"},\"wordCount\":350,\"commentCount\":0,\"publisher\":{\"@id\":\"https:\/\/pagina10.com\/web\/#organization\"},\"image\":{\"@id\":\"https:\/\/pagina10.com\/web\/mas-de-1-000-millones-se-han-invertido-en-equipos-y-elementos-de-salud-en-4-municipios-de-la-costa-pacifica\/#primaryimage\"},\"thumbnailUrl\":\"https:\/\/pagina10.com\/web\/wp-content\/uploads\/2021\/07\/Captura-de-Pantalla-2021-07-03-a-las-1.04.41-p.-m..png\",\"articleSection\":[\"Regiones\"],\"inLanguage\":\"es\",\"potentialAction\":[{\"@type\":\"CommentAction\",\"name\":\"Comment\",\"target\":[\"https:\/\/pagina10.com\/web\/mas-de-1-000-millones-se-han-invertido-en-equipos-y-elementos-de-salud-en-4-municipios-de-la-costa-pacifica\/#respond\"]}]},{\"@type\":\"WebPage\",\"@id\":\"https:\/\/pagina10.com\/web\/mas-de-1-000-millones-se-han-invertido-en-equipos-y-elementos-de-salud-en-4-municipios-de-la-costa-pacifica\/\",\"url\":\"https:\/\/pagina10.com\/web\/mas-de-1-000-millones-se-han-invertido-en-equipos-y-elementos-de-salud-en-4-municipios-de-la-costa-pacifica\/\",\"name\":\"M\u00e1s de $1.000 millones se han invertido en equipos y elementos de salud en 4 municipios de la costa pac\u00edfica | P\u00e1gina10\",\"isPartOf\":{\"@id\":\"https:\/\/pagina10.com\/web\/#website\"},\"primaryImageOfPage\":{\"@id\":\"https:\/\/pagina10.com\/web\/mas-de-1-000-millones-se-han-invertido-en-equipos-y-elementos-de-salud-en-4-municipios-de-la-costa-pacifica\/#primaryimage\"},\"image\":{\"@id\":\"https:\/\/pagina10.com\/web\/mas-de-1-000-millones-se-han-invertido-en-equipos-y-elementos-de-salud-en-4-municipios-de-la-costa-pacifica\/#primaryimage\"},\"thumbnailUrl\":\"https:\/\/pagina10.com\/web\/wp-content\/uploads\/2021\/07\/Captura-de-Pantalla-2021-07-03-a-las-1.04.41-p.-m..png\",\"datePublished\":\"2021-07-03T18:09:50+00:00\",\"breadcrumb\":{\"@id\":\"https:\/\/pagina10.com\/web\/mas-de-1-000-millones-se-han-invertido-en-equipos-y-elementos-de-salud-en-4-municipios-de-la-costa-pacifica\/#breadcrumb\"},\"inLanguage\":\"es\",\"potentialAction\":[{\"@type\":\"ReadAction\",\"target\":[\"https:\/\/pagina10.com\/web\/mas-de-1-000-millones-se-han-invertido-en-equipos-y-elementos-de-salud-en-4-municipios-de-la-costa-pacifica\/\"]}]},{\"@type\":\"ImageObject\",\"inLanguage\":\"es\",\"@id\":\"https:\/\/pagina10.com\/web\/mas-de-1-000-millones-se-han-invertido-en-equipos-y-elementos-de-salud-en-4-municipios-de-la-costa-pacifica\/#primaryimage\",\"url\":\"https:\/\/pagina10.com\/web\/wp-content\/uploads\/2021\/07\/Captura-de-Pantalla-2021-07-03-a-las-1.04.41-p.-m..png\",\"contentUrl\":\"https:\/\/pagina10.com\/web\/wp-content\/uploads\/2021\/07\/Captura-de-Pantalla-2021-07-03-a-las-1.04.41-p.-m..png\",\"width\":514,\"height\":240},{\"@type\":\"BreadcrumbList\",\"@id\":\"https:\/\/pagina10.com\/web\/mas-de-1-000-millones-se-han-invertido-en-equipos-y-elementos-de-salud-en-4-municipios-de-la-costa-pacifica\/#breadcrumb\",\"itemListElement\":[{\"@type\":\"ListItem\",\"position\":1,\"name\":\"Portada\",\"item\":\"https:\/\/pagina10.com\/web\/\"},{\"@type\":\"ListItem\",\"position\":2,\"name\":\"M\u00e1s de $1.000 millones se han invertido en equipos y elementos de salud en 4 municipios de la costa pac\u00edfica\"}]},{\"@type\":\"WebSite\",\"@id\":\"https:\/\/pagina10.com\/web\/#website\",\"url\":\"https:\/\/pagina10.com\/web\/\",\"name\":\"P\u00e1gina10\",\"description\":\"Peri\u00f3dico Regional\",\"publisher\":{\"@id\":\"https:\/\/pagina10.com\/web\/#organization\"},\"alternateName\":\"P\u00e1gina10 Peri\u00f3dico Regional\",\"potentialAction\":[{\"@type\":\"SearchAction\",\"target\":{\"@type\":\"EntryPoint\",\"urlTemplate\":\"https:\/\/pagina10.com\/web\/?s={search_term_string}\"},\"query-input\":{\"@type\":\"PropertyValueSpecification\",\"valueRequired\":true,\"valueName\":\"search_term_string\"}}],\"inLanguage\":\"es\"},{\"@type\":\"Organization\",\"@id\":\"https:\/\/pagina10.com\/web\/#organization\",\"name\":\"P\u00e1gina10\",\"alternateName\":\"P\u00e1gina10 Peri\u00f3dico Regional\",\"url\":\"https:\/\/pagina10.com\/web\/\",\"logo\":{\"@type\":\"ImageObject\",\"inLanguage\":\"es\",\"@id\":\"https:\/\/pagina10.com\/web\/#\/schema\/logo\/image\/\",\"url\":\"https:\/\/pagina10.com\/web\/wp-content\/uploads\/2024\/01\/40-pagina-10-periodico-regional-pasto.jpg\",\"contentUrl\":\"https:\/\/pagina10.com\/web\/wp-content\/uploads\/2024\/01\/40-pagina-10-periodico-regional-pasto.jpg\",\"width\":1280,\"height\":720,\"caption\":\"P\u00e1gina10\"},\"image\":{\"@id\":\"https:\/\/pagina10.com\/web\/#\/schema\/logo\/image\/\"},\"sameAs\":[\"https:\/\/www.facebook.com\/pag10com\",\"https:\/\/x.com\/Pag10com\",\"https:\/\/www.instagram.com\/pagina10col\/\",\"https:\/\/youtube.com\/channel\/pag10\",\"https:\/\/www.tiktok.com\/@p10col\"]},{\"@type\":\"Person\",\"@id\":\"https:\/\/pagina10.com\/web\/#\/schema\/person\/2efc4a090d25b667d3bc796798a3a81b\",\"name\":\"P\u00e1gina 10\",\"description\":\"P\u00e1gina 10 es un peri\u00f3dico regional que nace en Colombia, en el departamento de Nari\u00f1o, con un enfoque global, fundamentado en cuatro pilares esenciales: la libertad, el pluralismo, la inclusi\u00f3n y la independencia. P\u00e1gina 10 hace referencia a Nari\u00f1o como el d\u00e9cimo departamento creado en Colombia, despu\u00e9s de un proceso pol\u00edtico liderado por actores y actrices regionales con el fin de obtener la independencia y autonom\u00eda de nuestros territorios. Con la creaci\u00f3n de P\u00e1gina 10 se pretende abrir un escenario para el dialogo, la reflexi\u00f3n y el debate que se extienda a otras geograf\u00edas de Am\u00e9rica Latina y del planeta, en una apuesta por transformar colectivamente los desaf\u00edos de un mundo contempor\u00e1neo, m\u00e1s all\u00e1 de las fronteras impuestas.\",\"url\":\"https:\/\/pagina10.com\/web\/author\/pdiezadmin\/\"}]}<\/script>\n<!-- \/ Yoast SEO plugin. -->","yoast_head_json":{"title":"M\u00e1s de $1.000 millones se han invertido en equipos y elementos de salud en 4 municipios de la costa pac\u00edfica | P\u00e1gina10","robots":{"index":"index","follow":"follow","max-snippet":"max-snippet:-1","max-image-preview":"max-image-preview:large","max-video-preview":"max-video-preview:-1"},"canonical":"https:\/\/pagina10.com\/web\/mas-de-1-000-millones-se-han-invertido-en-equipos-y-elementos-de-salud-en-4-municipios-de-la-costa-pacifica\/","og_locale":"es_ES","og_type":"article","og_title":"M\u00e1s de $1.000 millones se han invertido en equipos y elementos de salud en 4 municipios de la costa pac\u00edfica | P\u00e1gina10","og_description":"A trav\u00e9s de un convenio interadministrativo realizado entre la Gobernaci\u00f3n de Nari\u00f1o y el Fondo de Programas Especiales para la Paz, se han invertido en los municipios Zonas Futuro de la costa pac\u00edfica nari\u00f1ense m\u00e1s de $1.000 millones en equipos y elementos de salud. Este convenio tiene como objetivo aunar esfuerzos, recursos y capacidades para [&hellip;]","og_url":"https:\/\/pagina10.com\/web\/mas-de-1-000-millones-se-han-invertido-en-equipos-y-elementos-de-salud-en-4-municipios-de-la-costa-pacifica\/","og_site_name":"P\u00e1gina10","article_publisher":"https:\/\/www.facebook.com\/pag10com","article_published_time":"2021-07-03T18:09:50+00:00","og_image":[{"width":514,"height":240,"url":"https:\/\/pagina10.com\/web\/wp-content\/uploads\/2021\/07\/Captura-de-Pantalla-2021-07-03-a-las-1.04.41-p.-m..png","type":"image\/png"}],"author":"P\u00e1gina 10","twitter_card":"summary_large_image","twitter_creator":"@Pag10com","twitter_site":"@Pag10com","twitter_misc":{"Escrito por":"P\u00e1gina 10","Tiempo de lectura":"2 minutos"},"schema":{"@context":"https:\/\/schema.org","@graph":[{"@type":"Article","@id":"https:\/\/pagina10.com\/web\/mas-de-1-000-millones-se-han-invertido-en-equipos-y-elementos-de-salud-en-4-municipios-de-la-costa-pacifica\/#article","isPartOf":{"@id":"https:\/\/pagina10.com\/web\/mas-de-1-000-millones-se-han-invertido-en-equipos-y-elementos-de-salud-en-4-municipios-de-la-costa-pacifica\/"},"author":{"name":"P\u00e1gina 10","@id":"https:\/\/pagina10.com\/web\/#\/schema\/person\/2efc4a090d25b667d3bc796798a3a81b"},"headline":"M\u00e1s de $1.000 millones se han invertido en equipos y elementos de salud en 4 municipios de la costa pac\u00edfica","datePublished":"2021-07-03T18:09:50+00:00","mainEntityOfPage":{"@id":"https:\/\/pagina10.com\/web\/mas-de-1-000-millones-se-han-invertido-en-equipos-y-elementos-de-salud-en-4-municipios-de-la-costa-pacifica\/"},"wordCount":350,"commentCount":0,"publisher":{"@id":"https:\/\/pagina10.com\/web\/#organization"},"image":{"@id":"https:\/\/pagina10.com\/web\/mas-de-1-000-millones-se-han-invertido-en-equipos-y-elementos-de-salud-en-4-municipios-de-la-costa-pacifica\/#primaryimage"},"thumbnailUrl":"https:\/\/pagina10.com\/web\/wp-content\/uploads\/2021\/07\/Captura-de-Pantalla-2021-07-03-a-las-1.04.41-p.-m..png","articleSection":["Regiones"],"inLanguage":"es","potentialAction":[{"@type":"CommentAction","name":"Comment","target":["https:\/\/pagina10.com\/web\/mas-de-1-000-millones-se-han-invertido-en-equipos-y-elementos-de-salud-en-4-municipios-de-la-costa-pacifica\/#respond"]}]},{"@type":"WebPage","@id":"https:\/\/pagina10.com\/web\/mas-de-1-000-millones-se-han-invertido-en-equipos-y-elementos-de-salud-en-4-municipios-de-la-costa-pacifica\/","url":"https:\/\/pagina10.com\/web\/mas-de-1-000-millones-se-han-invertido-en-equipos-y-elementos-de-salud-en-4-municipios-de-la-costa-pacifica\/","name":"M\u00e1s de $1.000 millones se han invertido en equipos y elementos de salud en 4 municipios de la costa pac\u00edfica | P\u00e1gina10","isPartOf":{"@id":"https:\/\/pagina10.com\/web\/#website"},"primaryImageOfPage":{"@id":"https:\/\/pagina10.com\/web\/mas-de-1-000-millones-se-han-invertido-en-equipos-y-elementos-de-salud-en-4-municipios-de-la-costa-pacifica\/#primaryimage"},"image":{"@id":"https:\/\/pagina10.com\/web\/mas-de-1-000-millones-se-han-invertido-en-equipos-y-elementos-de-salud-en-4-municipios-de-la-costa-pacifica\/#primaryimage"},"thumbnailUrl":"https:\/\/pagina10.com\/web\/wp-content\/uploads\/2021\/07\/Captura-de-Pantalla-2021-07-03-a-las-1.04.41-p.-m..png","datePublished":"2021-07-03T18:09:50+00:00","breadcrumb":{"@id":"https:\/\/pagina10.com\/web\/mas-de-1-000-millones-se-han-invertido-en-equipos-y-elementos-de-salud-en-4-municipios-de-la-costa-pacifica\/#breadcrumb"},"inLanguage":"es","potentialAction":[{"@type":"ReadAction","target":["https:\/\/pagina10.com\/web\/mas-de-1-000-millones-se-han-invertido-en-equipos-y-elementos-de-salud-en-4-municipios-de-la-costa-pacifica\/"]}]},{"@type":"ImageObject","inLanguage":"es","@id":"https:\/\/pagina10.com\/web\/mas-de-1-000-millones-se-han-invertido-en-equipos-y-elementos-de-salud-en-4-municipios-de-la-costa-pacifica\/#primaryimage","url":"https:\/\/pagina10.com\/web\/wp-content\/uploads\/2021\/07\/Captura-de-Pantalla-2021-07-03-a-las-1.04.41-p.-m..png","contentUrl":"https:\/\/pagina10.com\/web\/wp-content\/uploads\/2021\/07\/Captura-de-Pantalla-2021-07-03-a-las-1.04.41-p.-m..png","width":514,"height":240},{"@type":"BreadcrumbList","@id":"https:\/\/pagina10.com\/web\/mas-de-1-000-millones-se-han-invertido-en-equipos-y-elementos-de-salud-en-4-municipios-de-la-costa-pacifica\/#breadcrumb","itemListElement":[{"@type":"ListItem","position":1,"name":"Portada","item":"https:\/\/pagina10.com\/web\/"},{"@type":"ListItem","position":2,"name":"M\u00e1s de $1.000 millones se han invertido en equipos y elementos de salud en 4 municipios de la costa pac\u00edfica"}]},{"@type":"WebSite","@id":"https:\/\/pagina10.com\/web\/#website","url":"https:\/\/pagina10.com\/web\/","name":"P\u00e1gina10","description":"Peri\u00f3dico Regional","publisher":{"@id":"https:\/\/pagina10.com\/web\/#organization"},"alternateName":"P\u00e1gina10 Peri\u00f3dico Regional","potentialAction":[{"@type":"SearchAction","target":{"@type":"EntryPoint","urlTemplate":"https:\/\/pagina10.com\/web\/?s={search_term_string}"},"query-input":{"@type":"PropertyValueSpecification","valueRequired":true,"valueName":"search_term_string"}}],"inLanguage":"es"},{"@type":"Organization","@id":"https:\/\/pagina10.com\/web\/#organization","name":"P\u00e1gina10","alternateName":"P\u00e1gina10 Peri\u00f3dico Regional","url":"https:\/\/pagina10.com\/web\/","logo":{"@type":"ImageObject","inLanguage":"es","@id":"https:\/\/pagina10.com\/web\/#\/schema\/logo\/image\/","url":"https:\/\/pagina10.com\/web\/wp-content\/uploads\/2024\/01\/40-pagina-10-periodico-regional-pasto.jpg","contentUrl":"https:\/\/pagina10.com\/web\/wp-content\/uploads\/2024\/01\/40-pagina-10-periodico-regional-pasto.jpg","width":1280,"height":720,"caption":"P\u00e1gina10"},"image":{"@id":"https:\/\/pagina10.com\/web\/#\/schema\/logo\/image\/"},"sameAs":["https:\/\/www.facebook.com\/pag10com","https:\/\/x.com\/Pag10com","https:\/\/www.instagram.com\/pagina10col\/","https:\/\/youtube.com\/channel\/pag10","https:\/\/www.tiktok.com\/@p10col"]},{"@type":"Person","@id":"https:\/\/pagina10.com\/web\/#\/schema\/person\/2efc4a090d25b667d3bc796798a3a81b","name":"P\u00e1gina 10","description":"P\u00e1gina 10 es un peri\u00f3dico regional que nace en Colombia, en el departamento de Nari\u00f1o, con un enfoque global, fundamentado en cuatro pilares esenciales: la libertad, el pluralismo, la inclusi\u00f3n y la independencia. P\u00e1gina 10 hace referencia a Nari\u00f1o como el d\u00e9cimo departamento creado en Colombia, despu\u00e9s de un proceso pol\u00edtico liderado por actores y actrices regionales con el fin de obtener la independencia y autonom\u00eda de nuestros territorios. Con la creaci\u00f3n de P\u00e1gina 10 se pretende abrir un escenario para el dialogo, la reflexi\u00f3n y el debate que se extienda a otras geograf\u00edas de Am\u00e9rica Latina y del planeta, en una apuesta por transformar colectivamente los desaf\u00edos de un mundo contempor\u00e1neo, m\u00e1s all\u00e1 de las fronteras impuestas.","url":"https:\/\/pagina10.com\/web\/author\/pdiezadmin\/"}]}},"_links":{"self":[{"href":"https:\/\/pagina10.com\/web\/wp-json\/wp\/v2\/posts\/53698","targetHints":{"allow":["GET"]}}],"collection":[{"href":"https:\/\/pagina10.com\/web\/wp-json\/wp\/v2\/posts"}],"about":[{"href":"https:\/\/pagina10.com\/web\/wp-json\/wp\/v2\/types\/post"}],"author":[{"embeddable":true,"href":"https:\/\/pagina10.com\/web\/wp-json\/wp\/v2\/users\/1"}],"replies":[{"embeddable":true,"href":"https:\/\/pagina10.com\/web\/wp-json\/wp\/v2\/comments?post=53698"}],"version-history":[{"count":1,"href":"https:\/\/pagina10.com\/web\/wp-json\/wp\/v2\/posts\/53698\/revisions"}],"predecessor-version":[{"id":53710,"href":"https:\/\/pagina10.com\/web\/wp-json\/wp\/v2\/posts\/53698\/revisions\/53710"}],"wp:featuredmedia":[{"embeddable":true,"href":"https:\/\/pagina10.com\/web\/wp-json\/wp\/v2\/media\/53709"}],"wp:attachment":[{"href":"https:\/\/pagina10.com\/web\/wp-json\/wp\/v2\/media?parent=53698"}],"wp:term":[{"taxonomy":"category","embeddable":true,"href":"https:\/\/pagina10.com\/web\/wp-json\/wp\/v2\/categories?post=53698"},{"taxonomy":"post_tag","embeddable":true,"href":"https:\/\/pagina10.com\/web\/wp-json\/wp\/v2\/tags?post=53698"}],"curies":[{"name":"wp","href":"https:\/\/api.w.org\/{rel}","templated":true}]}}