{"id":53699,"date":"2021-07-02T21:07:22","date_gmt":"2021-07-03T02:07:22","guid":{"rendered":"https:\/\/pagina10.com\/web\/?p=53699"},"modified":"2021-07-02T21:09:01","modified_gmt":"2021-07-03T02:09:01","slug":"victimas-del-municipio-mallama-construyen-memoria-en-bogota","status":"publish","type":"post","link":"https:\/\/pagina10.com\/web\/victimas-del-municipio-mallama-construyen-memoria-en-bogota\/","title":{"rendered":"V\u00edctimas del municipio de Mallama, construyen memoria en Bogot\u00e1"},"content":{"rendered":"<p style=\"text-align: justify;\"><span style=\"font-weight: 400;\">El Centro Nacional de Memoria Hist\u00f3rica reuni\u00f3 en Bogot\u00e1 a tres comunidades de v\u00edctimas de Putumayo, Nari\u00f1o y Magdalena.<\/span><\/p>\n<p style=\"text-align: justify;\"><span style=\"font-weight: 400;\">Habitantes de Aracataca, Mallama y Orito, se encontraron en la capital para narrar las afectaciones que paramilitares, guerrillas y Ej\u00e9rcito Nacional causaron en sus territorios, y de esta manera construir el gran mosaico de la memoria<\/span><\/p>\n<p style=\"text-align: justify;\"><span style=\"font-weight: 400;\">A Bogot\u00e1 lleg\u00f3 la comunidad ind\u00edgena del resguardo del Gran Mallama, en Nari\u00f1o para un encuentro convocado por el Centro Nacional de Memoria Hist\u00f3rica, donde pidi\u00f3 que se reconociera que son v\u00edctimas del conflicto. As\u00ed lo afirma la exgobernadora del resguardo Ana Pastora Belalc\u00e1zar y quien es hoy la coordinadora de la Mesa de V\u00edctimas del municipio.\u00a0<\/span><\/p>\n<p style=\"text-align: justify;\"><span style=\"font-weight: 400;\">Tal como lo inform\u00f3 El Espectador, la comunidad reclama que su municipio no qued\u00f3 priorizado en los Programas de Desarrollo con Enfoque Territorial (PDET) que cre\u00f3 el Acuerdo de Paz para los municipios m\u00e1s afectados por la guerra, pese a que Ricaurte o Santa B\u00e1rbara s\u00ed quedaron contemplados.<\/span><\/p>\n<p style=\"text-align: justify;\"><span style=\"font-weight: 400;\">En este orden tampoco qued\u00f3 Mallama dentro del caso 002 que abri\u00f3 la Jurisdicci\u00f3n Especial para la Paz (JEP) , para estudiar las afectaciones de la guerra en tres municipios de la zona del Pac\u00edfico y frontera nari\u00f1ense.<\/span><\/p>\n<p style=\"text-align: justify;\"><span style=\"font-weight: 400;\">Por el contrario, los tapetes de la memoria de Mallama que elaboraron diez organizaciones del territorio s\u00ed dan testimonio de la crueldad del conflicto en el resguardo: un territorio atravesado por el oleoducto transandino que desde el Putumayo va a dar a Tumaco y que en Mallama se acostumbraron a verlo explotar por los grupos armados, mientras derramaba el crudo en el r\u00edo Guabo contaminando sus aguas.\u00a0<\/span><\/p>\n<p style=\"text-align: justify;\"><span style=\"font-weight: 400;\">Otro de esos tapetes cuenta el d\u00eda en que el Ej\u00e9rcito y la guerrilla \u201cse encendieron a plomo\u201d en la parcialidad de San Miguel, con una escuela, en pleno horario escolar, en medio de las balas. Tambi\u00e9n el flagelo del que fue v\u00edctima la misma Ana Pastora Belalc\u00e1zar: el secuestro, el 19 de octubre de 2010, cuando era la gobernadora del cabildo.<\/span><\/p>\n<p style=\"text-align: justify;\"><span style=\"font-weight: 400;\">Lo representaron con cadenas y hombres con fusil, que llevaban a pobladores para el monte y luego llamaban a pedir la extorsi\u00f3n. Algunos nunca volvieron, como el esposo de Esperanza Rosero quien corri\u00f3 buscando el dinero que le exigieron y pese a que reuni\u00f3 una parte, a su marido nunca lo soltaron.\u00a0<\/span><\/p>\n<p style=\"text-align: justify;\"><span style=\"font-weight: 400;\">Eso sigue pasando hoy, cinco a\u00f1os despu\u00e9s de la firma de la paz, seg\u00fan las mujeres de Mallama. Incluso, dicen, el secuestro y la extorsi\u00f3n se han recrudecido de la mano del avance del Eln en el territorio. A\u00fan as\u00ed, la comunidad avanza en la construcci\u00f3n de su informe para la JEP, en donde recoger\u00e1n sus afectaciones.<\/span><\/p>\n<p><span style=\"font-weight: 400;\">El texto de referencia fue tomado de: El Espectador<\/span><\/p>\n","protected":false},"excerpt":{"rendered":"<p>El Centro Nacional de Memoria Hist\u00f3rica reuni\u00f3 en Bogot\u00e1 a tres comunidades de v\u00edctimas de Putumayo, Nari\u00f1o y Magdalena. Habitantes de Aracataca, Mallama y Orito, se encontraron en la capital para narrar las afectaciones que paramilitares, guerrillas y Ej\u00e9rcito Nacional causaron en sus territorios, y de esta manera construir el gran mosaico de la memoria [&hellip;]<\/p>\n","protected":false},"author":1,"featured_media":53700,"comment_status":"open","ping_status":"open","sticky":false,"template":"","format":"standard","meta":{"footnotes":""},"categories":[53],"tags":[],"class_list":["post-53699","post","type-post","status-publish","format-standard","has-post-thumbnail","hentry","category-regiones"],"yoast_head":"<!-- This site is optimized with the Yoast SEO plugin v27.1.1 - https:\/\/yoast.com\/product\/yoast-seo-wordpress\/ -->\n<title>V\u00edctimas del municipio de Mallama, construyen memoria en Bogot\u00e1 | P\u00e1gina10<\/title>\n<meta name=\"robots\" content=\"index, follow, max-snippet:-1, max-image-preview:large, max-video-preview:-1\" \/>\n<link rel=\"canonical\" href=\"https:\/\/pagina10.com\/web\/victimas-del-municipio-mallama-construyen-memoria-en-bogota\/\" \/>\n<meta property=\"og:locale\" content=\"es_ES\" \/>\n<meta property=\"og:type\" content=\"article\" \/>\n<meta property=\"og:title\" content=\"V\u00edctimas del municipio de Mallama, construyen memoria en Bogot\u00e1 | P\u00e1gina10\" \/>\n<meta property=\"og:description\" content=\"El Centro Nacional de Memoria Hist\u00f3rica reuni\u00f3 en Bogot\u00e1 a tres comunidades de v\u00edctimas de Putumayo, Nari\u00f1o y Magdalena. Habitantes de Aracataca, Mallama y Orito, se encontraron en la capital para narrar las afectaciones que paramilitares, guerrillas y Ej\u00e9rcito Nacional causaron en sus territorios, y de esta manera construir el gran mosaico de la memoria [&hellip;]\" \/>\n<meta property=\"og:url\" content=\"https:\/\/pagina10.com\/web\/victimas-del-municipio-mallama-construyen-memoria-en-bogota\/\" \/>\n<meta property=\"og:site_name\" content=\"P\u00e1gina10\" \/>\n<meta property=\"article:publisher\" content=\"https:\/\/www.facebook.com\/pag10com\" \/>\n<meta property=\"article:published_time\" content=\"2021-07-03T02:07:22+00:00\" \/>\n<meta property=\"article:modified_time\" content=\"2021-07-03T02:09:01+00:00\" \/>\n<meta property=\"og:image\" content=\"https:\/\/pagina10.com\/web\/wp-content\/uploads\/2021\/07\/7GEWPYBZYZDUVJBEWPDNBTIDOA.jpg\" \/>\n\t<meta property=\"og:image:width\" content=\"657\" \/>\n\t<meta property=\"og:image:height\" content=\"438\" \/>\n\t<meta property=\"og:image:type\" content=\"image\/jpeg\" \/>\n<meta name=\"author\" content=\"P\u00e1gina 10\" \/>\n<meta name=\"twitter:card\" content=\"summary_large_image\" \/>\n<meta name=\"twitter:creator\" content=\"@Pag10com\" \/>\n<meta name=\"twitter:site\" content=\"@Pag10com\" \/>\n<meta name=\"twitter:label1\" content=\"Escrito por\" \/>\n\t<meta name=\"twitter:data1\" content=\"P\u00e1gina 10\" \/>\n\t<meta name=\"twitter:label2\" content=\"Tiempo de lectura\" \/>\n\t<meta name=\"twitter:data2\" content=\"2 minutos\" \/>\n<script type=\"application\/ld+json\" class=\"yoast-schema-graph\">{\"@context\":\"https:\/\/schema.org\",\"@graph\":[{\"@type\":\"Article\",\"@id\":\"https:\/\/pagina10.com\/web\/victimas-del-municipio-mallama-construyen-memoria-en-bogota\/#article\",\"isPartOf\":{\"@id\":\"https:\/\/pagina10.com\/web\/victimas-del-municipio-mallama-construyen-memoria-en-bogota\/\"},\"author\":{\"name\":\"P\u00e1gina 10\",\"@id\":\"https:\/\/pagina10.com\/web\/#\/schema\/person\/2efc4a090d25b667d3bc796798a3a81b\"},\"headline\":\"V\u00edctimas del municipio de Mallama, construyen memoria en Bogot\u00e1\",\"datePublished\":\"2021-07-03T02:07:22+00:00\",\"dateModified\":\"2021-07-03T02:09:01+00:00\",\"mainEntityOfPage\":{\"@id\":\"https:\/\/pagina10.com\/web\/victimas-del-municipio-mallama-construyen-memoria-en-bogota\/\"},\"wordCount\":480,\"commentCount\":0,\"publisher\":{\"@id\":\"https:\/\/pagina10.com\/web\/#organization\"},\"image\":{\"@id\":\"https:\/\/pagina10.com\/web\/victimas-del-municipio-mallama-construyen-memoria-en-bogota\/#primaryimage\"},\"thumbnailUrl\":\"https:\/\/pagina10.com\/web\/wp-content\/uploads\/2021\/07\/7GEWPYBZYZDUVJBEWPDNBTIDOA.jpg\",\"articleSection\":[\"Regiones\"],\"inLanguage\":\"es\",\"potentialAction\":[{\"@type\":\"CommentAction\",\"name\":\"Comment\",\"target\":[\"https:\/\/pagina10.com\/web\/victimas-del-municipio-mallama-construyen-memoria-en-bogota\/#respond\"]}]},{\"@type\":\"WebPage\",\"@id\":\"https:\/\/pagina10.com\/web\/victimas-del-municipio-mallama-construyen-memoria-en-bogota\/\",\"url\":\"https:\/\/pagina10.com\/web\/victimas-del-municipio-mallama-construyen-memoria-en-bogota\/\",\"name\":\"V\u00edctimas del municipio de Mallama, construyen memoria en Bogot\u00e1 | P\u00e1gina10\",\"isPartOf\":{\"@id\":\"https:\/\/pagina10.com\/web\/#website\"},\"primaryImageOfPage\":{\"@id\":\"https:\/\/pagina10.com\/web\/victimas-del-municipio-mallama-construyen-memoria-en-bogota\/#primaryimage\"},\"image\":{\"@id\":\"https:\/\/pagina10.com\/web\/victimas-del-municipio-mallama-construyen-memoria-en-bogota\/#primaryimage\"},\"thumbnailUrl\":\"https:\/\/pagina10.com\/web\/wp-content\/uploads\/2021\/07\/7GEWPYBZYZDUVJBEWPDNBTIDOA.jpg\",\"datePublished\":\"2021-07-03T02:07:22+00:00\",\"dateModified\":\"2021-07-03T02:09:01+00:00\",\"breadcrumb\":{\"@id\":\"https:\/\/pagina10.com\/web\/victimas-del-municipio-mallama-construyen-memoria-en-bogota\/#breadcrumb\"},\"inLanguage\":\"es\",\"potentialAction\":[{\"@type\":\"ReadAction\",\"target\":[\"https:\/\/pagina10.com\/web\/victimas-del-municipio-mallama-construyen-memoria-en-bogota\/\"]}]},{\"@type\":\"ImageObject\",\"inLanguage\":\"es\",\"@id\":\"https:\/\/pagina10.com\/web\/victimas-del-municipio-mallama-construyen-memoria-en-bogota\/#primaryimage\",\"url\":\"https:\/\/pagina10.com\/web\/wp-content\/uploads\/2021\/07\/7GEWPYBZYZDUVJBEWPDNBTIDOA.jpg\",\"contentUrl\":\"https:\/\/pagina10.com\/web\/wp-content\/uploads\/2021\/07\/7GEWPYBZYZDUVJBEWPDNBTIDOA.jpg\",\"width\":657,\"height\":438,\"caption\":\"Tomada de: El Espectador, Colombia 2020\"},{\"@type\":\"BreadcrumbList\",\"@id\":\"https:\/\/pagina10.com\/web\/victimas-del-municipio-mallama-construyen-memoria-en-bogota\/#breadcrumb\",\"itemListElement\":[{\"@type\":\"ListItem\",\"position\":1,\"name\":\"Portada\",\"item\":\"https:\/\/pagina10.com\/web\/\"},{\"@type\":\"ListItem\",\"position\":2,\"name\":\"V\u00edctimas del municipio de Mallama, construyen memoria en Bogot\u00e1\"}]},{\"@type\":\"WebSite\",\"@id\":\"https:\/\/pagina10.com\/web\/#website\",\"url\":\"https:\/\/pagina10.com\/web\/\",\"name\":\"P\u00e1gina10\",\"description\":\"Peri\u00f3dico Regional\",\"publisher\":{\"@id\":\"https:\/\/pagina10.com\/web\/#organization\"},\"alternateName\":\"P\u00e1gina10 Peri\u00f3dico Regional\",\"potentialAction\":[{\"@type\":\"SearchAction\",\"target\":{\"@type\":\"EntryPoint\",\"urlTemplate\":\"https:\/\/pagina10.com\/web\/?s={search_term_string}\"},\"query-input\":{\"@type\":\"PropertyValueSpecification\",\"valueRequired\":true,\"valueName\":\"search_term_string\"}}],\"inLanguage\":\"es\"},{\"@type\":\"Organization\",\"@id\":\"https:\/\/pagina10.com\/web\/#organization\",\"name\":\"P\u00e1gina10\",\"alternateName\":\"P\u00e1gina10 Peri\u00f3dico Regional\",\"url\":\"https:\/\/pagina10.com\/web\/\",\"logo\":{\"@type\":\"ImageObject\",\"inLanguage\":\"es\",\"@id\":\"https:\/\/pagina10.com\/web\/#\/schema\/logo\/image\/\",\"url\":\"https:\/\/pagina10.com\/web\/wp-content\/uploads\/2024\/01\/40-pagina-10-periodico-regional-pasto.jpg\",\"contentUrl\":\"https:\/\/pagina10.com\/web\/wp-content\/uploads\/2024\/01\/40-pagina-10-periodico-regional-pasto.jpg\",\"width\":1280,\"height\":720,\"caption\":\"P\u00e1gina10\"},\"image\":{\"@id\":\"https:\/\/pagina10.com\/web\/#\/schema\/logo\/image\/\"},\"sameAs\":[\"https:\/\/www.facebook.com\/pag10com\",\"https:\/\/x.com\/Pag10com\",\"https:\/\/www.instagram.com\/pagina10col\/\",\"https:\/\/youtube.com\/channel\/pag10\",\"https:\/\/www.tiktok.com\/@p10col\"]},{\"@type\":\"Person\",\"@id\":\"https:\/\/pagina10.com\/web\/#\/schema\/person\/2efc4a090d25b667d3bc796798a3a81b\",\"name\":\"P\u00e1gina 10\",\"description\":\"P\u00e1gina 10 es un peri\u00f3dico regional que nace en Colombia, en el departamento de Nari\u00f1o, con un enfoque global, fundamentado en cuatro pilares esenciales: la libertad, el pluralismo, la inclusi\u00f3n y la independencia. P\u00e1gina 10 hace referencia a Nari\u00f1o como el d\u00e9cimo departamento creado en Colombia, despu\u00e9s de un proceso pol\u00edtico liderado por actores y actrices regionales con el fin de obtener la independencia y autonom\u00eda de nuestros territorios. Con la creaci\u00f3n de P\u00e1gina 10 se pretende abrir un escenario para el dialogo, la reflexi\u00f3n y el debate que se extienda a otras geograf\u00edas de Am\u00e9rica Latina y del planeta, en una apuesta por transformar colectivamente los desaf\u00edos de un mundo contempor\u00e1neo, m\u00e1s all\u00e1 de las fronteras impuestas.\",\"url\":\"https:\/\/pagina10.com\/web\/author\/pdiezadmin\/\"}]}<\/script>\n<!-- \/ Yoast SEO plugin. -->","yoast_head_json":{"title":"V\u00edctimas del municipio de Mallama, construyen memoria en Bogot\u00e1 | P\u00e1gina10","robots":{"index":"index","follow":"follow","max-snippet":"max-snippet:-1","max-image-preview":"max-image-preview:large","max-video-preview":"max-video-preview:-1"},"canonical":"https:\/\/pagina10.com\/web\/victimas-del-municipio-mallama-construyen-memoria-en-bogota\/","og_locale":"es_ES","og_type":"article","og_title":"V\u00edctimas del municipio de Mallama, construyen memoria en Bogot\u00e1 | P\u00e1gina10","og_description":"El Centro Nacional de Memoria Hist\u00f3rica reuni\u00f3 en Bogot\u00e1 a tres comunidades de v\u00edctimas de Putumayo, Nari\u00f1o y Magdalena. Habitantes de Aracataca, Mallama y Orito, se encontraron en la capital para narrar las afectaciones que paramilitares, guerrillas y Ej\u00e9rcito Nacional causaron en sus territorios, y de esta manera construir el gran mosaico de la memoria [&hellip;]","og_url":"https:\/\/pagina10.com\/web\/victimas-del-municipio-mallama-construyen-memoria-en-bogota\/","og_site_name":"P\u00e1gina10","article_publisher":"https:\/\/www.facebook.com\/pag10com","article_published_time":"2021-07-03T02:07:22+00:00","article_modified_time":"2021-07-03T02:09:01+00:00","og_image":[{"width":657,"height":438,"url":"https:\/\/pagina10.com\/web\/wp-content\/uploads\/2021\/07\/7GEWPYBZYZDUVJBEWPDNBTIDOA.jpg","type":"image\/jpeg"}],"author":"P\u00e1gina 10","twitter_card":"summary_large_image","twitter_creator":"@Pag10com","twitter_site":"@Pag10com","twitter_misc":{"Escrito por":"P\u00e1gina 10","Tiempo de lectura":"2 minutos"},"schema":{"@context":"https:\/\/schema.org","@graph":[{"@type":"Article","@id":"https:\/\/pagina10.com\/web\/victimas-del-municipio-mallama-construyen-memoria-en-bogota\/#article","isPartOf":{"@id":"https:\/\/pagina10.com\/web\/victimas-del-municipio-mallama-construyen-memoria-en-bogota\/"},"author":{"name":"P\u00e1gina 10","@id":"https:\/\/pagina10.com\/web\/#\/schema\/person\/2efc4a090d25b667d3bc796798a3a81b"},"headline":"V\u00edctimas del municipio de Mallama, construyen memoria en Bogot\u00e1","datePublished":"2021-07-03T02:07:22+00:00","dateModified":"2021-07-03T02:09:01+00:00","mainEntityOfPage":{"@id":"https:\/\/pagina10.com\/web\/victimas-del-municipio-mallama-construyen-memoria-en-bogota\/"},"wordCount":480,"commentCount":0,"publisher":{"@id":"https:\/\/pagina10.com\/web\/#organization"},"image":{"@id":"https:\/\/pagina10.com\/web\/victimas-del-municipio-mallama-construyen-memoria-en-bogota\/#primaryimage"},"thumbnailUrl":"https:\/\/pagina10.com\/web\/wp-content\/uploads\/2021\/07\/7GEWPYBZYZDUVJBEWPDNBTIDOA.jpg","articleSection":["Regiones"],"inLanguage":"es","potentialAction":[{"@type":"CommentAction","name":"Comment","target":["https:\/\/pagina10.com\/web\/victimas-del-municipio-mallama-construyen-memoria-en-bogota\/#respond"]}]},{"@type":"WebPage","@id":"https:\/\/pagina10.com\/web\/victimas-del-municipio-mallama-construyen-memoria-en-bogota\/","url":"https:\/\/pagina10.com\/web\/victimas-del-municipio-mallama-construyen-memoria-en-bogota\/","name":"V\u00edctimas del municipio de Mallama, construyen memoria en Bogot\u00e1 | P\u00e1gina10","isPartOf":{"@id":"https:\/\/pagina10.com\/web\/#website"},"primaryImageOfPage":{"@id":"https:\/\/pagina10.com\/web\/victimas-del-municipio-mallama-construyen-memoria-en-bogota\/#primaryimage"},"image":{"@id":"https:\/\/pagina10.com\/web\/victimas-del-municipio-mallama-construyen-memoria-en-bogota\/#primaryimage"},"thumbnailUrl":"https:\/\/pagina10.com\/web\/wp-content\/uploads\/2021\/07\/7GEWPYBZYZDUVJBEWPDNBTIDOA.jpg","datePublished":"2021-07-03T02:07:22+00:00","dateModified":"2021-07-03T02:09:01+00:00","breadcrumb":{"@id":"https:\/\/pagina10.com\/web\/victimas-del-municipio-mallama-construyen-memoria-en-bogota\/#breadcrumb"},"inLanguage":"es","potentialAction":[{"@type":"ReadAction","target":["https:\/\/pagina10.com\/web\/victimas-del-municipio-mallama-construyen-memoria-en-bogota\/"]}]},{"@type":"ImageObject","inLanguage":"es","@id":"https:\/\/pagina10.com\/web\/victimas-del-municipio-mallama-construyen-memoria-en-bogota\/#primaryimage","url":"https:\/\/pagina10.com\/web\/wp-content\/uploads\/2021\/07\/7GEWPYBZYZDUVJBEWPDNBTIDOA.jpg","contentUrl":"https:\/\/pagina10.com\/web\/wp-content\/uploads\/2021\/07\/7GEWPYBZYZDUVJBEWPDNBTIDOA.jpg","width":657,"height":438,"caption":"Tomada de: El Espectador, Colombia 2020"},{"@type":"BreadcrumbList","@id":"https:\/\/pagina10.com\/web\/victimas-del-municipio-mallama-construyen-memoria-en-bogota\/#breadcrumb","itemListElement":[{"@type":"ListItem","position":1,"name":"Portada","item":"https:\/\/pagina10.com\/web\/"},{"@type":"ListItem","position":2,"name":"V\u00edctimas del municipio de Mallama, construyen memoria en Bogot\u00e1"}]},{"@type":"WebSite","@id":"https:\/\/pagina10.com\/web\/#website","url":"https:\/\/pagina10.com\/web\/","name":"P\u00e1gina10","description":"Peri\u00f3dico Regional","publisher":{"@id":"https:\/\/pagina10.com\/web\/#organization"},"alternateName":"P\u00e1gina10 Peri\u00f3dico Regional","potentialAction":[{"@type":"SearchAction","target":{"@type":"EntryPoint","urlTemplate":"https:\/\/pagina10.com\/web\/?s={search_term_string}"},"query-input":{"@type":"PropertyValueSpecification","valueRequired":true,"valueName":"search_term_string"}}],"inLanguage":"es"},{"@type":"Organization","@id":"https:\/\/pagina10.com\/web\/#organization","name":"P\u00e1gina10","alternateName":"P\u00e1gina10 Peri\u00f3dico Regional","url":"https:\/\/pagina10.com\/web\/","logo":{"@type":"ImageObject","inLanguage":"es","@id":"https:\/\/pagina10.com\/web\/#\/schema\/logo\/image\/","url":"https:\/\/pagina10.com\/web\/wp-content\/uploads\/2024\/01\/40-pagina-10-periodico-regional-pasto.jpg","contentUrl":"https:\/\/pagina10.com\/web\/wp-content\/uploads\/2024\/01\/40-pagina-10-periodico-regional-pasto.jpg","width":1280,"height":720,"caption":"P\u00e1gina10"},"image":{"@id":"https:\/\/pagina10.com\/web\/#\/schema\/logo\/image\/"},"sameAs":["https:\/\/www.facebook.com\/pag10com","https:\/\/x.com\/Pag10com","https:\/\/www.instagram.com\/pagina10col\/","https:\/\/youtube.com\/channel\/pag10","https:\/\/www.tiktok.com\/@p10col"]},{"@type":"Person","@id":"https:\/\/pagina10.com\/web\/#\/schema\/person\/2efc4a090d25b667d3bc796798a3a81b","name":"P\u00e1gina 10","description":"P\u00e1gina 10 es un peri\u00f3dico regional que nace en Colombia, en el departamento de Nari\u00f1o, con un enfoque global, fundamentado en cuatro pilares esenciales: la libertad, el pluralismo, la inclusi\u00f3n y la independencia. P\u00e1gina 10 hace referencia a Nari\u00f1o como el d\u00e9cimo departamento creado en Colombia, despu\u00e9s de un proceso pol\u00edtico liderado por actores y actrices regionales con el fin de obtener la independencia y autonom\u00eda de nuestros territorios. Con la creaci\u00f3n de P\u00e1gina 10 se pretende abrir un escenario para el dialogo, la reflexi\u00f3n y el debate que se extienda a otras geograf\u00edas de Am\u00e9rica Latina y del planeta, en una apuesta por transformar colectivamente los desaf\u00edos de un mundo contempor\u00e1neo, m\u00e1s all\u00e1 de las fronteras impuestas.","url":"https:\/\/pagina10.com\/web\/author\/pdiezadmin\/"}]}},"_links":{"self":[{"href":"https:\/\/pagina10.com\/web\/wp-json\/wp\/v2\/posts\/53699","targetHints":{"allow":["GET"]}}],"collection":[{"href":"https:\/\/pagina10.com\/web\/wp-json\/wp\/v2\/posts"}],"about":[{"href":"https:\/\/pagina10.com\/web\/wp-json\/wp\/v2\/types\/post"}],"author":[{"embeddable":true,"href":"https:\/\/pagina10.com\/web\/wp-json\/wp\/v2\/users\/1"}],"replies":[{"embeddable":true,"href":"https:\/\/pagina10.com\/web\/wp-json\/wp\/v2\/comments?post=53699"}],"version-history":[{"count":2,"href":"https:\/\/pagina10.com\/web\/wp-json\/wp\/v2\/posts\/53699\/revisions"}],"predecessor-version":[{"id":53705,"href":"https:\/\/pagina10.com\/web\/wp-json\/wp\/v2\/posts\/53699\/revisions\/53705"}],"wp:featuredmedia":[{"embeddable":true,"href":"https:\/\/pagina10.com\/web\/wp-json\/wp\/v2\/media\/53700"}],"wp:attachment":[{"href":"https:\/\/pagina10.com\/web\/wp-json\/wp\/v2\/media?parent=53699"}],"wp:term":[{"taxonomy":"category","embeddable":true,"href":"https:\/\/pagina10.com\/web\/wp-json\/wp\/v2\/categories?post=53699"},{"taxonomy":"post_tag","embeddable":true,"href":"https:\/\/pagina10.com\/web\/wp-json\/wp\/v2\/tags?post=53699"}],"curies":[{"name":"wp","href":"https:\/\/api.w.org\/{rel}","templated":true}]}}