{"id":53744,"date":"2021-07-03T18:15:49","date_gmt":"2021-07-03T23:15:49","guid":{"rendered":"https:\/\/pagina10.com\/web\/?p=53744"},"modified":"2021-07-03T18:15:49","modified_gmt":"2021-07-03T23:15:49","slug":"gobernacion-de-narino-continua-fortaleciendo-atencion-en-salud","status":"publish","type":"post","link":"https:\/\/pagina10.com\/web\/gobernacion-de-narino-continua-fortaleciendo-atencion-en-salud\/","title":{"rendered":"Gobernaci\u00f3n de Nari\u00f1o contin\u00faa fortaleciendo atenci\u00f3n en salud"},"content":{"rendered":"<p style=\"text-align: justify;\">Con el objetivo de mejorar la atenci\u00f3n en salud y proteger la vida de los nari\u00f1enses que viven en zona rural de dif\u00edcil acceso del Departamento, el Gobernador de Nari\u00f1o, Jhon Rojas, junto al Instituto Departamental de Salud de Nari\u00f1o -IDSN gestion\u00f3 realizaron entrega de ambulancias en los municipios de Samaniego, La Llanada y Los Andes Sotomayor.<\/p>\n<p>Este proyecto gestionado en la presente Administraci\u00f3n Departamental contempla la entrega de 54 ambulancias en total y es financiado con recursos del Sistema General de Regal\u00edas de Nari\u00f1o, para iniciativas de Ciencia y Tecnolog\u00eda ya que el Gobierno Nacional autoriz\u00f3 presentarlas en medio de la pandemia para apoyar el sector de la salud. \u201cAdicionalmente estamos trabajando por un plan de vacunaci\u00f3n masiva para el departamento de Nari\u00f1o para tener la oportunidad de una apertura de frontera en nuestro Departamento\u201d, indic\u00f3 el Gobernador de Nari\u00f1o, Jhon Rojas.<\/p>\n<p>El personal de la salud y mandatarios municipales agradecieron estas entregas ya que fortalece la calidad de la atenci\u00f3n para las comunidades de estos municipios y que llegan en un momento muy oportuno para poder enfrentar la emergencia causada por el COVID-19.<\/p>\n","protected":false},"excerpt":{"rendered":"<p>Con el objetivo de mejorar la atenci\u00f3n en salud y proteger la vida de los nari\u00f1enses que viven en zona rural de dif\u00edcil acceso del Departamento, el Gobernador de Nari\u00f1o, Jhon Rojas, junto al Instituto Departamental de Salud de Nari\u00f1o -IDSN gestion\u00f3 realizaron entrega de ambulancias en los municipios de Samaniego, La Llanada y Los [&hellip;]<\/p>\n","protected":false},"author":1,"featured_media":53745,"comment_status":"open","ping_status":"open","sticky":false,"template":"","format":"standard","meta":{"footnotes":""},"categories":[53],"tags":[],"class_list":["post-53744","post","type-post","status-publish","format-standard","has-post-thumbnail","hentry","category-regiones"],"yoast_head":"<!-- This site is optimized with the Yoast SEO plugin v27.1.1 - https:\/\/yoast.com\/product\/yoast-seo-wordpress\/ -->\n<title>Gobernaci\u00f3n de Nari\u00f1o contin\u00faa fortaleciendo atenci\u00f3n en salud | P\u00e1gina10<\/title>\n<meta name=\"robots\" content=\"index, follow, max-snippet:-1, max-image-preview:large, max-video-preview:-1\" \/>\n<link rel=\"canonical\" href=\"https:\/\/pagina10.com\/web\/gobernacion-de-narino-continua-fortaleciendo-atencion-en-salud\/\" \/>\n<meta property=\"og:locale\" content=\"es_ES\" \/>\n<meta property=\"og:type\" content=\"article\" \/>\n<meta property=\"og:title\" content=\"Gobernaci\u00f3n de Nari\u00f1o contin\u00faa fortaleciendo atenci\u00f3n en salud | P\u00e1gina10\" \/>\n<meta property=\"og:description\" content=\"Con el objetivo de mejorar la atenci\u00f3n en salud y proteger la vida de los nari\u00f1enses que viven en zona rural de dif\u00edcil acceso del Departamento, el Gobernador de Nari\u00f1o, Jhon Rojas, junto al Instituto Departamental de Salud de Nari\u00f1o -IDSN gestion\u00f3 realizaron entrega de ambulancias en los municipios de Samaniego, La Llanada y Los [&hellip;]\" \/>\n<meta property=\"og:url\" content=\"https:\/\/pagina10.com\/web\/gobernacion-de-narino-continua-fortaleciendo-atencion-en-salud\/\" \/>\n<meta property=\"og:site_name\" content=\"P\u00e1gina10\" \/>\n<meta property=\"article:publisher\" content=\"https:\/\/www.facebook.com\/pag10com\" \/>\n<meta property=\"article:published_time\" content=\"2021-07-03T23:15:49+00:00\" \/>\n<meta property=\"og:image\" content=\"https:\/\/pagina10.com\/web\/wp-content\/uploads\/2021\/07\/Captura-de-Pantalla-2021-07-03-a-las-6.12.10-p.-m..png\" \/>\n\t<meta property=\"og:image:width\" content=\"474\" \/>\n\t<meta property=\"og:image:height\" content=\"267\" \/>\n\t<meta property=\"og:image:type\" content=\"image\/png\" \/>\n<meta name=\"author\" content=\"P\u00e1gina 10\" \/>\n<meta name=\"twitter:card\" content=\"summary_large_image\" \/>\n<meta name=\"twitter:creator\" content=\"@Pag10com\" \/>\n<meta name=\"twitter:site\" content=\"@Pag10com\" \/>\n<meta name=\"twitter:label1\" content=\"Escrito por\" \/>\n\t<meta name=\"twitter:data1\" content=\"P\u00e1gina 10\" \/>\n\t<meta name=\"twitter:label2\" content=\"Tiempo de lectura\" \/>\n\t<meta name=\"twitter:data2\" content=\"1 minuto\" \/>\n<script type=\"application\/ld+json\" class=\"yoast-schema-graph\">{\"@context\":\"https:\/\/schema.org\",\"@graph\":[{\"@type\":\"Article\",\"@id\":\"https:\/\/pagina10.com\/web\/gobernacion-de-narino-continua-fortaleciendo-atencion-en-salud\/#article\",\"isPartOf\":{\"@id\":\"https:\/\/pagina10.com\/web\/gobernacion-de-narino-continua-fortaleciendo-atencion-en-salud\/\"},\"author\":{\"name\":\"P\u00e1gina 10\",\"@id\":\"https:\/\/pagina10.com\/web\/#\/schema\/person\/2efc4a090d25b667d3bc796798a3a81b\"},\"headline\":\"Gobernaci\u00f3n de Nari\u00f1o contin\u00faa fortaleciendo atenci\u00f3n en salud\",\"datePublished\":\"2021-07-03T23:15:49+00:00\",\"mainEntityOfPage\":{\"@id\":\"https:\/\/pagina10.com\/web\/gobernacion-de-narino-continua-fortaleciendo-atencion-en-salud\/\"},\"wordCount\":209,\"commentCount\":0,\"publisher\":{\"@id\":\"https:\/\/pagina10.com\/web\/#organization\"},\"image\":{\"@id\":\"https:\/\/pagina10.com\/web\/gobernacion-de-narino-continua-fortaleciendo-atencion-en-salud\/#primaryimage\"},\"thumbnailUrl\":\"https:\/\/pagina10.com\/web\/wp-content\/uploads\/2021\/07\/Captura-de-Pantalla-2021-07-03-a-las-6.12.10-p.-m..png\",\"articleSection\":[\"Regiones\"],\"inLanguage\":\"es\",\"potentialAction\":[{\"@type\":\"CommentAction\",\"name\":\"Comment\",\"target\":[\"https:\/\/pagina10.com\/web\/gobernacion-de-narino-continua-fortaleciendo-atencion-en-salud\/#respond\"]}]},{\"@type\":\"WebPage\",\"@id\":\"https:\/\/pagina10.com\/web\/gobernacion-de-narino-continua-fortaleciendo-atencion-en-salud\/\",\"url\":\"https:\/\/pagina10.com\/web\/gobernacion-de-narino-continua-fortaleciendo-atencion-en-salud\/\",\"name\":\"Gobernaci\u00f3n de Nari\u00f1o contin\u00faa fortaleciendo atenci\u00f3n en salud | P\u00e1gina10\",\"isPartOf\":{\"@id\":\"https:\/\/pagina10.com\/web\/#website\"},\"primaryImageOfPage\":{\"@id\":\"https:\/\/pagina10.com\/web\/gobernacion-de-narino-continua-fortaleciendo-atencion-en-salud\/#primaryimage\"},\"image\":{\"@id\":\"https:\/\/pagina10.com\/web\/gobernacion-de-narino-continua-fortaleciendo-atencion-en-salud\/#primaryimage\"},\"thumbnailUrl\":\"https:\/\/pagina10.com\/web\/wp-content\/uploads\/2021\/07\/Captura-de-Pantalla-2021-07-03-a-las-6.12.10-p.-m..png\",\"datePublished\":\"2021-07-03T23:15:49+00:00\",\"breadcrumb\":{\"@id\":\"https:\/\/pagina10.com\/web\/gobernacion-de-narino-continua-fortaleciendo-atencion-en-salud\/#breadcrumb\"},\"inLanguage\":\"es\",\"potentialAction\":[{\"@type\":\"ReadAction\",\"target\":[\"https:\/\/pagina10.com\/web\/gobernacion-de-narino-continua-fortaleciendo-atencion-en-salud\/\"]}]},{\"@type\":\"ImageObject\",\"inLanguage\":\"es\",\"@id\":\"https:\/\/pagina10.com\/web\/gobernacion-de-narino-continua-fortaleciendo-atencion-en-salud\/#primaryimage\",\"url\":\"https:\/\/pagina10.com\/web\/wp-content\/uploads\/2021\/07\/Captura-de-Pantalla-2021-07-03-a-las-6.12.10-p.-m..png\",\"contentUrl\":\"https:\/\/pagina10.com\/web\/wp-content\/uploads\/2021\/07\/Captura-de-Pantalla-2021-07-03-a-las-6.12.10-p.-m..png\",\"width\":474,\"height\":267},{\"@type\":\"BreadcrumbList\",\"@id\":\"https:\/\/pagina10.com\/web\/gobernacion-de-narino-continua-fortaleciendo-atencion-en-salud\/#breadcrumb\",\"itemListElement\":[{\"@type\":\"ListItem\",\"position\":1,\"name\":\"Portada\",\"item\":\"https:\/\/pagina10.com\/web\/\"},{\"@type\":\"ListItem\",\"position\":2,\"name\":\"Gobernaci\u00f3n de Nari\u00f1o contin\u00faa fortaleciendo atenci\u00f3n en salud\"}]},{\"@type\":\"WebSite\",\"@id\":\"https:\/\/pagina10.com\/web\/#website\",\"url\":\"https:\/\/pagina10.com\/web\/\",\"name\":\"P\u00e1gina10\",\"description\":\"Peri\u00f3dico Regional\",\"publisher\":{\"@id\":\"https:\/\/pagina10.com\/web\/#organization\"},\"alternateName\":\"P\u00e1gina10 Peri\u00f3dico Regional\",\"potentialAction\":[{\"@type\":\"SearchAction\",\"target\":{\"@type\":\"EntryPoint\",\"urlTemplate\":\"https:\/\/pagina10.com\/web\/?s={search_term_string}\"},\"query-input\":{\"@type\":\"PropertyValueSpecification\",\"valueRequired\":true,\"valueName\":\"search_term_string\"}}],\"inLanguage\":\"es\"},{\"@type\":\"Organization\",\"@id\":\"https:\/\/pagina10.com\/web\/#organization\",\"name\":\"P\u00e1gina10\",\"alternateName\":\"P\u00e1gina10 Peri\u00f3dico Regional\",\"url\":\"https:\/\/pagina10.com\/web\/\",\"logo\":{\"@type\":\"ImageObject\",\"inLanguage\":\"es\",\"@id\":\"https:\/\/pagina10.com\/web\/#\/schema\/logo\/image\/\",\"url\":\"https:\/\/pagina10.com\/web\/wp-content\/uploads\/2024\/01\/40-pagina-10-periodico-regional-pasto.jpg\",\"contentUrl\":\"https:\/\/pagina10.com\/web\/wp-content\/uploads\/2024\/01\/40-pagina-10-periodico-regional-pasto.jpg\",\"width\":1280,\"height\":720,\"caption\":\"P\u00e1gina10\"},\"image\":{\"@id\":\"https:\/\/pagina10.com\/web\/#\/schema\/logo\/image\/\"},\"sameAs\":[\"https:\/\/www.facebook.com\/pag10com\",\"https:\/\/x.com\/Pag10com\",\"https:\/\/www.instagram.com\/pagina10col\/\",\"https:\/\/youtube.com\/channel\/pag10\",\"https:\/\/www.tiktok.com\/@p10col\"]},{\"@type\":\"Person\",\"@id\":\"https:\/\/pagina10.com\/web\/#\/schema\/person\/2efc4a090d25b667d3bc796798a3a81b\",\"name\":\"P\u00e1gina 10\",\"description\":\"P\u00e1gina 10 es un peri\u00f3dico regional que nace en Colombia, en el departamento de Nari\u00f1o, con un enfoque global, fundamentado en cuatro pilares esenciales: la libertad, el pluralismo, la inclusi\u00f3n y la independencia. P\u00e1gina 10 hace referencia a Nari\u00f1o como el d\u00e9cimo departamento creado en Colombia, despu\u00e9s de un proceso pol\u00edtico liderado por actores y actrices regionales con el fin de obtener la independencia y autonom\u00eda de nuestros territorios. Con la creaci\u00f3n de P\u00e1gina 10 se pretende abrir un escenario para el dialogo, la reflexi\u00f3n y el debate que se extienda a otras geograf\u00edas de Am\u00e9rica Latina y del planeta, en una apuesta por transformar colectivamente los desaf\u00edos de un mundo contempor\u00e1neo, m\u00e1s all\u00e1 de las fronteras impuestas.\",\"url\":\"https:\/\/pagina10.com\/web\/author\/pdiezadmin\/\"}]}<\/script>\n<!-- \/ Yoast SEO plugin. -->","yoast_head_json":{"title":"Gobernaci\u00f3n de Nari\u00f1o contin\u00faa fortaleciendo atenci\u00f3n en salud | P\u00e1gina10","robots":{"index":"index","follow":"follow","max-snippet":"max-snippet:-1","max-image-preview":"max-image-preview:large","max-video-preview":"max-video-preview:-1"},"canonical":"https:\/\/pagina10.com\/web\/gobernacion-de-narino-continua-fortaleciendo-atencion-en-salud\/","og_locale":"es_ES","og_type":"article","og_title":"Gobernaci\u00f3n de Nari\u00f1o contin\u00faa fortaleciendo atenci\u00f3n en salud | P\u00e1gina10","og_description":"Con el objetivo de mejorar la atenci\u00f3n en salud y proteger la vida de los nari\u00f1enses que viven en zona rural de dif\u00edcil acceso del Departamento, el Gobernador de Nari\u00f1o, Jhon Rojas, junto al Instituto Departamental de Salud de Nari\u00f1o -IDSN gestion\u00f3 realizaron entrega de ambulancias en los municipios de Samaniego, La Llanada y Los [&hellip;]","og_url":"https:\/\/pagina10.com\/web\/gobernacion-de-narino-continua-fortaleciendo-atencion-en-salud\/","og_site_name":"P\u00e1gina10","article_publisher":"https:\/\/www.facebook.com\/pag10com","article_published_time":"2021-07-03T23:15:49+00:00","og_image":[{"width":474,"height":267,"url":"https:\/\/pagina10.com\/web\/wp-content\/uploads\/2021\/07\/Captura-de-Pantalla-2021-07-03-a-las-6.12.10-p.-m..png","type":"image\/png"}],"author":"P\u00e1gina 10","twitter_card":"summary_large_image","twitter_creator":"@Pag10com","twitter_site":"@Pag10com","twitter_misc":{"Escrito por":"P\u00e1gina 10","Tiempo de lectura":"1 minuto"},"schema":{"@context":"https:\/\/schema.org","@graph":[{"@type":"Article","@id":"https:\/\/pagina10.com\/web\/gobernacion-de-narino-continua-fortaleciendo-atencion-en-salud\/#article","isPartOf":{"@id":"https:\/\/pagina10.com\/web\/gobernacion-de-narino-continua-fortaleciendo-atencion-en-salud\/"},"author":{"name":"P\u00e1gina 10","@id":"https:\/\/pagina10.com\/web\/#\/schema\/person\/2efc4a090d25b667d3bc796798a3a81b"},"headline":"Gobernaci\u00f3n de Nari\u00f1o contin\u00faa fortaleciendo atenci\u00f3n en salud","datePublished":"2021-07-03T23:15:49+00:00","mainEntityOfPage":{"@id":"https:\/\/pagina10.com\/web\/gobernacion-de-narino-continua-fortaleciendo-atencion-en-salud\/"},"wordCount":209,"commentCount":0,"publisher":{"@id":"https:\/\/pagina10.com\/web\/#organization"},"image":{"@id":"https:\/\/pagina10.com\/web\/gobernacion-de-narino-continua-fortaleciendo-atencion-en-salud\/#primaryimage"},"thumbnailUrl":"https:\/\/pagina10.com\/web\/wp-content\/uploads\/2021\/07\/Captura-de-Pantalla-2021-07-03-a-las-6.12.10-p.-m..png","articleSection":["Regiones"],"inLanguage":"es","potentialAction":[{"@type":"CommentAction","name":"Comment","target":["https:\/\/pagina10.com\/web\/gobernacion-de-narino-continua-fortaleciendo-atencion-en-salud\/#respond"]}]},{"@type":"WebPage","@id":"https:\/\/pagina10.com\/web\/gobernacion-de-narino-continua-fortaleciendo-atencion-en-salud\/","url":"https:\/\/pagina10.com\/web\/gobernacion-de-narino-continua-fortaleciendo-atencion-en-salud\/","name":"Gobernaci\u00f3n de Nari\u00f1o contin\u00faa fortaleciendo atenci\u00f3n en salud | P\u00e1gina10","isPartOf":{"@id":"https:\/\/pagina10.com\/web\/#website"},"primaryImageOfPage":{"@id":"https:\/\/pagina10.com\/web\/gobernacion-de-narino-continua-fortaleciendo-atencion-en-salud\/#primaryimage"},"image":{"@id":"https:\/\/pagina10.com\/web\/gobernacion-de-narino-continua-fortaleciendo-atencion-en-salud\/#primaryimage"},"thumbnailUrl":"https:\/\/pagina10.com\/web\/wp-content\/uploads\/2021\/07\/Captura-de-Pantalla-2021-07-03-a-las-6.12.10-p.-m..png","datePublished":"2021-07-03T23:15:49+00:00","breadcrumb":{"@id":"https:\/\/pagina10.com\/web\/gobernacion-de-narino-continua-fortaleciendo-atencion-en-salud\/#breadcrumb"},"inLanguage":"es","potentialAction":[{"@type":"ReadAction","target":["https:\/\/pagina10.com\/web\/gobernacion-de-narino-continua-fortaleciendo-atencion-en-salud\/"]}]},{"@type":"ImageObject","inLanguage":"es","@id":"https:\/\/pagina10.com\/web\/gobernacion-de-narino-continua-fortaleciendo-atencion-en-salud\/#primaryimage","url":"https:\/\/pagina10.com\/web\/wp-content\/uploads\/2021\/07\/Captura-de-Pantalla-2021-07-03-a-las-6.12.10-p.-m..png","contentUrl":"https:\/\/pagina10.com\/web\/wp-content\/uploads\/2021\/07\/Captura-de-Pantalla-2021-07-03-a-las-6.12.10-p.-m..png","width":474,"height":267},{"@type":"BreadcrumbList","@id":"https:\/\/pagina10.com\/web\/gobernacion-de-narino-continua-fortaleciendo-atencion-en-salud\/#breadcrumb","itemListElement":[{"@type":"ListItem","position":1,"name":"Portada","item":"https:\/\/pagina10.com\/web\/"},{"@type":"ListItem","position":2,"name":"Gobernaci\u00f3n de Nari\u00f1o contin\u00faa fortaleciendo atenci\u00f3n en salud"}]},{"@type":"WebSite","@id":"https:\/\/pagina10.com\/web\/#website","url":"https:\/\/pagina10.com\/web\/","name":"P\u00e1gina10","description":"Peri\u00f3dico Regional","publisher":{"@id":"https:\/\/pagina10.com\/web\/#organization"},"alternateName":"P\u00e1gina10 Peri\u00f3dico Regional","potentialAction":[{"@type":"SearchAction","target":{"@type":"EntryPoint","urlTemplate":"https:\/\/pagina10.com\/web\/?s={search_term_string}"},"query-input":{"@type":"PropertyValueSpecification","valueRequired":true,"valueName":"search_term_string"}}],"inLanguage":"es"},{"@type":"Organization","@id":"https:\/\/pagina10.com\/web\/#organization","name":"P\u00e1gina10","alternateName":"P\u00e1gina10 Peri\u00f3dico Regional","url":"https:\/\/pagina10.com\/web\/","logo":{"@type":"ImageObject","inLanguage":"es","@id":"https:\/\/pagina10.com\/web\/#\/schema\/logo\/image\/","url":"https:\/\/pagina10.com\/web\/wp-content\/uploads\/2024\/01\/40-pagina-10-periodico-regional-pasto.jpg","contentUrl":"https:\/\/pagina10.com\/web\/wp-content\/uploads\/2024\/01\/40-pagina-10-periodico-regional-pasto.jpg","width":1280,"height":720,"caption":"P\u00e1gina10"},"image":{"@id":"https:\/\/pagina10.com\/web\/#\/schema\/logo\/image\/"},"sameAs":["https:\/\/www.facebook.com\/pag10com","https:\/\/x.com\/Pag10com","https:\/\/www.instagram.com\/pagina10col\/","https:\/\/youtube.com\/channel\/pag10","https:\/\/www.tiktok.com\/@p10col"]},{"@type":"Person","@id":"https:\/\/pagina10.com\/web\/#\/schema\/person\/2efc4a090d25b667d3bc796798a3a81b","name":"P\u00e1gina 10","description":"P\u00e1gina 10 es un peri\u00f3dico regional que nace en Colombia, en el departamento de Nari\u00f1o, con un enfoque global, fundamentado en cuatro pilares esenciales: la libertad, el pluralismo, la inclusi\u00f3n y la independencia. P\u00e1gina 10 hace referencia a Nari\u00f1o como el d\u00e9cimo departamento creado en Colombia, despu\u00e9s de un proceso pol\u00edtico liderado por actores y actrices regionales con el fin de obtener la independencia y autonom\u00eda de nuestros territorios. Con la creaci\u00f3n de P\u00e1gina 10 se pretende abrir un escenario para el dialogo, la reflexi\u00f3n y el debate que se extienda a otras geograf\u00edas de Am\u00e9rica Latina y del planeta, en una apuesta por transformar colectivamente los desaf\u00edos de un mundo contempor\u00e1neo, m\u00e1s all\u00e1 de las fronteras impuestas.","url":"https:\/\/pagina10.com\/web\/author\/pdiezadmin\/"}]}},"_links":{"self":[{"href":"https:\/\/pagina10.com\/web\/wp-json\/wp\/v2\/posts\/53744","targetHints":{"allow":["GET"]}}],"collection":[{"href":"https:\/\/pagina10.com\/web\/wp-json\/wp\/v2\/posts"}],"about":[{"href":"https:\/\/pagina10.com\/web\/wp-json\/wp\/v2\/types\/post"}],"author":[{"embeddable":true,"href":"https:\/\/pagina10.com\/web\/wp-json\/wp\/v2\/users\/1"}],"replies":[{"embeddable":true,"href":"https:\/\/pagina10.com\/web\/wp-json\/wp\/v2\/comments?post=53744"}],"version-history":[{"count":1,"href":"https:\/\/pagina10.com\/web\/wp-json\/wp\/v2\/posts\/53744\/revisions"}],"predecessor-version":[{"id":53746,"href":"https:\/\/pagina10.com\/web\/wp-json\/wp\/v2\/posts\/53744\/revisions\/53746"}],"wp:featuredmedia":[{"embeddable":true,"href":"https:\/\/pagina10.com\/web\/wp-json\/wp\/v2\/media\/53745"}],"wp:attachment":[{"href":"https:\/\/pagina10.com\/web\/wp-json\/wp\/v2\/media?parent=53744"}],"wp:term":[{"taxonomy":"category","embeddable":true,"href":"https:\/\/pagina10.com\/web\/wp-json\/wp\/v2\/categories?post=53744"},{"taxonomy":"post_tag","embeddable":true,"href":"https:\/\/pagina10.com\/web\/wp-json\/wp\/v2\/tags?post=53744"}],"curies":[{"name":"wp","href":"https:\/\/api.w.org\/{rel}","templated":true}]}}