{"id":53766,"date":"2021-07-04T18:18:57","date_gmt":"2021-07-04T23:18:57","guid":{"rendered":"https:\/\/pagina10.com\/web\/?p=53766"},"modified":"2021-07-04T18:18:57","modified_gmt":"2021-07-04T23:18:57","slug":"mision-internacional-estara-en-narino-para-investigar-violaciones-a-dd-hh-en-el-marco-del-paro-nacional","status":"publish","type":"post","link":"https:\/\/pagina10.com\/web\/mision-internacional-estara-en-narino-para-investigar-violaciones-a-dd-hh-en-el-marco-del-paro-nacional\/","title":{"rendered":"Misi\u00f3n internacional estar\u00e1 en Nari\u00f1o para investigar violaciones a DD.HH en el marco del Paro Nacional"},"content":{"rendered":"<p style=\"text-align: justify;\"><span style=\"font-weight: 400;\">La misi\u00f3n internacional por las garant\u00edas de la protesta social y contra la impunidad,est\u00e1 en Colombia del 3 al 12 julio escuchando a las v\u00edctimas en el marco del Paro Nacional.\u00a0<\/span><\/p>\n<p style=\"text-align: justify;\"><span style=\"font-weight: 400;\">Seg\u00fan inform\u00f3 el medio Cuarto de Hora, la comisi\u00f3n est\u00e1 conformada por cerca de 40 dirigentes pol\u00edticos y sociales provenientes de 12 pa\u00edses, y tendr\u00e1n como objetivo identificar los \u00abmecanismos extrajudiciales y judiciales que han llevado a la impunidad jur\u00eddica y social antes y despu\u00e9s de la aplicaci\u00f3n de acciones represivas\u00bb.<\/span><\/p>\n<p style=\"text-align: justify;\"><span style=\"font-weight: 400;\">La comisi\u00f3n &#8216;Misi\u00f3n Colombia S.O.S&#8217;, visitar\u00e1\u00a0 los diferentes puntos de resistencia, entidades gubernamentales y de polic\u00eda en Nari\u00f1o, Bogot\u00e1, Cundinamarca, Antioqu\u00eda, Valle, Atl\u00e1ntico, Bol\u00edvar, Cauca, Risaralda, Quind\u00edo, Caldas y Santander.<\/span><\/p>\n<p style=\"text-align: justify;\"><span style=\"font-weight: 400;\">De acuerdo con el medio, este encuentro se realiza para dialogar las v\u00edctimas, autoridades y protagonistas del Paro Nacional, y lograr de esta forma contruir un informe con conclusiones y recomendaciones sobre la garant\u00eda del derecho a la protesta y contra la impunidad en Colombia.<\/span><\/p>\n<p style=\"text-align: justify;\"><span style=\"font-weight: 400;\">La visita fue convocada por diferentes organizaciones sociales y de derechos humanos debido a las graves violaciones de derechos humanos que han sugerido los manifestantes.\u00a0<\/span><\/p>\n","protected":false},"excerpt":{"rendered":"<p>La misi\u00f3n internacional por las garant\u00edas de la protesta social y contra la impunidad,est\u00e1 en Colombia del 3 al 12 julio escuchando a las v\u00edctimas en el marco del Paro Nacional.\u00a0 Seg\u00fan inform\u00f3 el medio Cuarto de Hora, la comisi\u00f3n est\u00e1 conformada por cerca de 40 dirigentes pol\u00edticos y sociales provenientes de 12 pa\u00edses, y [&hellip;]<\/p>\n","protected":false},"author":1,"featured_media":53767,"comment_status":"open","ping_status":"open","sticky":false,"template":"","format":"standard","meta":{"footnotes":""},"categories":[82],"tags":[],"class_list":["post-53766","post","type-post","status-publish","format-standard","has-post-thumbnail","hentry","category-ciudad-2"],"yoast_head":"<!-- This site is optimized with the Yoast SEO plugin v27.1.1 - https:\/\/yoast.com\/product\/yoast-seo-wordpress\/ -->\n<title>Misi\u00f3n internacional estar\u00e1 en Nari\u00f1o para investigar violaciones a DD.HH en el marco del Paro Nacional | P\u00e1gina10<\/title>\n<meta name=\"robots\" content=\"index, follow, max-snippet:-1, max-image-preview:large, max-video-preview:-1\" \/>\n<link rel=\"canonical\" href=\"https:\/\/pagina10.com\/web\/mision-internacional-estara-en-narino-para-investigar-violaciones-a-dd-hh-en-el-marco-del-paro-nacional\/\" \/>\n<meta property=\"og:locale\" content=\"es_ES\" \/>\n<meta property=\"og:type\" content=\"article\" \/>\n<meta property=\"og:title\" content=\"Misi\u00f3n internacional estar\u00e1 en Nari\u00f1o para investigar violaciones a DD.HH en el marco del Paro Nacional | P\u00e1gina10\" \/>\n<meta property=\"og:description\" content=\"La misi\u00f3n internacional por las garant\u00edas de la protesta social y contra la impunidad,est\u00e1 en Colombia del 3 al 12 julio escuchando a las v\u00edctimas en el marco del Paro Nacional. Seg\u00fan inform\u00f3 el medio Cuarto de Hora, la comisi\u00f3n est\u00e1 conformada por cerca de 40 dirigentes pol\u00edticos y sociales provenientes de 12 pa\u00edses, y [&hellip;]\" \/>\n<meta property=\"og:url\" content=\"https:\/\/pagina10.com\/web\/mision-internacional-estara-en-narino-para-investigar-violaciones-a-dd-hh-en-el-marco-del-paro-nacional\/\" \/>\n<meta property=\"og:site_name\" content=\"P\u00e1gina10\" \/>\n<meta property=\"article:publisher\" content=\"https:\/\/www.facebook.com\/pag10com\" \/>\n<meta property=\"article:published_time\" content=\"2021-07-04T23:18:57+00:00\" \/>\n<meta property=\"og:image\" content=\"https:\/\/pagina10.com\/web\/wp-content\/uploads\/2021\/07\/FB_IMG_1625440584729.jpg\" \/>\n\t<meta property=\"og:image:width\" content=\"828\" \/>\n\t<meta property=\"og:image:height\" content=\"552\" \/>\n\t<meta property=\"og:image:type\" content=\"image\/jpeg\" \/>\n<meta name=\"author\" content=\"P\u00e1gina 10\" \/>\n<meta name=\"twitter:card\" content=\"summary_large_image\" \/>\n<meta name=\"twitter:creator\" content=\"@Pag10com\" \/>\n<meta name=\"twitter:site\" content=\"@Pag10com\" \/>\n<meta name=\"twitter:label1\" content=\"Escrito por\" \/>\n\t<meta name=\"twitter:data1\" content=\"P\u00e1gina 10\" \/>\n\t<meta name=\"twitter:label2\" content=\"Tiempo de lectura\" \/>\n\t<meta name=\"twitter:data2\" content=\"1 minuto\" \/>\n<script type=\"application\/ld+json\" class=\"yoast-schema-graph\">{\"@context\":\"https:\/\/schema.org\",\"@graph\":[{\"@type\":\"Article\",\"@id\":\"https:\/\/pagina10.com\/web\/mision-internacional-estara-en-narino-para-investigar-violaciones-a-dd-hh-en-el-marco-del-paro-nacional\/#article\",\"isPartOf\":{\"@id\":\"https:\/\/pagina10.com\/web\/mision-internacional-estara-en-narino-para-investigar-violaciones-a-dd-hh-en-el-marco-del-paro-nacional\/\"},\"author\":{\"name\":\"P\u00e1gina 10\",\"@id\":\"https:\/\/pagina10.com\/web\/#\/schema\/person\/2efc4a090d25b667d3bc796798a3a81b\"},\"headline\":\"Misi\u00f3n internacional estar\u00e1 en Nari\u00f1o para investigar violaciones a DD.HH en el marco del Paro Nacional\",\"datePublished\":\"2021-07-04T23:18:57+00:00\",\"mainEntityOfPage\":{\"@id\":\"https:\/\/pagina10.com\/web\/mision-internacional-estara-en-narino-para-investigar-violaciones-a-dd-hh-en-el-marco-del-paro-nacional\/\"},\"wordCount\":221,\"commentCount\":0,\"publisher\":{\"@id\":\"https:\/\/pagina10.com\/web\/#organization\"},\"image\":{\"@id\":\"https:\/\/pagina10.com\/web\/mision-internacional-estara-en-narino-para-investigar-violaciones-a-dd-hh-en-el-marco-del-paro-nacional\/#primaryimage\"},\"thumbnailUrl\":\"https:\/\/pagina10.com\/web\/wp-content\/uploads\/2021\/07\/FB_IMG_1625440584729.jpg\",\"articleSection\":[\"Ciudad\"],\"inLanguage\":\"es\",\"potentialAction\":[{\"@type\":\"CommentAction\",\"name\":\"Comment\",\"target\":[\"https:\/\/pagina10.com\/web\/mision-internacional-estara-en-narino-para-investigar-violaciones-a-dd-hh-en-el-marco-del-paro-nacional\/#respond\"]}]},{\"@type\":\"WebPage\",\"@id\":\"https:\/\/pagina10.com\/web\/mision-internacional-estara-en-narino-para-investigar-violaciones-a-dd-hh-en-el-marco-del-paro-nacional\/\",\"url\":\"https:\/\/pagina10.com\/web\/mision-internacional-estara-en-narino-para-investigar-violaciones-a-dd-hh-en-el-marco-del-paro-nacional\/\",\"name\":\"Misi\u00f3n internacional estar\u00e1 en Nari\u00f1o para investigar violaciones a DD.HH en el marco del Paro Nacional | P\u00e1gina10\",\"isPartOf\":{\"@id\":\"https:\/\/pagina10.com\/web\/#website\"},\"primaryImageOfPage\":{\"@id\":\"https:\/\/pagina10.com\/web\/mision-internacional-estara-en-narino-para-investigar-violaciones-a-dd-hh-en-el-marco-del-paro-nacional\/#primaryimage\"},\"image\":{\"@id\":\"https:\/\/pagina10.com\/web\/mision-internacional-estara-en-narino-para-investigar-violaciones-a-dd-hh-en-el-marco-del-paro-nacional\/#primaryimage\"},\"thumbnailUrl\":\"https:\/\/pagina10.com\/web\/wp-content\/uploads\/2021\/07\/FB_IMG_1625440584729.jpg\",\"datePublished\":\"2021-07-04T23:18:57+00:00\",\"breadcrumb\":{\"@id\":\"https:\/\/pagina10.com\/web\/mision-internacional-estara-en-narino-para-investigar-violaciones-a-dd-hh-en-el-marco-del-paro-nacional\/#breadcrumb\"},\"inLanguage\":\"es\",\"potentialAction\":[{\"@type\":\"ReadAction\",\"target\":[\"https:\/\/pagina10.com\/web\/mision-internacional-estara-en-narino-para-investigar-violaciones-a-dd-hh-en-el-marco-del-paro-nacional\/\"]}]},{\"@type\":\"ImageObject\",\"inLanguage\":\"es\",\"@id\":\"https:\/\/pagina10.com\/web\/mision-internacional-estara-en-narino-para-investigar-violaciones-a-dd-hh-en-el-marco-del-paro-nacional\/#primaryimage\",\"url\":\"https:\/\/pagina10.com\/web\/wp-content\/uploads\/2021\/07\/FB_IMG_1625440584729.jpg\",\"contentUrl\":\"https:\/\/pagina10.com\/web\/wp-content\/uploads\/2021\/07\/FB_IMG_1625440584729.jpg\",\"width\":828,\"height\":552},{\"@type\":\"BreadcrumbList\",\"@id\":\"https:\/\/pagina10.com\/web\/mision-internacional-estara-en-narino-para-investigar-violaciones-a-dd-hh-en-el-marco-del-paro-nacional\/#breadcrumb\",\"itemListElement\":[{\"@type\":\"ListItem\",\"position\":1,\"name\":\"Portada\",\"item\":\"https:\/\/pagina10.com\/web\/\"},{\"@type\":\"ListItem\",\"position\":2,\"name\":\"Misi\u00f3n internacional estar\u00e1 en Nari\u00f1o para investigar violaciones a DD.HH en el marco del Paro Nacional\"}]},{\"@type\":\"WebSite\",\"@id\":\"https:\/\/pagina10.com\/web\/#website\",\"url\":\"https:\/\/pagina10.com\/web\/\",\"name\":\"P\u00e1gina10\",\"description\":\"Peri\u00f3dico Regional\",\"publisher\":{\"@id\":\"https:\/\/pagina10.com\/web\/#organization\"},\"alternateName\":\"P\u00e1gina10 Peri\u00f3dico Regional\",\"potentialAction\":[{\"@type\":\"SearchAction\",\"target\":{\"@type\":\"EntryPoint\",\"urlTemplate\":\"https:\/\/pagina10.com\/web\/?s={search_term_string}\"},\"query-input\":{\"@type\":\"PropertyValueSpecification\",\"valueRequired\":true,\"valueName\":\"search_term_string\"}}],\"inLanguage\":\"es\"},{\"@type\":\"Organization\",\"@id\":\"https:\/\/pagina10.com\/web\/#organization\",\"name\":\"P\u00e1gina10\",\"alternateName\":\"P\u00e1gina10 Peri\u00f3dico Regional\",\"url\":\"https:\/\/pagina10.com\/web\/\",\"logo\":{\"@type\":\"ImageObject\",\"inLanguage\":\"es\",\"@id\":\"https:\/\/pagina10.com\/web\/#\/schema\/logo\/image\/\",\"url\":\"https:\/\/pagina10.com\/web\/wp-content\/uploads\/2024\/01\/40-pagina-10-periodico-regional-pasto.jpg\",\"contentUrl\":\"https:\/\/pagina10.com\/web\/wp-content\/uploads\/2024\/01\/40-pagina-10-periodico-regional-pasto.jpg\",\"width\":1280,\"height\":720,\"caption\":\"P\u00e1gina10\"},\"image\":{\"@id\":\"https:\/\/pagina10.com\/web\/#\/schema\/logo\/image\/\"},\"sameAs\":[\"https:\/\/www.facebook.com\/pag10com\",\"https:\/\/x.com\/Pag10com\",\"https:\/\/www.instagram.com\/pagina10col\/\",\"https:\/\/youtube.com\/channel\/pag10\",\"https:\/\/www.tiktok.com\/@p10col\"]},{\"@type\":\"Person\",\"@id\":\"https:\/\/pagina10.com\/web\/#\/schema\/person\/2efc4a090d25b667d3bc796798a3a81b\",\"name\":\"P\u00e1gina 10\",\"description\":\"P\u00e1gina 10 es un peri\u00f3dico regional que nace en Colombia, en el departamento de Nari\u00f1o, con un enfoque global, fundamentado en cuatro pilares esenciales: la libertad, el pluralismo, la inclusi\u00f3n y la independencia. P\u00e1gina 10 hace referencia a Nari\u00f1o como el d\u00e9cimo departamento creado en Colombia, despu\u00e9s de un proceso pol\u00edtico liderado por actores y actrices regionales con el fin de obtener la independencia y autonom\u00eda de nuestros territorios. Con la creaci\u00f3n de P\u00e1gina 10 se pretende abrir un escenario para el dialogo, la reflexi\u00f3n y el debate que se extienda a otras geograf\u00edas de Am\u00e9rica Latina y del planeta, en una apuesta por transformar colectivamente los desaf\u00edos de un mundo contempor\u00e1neo, m\u00e1s all\u00e1 de las fronteras impuestas.\",\"url\":\"https:\/\/pagina10.com\/web\/author\/pdiezadmin\/\"}]}<\/script>\n<!-- \/ Yoast SEO plugin. -->","yoast_head_json":{"title":"Misi\u00f3n internacional estar\u00e1 en Nari\u00f1o para investigar violaciones a DD.HH en el marco del Paro Nacional | P\u00e1gina10","robots":{"index":"index","follow":"follow","max-snippet":"max-snippet:-1","max-image-preview":"max-image-preview:large","max-video-preview":"max-video-preview:-1"},"canonical":"https:\/\/pagina10.com\/web\/mision-internacional-estara-en-narino-para-investigar-violaciones-a-dd-hh-en-el-marco-del-paro-nacional\/","og_locale":"es_ES","og_type":"article","og_title":"Misi\u00f3n internacional estar\u00e1 en Nari\u00f1o para investigar violaciones a DD.HH en el marco del Paro Nacional | P\u00e1gina10","og_description":"La misi\u00f3n internacional por las garant\u00edas de la protesta social y contra la impunidad,est\u00e1 en Colombia del 3 al 12 julio escuchando a las v\u00edctimas en el marco del Paro Nacional. Seg\u00fan inform\u00f3 el medio Cuarto de Hora, la comisi\u00f3n est\u00e1 conformada por cerca de 40 dirigentes pol\u00edticos y sociales provenientes de 12 pa\u00edses, y [&hellip;]","og_url":"https:\/\/pagina10.com\/web\/mision-internacional-estara-en-narino-para-investigar-violaciones-a-dd-hh-en-el-marco-del-paro-nacional\/","og_site_name":"P\u00e1gina10","article_publisher":"https:\/\/www.facebook.com\/pag10com","article_published_time":"2021-07-04T23:18:57+00:00","og_image":[{"width":828,"height":552,"url":"https:\/\/pagina10.com\/web\/wp-content\/uploads\/2021\/07\/FB_IMG_1625440584729.jpg","type":"image\/jpeg"}],"author":"P\u00e1gina 10","twitter_card":"summary_large_image","twitter_creator":"@Pag10com","twitter_site":"@Pag10com","twitter_misc":{"Escrito por":"P\u00e1gina 10","Tiempo de lectura":"1 minuto"},"schema":{"@context":"https:\/\/schema.org","@graph":[{"@type":"Article","@id":"https:\/\/pagina10.com\/web\/mision-internacional-estara-en-narino-para-investigar-violaciones-a-dd-hh-en-el-marco-del-paro-nacional\/#article","isPartOf":{"@id":"https:\/\/pagina10.com\/web\/mision-internacional-estara-en-narino-para-investigar-violaciones-a-dd-hh-en-el-marco-del-paro-nacional\/"},"author":{"name":"P\u00e1gina 10","@id":"https:\/\/pagina10.com\/web\/#\/schema\/person\/2efc4a090d25b667d3bc796798a3a81b"},"headline":"Misi\u00f3n internacional estar\u00e1 en Nari\u00f1o para investigar violaciones a DD.HH en el marco del Paro Nacional","datePublished":"2021-07-04T23:18:57+00:00","mainEntityOfPage":{"@id":"https:\/\/pagina10.com\/web\/mision-internacional-estara-en-narino-para-investigar-violaciones-a-dd-hh-en-el-marco-del-paro-nacional\/"},"wordCount":221,"commentCount":0,"publisher":{"@id":"https:\/\/pagina10.com\/web\/#organization"},"image":{"@id":"https:\/\/pagina10.com\/web\/mision-internacional-estara-en-narino-para-investigar-violaciones-a-dd-hh-en-el-marco-del-paro-nacional\/#primaryimage"},"thumbnailUrl":"https:\/\/pagina10.com\/web\/wp-content\/uploads\/2021\/07\/FB_IMG_1625440584729.jpg","articleSection":["Ciudad"],"inLanguage":"es","potentialAction":[{"@type":"CommentAction","name":"Comment","target":["https:\/\/pagina10.com\/web\/mision-internacional-estara-en-narino-para-investigar-violaciones-a-dd-hh-en-el-marco-del-paro-nacional\/#respond"]}]},{"@type":"WebPage","@id":"https:\/\/pagina10.com\/web\/mision-internacional-estara-en-narino-para-investigar-violaciones-a-dd-hh-en-el-marco-del-paro-nacional\/","url":"https:\/\/pagina10.com\/web\/mision-internacional-estara-en-narino-para-investigar-violaciones-a-dd-hh-en-el-marco-del-paro-nacional\/","name":"Misi\u00f3n internacional estar\u00e1 en Nari\u00f1o para investigar violaciones a DD.HH en el marco del Paro Nacional | P\u00e1gina10","isPartOf":{"@id":"https:\/\/pagina10.com\/web\/#website"},"primaryImageOfPage":{"@id":"https:\/\/pagina10.com\/web\/mision-internacional-estara-en-narino-para-investigar-violaciones-a-dd-hh-en-el-marco-del-paro-nacional\/#primaryimage"},"image":{"@id":"https:\/\/pagina10.com\/web\/mision-internacional-estara-en-narino-para-investigar-violaciones-a-dd-hh-en-el-marco-del-paro-nacional\/#primaryimage"},"thumbnailUrl":"https:\/\/pagina10.com\/web\/wp-content\/uploads\/2021\/07\/FB_IMG_1625440584729.jpg","datePublished":"2021-07-04T23:18:57+00:00","breadcrumb":{"@id":"https:\/\/pagina10.com\/web\/mision-internacional-estara-en-narino-para-investigar-violaciones-a-dd-hh-en-el-marco-del-paro-nacional\/#breadcrumb"},"inLanguage":"es","potentialAction":[{"@type":"ReadAction","target":["https:\/\/pagina10.com\/web\/mision-internacional-estara-en-narino-para-investigar-violaciones-a-dd-hh-en-el-marco-del-paro-nacional\/"]}]},{"@type":"ImageObject","inLanguage":"es","@id":"https:\/\/pagina10.com\/web\/mision-internacional-estara-en-narino-para-investigar-violaciones-a-dd-hh-en-el-marco-del-paro-nacional\/#primaryimage","url":"https:\/\/pagina10.com\/web\/wp-content\/uploads\/2021\/07\/FB_IMG_1625440584729.jpg","contentUrl":"https:\/\/pagina10.com\/web\/wp-content\/uploads\/2021\/07\/FB_IMG_1625440584729.jpg","width":828,"height":552},{"@type":"BreadcrumbList","@id":"https:\/\/pagina10.com\/web\/mision-internacional-estara-en-narino-para-investigar-violaciones-a-dd-hh-en-el-marco-del-paro-nacional\/#breadcrumb","itemListElement":[{"@type":"ListItem","position":1,"name":"Portada","item":"https:\/\/pagina10.com\/web\/"},{"@type":"ListItem","position":2,"name":"Misi\u00f3n internacional estar\u00e1 en Nari\u00f1o para investigar violaciones a DD.HH en el marco del Paro Nacional"}]},{"@type":"WebSite","@id":"https:\/\/pagina10.com\/web\/#website","url":"https:\/\/pagina10.com\/web\/","name":"P\u00e1gina10","description":"Peri\u00f3dico Regional","publisher":{"@id":"https:\/\/pagina10.com\/web\/#organization"},"alternateName":"P\u00e1gina10 Peri\u00f3dico Regional","potentialAction":[{"@type":"SearchAction","target":{"@type":"EntryPoint","urlTemplate":"https:\/\/pagina10.com\/web\/?s={search_term_string}"},"query-input":{"@type":"PropertyValueSpecification","valueRequired":true,"valueName":"search_term_string"}}],"inLanguage":"es"},{"@type":"Organization","@id":"https:\/\/pagina10.com\/web\/#organization","name":"P\u00e1gina10","alternateName":"P\u00e1gina10 Peri\u00f3dico Regional","url":"https:\/\/pagina10.com\/web\/","logo":{"@type":"ImageObject","inLanguage":"es","@id":"https:\/\/pagina10.com\/web\/#\/schema\/logo\/image\/","url":"https:\/\/pagina10.com\/web\/wp-content\/uploads\/2024\/01\/40-pagina-10-periodico-regional-pasto.jpg","contentUrl":"https:\/\/pagina10.com\/web\/wp-content\/uploads\/2024\/01\/40-pagina-10-periodico-regional-pasto.jpg","width":1280,"height":720,"caption":"P\u00e1gina10"},"image":{"@id":"https:\/\/pagina10.com\/web\/#\/schema\/logo\/image\/"},"sameAs":["https:\/\/www.facebook.com\/pag10com","https:\/\/x.com\/Pag10com","https:\/\/www.instagram.com\/pagina10col\/","https:\/\/youtube.com\/channel\/pag10","https:\/\/www.tiktok.com\/@p10col"]},{"@type":"Person","@id":"https:\/\/pagina10.com\/web\/#\/schema\/person\/2efc4a090d25b667d3bc796798a3a81b","name":"P\u00e1gina 10","description":"P\u00e1gina 10 es un peri\u00f3dico regional que nace en Colombia, en el departamento de Nari\u00f1o, con un enfoque global, fundamentado en cuatro pilares esenciales: la libertad, el pluralismo, la inclusi\u00f3n y la independencia. P\u00e1gina 10 hace referencia a Nari\u00f1o como el d\u00e9cimo departamento creado en Colombia, despu\u00e9s de un proceso pol\u00edtico liderado por actores y actrices regionales con el fin de obtener la independencia y autonom\u00eda de nuestros territorios. Con la creaci\u00f3n de P\u00e1gina 10 se pretende abrir un escenario para el dialogo, la reflexi\u00f3n y el debate que se extienda a otras geograf\u00edas de Am\u00e9rica Latina y del planeta, en una apuesta por transformar colectivamente los desaf\u00edos de un mundo contempor\u00e1neo, m\u00e1s all\u00e1 de las fronteras impuestas.","url":"https:\/\/pagina10.com\/web\/author\/pdiezadmin\/"}]}},"_links":{"self":[{"href":"https:\/\/pagina10.com\/web\/wp-json\/wp\/v2\/posts\/53766","targetHints":{"allow":["GET"]}}],"collection":[{"href":"https:\/\/pagina10.com\/web\/wp-json\/wp\/v2\/posts"}],"about":[{"href":"https:\/\/pagina10.com\/web\/wp-json\/wp\/v2\/types\/post"}],"author":[{"embeddable":true,"href":"https:\/\/pagina10.com\/web\/wp-json\/wp\/v2\/users\/1"}],"replies":[{"embeddable":true,"href":"https:\/\/pagina10.com\/web\/wp-json\/wp\/v2\/comments?post=53766"}],"version-history":[{"count":1,"href":"https:\/\/pagina10.com\/web\/wp-json\/wp\/v2\/posts\/53766\/revisions"}],"predecessor-version":[{"id":53768,"href":"https:\/\/pagina10.com\/web\/wp-json\/wp\/v2\/posts\/53766\/revisions\/53768"}],"wp:featuredmedia":[{"embeddable":true,"href":"https:\/\/pagina10.com\/web\/wp-json\/wp\/v2\/media\/53767"}],"wp:attachment":[{"href":"https:\/\/pagina10.com\/web\/wp-json\/wp\/v2\/media?parent=53766"}],"wp:term":[{"taxonomy":"category","embeddable":true,"href":"https:\/\/pagina10.com\/web\/wp-json\/wp\/v2\/categories?post=53766"},{"taxonomy":"post_tag","embeddable":true,"href":"https:\/\/pagina10.com\/web\/wp-json\/wp\/v2\/tags?post=53766"}],"curies":[{"name":"wp","href":"https:\/\/api.w.org\/{rel}","templated":true}]}}